{"id":18657,"date":"2025-10-25T05:00:50","date_gmt":"2025-10-25T04:00:50","guid":{"rendered":"https:\/\/espai-marx.net\/?p=18657"},"modified":"2025-10-25T11:44:04","modified_gmt":"2025-10-25T10:44:04","slug":"la-crisis-ambiental-como-parte-de-la-crisis-del-capital","status":"publish","type":"post","link":"https:\/\/espai-marx.net\/?p=18657","title":{"rendered":"La crisis ambiental como parte de la crisis del capital"},"content":{"rendered":"<p><em>Uno de los principales retos actuales es la crisis ambiental, que ha puesto en peligro la existencia humana en la Tierra. Este dossier busca demostrar el car\u00e1cter de clase de este debate: la cat\u00e1strofe clim\u00e1tica es resultado de la l\u00f3gica desenfrenada de acumulaci\u00f3n capitalista.<\/em><\/p>\n<section class=\"single-post--content--section\">\n<p class=\"single-post--content--text-small\"><em>Las fotograf\u00edas que ilustran este dossier fueron tomadas por Sebasti\u00e3o Salgado, uno de los fot\u00f3grafos m\u00e1s importantes de Brasil y del mundo, fallecido en mayo de 2025, dejando un legado art\u00edstico inseparable de su compromiso con la humanidad y la preservaci\u00f3n del medio ambiente. Salgado recorri\u00f3 el mundo retratando a pueblos, territorios y trabajadorxs con dignidad, revelando la belleza de la vida y siendo testigo de una \u00e9poca marcada por la brutalidad del capitalismo sobre la humanidad y la naturaleza. Sus fotograf\u00edas, al igual que este dossier, nos advierten que no basta con ser espectadores ante la destrucci\u00f3n: debemos ser agentes del cambio.<\/em><\/p>\n<p class=\"single-post--content--text-small\"><em>Nuestro agradecimiento al equipo que vela por su legado y que, con esp\u00edritu de solidaridad, ha autorizado que sus im\u00e1genes acompa\u00f1en y refuercen este material.<\/em><\/p>\n<figure id=\"attachment_18660\" aria-describedby=\"caption-attachment-18660\" style=\"width: 950px\" class=\"wp-caption alignleft\"><a href=\"https:\/\/espai-marx.net\/wp-content\/uploads\/2025\/10\/Web_2_Sebastiao-Salgado.jpg\"><img loading=\"lazy\" decoding=\"async\" class=\"size-full wp-image-18660\" src=\"https:\/\/espai-marx.net\/wp-content\/uploads\/2025\/10\/Web_2_Sebastiao-Salgado.jpg\" alt=\"\" width=\"950\" height=\"695\" srcset=\"https:\/\/espai-marx.net\/wp-content\/uploads\/2025\/10\/Web_2_Sebastiao-Salgado.jpg 950w, https:\/\/espai-marx.net\/wp-content\/uploads\/2025\/10\/Web_2_Sebastiao-Salgado-300x219.jpg 300w, https:\/\/espai-marx.net\/wp-content\/uploads\/2025\/10\/Web_2_Sebastiao-Salgado-768x562.jpg 768w\" sizes=\"auto, (max-width: 950px) 100vw, 950px\" \/><\/a><figcaption id=\"caption-attachment-18660\" class=\"wp-caption-text\"><span style=\"font-size: 10pt;\">Pico da Neblina, Territorio Ind\u00edgena Yanomami, Amazonas, Brasil, 2014.\u00a9 Sebasti\u00e3o Salgado<\/span><\/figcaption><\/figure>\n<h3 class=\"single-post--content--section\"><strong>La crisis ambiental no se resolver\u00e1 dentro del capitalismo<\/strong><\/h3>\n<section class=\"single-post--content--section single-post--toc--section\">Uno de los principales retos que enfrentamos hoy es la crisis ambiental, fruto del modo de producci\u00f3n capitalista, que ha puesto en riesgo la existencia de la especie humana en la Tierra. La principal responsable de esa crisis es la l\u00f3gica de acumulaci\u00f3n del capital, impulsada por las clases dominantes de los pa\u00edses del Sur y del Norte Global.Diversos organismos internacionales han dedicado su atenci\u00f3n a la crisis ambiental buscando soluciones y alternativas, pero siempre en el marco del capitalismo. En noviembre de 2025 se celebrar\u00e1 la COP 30 de la ONU en la ciudad de Bel\u00e9m, en el estado de Par\u00e1, Brasil, regi\u00f3n que alberga parte de la selva amaz\u00f3nica. Este bosque, que tiene la mayor biodiversidad del mundo, es fruto del trabajo acumulado de generaciones y generaciones de pueblos originarios que all\u00ed vivieron y que, por medio de su intercambio con la naturaleza, le dieron vida.La selva amaz\u00f3nica es hoy escenario de una de las principales contradicciones del capitalismo, la crisis ambiental, ya que al mismo tiempo sufre la acci\u00f3n del agronegocio, que causa deforestaci\u00f3n, sobre todo por medio de la quema para la expansi\u00f3n de la frontera agr\u00edcola, y es objeto de la financiarizaci\u00f3n de la naturaleza: las transnacionales negocian su territorio en las bolsas de valores como reserva de carbono.Es evidente el agotamiento y el desastre que el modo de producci\u00f3n capitalista causa a la vida humana y al planeta. Los cambios clim\u00e1ticos, que se han acentuado y acelerado en las \u00faltimas d\u00e9cadas, son resultado de la l\u00f3gica desenfrenada de acumulaci\u00f3n, como ya denunciaba Fidel Castro en su discurso en la Conferencia del Clima en R\u00edo de Janeiro en 1992, conocida como ECO 92: \u00abUna importante especie biol\u00f3gica est\u00e1 en riesgo de desaparecer por la r\u00e1pida y progresiva liquidaci\u00f3n de sus condiciones naturales de vida: el ser humano\u00bb (Brasil de Fato, 2024).Al mismo tiempo, las clases dominantes en todo el mundo pretenden convertir el problema de la crisis ambiental en un problema de la humanidad, sin distinci\u00f3n de clases. Sin embargo, es importante destacar que la contradicci\u00f3n de clases propia del capitalismo tambi\u00e9n se expresa en la cuesti\u00f3n medioambiental, ya que los principales afectados por los desastres clim\u00e1ticos son las poblaciones empobrecidas que, en las ciudades y en el campo, viven en condiciones precarias y en \u00e1reas de riesgo.Una de las principales tareas en la batalla de ideas en torno a la crisis ambiental es, por lo tanto, politizar este debate demostrando su car\u00e1cter de clase. Una encuesta reciente en Brasil mostr\u00f3 que m\u00e1s del 30% de la poblaci\u00f3n desconoce el cambio clim\u00e1tico, y esta cifra aumenta a m\u00e1s del 50% entre los sectores de menor ingreso (Tereos, 2024).<\/p>\n<p>Este dossier tiene como objetivo contribuir a la popularizaci\u00f3n de este debate desde Brasil, inserto en el Sur Global, junto a las organizaciones de la clase trabajadora. A partir de un an\u00e1lisis de las causas de la crisis ambiental que vivimos, denunciamos las propuestas de transici\u00f3n hacia una econom\u00eda baja en carbono que, al buscar alternativas dentro del capitalismo, crea nuevas formas de acumulaci\u00f3n sin resolver el problema. Por \u00faltimo, presentamos las alternativas populares para la crisis, as\u00ed como una lista de reivindicaciones fruto de la construcci\u00f3n de los movimientos populares brasile\u00f1os sobre la crisis ambiental.<\/p>\n<figure id=\"attachment_18663\" aria-describedby=\"caption-attachment-18663\" style=\"width: 950px\" class=\"wp-caption alignleft\"><a href=\"https:\/\/espai-marx.net\/wp-content\/uploads\/2025\/10\/Web_3_Sebastiao-Salgado.jpg\"><img loading=\"lazy\" decoding=\"async\" class=\"size-full wp-image-18663\" src=\"https:\/\/espai-marx.net\/wp-content\/uploads\/2025\/10\/Web_3_Sebastiao-Salgado.jpg\" alt=\"\" width=\"950\" height=\"635\" srcset=\"https:\/\/espai-marx.net\/wp-content\/uploads\/2025\/10\/Web_3_Sebastiao-Salgado.jpg 950w, https:\/\/espai-marx.net\/wp-content\/uploads\/2025\/10\/Web_3_Sebastiao-Salgado-300x201.jpg 300w, https:\/\/espai-marx.net\/wp-content\/uploads\/2025\/10\/Web_3_Sebastiao-Salgado-768x513.jpg 768w\" sizes=\"auto, (max-width: 950px) 100vw, 950px\" \/><\/a><figcaption id=\"caption-attachment-18663\" class=\"wp-caption-text\"><span style=\"font-size: 10pt;\">Mina de oro de Serra Pelada, Par\u00e1, Brasil, 1986. \u00a9 Sebasti\u00e3o Salgado<\/span><\/figcaption><\/figure>\n<h3>\u00a0<strong>La destrucci\u00f3n de la vida y la l\u00f3gica del capital<\/strong><\/h3>\n<p>Para comenzar el debate, es importante destacar que el cambio clim\u00e1tico constituye la parte m\u00e1s visible y urgente de la crisis ambiental. La contaminaci\u00f3n qu\u00edmica, la p\u00e9rdida de cobertura vegetal, la acidificaci\u00f3n de los oc\u00e9anos, la destrucci\u00f3n de biomas y la p\u00e9rdida de biodiversidad tambi\u00e9n son aspectos fundamentales de esta crisis. Como bien se\u00f1al\u00f3 Vijay Prashad:<\/p>\n<p style=\"padding-left: 40px;\">Un mill\u00f3n de los aproximadamente ocho millones de especies de plantas y animales del planeta est\u00e1n amenazados de extinci\u00f3n. La principal amenaza para la mayor\u00eda de las especies en peligro de extinci\u00f3n es la p\u00e9rdida de biodiversidad provocada por el sistema capitalista de producci\u00f3n agroalimentaria. La producci\u00f3n agr\u00edcola, que actualmente ocupa m\u00e1s del 30\u202f% de la superficie habitable del planeta, es responsable del 86\u202f% de las p\u00e9rdidas previstas de biodiversidad terrestre, debido a la conversi\u00f3n de tierras, la contaminaci\u00f3n y la degradaci\u00f3n del suelo. (FAO, 2019; UNEP, 2021a; UNEP, 2021b; IUCN, 2024; Instituto Tricontinental de Investigaci\u00f3n Social, 2025).<\/p>\n<p>La crisis ambiental se manifiesta de diversas formas, evidenciando que es inseparable de la lucha de clases. Esto se puede observar en las inundaciones que devastaron el sur de Brasil en 2024; en las que afectaron Pakist\u00e1n en 2022 despu\u00e9s de una ola de calor, donde millones fueron damnificados, mientras las elites permanecieron protegidas; en los desbordamientos que se dieron en Kerala, en la India, en 2018, que afectaron principalmente las clases populares; en las inundaciones y apagones en Cuba en 2022, causadas por el hurac\u00e1n Ian, fen\u00f3meno agravado por las altas temperaturas oce\u00e1nicas; o en los ciclos cada vez m\u00e1s extremos de inundaciones y sequ\u00edas en el Cuerno de \u00c1frica. En Etiop\u00eda, Kenia y Somalia, la regi\u00f3n enfrent\u00f3 lluvias severas en 2019-2020, seguidas por inundaciones devastadoras y, poco despu\u00e9s, por una de las sequ\u00edas m\u00e1s prolongadas en 70 a\u00f1os entre 2020 y 2023, adem\u00e1s de nuevas inundaciones en 2023-2024, lo que pone de manifiesto el agravamiento de esta crisis (Instituto Tricontinental de Investigaci\u00f3n Social, 2018, 2022, 2024a; BBC News, 2022; UNDRR, 2023).<\/p>\n<p>El principal factor de cambio clim\u00e1tico son los altos \u00edndices de emisi\u00f3n de gases de efecto invernadero procedentes de los combustibles f\u00f3siles. El consumo de energ\u00eda producida a partir de estos combustibles sigue aumentando a\u00f1o tras a\u00f1o. Si tomamos una lupa y analizamos la cantidad de emisiones entre las poblaciones mundiales, una vez m\u00e1s los datos son reveladores: a nivel mundial, el 10% m\u00e1s rico es responsable de cerca de 20 veces m\u00e1s emisiones que el 50% m\u00e1s pobre, de acuerdo con el estudio <i>Climate Change and the Global Inequality of Carbon Emissions<\/i> [Cambio clim\u00e1tico y la desigualdad global de las emisiones de carbono] (Chancel, 2022).<\/p>\n<p>Adem\u00e1s, la cantidad hist\u00f3rica y actual de emisiones de gases de efecto invernadero (GEI) est\u00e1 directamente relacionada con la desigualdad entre pa\u00edses del Norte y Sur Global, as\u00ed como entre los estratos m\u00e1s ricos y m\u00e1s pobres de la poblaci\u00f3n mundial. Por ejemplo, los 23 pa\u00edses m\u00e1s desarrollados del planeta, que representan el 12% de la poblaci\u00f3n mundial, son responsables de la mitad de todas las emisiones de CO<sub>2<\/sub> desde 1850, como demuestran los datos del Global Carbon Project. S\u00f3lo Estados Unidos emiti\u00f3 el 24,6% de todo el carbono que lleg\u00f3 a la atm\u00f3sfera, seguido de Alemania (5,5%), Reino Unido (4,4%) y Jap\u00f3n (3,9%). La otra mitad se divide entre m\u00e1s de 150 pa\u00edses (WRI Brasil, 2024).<\/p>\n<p>Si tomamos datos m\u00e1s actuales, podemos constatar que esta realidad b\u00e1sicamente no se ha alterado, ya que los 10 mayores emisores siguen siendo responsables del 76% de las emisiones globales de CO<sub>2<\/sub>. En 2022, seg\u00fan el Climate Watch, plataforma de datos del World Resources Institute (WRI Brasil, 2024), China aparec\u00eda como el mayor emisor de CO<sub>2<\/sub>, seguido de Estados Unidos, India, Rusia y Jap\u00f3n, lo que convert\u00eda a Asia en el mayor emisor del planeta.<\/p>\n<p>Sin embargo, es fundamental tener en cuenta el nivel de emisi\u00f3n <i>per c\u00e1pita<\/i>, ya que las poblaciones de China y la India, por ejemplo, son mucho mayores que la de Estados Unidos, los pa\u00edses europeos, Jap\u00f3n o Australia. En este sentido, entre los 10 mayores emisores de CO<sub>2<\/sub> del mundo, Estados Unidos es el pa\u00eds con los niveles m\u00e1s altos de emisiones por habitante. La tasa de emisiones per c\u00e1pita de EE. UU. es el doble que la de China y ocho veces mayor que la de India (WRI Brasil, 2024).<\/p>\n<p>A nivel mundial, la industria de los combustibles f\u00f3siles es la que m\u00e1s CO<sub>2<\/sub> emite, y apenas unas 100 empresas son responsables del 71% de las emisiones hist\u00f3ricas globales de di\u00f3xido de carbono, seg\u00fan el informe <i>Carbon Majors<\/i> [Grandes empresas de carb\u00f3n] (CDP, 2017). Entre las empresas est\u00e1n las gigantes Exxon Mobil, Shell, BHP Billiton y Gazprom. Otro estudio, publicado en 2019 por el instituto de investigaci\u00f3n Climate Accountability Institute [Instituto de Responsabilidad Clim\u00e1tica] (2019), revel\u00f3 que solo 20 empresas fueron responsables por un tercio de todas las emisiones de CO<sub>2<\/sub> del mundo desde 1965.<\/p>\n<p>Otra causa estructural de las emisiones de gases de efecto invernadero es el agronegocio. Solamente en 2023 se deforestaron 3,7 millones de hect\u00e1reas de bosques en todo el mundo, en gran parte para convertir estas \u00e1reas en ganader\u00eda y cultivos del agronegocio, cuya cadena productiva, desde fertilizantes hasta el procesamiento y transporte, aument\u00f3 sus emisiones en un 130% en los \u00faltimos 20 a\u00f1os (Weisse, Goldman y Carter, 2024). Si bien mundialmente alrededor de tres cuartas partes de las emisiones provienen del sistema el\u00e9ctrico, es necesario un an\u00e1lisis caso por caso, especialmente en los pa\u00edses cuya principal partida de exportaci\u00f3n son los productos primarios.<\/p>\n<p>El caso de Brasil, por ejemplo, es emblem\u00e1tico: seg\u00fan el informe <i>Plan para la transformaci\u00f3n ecol\u00f3gica<\/i>, del Ministerio de Hacienda, el agronegocio es el mayor responsable de las emisiones de GEI en el pa\u00eds, con un 29% de las emisiones totales. El problema se agrava a\u00fan m\u00e1s cuando analizamos el nivel de emisiones de GEI relacionadas con la deforestaci\u00f3n, que se sit\u00faa en torno al 38%. Si tenemos en cuenta que la agropecuaria responde por cerca del 96% del \u00e1rea deforestada en Brasil, seg\u00fan el <i>Informe anual de deforestaci\u00f3n 2022<\/i>, podemos afirmar que el agronegocio es responsable de aproximadamente el 65% de las emisiones de GEI en Brasil, frente a un 23% de la generaci\u00f3n de energ\u00eda (Instituto Tricontinental de Investigaci\u00f3n Social, 2024b).<\/p>\n<p>Adem\u00e1s, es necesario llamar la atenci\u00f3n respecto a las pr\u00e1cticas extractivas depredadoras que se producen sobre todo en los pa\u00edses del Sur Global, como la miner\u00eda y la compra de tierras de reservas naturales e ind\u00edgenas por parte de extranjeros como reserva para el mercado de carbono.<\/p>\n<p>A pesar de las especificidades de regiones y pa\u00edses, queda claro que el cambio clim\u00e1tico y la muerte de la naturaleza son frutos directos de la l\u00f3gica de acumulaci\u00f3n capitalista impulsada por las clases dominantes.<\/p>\n<figure id=\"attachment_18659\" aria-describedby=\"caption-attachment-18659\" style=\"width: 950px\" class=\"wp-caption alignleft\"><a href=\"https:\/\/espai-marx.net\/wp-content\/uploads\/2025\/10\/Web_4_Sebastiao-Salgado.jpg\"><img loading=\"lazy\" decoding=\"async\" class=\"size-full wp-image-18659\" src=\"https:\/\/espai-marx.net\/wp-content\/uploads\/2025\/10\/Web_4_Sebastiao-Salgado.jpg\" alt=\"\" width=\"950\" height=\"634\" srcset=\"https:\/\/espai-marx.net\/wp-content\/uploads\/2025\/10\/Web_4_Sebastiao-Salgado.jpg 950w, https:\/\/espai-marx.net\/wp-content\/uploads\/2025\/10\/Web_4_Sebastiao-Salgado-300x200.jpg 300w, https:\/\/espai-marx.net\/wp-content\/uploads\/2025\/10\/Web_4_Sebastiao-Salgado-768x513.jpg 768w\" sizes=\"auto, (max-width: 950px) 100vw, 950px\" \/><\/a><figcaption id=\"caption-attachment-18659\" class=\"wp-caption-text\"><span style=\"font-size: 10pt;\">Barrio de Kuningan, Yakarta, Indonesia, 1996. \u00a9 Sebasti\u00e3o Salgado<\/span><\/figcaption><\/figure>\n<h3><strong>Capitalismo verde: supuestas alternativas a la crisis ambiental<\/strong><\/h3>\n<p>Aunque desde el surgimiento del capitalismo diferentes corrientes socialistas han tenido preocupaciones ecol\u00f3gicas \u2014recordemos, por ejemplo, la contribuci\u00f3n del artista pl\u00e1stico y escritor ingl\u00e9s William Morris\u2014, y tambi\u00e9n movimientos ambientalistas y de contracultura a mediados del siglo XX, fue apenas en la d\u00e9cada de 1970, m\u00e1s de 100 a\u00f1os despu\u00e9s de la emergencia de las primeras industrias, cuando la cuesti\u00f3n ambiental se convirti\u00f3 en un tema de preocupaci\u00f3n para los Estados nacionales, ganando relevancia en la agenda pol\u00edtica internacional. La Conferencia de las Naciones Unidas sobre Medio Ambiente de 1972, celebrada en Estocolmo, Suecia, fue un hito en este debate, seg\u00fan Andrei Cornetta (2025: 109):<\/p>\n<p style=\"padding-left: 40px;\">Adem\u00e1s de discutir el crecimiento demogr\u00e1fico frente a la escasez de los recursos, tambi\u00e9n se discuti\u00f3 el control de diversas formas de contaminaci\u00f3n (del agua, del aire y del suelo), en un momento en que la crisis energ\u00e9tica global entraba en agenda, especialmente tras el impacto de la crisis del petr\u00f3leo de 1973.<\/p>\n<p>A pesar de la importancia de este tema en la agenda de debate de los organismos internacionales, no se debati\u00f3 ni se propuso una nueva forma de organizaci\u00f3n social de la producci\u00f3n y de la relaci\u00f3n con la naturaleza; todas las alternativas se plantearon dentro del marco del capitalismo.<\/p>\n<p>Mientras tanto, la creciente desigualdad social y econ\u00f3mica entre los pa\u00edses del centro imperialista y los de capitalismo dependiente agudiz\u00f3 los debates, sobre todo con relaci\u00f3n al continuo desarrollo de las fuerzas productivas o a una reestructuraci\u00f3n del modelo industrial que defend\u00eda el crecimiento cero (Cornetta, 2025).<\/p>\n<p>En 1979 tuvo lugar en Ginebra la Primera Conferencia Mundial sobre el Clima, en la cual se reconoci\u00f3 la gravedad de los cambios clim\u00e1ticos en curso. Sin embargo, no fue sino en 1992 que se celebr\u00f3 la II Conferencia de las Naciones Unidas sobre Medio Ambiente y Desarrollo, en R\u00edo de Janeiro. Este encuentro propuso una agenda de cooperaci\u00f3n entre los pa\u00edses para abordar la cuesti\u00f3n clim\u00e1tica que entr\u00f3 en vigor en 1994, y fue el precursor de las Conferencias de las Partes (COP) de los pa\u00edses miembros de la Convenci\u00f3n Marco de las Naciones Unidas sobre el Cambio Clim\u00e1tico (CMNUCC).<\/p>\n<p>Entre los diversos acontecimientos derivados de este proceso de las COP destacan dos encuentros. La COP3, de 1997, en la que se adopt\u00f3 el llamado Protocolo de Kioto, que establec\u00eda metas cuantitativas obligatorias de reducci\u00f3n de emisiones de gases de efecto invernadero para los pa\u00edses del Anexo I, que engloban las naciones industrializadas desde hace m\u00e1s tiempo; y la COP21, en 2015, en la que se estableci\u00f3 el llamado Acuerdo de Par\u00eds, en el que \u00abcada pa\u00eds establece sus propias metas de reducci\u00f3n de emisiones, las llamadas \u00abcontribuciones determinadas a nivel nacional\u00bb (Cornetta, 2025: 121). A pesar de los acuerdos y resoluciones, las metas fijadas no se cumplieron, y tanto el Protocolo de Kioto como el Acuerdo de Par\u00eds terminaron siendo un fracaso.<\/p>\n<p>La propuesta que se perfilaba en el \u00e1mbito de los Estados ante la urgencia del cambio clim\u00e1tico era la de una transici\u00f3n hacia una econom\u00eda de bajo carbono, en la que se buscara reducir la cantidad de emisiones de gases de efecto invernadero nocivos para el medio ambiente, sin, por supuesto, afectar las ganancias de las grandes empresas y los pa\u00edses del centro del capital. A partir de ah\u00ed se construyeron las alternativas del llamado capitalismo verde, como el mercado de carbono y las pol\u00edticas de transici\u00f3n energ\u00e9tica.<\/p>\n<p>Las metas de emisi\u00f3n de gases de efecto invernadero establecidas por el Protocolo de Kioto, que en principio iban a limitar la contaminaci\u00f3n del aire, se convirtieron en el par\u00e1metro para la creaci\u00f3n de una nueva forma de acumulaci\u00f3n de capital relacionada con actividades compensatorias de la emisi\u00f3n de GEI, los llamados cr\u00e9ditos de carbono negociados en las bolsas de valores, que funcionan como una especie de \u00ablicencia para contaminar\u00bb (Brasil de Fato, 2024).<\/p>\n<p>Esto implica no solo el mecanismo del capital financiero, sino tambi\u00e9n un gran desarrollo tecnol\u00f3gico y cient\u00edfico que permite medir y calcular las tasas de emisi\u00f3n de carbono, as\u00ed como las posibilidades de reducci\u00f3n y compensaci\u00f3n a partir de la proyecci\u00f3n de un escenario probable en caso de que no existieran las actividades compensatorias.<\/p>\n<p>Estos proyectos de compensaci\u00f3n de GEI incluyen, entre otros, la reducci\u00f3n de emisiones por deforestaci\u00f3n y degradaci\u00f3n forestal (REDD+), la conservaci\u00f3n de bosques, el manejo sustentable y el aumento de las reservas de carbono forestal. En t\u00e9rminos pr\u00e1cticos, una vez que las empresas superan el l\u00edmite de emisi\u00f3n de GEI, pueden comprar en la bolsa de valores cr\u00e9ditos de carbono que compensen su emisi\u00f3n. As\u00ed, el proceso biof\u00edsico de las plantas de captar el carbono del aire y transformarlo en ox\u00edgeno mediante la fotos\u00edntesis, algo propio de la vida vegetal y parte de los bienes comunes de la naturaleza, pasa a ser mercantilizado.<\/p>\n<p>Otro aspecto que llama la atenci\u00f3n en esta din\u00e1mica del capitalismo verde es el hecho de que los mismos grupos empresariales transnacionales que influyen en la agenda ambiental en los organismos internacionales y los Estados, son tambi\u00e9n los que m\u00e1s intensifican las formas cl\u00e1sicas de explotaci\u00f3n de los bienes comunes, como el agronegocio y la miner\u00eda. El agronegocio, que promueve deforestaci\u00f3n e incendios en los biomas del Cerrado<sup>1<\/sup>\u00a0y la Amazon\u00eda para ampliar la frontera agr\u00edcola, es el mismo que habla de digitalizaci\u00f3n de las cadenas productivas y trazabilidad para comprobar que los productos est\u00e1n libres de deforestaci\u00f3n y descarbonizados; las empresas petroleras est\u00e1n involucradas en pol\u00edticas de transici\u00f3n energ\u00e9tica y las mineras defienden la agenda de los mercados de carbono.<\/p>\n<p>El agronegocio en Brasil, principal responsable de las emisiones de GEI en el pa\u00eds (Instituto Tricontinental de Investigaci\u00f3n Social, 2024b), ha adoptado como una de sus principales banderas la sostenibilidad, que es parte importante de su campa\u00f1a ideol\u00f3gica. Sin embargo, m\u00e1s que la econom\u00eda sostenible en s\u00ed misma, ven en ella una forma de expandir sus negocios a otras \u00e1reas y, con ello, ampliar su influencia pol\u00edtica y obtener m\u00e1s ganancias. Es bien sabido que el modelo del agronegocio basado en grandes monocultivos con amplio uso de venenos es uno de los m\u00e1s da\u00f1inos para el medio ambiente. Sin embargo, a pesar de buscar nuevas formas de lucro con la financiarizaci\u00f3n de la naturaleza y el discurso de la sostenibilidad, no hay ning\u00fan cambio en su modelo de producci\u00f3n que, por el contrario, es responsable de la deforestaci\u00f3n, las quemas, el envenenamiento del suelo, el agua y el aire.<\/p>\n<p>Con un papel activo en la propuesta de falsas soluciones al problema ambiental, los sectores y grupos que m\u00e1s agreden el medio ambiente encontraron una nueva forma de obtener ganancias con la financiarizaci\u00f3n de la naturaleza. Est\u00e1n presentes en los ministerios de diversos pa\u00edses, pero sobre todo en los organismos y conferencias internacionales sobre el clima, como la COP, por ejemplo. La agenda ambiental de estos organismos fue capturada hace mucho tiempo por las grandes corporaciones transnacionales, y las alternativas que all\u00ed se proponen nunca cuestionan la tasa de ganancia de los grandes capitales. Los sectores del agronegocio brasile\u00f1o, con su discurso de sostenibilidad, son los principales representantes e influyentes en estos organismos internacionales.<\/p>\n<p>Empresas como Suzano Papel e Celulose, productora de papel en Brasil y responsable del desequilibrio ambiental por la creaci\u00f3n de los llamados \u00abdesiertos verdes\u00bb, grandes plantaciones de eucalipto que son la materia prima para la celulosa; JBS, transnacional brasile\u00f1a del ramo de la alimentaci\u00f3n, minera Vale, entre otras, tienen una gran participaci\u00f3n en proyectos de \u00absostenibilidad\u00bb y en el mercado de carbono. Los proyectos de compensaci\u00f3n se convirtieron, para ellos, en una nueva forma de acumulaci\u00f3n de capital.<\/p>\n<p>El proyecto Maisa, por ejemplo, en el estado de Par\u00e1, de la empresa Verra, principal certificadora del mercado de carbono, ser\u00eda responsable de preservar un territorio de la selva amaz\u00f3nica. La falacia y el fracaso de proyectos de este tipo son evidentes, porque involucran a gigantes transnacionales como iFood, Uber, Spotify, Audi y Google, que desembolsaron millones de d\u00f3lares en este proyecto para compensar las emisiones de GEI de sus actividades.<\/p>\n<p>El \u00e1rea por proteger abarcaba un total de 26 mil hect\u00e1reas, incluida la Hacienda Sipasa. A pesar de constituirse como un proyecto de conservaci\u00f3n ambiental, en esta hacienda se rescataron, a comienzos de 2024, en pleno siglo XXI, 16 trabajadores en condiciones an\u00e1logas a la esclavitud. Adem\u00e1s de eso, el territorio que deb\u00eda ser protegido se convirti\u00f3 posteriormente en \u00e1rea de miner\u00eda, lo que va en direcci\u00f3n opuesta a la propuesta de conservaci\u00f3n ambiental (Rep\u00f3rter Brasil, 2024; Brasil de Fato, 2025).<\/p>\n<p>Adem\u00e1s de negociar un bien com\u00fan de la naturaleza, es importante destacar que esto afecta a la biodiversidad y al modo de vida de diversas comunidades de pueblos originarios que viven en estos lugares y que han sido responsables, por medio del trabajo de generaciones y generaciones, de la constituci\u00f3n de los bosques y la biodiversidad all\u00ed presentes. Es decir, al buscar salidas sin cuestionar la l\u00f3gica destructiva de acumulaci\u00f3n capitalista, se destruyen modos de vida que han convivido en armon\u00eda con la naturaleza por milenios.<\/p>\n<p>El informe de la Plataforma Intergubernamental Cient\u00edfico-normativa sobre Diversidad Biol\u00f3gica y Servicios de los Ecosistemas de 2019 proporciona datos alarmantes sobre el nivel de destrucci\u00f3n de los ecosistemas:<\/p>\n<p style=\"padding-left: 40px;\">De los estimados 8 millones de especies de plantas y animales existentes, un mill\u00f3n est\u00e1n en peligro de extinci\u00f3n. Las acciones humanas han llevado a la extinci\u00f3n de por lo menos 680 especies vertebradas desde 1500, y la poblaci\u00f3n mundial de especies vertebradas ha disminuido un 68% en los \u00faltimos 50 a\u00f1os. La cantidad de insectos silvestres ha disminuido un 50%; m\u00e1s del 9% de las razas de mam\u00edferos domesticados utilizados para la alimentaci\u00f3n y la agricultura se hab\u00edan extinguido en 2016, y otras 1.000 razas est\u00e1n actualmente en peligro de extinci\u00f3n (Instituto Tricontinental de Investigaci\u00f3n Social, 2021).<\/p>\n<p>Todos esos datos muestran claramente que no hay soluciones capitalistas para un problema capitalista. Las soluciones deben encontrarse fuera del capitalismo si queremos salvar la Tierra y a la humanidad.<\/p>\n<figure id=\"attachment_18661\" aria-describedby=\"caption-attachment-18661\" style=\"width: 950px\" class=\"wp-caption alignleft\"><a href=\"https:\/\/espai-marx.net\/wp-content\/uploads\/2025\/10\/Web_5_Sebastiao-Salgado.jpg\"><img loading=\"lazy\" decoding=\"async\" class=\"size-full wp-image-18661\" src=\"https:\/\/espai-marx.net\/wp-content\/uploads\/2025\/10\/Web_5_Sebastiao-Salgado.jpg\" alt=\"\" width=\"950\" height=\"634\" srcset=\"https:\/\/espai-marx.net\/wp-content\/uploads\/2025\/10\/Web_5_Sebastiao-Salgado.jpg 950w, https:\/\/espai-marx.net\/wp-content\/uploads\/2025\/10\/Web_5_Sebastiao-Salgado-300x200.jpg 300w, https:\/\/espai-marx.net\/wp-content\/uploads\/2025\/10\/Web_5_Sebastiao-Salgado-768x513.jpg 768w\" sizes=\"auto, (max-width: 950px) 100vw, 950px\" \/><\/a><figcaption id=\"caption-attachment-18661\" class=\"wp-caption-text\"><span style=\"font-size: 10pt;\">Finca Cuiab\u00e1, sert\u00e3o de Xing\u00f3, Sergipe, Brasil, 1996. \u00a9 Sebasti\u00e3o Salgado<\/span><\/figcaption><\/figure>\n<h3><strong>Perspectivas populares sobre la cuesti\u00f3n ambiental<\/strong><\/h3>\n<p>En 1992, en la Conferencia por el Clima en R\u00edo de Janeiro, Fidel Castro llamaba la atenci\u00f3n sobre la urgencia de la cuesti\u00f3n ambiental a partir de una perspectiva emancipatoria, denunciando el orden econ\u00f3mico y social injusto entre los pa\u00edses dependientes y los del centro del capital:<\/p>\n<p style=\"padding-left: 40px;\">Es necesario se\u00f1alar que las sociedades de consumo son las principales responsables de la atroz destrucci\u00f3n del medio ambiente. [\u2026] Con solo el 20% de la poblaci\u00f3n mundial, ellas consumen dos terceras partes de los metales y tres cuartas partes de la energ\u00eda que se producen en el mundo. Han envenenado los mares y r\u00edos, han contaminado el aire, han debilitado y perforado la capa de ozono, han saturado la atmosfera de gases que alteran las condiciones clim\u00e1ticas con efectos catastr\u00f3ficos que ya empezamos a padecer. [\u2026] No es posible culpar de esto a los pa\u00edses del Tercer Mundo, colonias ayer, naciones explotadas y saqueadas hoy por un orden econ\u00f3mico mundial injusto. [\u2026] Si se quiere salvar a la humanidad de esa autodestrucci\u00f3n hay que distribuir mejor las riquezas y tecnolog\u00edas disponibles en el planeta. Menos lujo y menos despilfarro en unos pocos pa\u00edses para que haya menos pobreza y menos hambre en gran parte de la Tierra. (Blog da Boitempo, 2019)<\/p>\n<p>Lo que est\u00e1 en juego es la propia existencia de la vida humana en el planeta Tierra. Entonces, podemos afirmar que la crisis ambiental es realmente fruto de la crisis del capital, que, adem\u00e1s de no resolver los problemas sociales como el hambre y la desigualdad, sigue buscando siempre nuevas formas de generar ganancias para las clases dominantes.<\/p>\n<p>En este sentido, es preciso construir la lucha ambiental como enfrentamiento y superaci\u00f3n del modo de producci\u00f3n capitalista. Sin cuestionar la l\u00f3gica del capital, basada en el mantenimiento de las tasas de ganancia de las clases dominantes a partir de la explotaci\u00f3n del trabajo y los territorios de los pa\u00edses del Sur Global, no es posible enfrentar la cuesti\u00f3n ambiental tal y como se nos plantea hoy.<\/p>\n<p>Defender la justicia clim\u00e1tica es un aspecto central a partir de la desigualdad establecida entre el Norte y el Sur Global, pero no es suficiente. Otro punto que combatir es el racismo ambiental, ya que las poblaciones m\u00e1s empobrecidas est\u00e1n m\u00e1s expuestas a los efectos de la crisis ambiental.<\/p>\n<p>En Brasil, por ejemplo, una investigaci\u00f3n cient\u00edfica encontr\u00f3 restos del veneno glifosato, uno de los m\u00e1s utilizados por el agronegocio, en la leche materna de mujeres de distintas regiones del pa\u00eds; los cr\u00edmenes ambientales cometidos por las transnacionales mineras Samarco, Vale, BHP Billiton en las ciudades de Mariana, en 2015, y Brumadinho, en 2019, en el estado de Minas Gerais, adem\u00e1s de matar casi 300 personas, destruyeron la biodiversidad del r\u00edo Doce, que atraviesa los estados de Minas Gerais y Esp\u00edrito Santo, afectando el modo de vida de diversas comunidades ribere\u00f1as (Brasil de Fato, 2019, 2023).<\/p>\n<p>En las ciudades brasile\u00f1as, las poblaciones negras y las mujeres sufren a\u00fan m\u00e1s los impactos ambientales, ya que la mayor\u00eda de las personas que viven en las periferias de las ciudades, en lugares propensos a inundaciones y deslizamientos son negras; en el caso de las mujeres, a menudo en el campo, son ellas quienes tienen que aplicar los venenos que la l\u00f3gica de producci\u00f3n del agronegocio impone a las familias campesinas.<\/p>\n<p>Por lo tanto, es necesario establecer relaciones estrechas entre los movimientos por justicia ambiental y justicia clim\u00e1tica y las luchas antirracistas y feministas. No es posible resolver la crisis ambiental sin enfrentar la desigualdad social, el racismo y el patriarcado.<\/p>\n<p>Entre los diversos frentes de lucha, es importante resaltar la actuaci\u00f3n de los movimientos campesinos vinculados a La V\u00eda Campesina, cuya agenda propone:<\/p>\n<ol>\n<li><b>Reforma agraria popular y defensa de los territorios campesinos e ind\u00edgenas<\/b>. La Reforma agraria popular representa una lucha por la democratizaci\u00f3n del acceso a la tierra, enfrentando directamente el latifundio y la concentraci\u00f3n de la propiedad. Esta propuesta va m\u00e1s all\u00e1 de la redistribuci\u00f3n de la tierra, ya que cuestiona el modelo del agronegocio, que transforma la naturaleza en mercanc\u00eda y agrava la crisis ambiental. Al defender los territorios campesinos e ind\u00edgenas, se busca garantizar que la tierra cumpla su funci\u00f3n social, siendo un espacio de vida, trabajo y reproducci\u00f3n cultural, y no solo un activo financiero. Esta lucha se al\u00eda a las demarcaciones de tierras ind\u00edgenas y quilombolas, reconociendo que la concentraci\u00f3n de la propiedad de la tierra es un legado colonial que debe ser superado.<\/li>\n<li><b>Soberan\u00eda alimentaria.<\/b> La soberan\u00eda alimentaria es el derecho de los pueblos a decidir qu\u00e9, c\u00f3mo y para qui\u00e9n producir, garantizando el acceso a alimentos saludables y culturalmente adecuados. Se opone a la l\u00f3gica del agronegocio, que prioriza <i>commodities <\/i>para exportaci\u00f3n en detrimento de la alimentaci\u00f3n popular. Para ello, es esencial valorizar las culturas alimentarias regionales, fortalecer circuitos cortos de comercializaci\u00f3n y garantizar que las grandes corporaciones no controlen la producci\u00f3n de alimentos. La soberan\u00eda alimentaria exige pol\u00edticas p\u00fablicas que fortalezcan la agricultura campesina, como compras institucionales y el apoyo a ferias agroecol\u00f3gicas, asegurando que la comida sea un derecho y no un negocio.<\/li>\n<li><b>Agroecolog\u00eda<\/b>. La agroecolog\u00eda propone un cambio radical en la matriz tecnol\u00f3gica, sustituyendo el modelo depredador por sistemas productivos diversificados que ven a la naturaleza como aliada. Esto incluye el uso de bioinsumos, agroforester\u00eda y manejo sostenible del suelo, creando entornos m\u00e1s biodiversos y resilientes al cambio clim\u00e1tico. Adem\u00e1s de la dimensi\u00f3n t\u00e9cnica, la agroecolog\u00eda es una pr\u00e1ctica pol\u00edtica que construye nuevas relaciones entre los seres humanos y la naturaleza, basadas en la cooperaci\u00f3n, la autonom\u00eda campesina y el rescate de conocimientos tradicionales.<\/li>\n<li><b>Cuidado de los bienes comunes<\/b>. Agua, minerales, semillas, tierra, biodiversidad no son meros \u00abrecursos naturales\u00bb o \u00abmaterias primas\u00bb a ser explotados, sino bienes comunes esenciales para la vida. Su gesti\u00f3n debe ser colectiva, garantizando que se cuiden para las generaciones presentes y futuras. El cuidado y la protecci\u00f3n de los bienes comunes es un eje central en la construcci\u00f3n de un proyecto popular para el campo, en el que la naturaleza no sea mercantilizada, sino cuidada como patrimonio colectivo.<\/li>\n<\/ol>\n<p>En Brasil, la l\u00ednea pol\u00edtica del Movimiento de Trabajadores Rurales Sin Tierra (MST) es: <b>plantar \u00e1rboles, producir alimentos saludables. <\/b>Esto es parte inherente a la construcci\u00f3n de la Reforma agraria popular, ya que la superaci\u00f3n de la crisis ambiental s\u00f3lo ser\u00e1 posible con una nueva forma de producci\u00f3n en el campo, por medio de la agroecolog\u00eda, mediante la construcci\u00f3n de nuevas relaciones sociales que superen el machismo, el patriarcado, el racismo, la lgbtfobia y que incentiven la cooperaci\u00f3n y la solidaridad.<\/p>\n<p>Como bien sintetiza Jo\u00e3o Pedro Stedile, de la coordinaci\u00f3n nacional del MST, con relaci\u00f3n a los retos brasile\u00f1os, pero que puede extenderse a otros pa\u00edses del Sur Global:<\/p>\n<p style=\"padding-left: 40px;\">Necesitamos deforestaci\u00f3n cero. No es necesario talar ning\u00fan \u00e1rbol para satisfacer las necesidades del pueblo. Es preciso prohibir la exportaci\u00f3n de madera y oro. Es urgente realizar un control riguroso de las actividades mineras y sus impactos ambientales. El pa\u00eds necesita establecer un plan nacional de reforestaci\u00f3n, con recursos p\u00fablicos, para recuperar millones de hect\u00e1reas en todo el territorio. Tambi\u00e9n es fundamental reforestar las grandes ciudades, para hacer frente a la contaminaci\u00f3n y mitigar el aumento de las temperaturas. Es necesario abordar el problema del transporte individual propulsado por combustibles f\u00f3siles, con un plan de transporte p\u00fablico masivo, gratuito y de calidad. Adem\u00e1s, debemos ampliar el uso de energ\u00eda solar en el mayor n\u00famero posible de actividades productivas. En el campo, es necesario avanzar en la reforma agraria y crear un programa nacional de agroecolog\u00eda para producir alimentos saludables para todo el pueblo, sin usar agrot\u00f3xicos (MST, 2025).<\/p>\n<p>Otra perspectiva popular que surge de las luchas sociales en Am\u00e9rica Latina, principalmente en Ecuador y en Bolivia, es el <i>buen vivir<\/i>, cuyas ideas est\u00e1n presentes en las nuevas Constituciones de estos dos pa\u00edses. Recuperando la tradici\u00f3n de los pueblos originarios, el <i>buen vivir <\/i>cuestiona las nociones de progreso y desarrollo tal y como las entiende el capitalismo y parte de los siguientes principios: 1) visi\u00f3n del todo o la Pacha; 2) vivir con multipolaridad; 3) b\u00fasqueda del equilibrio; 4) complementariedad de lo diverso; y 5) descolonizaci\u00f3n (Marques y Depieri, 2023: 115).<\/p>\n<p>El ecosocialismo es una corriente pol\u00edtica y te\u00f3rica que combina socialismo y ecolog\u00eda radical, criticando tanto al capitalismo como al socialismo tradicional por ignorar los l\u00edmites ecol\u00f3gicos del planeta. Su objetivo es construir una sociedad igualitaria y sostenible, donde la econom\u00eda sea reorganizada para satisfacer las necesidades humanas sin destruir el medio ambiente. Para Michael Lowy, uno de los principales te\u00f3ricos de esta corriente, el dilema central de las clases trabajadoras en el siglo XXI es la cuesti\u00f3n ambiental, que debe abordarse desde una perspectiva socialista y que conciba un nuevo modo de producci\u00f3n que tenga en cuenta los retos ecol\u00f3gicos.<\/p>\n<p>La cuesti\u00f3n ambiental no ser\u00e1 abordada de verdad por las clases dominantes; su soluci\u00f3n es una tarea de las clases trabajadoras del campo y la ciudad, que necesitan construir otra forma de producci\u00f3n y reproducci\u00f3n de la vida con relaciones saludables entre los seres humanos y con el medio ambiente, mediante la organizaci\u00f3n popular, la denuncia de los verdaderos responsables de la crisis y el anuncio de propuestas que privilegian todas las formas de vida en detrimento del lucro.<\/p>\n<figure id=\"attachment_18662\" aria-describedby=\"caption-attachment-18662\" style=\"width: 950px\" class=\"wp-caption alignleft\"><a href=\"https:\/\/espai-marx.net\/wp-content\/uploads\/2025\/10\/Web_6_Sebastiao-Salgado.jpg\"><img loading=\"lazy\" decoding=\"async\" class=\"size-full wp-image-18662\" src=\"https:\/\/espai-marx.net\/wp-content\/uploads\/2025\/10\/Web_6_Sebastiao-Salgado.jpg\" alt=\"\" width=\"950\" height=\"695\" srcset=\"https:\/\/espai-marx.net\/wp-content\/uploads\/2025\/10\/Web_6_Sebastiao-Salgado.jpg 950w, https:\/\/espai-marx.net\/wp-content\/uploads\/2025\/10\/Web_6_Sebastiao-Salgado-300x219.jpg 300w, https:\/\/espai-marx.net\/wp-content\/uploads\/2025\/10\/Web_6_Sebastiao-Salgado-768x562.jpg 768w\" sizes=\"auto, (max-width: 950px) 100vw, 950px\" \/><\/a><figcaption id=\"caption-attachment-18662\" class=\"wp-caption-text\"><span style=\"font-size: 10pt;\">Pico da Neblina, Territorio Ind\u00edgena Yanomami, Amazonas, Brasil, 2014. \u00a9 Sebasti\u00e3o Salgado<\/span><\/figcaption><\/figure>\n<h3><strong>Una agenda m\u00ednima para enfrentar la crisis ambiental<\/strong><\/h3>\n<\/section>\n<section class=\"single-post--content--section single-post--toc--section\">Los movimientos populares de Brasil comprenden la necesidad de trabar la lucha en varios frentes. A pesar de reconocer los l\u00edmites de la COP y de las negociaciones all\u00ed realizadas, es de fundamental importancia una presi\u00f3n popular para garantizar una agenda m\u00ednima que responsabilice a las clases sociales y a los pa\u00edses m\u00e1s contaminadores por la crisis ambiental y que permita evitar la cat\u00e1strofe clim\u00e1tica a la que el capitalismo est\u00e1 llevando la humanidad. En este sentido, exigimos:<\/p>\n<h4>I \u2013 Cumplimiento y avances en los acuerdos internacionales<\/h4>\n<p>Con base en la formulaci\u00f3n de la Conferencia de las Naciones Unidas sobre Medio Ambiente y Desarrollo de 1992, de \u00abresponsabilidades comunes, pero diferenciadas\u00bb, obligar a los pa\u00edses desarrollados que tienen la responsabilidad hist\u00f3rica de haber causado la cat\u00e1strofe clim\u00e1tica, a reducir r\u00e1pidamente sus emisiones de carbono para impedir que las temperaturas globales aumenten por encima del l\u00edmite cr\u00edtico de 1,5 \u00b0C.<\/p>\n<p>Garantizar que los pa\u00edses desarrollados del Norte Global proporcionen una compensaci\u00f3n clim\u00e1tica por las p\u00e9rdidas y da\u00f1os causados por sus emisiones de carbono y financien fuertemente la infraestructura p\u00fablica para sustituir la dependencia de energ\u00eda basada en el carbono.<\/p>\n<p>Cumplir las promesas del Acuerdo de Par\u00eds sobre el Cambio Clim\u00e1tico de que los pa\u00edses desarrollados proporcionen 100.000 millones de d\u00f3lares por a\u00f1o para satisfacer las necesidades de los pa\u00edses en desarrollo. Estas necesidades incluyen la adaptaci\u00f3n y la resiliencia al impacto real y desastroso del cambio clim\u00e1tico, que ya est\u00e1n soportando los pa\u00edses en desarrollo (en particular los pa\u00edses de baja altitud y peque\u00f1os Estados insulares). Estos recursos deben provenir de donaciones, es decir, de transferencias directas a proyectos, a nivel subnacional, de protecci\u00f3n y restauraci\u00f3n de los bosques. Los pr\u00e9stamos no son transferencias de recursos, y por lo tanto, no deben contabilizarse como parte del Acuerdo de Par\u00eds, tal como ha ocurrido. Estas transferencias de recursos a los pa\u00edses y pueblos m\u00e1s vulnerables deben ser un instrumento de justicia clim\u00e1tica, en lugar de subterfugios para promover negocios en el sector financiero, por parte de los bancos privados o los bancos multilaterales de desarrollo.<\/p>\n<p>Transferir tecnolog\u00eda y financiamiento a los pa\u00edses en desarrollo para la mitigaci\u00f3n y la adaptaci\u00f3n de los sistemas de energ\u00eda basados en carbono, a partir de estrategias nacionales.<\/p>\n<p>Exigir que los pa\u00edses desarrollados responsables de contaminar las aguas, el suelo y el aire con residuos t\u00f3xicos y peligrosos \u2013incluidos los residuos nucleares\u2013 asuman los costos de la descontaminaci\u00f3n y dejen de producir y utilizar residuos t\u00f3xicos.<\/p>\n<h4>II \u2013 Una transici\u00f3n energ\u00e9tica planificada, justa y con participaci\u00f3n social<\/h4>\n<p>Es necesario un programa de transici\u00f3n hacia un modelo que mitigue y adapte los sistemas energ\u00e9ticos basados en el carbono, con planificaci\u00f3n, participaci\u00f3n social, canales de financiamiento para los pa\u00edses del Sur Global seg\u00fan sus necesidades, que promuevan la diversificaci\u00f3n de la matriz energ\u00e9tica y la eficiencia energ\u00e9tica y garanticen el suministro de materias primas para cualquier transici\u00f3n energ\u00e9tica en el futuro pr\u00f3ximo.<\/p>\n<p>Tambi\u00e9n debe incluir:<\/p>\n<p>El fin de los subsidios gubernamentales directos e indirectos a la industria de combustibles f\u00f3siles.<\/p>\n<p>Aumento agresivo de los impuestos sobre las emisiones de gases y productos contaminantes.<\/p>\n<p>Prohibici\u00f3n de la participaci\u00f3n del sector financiero en la industria de combustibles f\u00f3siles, impidiendo que este proceso sea gestionado por la especulaci\u00f3n financiera.<\/p>\n<p>Las inversiones de los Estados para impedir la cat\u00e1strofe clim\u00e1tica, proteger y atender a las poblaciones y recuperar el medio ambiente no pueden verse limitadas o incluidas en legislaciones locales o internacionales de austeridad fiscal. Es obligaci\u00f3n del Estado salvaguardar los derechos de las poblaciones localizadas donde se implementan estos proyectos.<\/p>\n<h4>III \u2013 Protecci\u00f3n y est\u00edmulo de la agricultura campesina y la soberan\u00eda alimentaria<\/h4>\n<p>Ampliar el campesinado por medio de reformas agrarias masivas que desconcentren y democraticen el acceso a la tierra, sustituyendo las pr\u00e1cticas perjudiciales del agronegocio por la producci\u00f3n agroecol\u00f3gica.<\/p>\n<p>Construir mecanismos de difusi\u00f3n e implementaci\u00f3n masiva de la agroecolog\u00eda, mediante asistencia t\u00e9cnica y financiamiento de las y los campesinos.<\/p>\n<p>Eliminar los agrot\u00f3xicos sint\u00e9ticos para 2035 y reducir a la mitad los fertilizantes sint\u00e9ticos en el mismo per\u00edodo.<\/p>\n<p>Apoyar la difusi\u00f3n de los bioinsumos para la producci\u00f3n agroecol\u00f3gica, garantizando la estructuraci\u00f3n de biof\u00e1bricas, la base gen\u00e9tica y reproductiva de los bioinsumos, poniendo a disposici\u00f3n equipos adecuados para su aplicaci\u00f3n y viabilizando la asistencia t\u00e9cnica gratuita espec\u00edfica para la producci\u00f3n y el uso de bioinsumos.<\/p>\n<p>Proteger los derechos del campesinado sobre las semillas y la biodiversidad. Garantizar los derechos de propiedad intelectual de los pueblos ind\u00edgenas y tradicionales mediante la lucha contra la biopirater\u00eda y la apropiaci\u00f3n de sus conocimientos y pr\u00e1cticas.<\/p>\n<p>Reestructurar la ganader\u00eda para que los reba\u00f1os coincidan con la capacidad de la tierra y la demanda alimentaria y no con el mercado.<\/p>\n<p>Prohibir todas las tecnolog\u00edas no probadas y eliminar todo subsidio p\u00fablico a pr\u00e1cticas y productos nocivos.<\/p>\n<p>Adoptar pol\u00edticas p\u00fablicas para regular y proteger los mercados agr\u00edcolas y el derecho a la alimentaci\u00f3n.<\/p>\n<p>Ampliar y garantizar la prioridad de los alimentos agroecol\u00f3gicos en los programas de compras p\u00fablicas de alimentos de los gobiernos.<\/p>\n<p>Construir una legislaci\u00f3n que separe los per\u00edmetros\/polos de producci\u00f3n agroecol\u00f3gica, creando zonas libres de venenos, transg\u00e9nicos y fumigaci\u00f3n a\u00e9rea.<\/p>\n<p>Los gobiernos deben desarrollar estudios que eval\u00faen la necesidad de reposicionar las actividades agropecuarias en funci\u00f3n del calentamiento global. Se trata de establecer nuevos mapas agroclim\u00e1ticos y desarrollar pol\u00edticas para su consolidaci\u00f3n sobre bases biodiversas, protectoras de los servicios ecosist\u00e9micos naturales, asegurando la movilizaci\u00f3n del tejido social, aprovechando la cultura y experiencia de las comunidades y pueblos establecidos en los diferentes territorios<\/p>\n<p>Garantizar la obligatoriedad de procesos de reevaluaci\u00f3n peri\u00f3dica, cada cinco a\u00f1os, de productos y procesos de trabajo t\u00e9cnicos y cient\u00edficos aplicados a los territorios rurales, garantizando la participaci\u00f3n de representantes de la sociedad civil.<\/p>\n<h4>IV \u2013 Pol\u00edticas efectivas de reforestaci\u00f3n y combate a la deforestaci\u00f3n<\/h4>\n<p>Se deben tomar todas las medidas necesarias para evitar el punto de no retorno de la Amazon\u00eda, protegiendo el 80% de su territorio hasta 2025.<\/p>\n<p>Garantizar el fin de toda la deforestaci\u00f3n ilegal para 2025.<\/p>\n<p>Frenar la expansi\u00f3n de la frontera agr\u00edcola, con sanciones a las empresas y responsables de la apropiaci\u00f3n de tierras y expulsi\u00f3n de los pueblos de los bosques, as\u00ed como a los productos que contribuyen a la deforestaci\u00f3n, la degradaci\u00f3n y la contaminaci\u00f3n.<\/p>\n<p>Prohibir que los recursos consignados por el Acuerdo de Par\u00eds se destinen al agronegocio, la miner\u00eda y las falsas soluciones de replantaci\u00f3n de \u00e1reas de protecci\u00f3n permanente.<\/p>\n<p>Alcanzar la deforestaci\u00f3n legal cero para 2027.<\/p>\n<p>Derogar las leyes y disposiciones que promueven la destrucci\u00f3n de la Amazon\u00eda.<\/p>\n<p>Rehabilitar, recuperar y restaurar las \u00e1reas deforestadas y degradadas.<\/p>\n<p>Reconocer el 100% de las reivindicaciones territoriales de los pueblos ind\u00edgenas, de los afrodescendientes, quilombolas y de las comunidades tradicionales en la Amazon\u00eda, garantizando la seguridad global (jur\u00eddica y f\u00edsica) de la propiedad colectiva de los territorios ind\u00edgenas, el respeto y la protecci\u00f3n territorial de los pueblos ind\u00edgenas aislados y la garant\u00eda de una perspectiva de g\u00e9nero en la distribuci\u00f3n y titulaci\u00f3n de las tierras.<\/p>\n<p>Fortalecer alternativas para una transici\u00f3n agroecol\u00f3gica, de producci\u00f3n agroforestal y ecotur\u00edstica comunitarias.<\/p>\n<p>Garantizar la participaci\u00f3n efectiva de los pueblos de los bosques en toda la cadena productiva de la energ\u00eda, como parte de los procesos de planificaci\u00f3n, gesti\u00f3n y gobernanza, para la construcci\u00f3n de una transici\u00f3n energ\u00e9tica justa, popular e inclusiva.<\/p>\n<p>Prohibir los subsidios, inversiones y cr\u00e9ditos financieros en proyectos que destruyen los bosques.<\/p>\n<p>Clasificar e incorporar el delito de ecocidio en la legislaci\u00f3n de los pa\u00edses y castigar efectivamente todos los delitos ambientales.<\/p>\n<p>Exigir que las corporaciones y empresas responsables de desastres ambientales sean procesadas en sus pa\u00edses de origen y obligadas a reparar los da\u00f1os causados a la naturaleza y a los pueblos.<\/p>\n<p>Promover un financiamiento para la Amazon\u00eda y los bosques del Sur Global, que garantice que todas las conversiones de deuda para la acci\u00f3n clim\u00e1tica y\/o conservaci\u00f3n de la naturaleza sean: integrales, transparentes, directas y con la participaci\u00f3n de los pueblos amaz\u00f3nicos autodeterminados, autoorganizados y autogestionados; que en los mecanismos actuales de financiamiento se garantice la participaci\u00f3n, el control y la fiscalizaci\u00f3n social, para evitar abusos, despilfarros y corrupci\u00f3n; y que la naturaleza no sea mercantilizada.<\/p>\n<p>Establecer un impuesto sobre el carbono emitido por las grandes industrias y agroindustrias contaminantes, con el fin de destinar esos recursos a salvar la Amazon\u00eda y los bosques del Sur Global.<\/p>\n<p>Prohibir las compensaciones forestales y otros mecanismos de especulaci\u00f3n financiera y falsas soluciones de mercado en los territorios.<\/p>\n<p>Que los gobiernos inicien proyectos de reforestaci\u00f3n masiva en los bosques, los campos y las ciudades, fomentando la producci\u00f3n y distribuci\u00f3n de plantones y estimulando la plantaci\u00f3n y la recuperaci\u00f3n de \u00e1reas degradadas.<\/p>\n<h4>V \u2013 Gesti\u00f3n planificada y adecuada de los recursos h\u00eddricos<\/h4>\n<p>El agua debe ser utilizada de forma eficiente, garantizando la prioridad para el consumo humano y animal y para la producci\u00f3n agroecol\u00f3gica.<\/p>\n<p>Promover una gesti\u00f3n de los sistemas acu\u00e1ticos que incluya la creaci\u00f3n de \u00e1reas acu\u00e1ticas protegidas para conservar la salud de las cuencas hidrogr\u00e1ficas.<\/p>\n<p>Asegurar la previsi\u00f3n\/disponibilidad de recursos para el financiamiento subsidiado de la implementaci\u00f3n de agroforester\u00eda, con \u00e9nfasis en los productos alimentarios en unidades familiares de producci\u00f3n, articuladas con sistemas de abastecimiento alimentario.<\/p>\n<h4>VI \u2013 Restricciones a la miner\u00eda<\/h4>\n<p>Interrumpir inmediatamente y combatir la miner\u00eda ilegal.<\/p>\n<p>Reducir anualmente el uso del mercurio en la miner\u00eda hasta su eliminaci\u00f3n total.<\/p>\n<p>Prohibir la miner\u00eda en territorios ind\u00edgenas, ancestrales y comunitarios.<\/p>\n<p>Establecer planes de recuperaci\u00f3n y mitigaci\u00f3n de las zonas degradadas por la miner\u00eda.<\/p>\n<p>Implementar planes para la remediaci\u00f3n de la salud de las personas y la restauraci\u00f3n de los ecosistemas afectados por el mercurio y la miner\u00eda.<\/p>\n<p>Establecer sistemas de monitoreo y penalizaci\u00f3n de actividades que comprometan la calidad de las reservas de agua superficiales y subterr\u00e1neas.<\/p>\n<h4>VII \u2013 Participaci\u00f3n Popular<\/h4>\n<p>La poblaci\u00f3n, especialmente los pueblos del bosque y los afectados por el cambio clim\u00e1tico, debe tener asiento, voz, voto y poder de veto en las instancias de formulaci\u00f3n, decisi\u00f3n y auditor\u00eda del empleo de los recursos y en los proyectos y cadenas productivas con impacto significativo en los territorios.<\/p>\n<p>Las instancias\/consejos\/comisiones institucionales responsables de la evaluaci\u00f3n\/validaci\u00f3n de productos de la ciencia y la tecnolog\u00eda aplicados en los territorios rurales deben prever espacios para la intervenci\u00f3n de lxs representantes de las poblaciones afectadas por su uso, tanto antes como durante su autorizaci\u00f3n de uso a escala comercial.<\/p>\n<figure id=\"attachment_18658\" aria-describedby=\"caption-attachment-18658\" style=\"width: 570px\" class=\"wp-caption aligncenter\"><a href=\"https:\/\/espai-marx.net\/wp-content\/uploads\/2025\/10\/Web_7_Sebastiao-Salgado.jpg\"><img loading=\"lazy\" decoding=\"async\" class=\"size-full wp-image-18658\" src=\"https:\/\/espai-marx.net\/wp-content\/uploads\/2025\/10\/Web_7_Sebastiao-Salgado.jpg\" alt=\"\" width=\"570\" height=\"780\" srcset=\"https:\/\/espai-marx.net\/wp-content\/uploads\/2025\/10\/Web_7_Sebastiao-Salgado.jpg 570w, https:\/\/espai-marx.net\/wp-content\/uploads\/2025\/10\/Web_7_Sebastiao-Salgado-219x300.jpg 219w\" sizes=\"auto, (max-width: 570px) 100vw, 570px\" \/><\/a><figcaption id=\"caption-attachment-18658\" class=\"wp-caption-text\"><span style=\"font-size: 10pt;\">Cordillera Brooks, Alaska, Estados Unidos, 2009. \u00a9 Sebasti\u00e3o Salgado<\/span><\/figcaption><\/figure>\n<h4 class=\"single-post--content--citations-title\">Referencias bibliogr\u00e1ficas<\/h4>\n<p>BBC NEWS. \u00abFurac\u00e3o Ian: a destrui\u00e7\u00e3o causada pela tempestade\u00bb. Imagens, septiembre de 2022. Disponible en:<a href=\"https:\/\/www.bbc.com\/portuguese\/internacional-63086712\"> https:\/\/www.bbc.com\/portuguese\/internacional-63086712<\/a>.<\/p>\n<p>Blog da Boitempo. \u00abFidel Castro e a quest\u00e3o ambiental\u00bb<i>,<\/i> 5 de diciembre de 2019. Disponible en: <a href=\"https:\/\/blogdaboitempo.com.br\/2019\/12\/05\/fidel-castro-e-a-questao-ambiental\/\">https:\/\/blogdaboitempo.com.br\/2019\/12\/05\/fidel-castro-e-a-questao-ambiental\/<\/a>.<\/p>\n<p>Brasil de Fato. \u00abA hist\u00f3ria esquecida do acidente de Goi\u00e2nia, \u2018a pequena Chernobyl\u00bb<i>. <\/i>17 de julio de 2024. Disponible en: <a href=\"https:\/\/www.brasildefato.com.br\/colunista\/raul-capote\/2024\/07\/17\/a-historia-esquecida-do-acidente-de-goiania-a-pequena-chernobyl\/\">https:\/\/www.brasildefato.com.br\/colunista\/raul-capote\/2024\/07\/17\/a-historia-esquecida-do-acidente-de-goiania-a-pequena-chernobyl\/<\/a>.<\/p>\n<p>______. \u00abRaio-X dos crimes: Um comparativo entre os impactos de Brumadinho e Mariana\u00bb. 31 de enero de 2019. Disponible en: <a href=\"https:\/\/www.brasildefato.com.br\/2019\/01\/31\/raio-x-dos-crimes-Um-comparativo-entre-os-impactos-de-brumadinho-e-mariana\/\">https:\/\/www.brasildefato.com.br\/2019\/01\/31\/raio-x-dos-crimes-Um-comparativo-entre-os-impactos-de-brumadinho-e-mariana\/<\/a>.<\/p>\n<p>______. \u00abEvid\u00eancias apontam associa\u00e7\u00e3o de agrot\u00f3xico a ultraprocessados no leite materno\u00bb<i>.<\/i> 6 de diciembre de 2023. Disponible en:<a href=\"https:\/\/www.brasildefato.com.br\/2023\/12\/06\/evidencias-apontam-associacao-de-agrotoxico-a-ultraprocessados-no-leite-materno\/\"> https:\/\/www.brasildefato.com.br\/2023\/12\/06\/evidencias-apontam-associacao-de-agrotoxico-a-ultraprocessados-no-leite-materno\/<\/a>.<\/p>\n<p>______. \u00abMercado de carbono: sa\u00edda para a crise clim\u00e1tica ou licencia para poluir?\u00bb. 16 de enero de 2024. Disponible em:<a href=\"https:\/\/www.brasildefato.com.br\/2024\/01\/16\/mercado-de-carbono-saida-para-a-crise-climatica-ou-licenca-para-poluir\/\"> https:\/\/www.brasildefato.com.br\/2024\/01\/16\/mercado-de-carbono-saida-para-a-crise-climatica-ou-licenca-para-poluir\/<\/a>.<\/p>\n<p>______. \u00abMais da metade dos cr\u00e9ditos de carbono da Amaz\u00f4nia est\u00e1 contaminada pela minera\u00e7\u00e3o\u00bb. 27 de junio de 2025. Disponible en: <a href=\"https:\/\/www.brasildefato.com.br\/2025\/06\/27\/mais-da-metade-dos-creditos-de-carbono-da-amazonia-esta-contaminada-pela-mineracao\/\">https:\/\/www.brasildefato.com.br\/2025\/06\/27\/mais-da-metade-dos-creditos-de-carbono-da-amazonia-esta-contaminada-pela-mineracao\/<\/a>.<\/p>\n<p>CDP Carbon Majors Report. <i>The Carbon Majors Database<\/i>, 2017. Disponible en: <a href=\"https:\/\/climateaccountability.org\/pdf\/CarbonMajorsRpt2017%20Jul17.pdf\">https:\/\/climateaccountability.org\/pdf\/CarbonMajorsRpt2017%20Jul17.pdf<\/a>.<\/p>\n<p>Chancel, L. (2022). \u00abGlobal Carbon Inequality over 1990-2019\u00bb. En <i>Nature Sustainability<\/i> [DOI: 10.1038\/s41893-022-00955-z].<\/p>\n<p>Climate Accountability. \u00abCarbon Majors: Update of Top Twenty companies 1965-2017\u00bb. Disponible en: <a href=\"https:\/\/climateaccountability.org\/wp-content\/uploads\/2020\/12\/CAI-PressRelease-Top20-Oct19.pdf\">https:\/\/climateaccountability.org\/wp-content\/uploads\/2020\/12\/CAI-PressRelease-Top20-Oct19.pdf<\/a>.<\/p>\n<p>Cornetta, Andrei. <i>Crise ambiental e os neg\u00f3cios do clima: uma perspectiva cr\u00edtico-popular<\/i>. S\u00e3o Paulo: Express\u00e3o Popular, 2025.<\/p>\n<p>FAO \u2013 Organizaci\u00f3n de las Naciones Unidas para la Agricultura y la Alimentaci\u00f3n. <i>The State of the World\u2019s Biodiversity for Food and Agriculture<\/i>, 2019. Disponible en:<a href=\"https:\/\/openknowledge.fao.org\/items\/6c17080e-6c5d-47ae-a982-609c882bd4e7\"> https:\/\/openknowledge.fao.org\/items\/6c17080e-6c5d-47ae-a982-609c882bd4e7<\/a><a href=\"https:\/\/reporterbrasil.org.br\/2024\/02\/uber-audi-creditos-de-carbono-trabalho-escravo\/\">.<\/a><\/p>\n<p>Instituto Tricontinental de Investigaci\u00f3n Social. <i>Un mundo profundamente cambiado<\/i>. Bolet\u00edn 26 (2018), 24 de agosto de 2018. Disponible en: <a href=\"https:\/\/thetricontinental.org\/es\/newsletterissue\/un-mundo-profundamente-cambiado-el-vigesimo-sexto-boletin-2018\/\">https:\/\/thetricontinental.org\/es\/newsletterissue\/un-mundo-profundamente-cambiado-el-vigesimo-sexto-boletin-2018\/<\/a><\/p>\n<p>______. <i>Una sola Tierra<\/i>. Alerta Roja no 11. 2 de junio de 2021. Disponible en: <a href=\"https:\/\/thetricontinental.org\/es\/alerta-roja-11-mediomabiente\/\">https:\/\/thetricontinental.org\/es\/alerta-roja-11-mediomabiente\/<\/a>.<a href=\"https:\/\/thetricontinental.org\/es\/newsletterissue\/pakistan-inundaciones-alerta-roja\/\">\u00a0<\/a><\/p>\n<p>______. <i>Pakist\u00e1n bajo el agua. <\/i>Alerta Roja no 15. 8 de septiembre de 2022. Disponible en: <a href=\"https:\/\/thetricontinental.org\/es\/alerta-roja-15-pakistan-inundaciones\/\">https:\/\/thetricontinental.org\/es\/alerta-roja-15-pakistan-inundaciones\/<\/a>.<\/p>\n<p>______. <i>La inundaci\u00f3n de austeridad y la cat\u00e1strofe clim\u00e1tica en Brasil<\/i>. Bolet\u00edn 22 (2024), 30 de mayo de 2024a. Disponible en: <a href=\"https:\/\/thetricontinental.org\/es\/newsletterissue\/inundaciones-brasil-mst\/\">https:\/\/thetricontinental.org\/es\/newsletterissue\/inundaciones-brasil-mst\/<\/a><\/p>\n<p>______. <i>A Transi\u00e7\u00e3o Energ\u00e9tica para al\u00e9m do debate combust\u00edveis f\u00f3sseis y fontes renov\u00e1veis<\/i>. 5 de junio de 2024b. Disponible en: <a href=\"https:\/\/thetricontinental.org\/pt-pt\/brasil\/a-transicao-energetica-para-alem-do-debate-combustiveis-fosseis-e-fontes-renovaveis\/\">https:\/\/thetricontinental.org\/pt-pt\/brasil\/a-transicao-energetica-para-alem-do-debate-combustiveis-fosseis-y-fontes-renovaveis\/<\/a><a href=\"https:\/\/reporterbrasil.org.br\/2024\/02\/uber-audi-creditos-de-carbono-trabalho-escravo\/\">.<\/a><\/p>\n<p>______. <i>Por favor, evitemos que el planeta arda<\/i>. Bolet\u00edn 23 (2025). 5 de junio de 2025. Disponible en: <a href=\"https:\/\/thetricontinental.org\/es\/newsletterissue\/boletin-antropoceno-capitalismo-crisis-climatica\/\">https:\/\/thetricontinental.org\/es\/newsletterissue\/boletin-antropoceno-capitalismo-crisis-climatica\/<\/a> .<\/p>\n<p>IUCN \u2013 International Union for Conservation of Nature. <i>The IUCN Red List of Threatened Species<\/i>, 2024. Disponible en:<a href=\"https:\/\/www.iucnredlist.org\/\"> https:\/\/www.iucnredlist.org\/<\/a><a href=\"https:\/\/reporterbrasil.org.br\/2024\/02\/uber-audi-creditos-de-carbono-trabalho-escravo\/\">.<\/a><a href=\"https:\/\/www.iucnredlist.org\/\">\u00a0<\/a><\/p>\n<p>Marques, Rosa Maria y Marcelo \u00c1lvares de Lima Depieri. \u00abAn\u00e1lisis cr\u00edtico de las propuestas para combatir la crisis clim\u00e1tica\u00bb. En Estay, Jaime; Gabriela Rofinelli y Josefina Morales (coords.). <i>Los rumbos de la econom\u00eda mundial en \u00e9poca de pandemia y guerra \u2013 Una mirada desde Am\u00e9rica Latina y El Caribe<\/i>. 1a ed. \u2013 Ciudad Aut\u00f3noma de Buenos Aires: CLACSO, 2023. Disponible en: <a href=\"https:\/\/www.clacso.org\/los-rumbos-de-la-economia-mundial-en-epoca-de-pandemia-y-guerra-2\/\">https:\/\/www.clacso.org\/los-rumbos-de-la-economia-mundial-en-epoca-de-pandemia-y-guerra-2\/<\/a> .<\/p>\n<p>MST \u2013 Movimento dos Trabalhadores Rurais Sem Terra. \u00abPropostas para enfrentar a crise ambiental\u00bb. 17 de junio de 2025. Disponible en:<a href=\"https:\/\/mst.org.br\/2025\/06\/17\/propostas-para-enfrentar-a-crise-ambiental\/\"> https:\/\/mst.org.br\/2025\/06\/17\/propostas-para-enfrentar-a-crisis-ambiental\/<\/a>.<\/p>\n<p>Rep\u00f3rter Brasil. \u00abUber, Audi, cr\u00e9ditos de carbono e trabalho escravo\u00bb. 14 de febrero de 2024. Disponible en:<a href=\"https:\/\/reporterbrasil.org.br\/2024\/02\/uber-audi-creditos-de-carbono-trabalho-escravo\/\"> https:\/\/reporterbrasil.org.br\/2024\/02\/uber-audi-creditos-de-carbono-trabalho-escravo\/.<\/a><\/p>\n<p>Tereos. \u00abMudan\u00e7as clim\u00e1ticas ainda s\u00e3o desconhecidas por 34% dos brasileiros, aponta pesquisa promovida pela Tereos\u00bb. Mayo de 2024. Disponible en: <a href=\"https:\/\/br.tereos.com\/pt-pt\/press-releases\/mudancas-climaticas-ainda-sao-desconhecidas-por-34-dos-brasileiros-aponta-pesquisa-promovida-pela-tereos\/\">https:\/\/br.tereos.com\/pt-pt\/press-releases\/mudancas-climaticas-ainda-sao-desconhecidas-por-34-dos-brasileiros-aponta-pesquisa-promovida-pela-tereos\/<\/a>.<\/p>\n<p>UNDRR \u2013 United Nations Office for Disaster Risk Reduction. \u00abHorn of Africa Floods and Drought 2020-2023: La Forensic Analysis\u00bb. Septiembre de 2024. Disponible en:<a href=\"https:\/\/www.undrr.org\/resource\/horn-africa-floods-and-drought-2020-2023-forensic-analysis\"> https:\/\/www.undrr.org\/resource\/horn-africa-floods-and-drought-2020-2023-forensic-analysis<\/a>.<\/p>\n<p>UNEP \u2013 Programa de las Naciones Unidas para el Medio Ambiente. \u00abOur global food system is the primary driver of biodiversity loss\u00bb. 2021a. Disponible en:<a href=\"https:\/\/www.unep.org\/news-and-stories\/press-release\/our-global-food-system-primary-driver-biodiversity-loss\"> https:\/\/www.unep.org\/news-and-stories\/press-release\/our-global-food-system-primary-driver-biodiversity-loss<\/a>.<\/p>\n<p>______. \u00abAgriculture, forests and other land use\u00bb. 2021b. Disponible en:<a href=\"https:\/\/www.unep.org\/topics\/climate-action\/mitigation\/agriculture-forests-and-other-land-use\"> https:\/\/www.unep.org\/topics\/climate-action\/mitigation\/agriculture-forests-and-other-land-use<\/a>.<\/p>\n<p>Weisse,\u202fMikaela, Elizabeth Goldman y Sarah Carter<b>. <\/b><i>Quanta floresta foi perdida em 2023?<\/i> Disponible en: <a href=\"https:\/\/gfr.wri.org\/pt-pt\/node\/229#:~:text=La%20p%C3%A9rdida%20total%20de%20florestas%20tropicales%20prim%C3%A1rias,%C3%A0s%20dos%20anos%20de%202019%20e%202021\">https:\/\/gfr.wri.org\/pt-pt\/node\/229#:~:text=La%20p\u00e9rdida%20total%20de%20florestas%20tropicales%20prim%C3%A1rias,%C3%A0s%20dos%20anos%20de%202019%20e%202021<\/a>.<\/p>\n<p>WRI Brasil. <i>Os pa\u00edses que mais emitiram gases de efeito estufa<\/i>, 2024. Disponible en: <a href=\"https:\/\/www.wribrasil.org.br\/noticias\/os-paises-que-mais-emitiram-gases-de-efeito-estufa\">https:\/\/www.wribrasil.org.br\/noticias\/os-paises-que-mais-emitiram-gases-de-efeito-estufa<\/a>.<\/p>\n<\/section>\n<section class=\"single-post--content--section single-post--toc--section\">\n<h4 class=\"single-post--content--citations-title\">Nota<\/h4>\n<div id=\"sdfootnote1\" class=\"single-post--content--citations-block\">\n<p><sup>1 <\/sup>El Cerrado es un bioma que se encuentra en la meseta central de Brasil. Se trata de la sabana tropical m\u00e1s biodiversa del mundo, ocupa el 22-24% del territorio del pa\u00eds y es el segundo bioma m\u00e1s extenso despu\u00e9s de la Amazon\u00eda.<\/p>\n<p>Fuente: Instituto Tricontinental de Investigaci\u00f3n Social, <em>Dossier<\/em> n\u00ba 93, 14 de octubre de 2025.<br \/>\nFoto de portada: Yacimiento petrol\u00edfero Greater Burhan, Kuwait, 1991. \u00a9 Sebasti\u00e3o Salgado<\/p>\n<\/div>\n<\/section>\n<\/section>\n","protected":false},"excerpt":{"rendered":"<p>Uno de los principales retos actuales es la crisis ambiental, que ha puesto en peligro la existencia humana en la<\/p>\n","protected":false},"author":5,"featured_media":18664,"comment_status":"open","ping_status":"open","sticky":false,"template":"","format":"standard","meta":{"footnotes":""},"categories":[1563],"tags":[],"class_list":["post-18657","post","type-post","status-publish","format-standard","has-post-thumbnail","hentry","category-crisis-ecosocial"],"aioseo_notices":[],"_links":{"self":[{"href":"https:\/\/espai-marx.net\/index.php?rest_route=\/wp\/v2\/posts\/18657","targetHints":{"allow":["GET"]}}],"collection":[{"href":"https:\/\/espai-marx.net\/index.php?rest_route=\/wp\/v2\/posts"}],"about":[{"href":"https:\/\/espai-marx.net\/index.php?rest_route=\/wp\/v2\/types\/post"}],"author":[{"embeddable":true,"href":"https:\/\/espai-marx.net\/index.php?rest_route=\/wp\/v2\/users\/5"}],"replies":[{"embeddable":true,"href":"https:\/\/espai-marx.net\/index.php?rest_route=%2Fwp%2Fv2%2Fcomments&post=18657"}],"version-history":[{"count":3,"href":"https:\/\/espai-marx.net\/index.php?rest_route=\/wp\/v2\/posts\/18657\/revisions"}],"predecessor-version":[{"id":18667,"href":"https:\/\/espai-marx.net\/index.php?rest_route=\/wp\/v2\/posts\/18657\/revisions\/18667"}],"wp:featuredmedia":[{"embeddable":true,"href":"https:\/\/espai-marx.net\/index.php?rest_route=\/wp\/v2\/media\/18664"}],"wp:attachment":[{"href":"https:\/\/espai-marx.net\/index.php?rest_route=%2Fwp%2Fv2%2Fmedia&parent=18657"}],"wp:term":[{"taxonomy":"category","embeddable":true,"href":"https:\/\/espai-marx.net\/index.php?rest_route=%2Fwp%2Fv2%2Fcategories&post=18657"},{"taxonomy":"post_tag","embeddable":true,"href":"https:\/\/espai-marx.net\/index.php?rest_route=%2Fwp%2Fv2%2Ftags&post=18657"}],"curies":[{"name":"wp","href":"https:\/\/api.w.org\/{rel}","templated":true}]}}