{"id":1867,"date":"2012-04-12T00:00:00","date_gmt":"2012-04-12T00:00:00","guid":{"rendered":"https:\/\/espai-marx.net\/?p=1867"},"modified":"2020-02-21T08:56:13","modified_gmt":"2020-02-21T07:56:13","slug":"estudiantes-en-prision-punitiva-y-plenos-en-el-parlament-de-catalunya","status":"publish","type":"post","link":"https:\/\/espai-marx.net\/?p=1867","title":{"rendered":"Estudiantes en prisi\u00f3n punitiva y Plenos en el Parlament de Catalunya"},"content":{"rendered":"<p>Para Alejandro Andreassi, Jos\u00e9 Luis Mart\u00edn Ramos, Joan Tafalla y Jordi Torrent, por sus sabias y enrabietadas lecciones republicanas.<\/p>\n<p>El izquierdismo, seg\u00fan tesis leninista m\u00e1s o menos corroborada, es la enfermedad infantil del comunismo. Puedo estar enfermo y seguro que no acabo de madurar. El realismo pol\u00edtico es la condici\u00f3n sine qua non para cualquier finalidad poli\u00e9tica consistente y es probable que esa noble virtud no me acompa\u00f1e siempre o casi nunca. A mi edad, y despu\u00e9s de estar en esto m\u00e1s de cuarenta a\u00f1os, no es probable que aprenda. Es un poco tarde. Desconfiemos pues de mi escasa sensatez y estemos alertas ante el posible disparate izquierdista que estoy a punto de escribir.<\/p>\n<p>El pasado mi\u00e9rcoles, 11 de abril, se celebr\u00f3 un pleno en el Parlament de Catalunya sobre las \u201cretallades\u201d, los llamados recortes. El t\u00e9rmino, sugerido probablemente por alg\u00fan publicista de ESADE compa\u00f1ero de curso del Duque de Palma Urdangarin, est\u00e1 perdiendo toda su ya escasa pegada cr\u00edtica. Como austeridad, exactamente igual, son palabras que se han apropiado. No s\u00e9 si recuerdan, espero que no, aquella monumental barbaridad musical sobre los pajaritos, pajaritos por aqu\u00ed, pajaritos por all\u00ed, ta, ta, ta, taaa. Pues lo mismo: retallades por aqu\u00ed, retallades por all\u00ed, tic, tac, tic, tac, y, eso s\u00ed, el pa\u00eds, sin miedo \u2013ah, uh, no tinc por!- sigue firme hacia la soberan\u00eda y la independencia.<\/p>\n<p>Lo que por supuesto se esconde detr\u00e1s de esas \u201cgraciosas\u201d palabras es otra cosa. Esta, por ejemplo, anunciada recientemente por la consellera de Educaci\u00f3n Irene Rigau: su departamento \u201crecortar\u00e1\u201d en dos a\u00f1os el 38% del presupuesto destinado a las guarder\u00edas (en 2012: de 1.600 a 1.300; en 2013: de 1.300 a 1.000). \u00bfEs necesario se\u00f1alar lo que esa disminuci\u00f3n de la inversi\u00f3n p\u00fablica en guarder\u00edas -\u00a1de casi un 40%!- puede significar para su mismo funcionamiento en condiciones adecuadas, para su mantenimiento, para su extensi\u00f3n a zonas desprovistas de ellas y para los derechos sociales esenciales de las familias trabajadoras con hijos peque\u00f1os? S\u00e9 que no es necesario, se entiende el nuevo acto de barbarie.<\/p>\n<p>Vuelvo al tema. Mas el soberbio desplaz\u00f3 a Mas-Colell en el pleno. No se f\u00edan mucho de este \u00faltimo como pol\u00edtico tras su comparecencia \u2013de risa- a finales de 2011 para explicar el disparate de la retenci\u00f3n anticipada del IRPF en las n\u00f3minas de los trabajadores de la Administraci\u00f3n. El president, el pol\u00edtico institucional que seg\u00fan dicen fuentes muy bien informadas fue cotitular con su padre, recientemente fallecido, de una cuenta usada para evadir impuestos en Liechtenstein, un para\u00edso fiscal para dar ejemplo c\u00edvico, quiso ser el protagonista de la tarde: el estado catal\u00e1n soy yo, pensar\u00eda. En la escuela de \u00e9lites \u201cAula\u201c los deben formar as\u00ed; reciben muchas otras influencias complementarias que tambi\u00e9n ayudan. Es el toque de clase.<\/p>\n<p>El mensaje emitido: el de siempre. \u201cLa austeridad\u201d es inevitable, no hay otra pol\u00edtica que la que ellos defienden. Prevaricaci\u00f3n pol\u00edtica en estado puro. Hay que recortar en educaci\u00f3n, en sanidad, en servicios sociales, mientras se incrementan o incrementar\u00e1n los presupuestos del conseller de Interior, un pol\u00edtico muy pr\u00f3ximo al neofascismo sin m\u00e1scara, y no se toca ni un pelo, ni siquiera una l\u00ednea, de una pol\u00edtica fiscal que como se ha dicho en numerosas ocasiones, y ha reconocido el propio conseller de Econom\u00eda Mas-Colell, beneficia b\u00e1sicamente a las capas m\u00e1s favorecidas de la sociedad catalana. Los suyos, sus fieles clientes. Basta pensar en la ley de sucesiones aprobada al inicio de la legislatura: con eso no se juega, eso no se toca, que dir\u00eda aquel Serrat de hace 30 a\u00f1os, no \u00e9ste, el que con el taurino Sabina est\u00e1 a punto de cantar en la capital de la Israel racista, el mismo pa\u00eds anexionista que declara persona non grata a G\u00fcnter Grass por un noble y justo poema que, eso s\u00ed, se queda corto por prudencia en la mayor\u00eda de sus versos (Por cierto, \u00bfel sur no exist\u00eda? \u00bfPalestina existe entonces?).<\/p>\n<p>El pleno fue de lo que fue y el mensaje es el se\u00f1alado: o yo o el caos (el mismo president de la probable cuenta en Liechtenstein us\u00f3 la met\u00e1fora del hundimiento del crucero de lujo \u201cCosta Concorde\u201d durante el debate). Resumen y punto y aparte.<\/p>\n<p>Ahora bien, el tema del Pleno, el de los \u201crecortes\u201d sociales, es decir, la tem\u00e1tica de la agresi\u00f3n contra los derechos de los grupos sociales populares, no parece muy alejado del 29M. Aunque el eje central de este importante e inolvidable d\u00eda de huelga general fue la lucha contra la contrarreforma medieval que quieren imponernos PP+CiU y afines, una y otra cuesti\u00f3n entran consistentemente en el mismo saco. Ellos mismos, los autores de las tropel\u00edas contrasociales, no dejan de se\u00f1alarlo.<\/p>\n<p>Mientras el pleno de celebraba, Daniel e Ismael, los dos en prisi\u00f3n punitiva, segu\u00edan en la c\u00e1rcel. El senyor Millet no, desde luego; estaba tranquilamente en su casa o dando una vuelta por sus negocios o por alguna de sus 22 casas o mansiones. La juez Carmen Garc\u00eda Mart\u00ednez rechaz\u00f3 el martes el recurso interpuesto por los abogados de los dos estudiantes [1]. Su \u201cargumento\u201d [2]: existe riesgo de fuga y hay posibilidades de que Daniel e Isamel (\u201cpersonas experimentadas en atentar contra la paz p\u00fablica\u201d\u00a1Qu\u00e9 barbaridad!) reincidan a pesar de carecer de antecedentes. \u00bfPor qu\u00e9? Garc\u00eda Mart\u00ednez dixit: por la minuciosa preparaci\u00f3n con la que han acumulado instrumentos peligrosos-muy peligrosos. Entre ellos, petardos y un walkie talkie. \u00a1Es juez, ha estudiado Derecho! Para re\u00edrse, para llorar m\u00e1s bien [3].<\/p>\n<p>La izquierda ecocomunista -que suele llamarse ecosocialista y que suele olvidar lo mucho que debe al legado te\u00f3rico-pol\u00edtico de Manuel Sacrist\u00e1n y muchos de sus compa\u00f1eros- estaba en el pleno. Particip\u00f3 en \u00e9l cr\u00edticamente; bien, muy bien. Pero, adem\u00e1s de ello, \u00bfno fue capaz de montar un cirio descomunal? \u00bfNo hay motivos? \u00bfNo eran necesarias pancartas, grandes como media pared, donde se hablara de los estudiantes detenidos y se exigiera su libertad? \u00bfLos Mossos d\u2019Esquadra o de Quadra, como se prefiera, no actuaron salvajemente, con gases y bolas que hirieron a unas 80 personas, cinco o seis de ellos de gravedad? \u00bfNo es eso objeto de denuncia mientras los focos iluminan para despistar contenedores en llamas? \u00bfA quien representan nuestros supuestos representantes? \u00bfNo se habl\u00f3 de nuevas formas de intervenir en las instituciones? \u00bfPor qu\u00e9 hay que seguir al pie de la letra el discurso hegem\u00f3nico y las formas no menos dominantes? \u00bfNo son, adem\u00e1s, estudiantes de la AEP (tanto dar\u00eda que no lo fueran claro est\u00e1)? \u00bfSe imaginan el pote que montar\u00eda Converg\u00e8ncia, e incluso Uni\u00f3, si en una manifestaci\u00f3n soberanista detuviera la polic\u00eda a dos j\u00f3venes de sus filas y una juez los sometiera a prisi\u00f3n punitiva alegando que podr\u00edan reincidir en los actos independentistas de 2014? \u00bfPor qu\u00e9 debemos seguir la c\u00f3moda y tontita partitura \u2013pajaritos, pajaritos- de siempre? El ex conseller de Interior, senador y dirigente de ICV, \u00bfha dicho algo sobre el asunto? \u00bfAlg\u00fan reproche, alguna cr\u00edtica? \u00bfHan o\u00eddo algo? \u00bfNo deber\u00eda hacerlo? Por lo dem\u00e1s, \u00bfno deber\u00edan hacer lo mismo los diputados de la izquierda plural en el Congreso?<\/p>\n<p>Para que lo lean bien: DOS ESTUDIANTES DE IZQUIERDA, QUE NO HAN COMETIDO NING\u00daN ACTO VIOLENTO Y, DESDE LUEGO, NO HAN HERIDO A NADIE, EST\u00c1N ENCARCELADOS POR LA DECISI\u00d3N DE UNA JUEZ QUE, M\u00c1S ALL\u00c1 DE SUS PROPIAS CONVICCIONES, HA ESTADO FUERTEMENTE PRESIONADA POR EL ALCALDE TRIAS, EL CONSELLER PUIG Y EL MINISTRO JORGE FERN\u00c1NDEZ. \u00bfVamos a permitir que la \u201cnormalidad\u201d patol\u00f3gica imponga su ley como si no pasara nada? \u00bfNo deber\u00edamos decir, gritar m\u00e1s bien \u201cNo en nuestro nombre\u201d y convocar y abonar movilizaciones? \u00bfNo somos capaces de defender ni siquiera a dos de los nuestros? (Por cierto, \u00bfy los sindicatos? \u00bfNo tienen nada que decir ya aunque algo dijeron? \u00bfO es que acaso no quieren que se les confunda con \u201cextremismos\u201d?<\/p>\n<p>El antrop\u00f3logo y economista David Graeber se\u00f1alaba en una entrevista [4] que si \u201cArist\u00f3teles anduviera por aqu\u00ed, dudo mucho que pensase que la distinci\u00f3n entre alquilarte o alquilar a miembros de tu familia para que trabajen y venderte o vender a miembros de tu familia para que trabajen es algo m\u00e1s que una bonita ret\u00f3rica legal. El concluir\u00eda, muy probablemente, que la mayor\u00eda de los americanos son simplemente esclavos\u201d. Daniel e Ismael son estudiantes de F\u00edsicas pero son cultos, son ya cient\u00edficos y humanistas en formaci\u00f3n, y no es improbable que hayan le\u00eddo algunas p\u00e1ginas del autor de la Metaf\u00edsica. Saben por ello que la relaci\u00f3n asalariada, miremos donde queramos mirar, aunque sea con ojos cegados, es una relaci\u00f3n de esclavitud y ellos, como muchos otros j\u00f3venes y no tan j\u00f3venes, quieren vivir sin permiso. Ni m\u00e1s ni menos, quieren construir sus propias vidas. \u00bfPasa algo? \u00bfVamos a permitir que una juez y unos pol\u00edticos de derecha extrema neofascista sieguen su proyecto?<\/p>\n<p><strong>Notas:<\/strong><\/p>\n<p>[1] Jes\u00fas Garc\u00eda, \u201cLa juez mantiene en prisi\u00f3n\u2026 \u201c. El Pa\u00eds, 11 de abril de 1983, pp. 1 y 3 (edici\u00f3n Catalunya)<\/p>\n<p>[2] \u00bfEstudian teor\u00eda de la argumentaci\u00f3n los jueces espa\u00f1oles? \u00bfQu\u00e9 manual usan?<\/p>\n<p>[3] En el autor de la juez se habla de cinco a\u00f1os y medio de prisi\u00f3n si se les imputan otros delitos: resistencia a la autoridad, lesiones, tenencia de elementos peligrosos.<\/p>\n<p>[4] Philip Pilkington, \u201cEntrevista con el antrop\u00f3logo econ\u00f3mico David Graeber. \u00bfQu\u00e9 es la deuda?\u201d <a href=\"http:\/\/wmail12.movistar.es\/cp\/ps\/Mail\/ExternalURLProxy?d=telefonica.net&amp;u=nandozc&amp;url=816124299\" target=\"_blank\" rel=\"noopener noreferrer\">http:\/\/www.rebelion.org\/noticia.php?id=147883<\/a><\/p>\n","protected":false},"excerpt":{"rendered":"<p>Para Alejandro Andreassi, Jos\u00e9 Luis Mart\u00edn Ramos, Joan Tafalla y Jordi Torrent, por sus sabias y enrabietadas lecciones republicanas. El<\/p>\n","protected":false},"author":9,"featured_media":1868,"comment_status":"open","ping_status":"open","sticky":false,"template":"","format":"standard","meta":{"footnotes":""},"categories":[3],"tags":[],"class_list":["post-1867","post","type-post","status-publish","format-standard","has-post-thumbnail","hentry","category-condiciones-de-vida"],"aioseo_notices":[],"_links":{"self":[{"href":"https:\/\/espai-marx.net\/index.php?rest_route=\/wp\/v2\/posts\/1867","targetHints":{"allow":["GET"]}}],"collection":[{"href":"https:\/\/espai-marx.net\/index.php?rest_route=\/wp\/v2\/posts"}],"about":[{"href":"https:\/\/espai-marx.net\/index.php?rest_route=\/wp\/v2\/types\/post"}],"author":[{"embeddable":true,"href":"https:\/\/espai-marx.net\/index.php?rest_route=\/wp\/v2\/users\/9"}],"replies":[{"embeddable":true,"href":"https:\/\/espai-marx.net\/index.php?rest_route=%2Fwp%2Fv2%2Fcomments&post=1867"}],"version-history":[{"count":0,"href":"https:\/\/espai-marx.net\/index.php?rest_route=\/wp\/v2\/posts\/1867\/revisions"}],"wp:featuredmedia":[{"embeddable":true,"href":"https:\/\/espai-marx.net\/index.php?rest_route=\/wp\/v2\/media\/1868"}],"wp:attachment":[{"href":"https:\/\/espai-marx.net\/index.php?rest_route=%2Fwp%2Fv2%2Fmedia&parent=1867"}],"wp:term":[{"taxonomy":"category","embeddable":true,"href":"https:\/\/espai-marx.net\/index.php?rest_route=%2Fwp%2Fv2%2Fcategories&post=1867"},{"taxonomy":"post_tag","embeddable":true,"href":"https:\/\/espai-marx.net\/index.php?rest_route=%2Fwp%2Fv2%2Ftags&post=1867"}],"curies":[{"name":"wp","href":"https:\/\/api.w.org\/{rel}","templated":true}]}}