{"id":1874,"date":"2012-04-28T00:00:00","date_gmt":"2012-04-28T00:00:00","guid":{"rendered":"https:\/\/espai-marx.net\/?p=1874"},"modified":"2020-02-21T08:48:53","modified_gmt":"2020-02-21T07:48:53","slug":"el-que-hacer-de-joaquin-miras","status":"publish","type":"post","link":"https:\/\/espai-marx.net\/?p=1874","title":{"rendered":"El \u201cqu\u00e9 hacer\u201d de Joaqu\u00edn Miras"},"content":{"rendered":"<p>No necesita presentaci\u00f3n. Joaqu\u00edn Miras es, adem\u00e1s de profesor, fil\u00f3sofo, activista, escritor, historiador, una de las almas esenciales de Espai Marx y maestro admirado de muchos de nosotros. Acaba de ser entrevistado por Miguel \u00c1ngel Dom\u00e9nech para \u201cLa Caba\u00f1a de Babeuf\u201d: \u201cROJOS PENSANTES: Siete preguntas a JOAQUIN MIRAS\u201d [1]. No se pierdan la conversaci\u00f3n, es imprescindible. En serio, sin ret\u00f3rica vac\u00eda, con la verdad que gustaba a Gramsci, sin ciega pasi\u00f3n de admirador acr\u00edtico.<\/p>\n<p>Un breve ejemplo para probar que no hablo por hablar ni a calz\u00f3n bajado ni por romper un prudente silencio.<\/p>\n<p>Para Joaqu\u00edn Miras &#8216;volver a recuperar la pr\u00e1ctica pol\u00edtica desde la izquierda exige recoger como gu\u00eda esa triada de elementos [\u2026]: filosof\u00eda, actividad pol\u00edtica, vida cotidiana, que casi parece un resumen de alg\u00fan texto de Gramsci\u201d. El del cuaderno X sobre la filosof\u00eda de Benedetto Croce, tan inspiradamente hegeliano, se\u00f1ala.<\/p>\n<p>Necesitamos aprovechar la situaci\u00f3n, prosigue, \u201cpara comenzar a crear una nueva cultura de vida\u201d. \u00bfNueva cultura de vida? \u201cUn nuevo ethos, una nueva hegemon\u00eda cultural o un nuevo estado, desde ya, desde los intersticios de lo que hay\u201d.<\/p>\n<p>La pol\u00edtica, para el activista de Espai Marx, \u201cdebe interpelar a la experiencia de cada persona\u201d, a la experiencia que surge de su vida cotidiana, que debe ser interpelarla a la acci\u00f3n, esto es, \u201ca incorporarse a la lucha organizada, y debe ser capaz de proponer tareas, que deben ser asumidas directamente por cada persona\u201d, tareas que exijan la creatividad de cada uno de nosotros, que no debe obedecer \u201clas directrices en una nueva versi\u00f3n de fordismo pol\u00edtico, de cadena de producci\u00f3n pol\u00edtica cuyo puesto de mando est\u00e1 fuera de sus operarios\u201d.<\/p>\n<p>Crear una nueva cultura, insiste Miras, es el elemento fundamental y \u201cluchar contra las agresiones feroces de la clase capitalista es el asunto inmediato\u201d.<\/p>\n<p>La pol\u00edtica es aqu\u00ed \u201cel nombre que recibe la filosof\u00eda, una filosof\u00eda que sabe que la historia es el resultado no previsible\u201d, en tanto que proceso real en el que constantemente surgen \u201cnuevas y no pronosticables capacidades subjetivas y situaciones objetivas como consecuencia de la propia actividad organizada\u201d, de la praxis humana. El nombre de esta praxis que se plantea la transformaci\u00f3n del ethos hist\u00f3rico es \u201cpol\u00edtica\u201d. La filosof\u00eda que por antonomasia \u201cpugna por cambiar el modo de vivir es el filosofar praxeol\u00f3gico [2] que se denomina pol\u00edtica\u201d.<\/p>\n<p>Para Miras, una filosof\u00eda s\u00f3lo es tal, \u201cs\u00f3lo permanece en la humanidad, aunque en lo inmediato o aparente desaparezca como cuerpo de ideas\u201d, en la medida en que \u201cpasa a objetivarse en el mundo e imprime su huella en \u00e9l y lo transforma\u201d. La pol\u00edtica, en el sentido m\u00e1s noble del concepto, es \u201cla praxis que ejecuta esa tarea y modifica la sociedad y al ser humano, y hace que la \u2018historia cambie\u201d.<\/p>\n<p>Una filosof\u00eda as\u00ed, una filosof\u00eda que tiene como finalidad \u201ccrear un nuevo vivir, y que en la medida en que inspira a que cada individuo hace que este se incorpore a la praxis creativa\u201d, ya est\u00e1 generando, ya ayuda a generar de hecho ese nuevo vivir, genera \u201cnueva antropolog\u00eda\u201d, posibilita un ser humano con finalidades alternativas y con formas humanizadas, justas y razonables de ubicarse en el mundo. Por lo dem\u00e1s, \u201cuna pol\u00edtica filos\u00f3fica, en tanto que no es un proyecto creado por un estado mayor, no es un programa para ser ejecutado desde las instituciones pol\u00edtico administrativas&#8217;. El nudo cr\u00edtico de este \u00faltimo apunte respecto a cualquier versi\u00f3n de la pol\u00edtica de v\u00e9rtice o de la pol\u00edtica reducida a su arista institucional es evidente.<\/p>\n<p>Hasta aqu\u00ed s\u00f3lo el aperitivo. Mucho, mucho m\u00e1s en el men\u00fa completo, que, me permito la insistencia, es imprescindible para cualquier lector\/a de izquierdas (e incluso para un lector de derecha inteligente y documentado).<\/p>\n<p><strong>Notas:<\/strong><\/p>\n<p>[1] <a href=\"#_blank\">http:\/\/republicadelosiguales.blogspot.com.es\/2012\/04\/rojos-pensantes-siete-preguntas-joaquin.html<\/a><\/p>\n<p>[2] Joaqu\u00edn Miras es uno de los disc\u00edpulos de Sacrist\u00e1n que mejor ha iluminado su noci\u00f3n de praxeolog\u00eda.<\/p>\n<p>En \u201c\u00bfA qu\u00e9 g\u00e9nero literario pertenece El Capital de Marx?\u201d, mientras tanto 66, pp. 35-36 (ahora en Lecturas de filosof\u00eda moderna y contempor\u00e1nea, Trotta, Madrid, 2007, edici\u00f3n de Albert Domingo Curto), se\u00f1alaba Sacrist\u00e1n:<\/p>\n<p><a name=\"_GoBack\"><\/a> \u201cEl \u201cg\u00e9nero literario\u201d del Marx maduro no es la teor\u00eda en el sentido fuerte o formal que hoy tiene esa palabra. Pero tampoco es -como quer\u00eda Croce- el g\u00e9nero literario de Ricardo. Y ello porque Ricardo no se ha propuesto lo que esencialmente se propone Marx: fundamentar y formular racionalmente un proyecto de transformaci\u00f3n de la sociedad. Esta especial ocupaci\u00f3n -que acaso pudiera llamarse \u201cpraxeolog\u00eda, de fundamentaci\u00f3n cient\u00edfica de una pr\u00e1ctica- es el \u201cg\u00e9nero literario\u201d bajo el cual caen todas las obras de madurez de Marx, y hasta una gran parte de su epistolario. Por ello es in\u00fatil leer las obras de Marx como teor\u00eda pura en el sentido formal de la sistem\u00e1tica universitaria, y es in\u00fatil leerlas como si fueran puros programas de acci\u00f3n pol\u00edtica. Ni tampoco son las dos cosas \u201ca la vez\u201d, sumadas, por as\u00ed decirlo: sino que son un discurso continuo, no cortado, que va constantemente del programa a la fundamentaci\u00f3n cient\u00edfica, y viceversa\u201d.<\/p>\n<p>Es obvio, prosegu\u00eda el traductor de El Capital, \u201cdesconocerlo ser\u00eda confundir la \u201cpraxeolog\u00eda\u201d marxiana con un pragmatismo\u201d, que la ocupaci\u00f3n intelectual oblig\u00f3 a Marx \u201ca dominar y esclarecer cient\u00edficamente la mayor cantidad de material posible y, por lo tanto, que siempre ser\u00e1 una operaci\u00f3n admisible y con sentido la cr\u00edtica meramente cient\u00edfica de los elementos meramente te\u00f3ricos de la obra de Marx&#8230;\u201d Pero, advert\u00eda Sacrist\u00e1n, lo \u00fanico realmente est\u00e9ril era hacer de la obra de Marx algo que por fuerza tuviera que encasillarse en la sistem\u00e1tica intelectual acad\u00e9mica: \u201cforzar su discurso en el de la pura teor\u00eda, como hizo la interpretaci\u00f3n socialdem\u00f3crata y hacen hoy [1967] los althusserianos, o forzarlo en la pura filosof\u00eda, en la mera postulaci\u00f3n de ideales, como hacen hoy numerosos intelectuales cat\u00f3licos tan bien intencionados como unilaterales en su lectura de Marx\u201d.<\/p>\n","protected":false},"excerpt":{"rendered":"<p>No necesita presentaci\u00f3n. Joaqu\u00edn Miras es, adem\u00e1s de profesor, fil\u00f3sofo, activista, escritor, historiador, una de las almas esenciales de Espai<\/p>\n","protected":false},"author":9,"featured_media":0,"comment_status":"open","ping_status":"open","sticky":false,"template":"","format":"standard","meta":{"footnotes":""},"categories":[13],"tags":[829],"class_list":["post-1874","post","type-post","status-publish","format-standard","hentry","category-la-izquierda-a-debate","tag-joaquin-miras-albarran"],"aioseo_notices":[],"_links":{"self":[{"href":"https:\/\/espai-marx.net\/index.php?rest_route=\/wp\/v2\/posts\/1874","targetHints":{"allow":["GET"]}}],"collection":[{"href":"https:\/\/espai-marx.net\/index.php?rest_route=\/wp\/v2\/posts"}],"about":[{"href":"https:\/\/espai-marx.net\/index.php?rest_route=\/wp\/v2\/types\/post"}],"author":[{"embeddable":true,"href":"https:\/\/espai-marx.net\/index.php?rest_route=\/wp\/v2\/users\/9"}],"replies":[{"embeddable":true,"href":"https:\/\/espai-marx.net\/index.php?rest_route=%2Fwp%2Fv2%2Fcomments&post=1874"}],"version-history":[{"count":0,"href":"https:\/\/espai-marx.net\/index.php?rest_route=\/wp\/v2\/posts\/1874\/revisions"}],"wp:attachment":[{"href":"https:\/\/espai-marx.net\/index.php?rest_route=%2Fwp%2Fv2%2Fmedia&parent=1874"}],"wp:term":[{"taxonomy":"category","embeddable":true,"href":"https:\/\/espai-marx.net\/index.php?rest_route=%2Fwp%2Fv2%2Fcategories&post=1874"},{"taxonomy":"post_tag","embeddable":true,"href":"https:\/\/espai-marx.net\/index.php?rest_route=%2Fwp%2Fv2%2Ftags&post=1874"}],"curies":[{"name":"wp","href":"https:\/\/api.w.org\/{rel}","templated":true}]}}