{"id":18780,"date":"2025-11-17T05:00:17","date_gmt":"2025-11-17T04:00:17","guid":{"rendered":"https:\/\/espai-marx.net\/?p=18780"},"modified":"2025-11-16T23:02:14","modified_gmt":"2025-11-16T22:02:14","slug":"no-al-acuerdo-arancelario-entre-eeuu-y-la-ue-injusto-antisocial-y-belicista-que-no-respeta-la-soberania-democratica-de-la-ciudadania","status":"publish","type":"post","link":"https:\/\/espai-marx.net\/?p=18780","title":{"rendered":"No al acuerdo arancelario entre EEUU y la UE: injusto, antisocial y belicista que no respeta la soberan\u00eda democr\u00e1tica de la ciudadan\u00eda"},"content":{"rendered":"<p><strong>NO AL ACUERDO BELICISTA DE LA CUMBRE DE LA OTAN EN LA HAYA\u00a0<\/strong>.<\/p>\n<p><strong>Las organizaciones sociales, pol\u00edticas y las personas a t\u00edtulo individual puede adherirse a este Manifiesto que reproducimos dirigi\u00e9ndose a este correo<\/strong>: <a href=\"mailto:defenderlapaz.derechos@gmail.com\" target=\"_blank\" rel=\"noreferrer noopener\">defenderlapaz.derechos@gmail.com<\/a><\/p>\n<p>El acuerdo arancelario alcanzado entre las delegaciones de la Uni\u00f3n Europea y de Estados Unidos el pasado 21 de agosto, con la participaci\u00f3n de Ursula von der Leyen y Donald Trump, es una rendici\u00f3n a los intereses econ\u00f3micos y objetivos militares del imperialismo norteamericano que atenta contra los intereses de la ciudadan\u00eda de los pa\u00edses de la UE, significa una traici\u00f3n a su soberan\u00eda democr\u00e1tica, y agrava la espiral armament\u00edstica que amenaza la paz.<\/p>\n<p>En dicho acuerdo, las mercanc\u00edas que se exporten desde los pa\u00edses de la Uni\u00f3n Europea a los Estados Unidos deber\u00e1n pagar un tributo o arancel del 15% a Estados Unidos, mientras que las exportaciones de Estados Unidos a la UE su arancel queda en el 0%.\u00a0 Adem\u00e1s, se establecen unos compromisos \u00a0 y obligaciones que benefician enormemente a Estados Unidos y perjudican a la ciudadan\u00eda de la UE que sufrir\u00e1 importantes recortes sociales:<\/p>\n<ul class=\"wp-block-list\">\n<li>Los pa\u00edses de la Uni\u00f3n Europea deber\u00e1n comprar gas natural licuado, petr\u00f3leo y energ\u00eda nuclear a EEUU por un valor de 750.000 millones de d\u00f3lares hasta 2028, cuando existen otras opciones energ\u00e9ticas m\u00e1s baratas.<\/li>\n<li>Tambi\u00e9n, las empresas europeas deber\u00e1n invertir 600.000 millones de d\u00f3lares en sectores estrat\u00e9gicos de EE.UU. hasta 2028.<\/li>\n<li>La UE se compromete a incrementar sustancialmente la compra de equipos militares y municiones a EE.UU. Seg\u00fan declaraciones previas de representantes de EEUU el importe de dicha compra militar es de 500.000 millones de d\u00f3lares.<\/li>\n<\/ul>\n<p>Donald Trump ha hecho el gran negocio del siglo, que le servir\u00e1 para reducir los graves desequilibrios econ\u00f3micos de la enorme deuda internacional de EEUU, obtener ingresos para reducir su d\u00e9ficit fiscal o las consecuencias de las reducciones fiscales a los m\u00e1s ricos del imperio.<\/p>\n<p>Para la clase trabajadora y la mayor\u00eda social de la UE el perjuicio ser\u00e1 muy grande. tanto por el efecto de los aranceles que reducir\u00e1n las exportaciones a EEUU, como por las enormes transferencias de recursos p\u00fablicos y privados a Estados Unidos.<\/p>\n<p>El compromiso de la UE de comprar m\u00e1s armas y municiones a Estados Unidos, cuando entre 2020 y 2024 las importaciones de armamento de Estados Unidos representan el 64%, es una aut\u00e9ntica barbaridad, que despertar\u00e1 enormes inquietudes en otros pa\u00edses del mundo, agravando tensiones y conflictos. No podemos olvidar que EE.UU. entrega a Israel unos 3.100 millones de euros en ayuda militar, y concede otros 500 millones de d\u00f3lares anuales para los sistemas de defensa a\u00e9rea israel\u00ed.<\/p>\n<p>Adem\u00e1s, el rearme de la UE tiene como objetivo prepararse para la guerra contra Rusia. A ra\u00edz de los \u00faltimos acontecimientos, sobre provocaciones o supuestos errores de Rusia en el espacio a\u00e9reo de pa\u00edses vecinos no podemos justificar la posici\u00f3n de la OTAN, ni usarlo como argumento para aumentar el gasto militar de la UE. Todas las energ\u00edas pol\u00edticas deben ir dirigidas en la b\u00fasqueda de la paz entre Rusia y Ucrania, la disoluci\u00f3n de la OTAN y el desarme de todos los bloques militares.<\/p>\n<p>Este injusto, desigual y aberrante acuerdo arancelario, prosigue la senda de sumisi\u00f3n de los pa\u00edses de la UE en la OTAN a los intereses e imposiciones de Donald Trump, que en la pasada cumbre celebrada en La Haya acord\u00f3 aumentar los gastos en defensa hasta el 5% del PIB.<\/p>\n<p>Aunque el presidente del gobierno de Espa\u00f1a anunci\u00f3 que el gasto en defensa ser\u00eda del 2,1% del PIB, finalmente suscribi\u00f3 la declaraci\u00f3n final de acuerdos de la cumbre de la OTAN. Sin embargo, los datos reales del conjunto del gasto militar en Espa\u00f1a eran de 40.645 millones de euros, el 2,48% del PIB, en julio 2025; adem\u00e1s, el gobierno de Espa\u00f1a aprob\u00f3 14.538 millones de euros para adquirir nuevas armas hasta 2033 y cumplir con los objetivos aprobados en la cumbre de la OTAN. A pesar de estos datos, Trump reitera una vez tras otra la exigencia al gobierno de Espa\u00f1a de aumentar el gasto militar hasta el 5% del PIB y amenaza con nuevos aranceles sino lo cumple.<\/p>\n<p><a href=\"https:\/\/www.elsaltodiario.com\/economia\/invertir-educacion-genera-casi-triple-empleos-hacerlo-armamento\" target=\"_blank\" rel=\"noreferrer noopener\">El gobierno de Espa\u00f1a aprob\u00f3 el pasado mes de julio una inversi\u00f3n inicial de 10.471 millones en 2025 para el Plan Industrial y Tecnol\u00f3gico en Seguridad y Defensa<\/a>, que contempla fabricar veh\u00edculos de combate, artiller\u00eda, radares, nuevos aviones, etc. Ese gasto irresponsable debe eliminarse, y en su lugar, invertirse en sanidad, educaci\u00f3n, tecnolog\u00edas antiincendios, frenar la desertificaci\u00f3n o evitar desastres naturales, etc. Adem\u00e1s, invertir mil millones de euros en educaci\u00f3n crea el triple de empleo que en la industria militar.<\/p>\n<p>Es urgente y necesario detener la sumisi\u00f3n de los pa\u00edses de la Uni\u00f3n Europea a la estrategia y objetivos imperialistas de Estados Unidos bajo la presidencia de Donald Trump, que ha amenazado a la soberan\u00eda de Canad\u00e1, Groenlandia, Canal de Panam\u00e1, de M\u00e9xico, que apoya con recursos militares y econ\u00f3micos al gobierno de Israel en el genocidio contra el pueblo palestino, que bombarde\u00f3 instalaciones nucleares en Ir\u00e1n, que amenaza la soberan\u00eda de\u00a0 Venezuela, y apoya la extensi\u00f3n de la ultraderecha fascista a nivel mundial. Ultraderecha, que levanta la bandera del \u201cpatriotismo\u201d, cuando en la pr\u00e1ctica, como hace VOX, y el PP que apuesta por gobernar con la ultraderecha, apoyan servilmente los objetivos de dominaci\u00f3n econ\u00f3micos, pol\u00edticos y antisociales del imperialismo estadounidense.<\/p>\n<p>Las organizaciones sociales, c\u00edvicas y pol\u00edticas, as\u00ed como las personas que a t\u00edtulo personal suscriben este Manifiesto, exigimos al gobierno, y representantes pol\u00edticos en las diferentes instituciones adoptar las siguientes medidas:<\/p>\n<ul class=\"wp-block-list\">\n<li>Rechazar en el Parlamento Europeo el acuerdo arancelario alcanzado entre las delegaciones de la UE y de EEUU.<\/li>\n<li>Promover en el Congreso de Diputados el debate y votaci\u00f3n sobre el acuerdo arancelario, sobre las medidas de aumento del gasto militar, rearme y compra de armamento a EEUU contenidos en dicho acuerdo, y en la cumbre de la OTAN celebrada en la Haya. Con el compromiso firme de votar contra dichos acuerdos.<\/li>\n<li>Proponer en los parlamentos auton\u00f3micos y ayuntamientos mociones de rechazo al acuerdo arancelario y al aumento del gasto militar acordado en la cumbre de la OTAN.<\/li>\n<\/ul>\n<p>Llamamos a la ciudadan\u00eda, a la clase trabajadora, a movilizarse en defensa de la paz, contra el aumento del gasto militar y el rearme, hasta dejar sin aplicaci\u00f3n el pacto arancelario entre la UE y EEUU, y dejar sin efecto los acuerdos alcanzados en la cumbre de la OTAN en La Haya.<\/p>\n<p>Llamamos a la ciudadan\u00eda a movilizarse haciendo objeci\u00f3n fiscal al gasto en defensa militar armada. No queremos contribuir, no queremos ser c\u00f3mplices con nuestro dinero a estas pol\u00edticas de espiral b\u00e9lica y de sometimiento.<\/p>\n<p>Es hora de defender la soberan\u00eda democr\u00e1tica, y liberarse de las imposiciones del imperialismo estadounidense.<\/p>\n<p>Hay que defender una paz justa en donde haya conflictos armados, en especial en Palestina con el reconocimiento efectivo del estado Palestino, juzgar los cr\u00edmenes de genocidio del Netanyahu y su gobierno, y romper relaciones diplom\u00e1ticas con Israel hasta que no pare el genocidio, el bloqueo alimentario, y respete el alto el fuego y garantice la paz.<\/p>\n<p>Noviembre 2025<\/p>\n<p>Primeras organizaciones que firman el Manifiesto:<\/p>\n<p>Organizaciones, coordinadoras, campa\u00f1as, Plataformas por la Paz<\/p>\n<p>Asamblea contra el rearme y la militarizaci\u00f3n de Madrid.<\/p>\n<p>Assemblea Popular Val\u00e8ncia contra les Guerres<\/p>\n<p>Campanya unitaria contra el rearme, el belicisme i el militarisme de Catalunya<\/p>\n<p>Campanya Aturem les guerres<\/p>\n<p>Coordinaci\u00f3n estatal por la Paz y contra el rearme<\/p>\n<p>Fondo de Solidaridad Paz y Esperanza de Granada<\/p>\n<p>Granada por la Paz y el Desarme, y contra el Genocidio<\/p>\n<p>Justicia i Pau<\/p>\n<p>Mon sense guerres i sense violencia<\/p>\n<p>Paz Ahora, asociaci\u00f3n.<\/p>\n<p>Plataforma Andaluc\u00eda por la Paz, contra el rearme y la guerra.<\/p>\n<p>Plataforma de Madrid contra la OTAN y las Bases.<\/p>\n<p>Plataforma Movilizate, Defensora de Derechos Humanos\u00a0y Solidaridad\u00a0Internacional de Pa\u00eds Valenci\u00e0<\/p>\n<p>Plataforma per la Pau, contra les guerres, OTAN NO de Catalunya<\/p>\n<p>Organitzaciones c\u00edvicas y sociales<\/p>\n<p>ACAT (Acci\u00f3 dels Cristians per l\u2019Abolici\u00f3 de la Tortura)<\/p>\n<p>Alternativa Republicana Federaci\u00f3n Andaluza<\/p>\n<p>Asociaci\u00f3n Cultura y An\u00e1lisis para la Transformaci\u00f3n Social (ACATS)<\/p>\n<p>Asociaci\u00f3n de Permacultura ATTA<\/p>\n<p>Asociaci\u00f3n Ciudadanos por la Rep\u00fablica de Cuenca.<\/p>\n<p>Ateneu Transformadors<\/p>\n<p>CAT Intersindical Valenciana<\/p>\n<p>CGT Andaluc\u00eda Ceuta y Melilla<\/p>\n<p>Colectivo Prometeo<\/p>\n<p>Comissions de base co.bas<\/p>\n<p>Comunidades Cristianas Populares de Andaluc\u00eda. (CCP)<\/p>\n<p>Coordinadora de moviments socials i sindicals de Catalunya<\/p>\n<p>Encuentro Estatal por la Rep\u00fablica.<\/p>\n<p>IAC-Intersindical Alternativa de Catalunya<\/p>\n<p>Intersindical Andaluza-Confederaci\u00f3n.<\/p>\n<p>Intersindical Solidaria, Ong de solidaridad Internacionalista y de defensa de los DDHH Pais Valenci\u00e1<\/p>\n<p>Intersindical Valenciana<\/p>\n<p>Marea Blanca de Catalunya<\/p>\n<p>No M\u00e1s Precariedad<\/p>\n<p>Red Granadina por el Refugio y la Acogida. (REDGRA).<\/p>\n<p>USTEA, Uni\u00f3n de Sindicatos de Trabajadores y Trabajadores En Andaluc\u00eda.<\/p>\n<p>Organizaciones pol\u00edticas<\/p>\n<p>Alianza de la Izquierda Republicana de Espa\u00f1a (AIREs-La Izquierda)<\/p>\n<p>Alianza Verde<\/p>\n<p>Alternativa Ciudadana Progresista (ACP)<\/p>\n<p>Ecologistes en Acci\u00f3 Catalunya.<\/p>\n<p>Esquerra Unida de Catalunya<\/p>\n<p>Esquerra Unida del Pa\u00eds Valenci\u00e0 \u2013 EUPV<\/p>\n<p>Izquierda Unida Andaluc\u00eda<\/p>\n<p>IZQUIERDA UNIDA FEDERAL<\/p>\n<p>JSUC<\/p>\n<p>PARTIDO COMUNISTA DE ESPA\u00d1A<\/p>\n<p>PODEM Catalunya<\/p>\n<p>PODEMOS<\/p>\n<p>Polo de la Izquierda<\/p>\n<p>PSUC Viu<\/p>\n<p>SOCIALISMO 21<\/p>\n<p><mark class=\"has-inline-color has-vivid-red-color\">Primeras personas que a t\u00edtulo individual firman el Manifiesto:<\/mark><\/p>\n<p>Alejandro Andreassi Cieri, Profesor (jubilado) Universitat Aut\u00f2noma de Barcelona.<\/p>\n<p>F\u00e9lix Andreassi, Programador.<\/p>\n<p>Christine Arnaud, activista y profesora. Barcelona.<\/p>\n<p>Jos\u00e9 Aznar Cortijo, Abogado.<\/p>\n<p>Toni Barbar\u00e1 Molina \u2013 m\u00e9dico y activista en Marea Blanca.<\/p>\n<p>Ione Belarra, Secretaria General de Podemos y Diputada en el Congreso de los Diputados.<\/p>\n<p>Josep Bel Gallart Jubilado Marea Pensionista i co.bas.<\/p>\n<p>Luis Blanco Maldonado, sindicalista.<\/p>\n<p>Quim Boix. Secretario General UIS (Uni\u00f3n Internacional de Sindicatos) de PyJ (Pensionistas y Jubilados) de la FSM (Federaci\u00f3n Sindical Internacional).<\/p>\n<p>Arturo Borges \u00c1lamo, m\u00e9dico jubilado, militante del Partido Comunista de Canarias, miembro del Comit\u00e9 por la Paz de Tenerife, secretario de la Asociaci\u00f3n para la Defensa de la Sanidad P\u00fablica de Canarias y de la Asociaci\u00f3n Cultura y An\u00e1lisis para la Transformaci\u00f3n Social (ACATS).<\/p>\n<p>Mar\u00eda Teresa Botey Vall\u00e8s, membre de la Junta d\u2019ACAT.<\/p>\n<p>Josep Busquets Urpi. Veter\u00e0 cooperativista. Activista per la Pau i per la Autodefensa no violenta. Plataforma \u00abNo a les guerres\u00bb. Barcelona.<\/p>\n<p>Ascensi\u00f3n Cano Pardo, representante de CGT-Andalucia Ceuta y Melilla<\/p>\n<p>Rosa Ca\u00f1adell Pascual, Professora jubilada. Articulista.<\/p>\n<p>Carlos Cap\u00f3 Inglada, membre de la Junta d\u2019ACAT.<\/p>\n<p>Jos\u00e9 Luis Centella. Presidente del Partido Comunista de Espa\u00f1a.<\/p>\n<p>Emili Chalaux Ferrer, membre de la Junta d\u2019ACAT.<\/p>\n<p>Ar\u00f3n Cohen. Catedr\u00e1tico de Universidad (jubilado)<\/p>\n<p>Jose Coy. Activista social de Murcia.<\/p>\n<p>Celes de la Cruz, activista.<\/p>\n<p>Cecilia Denis, argentina soberana.<\/p>\n<p>Eva M\u00aa Dur\u00e1n Blanco. Docente.<\/p>\n<p>Montserrat Fenosa Chocl\u00e1n, membre de la Junta d\u2019ACAT.<\/p>\n<p>Xavier Garc\u00eda Fern\u00e1ndez. Profesor secundaria. Membre Comit\u00e9 Central PCE-PSUC Viu.<\/p>\n<p>Miguel Angel Ferris Gil, profesor actualmente en la Sorbonne en Par\u00eds.<\/p>\n<p>Ram\u00f3n Franquesa Art\u00e9s, activista de COESPE.<\/p>\n<p>Adriana Haydee Golia Albade, presidenta de la Asociaci\u00f3n de Permacultura ATTA<\/p>\n<p>Vanesa Garc\u00eda, portavoza del GT de feminismo de PODEMOS estatal.<\/p>\n<p>Rub\u00e9n G\u00f3mez Garral\u00f3n.\u00a0 Delegado sindical de USTEA.<\/p>\n<p>Jordi G\u00f3mez L\u00f3pez, activista Marea Pensionista y de PODEM.<\/p>\n<p>Pilar G\u00f3mez Mu\u00f1oz.<\/p>\n<p>Jos\u00e9 Gonz\u00e1lez.<\/p>\n<p>Luis Gonz\u00e1lez Mar\u00edn \u2013 inform\u00e1tico em\u00e9rito.<\/p>\n<p>Jos\u00e9 Luis Gordillo, profesor de filosof\u00eda del derecho de la UB e investigador del Centro Del\u00e0s de estudios por la paz.<\/p>\n<p>Pedro Jim\u00e9nez Mu\u00f1oz. Miembro de la coordinadora de Marea Pensionista de Catalunya por el Prat de Llobregat, y secretario comunicaci\u00f3n memorial democr\u00e1tica trabajadores\/as de SEAT.<\/p>\n<p>Alcides Lesmes Bulla, Defensor de Derechos Humanos.<\/p>\n<p>Encarnaci\u00f3n L\u00f3pez Gil, miembro de la Comisi\u00f3n Republicana de Catalu\u00f1a<\/p>\n<p>Oriol Llobet Ribas, membre de la Junta d\u2019ACAT.<\/p>\n<p>Ignasi Llorens Caralt, membre de la Junta d\u2019ACAT.<\/p>\n<p>Mar\u00eda Maffioli, activista social.<\/p>\n<p>Javier Mar\u00edn V\u00e1zquez. Secretario General de AIRES.<\/p>\n<p>Montserrat Mart\u00ednez Deschamps, membre de la Junta d\u2019ACAT.<\/p>\n<p>Carlos Mart\u00ednez Garc\u00eda, polit\u00f3logo Granada.<\/p>\n<p>Vicent Mauri Genov\u00e9s, pensionista i activista social.<\/p>\n<p>Miguel Medina Fern\u00e1ndez-Aceytuno, representante de ACATS.<\/p>\n<p>Joan Mestres Gim\u00e9nez, activista social.<\/p>\n<p>Antonio Monta\u00f1a V\u00e0zquez, Jubilado.<\/p>\n<p>Irene Montero, eurodiputada de PODEMOS.<\/p>\n<p>Felix Montero Rodas, militante y activista en Podemos, Insumisas contra el rearme y movimiento Vecinal AV Fontarron.<\/p>\n<p>Pedro Montes Fern\u00e1ndez, Economista.<\/p>\n<p>Paco Morote, activista por el derecho a la vivienda.<\/p>\n<p>Celes Navarro Amor\u00f3s, publicista y\u00a0Activista social<\/p>\n<p>Pere Ortega Grasa. Investigador por la paz.<\/p>\n<p>Mar\u00eda Luisa P\u00e9rez Cabria.<\/p>\n<p>Mar\u00eda Teresa P\u00e9rez D\u00edaz, secretaria internacional de Podemos (ex diputada)<\/p>\n<p>Francisco Jos\u00e9 P\u00e9rez Esteban. Responsable de Pol\u00edtica Internacional\u00a0de Izquierda Unida Federal.<\/p>\n<p>Luis Poveda Amor.\u00a0 Militante de EUPV.<\/p>\n<p>Mar\u00eda Pozuelo Castro.<\/p>\n<p>Diego Rela\u00f1o Castillo, activista social.<\/p>\n<p>V\u00edctor R\u00edos. Historiador.<\/p>\n<p>Julio Rodr\u00edguez Bueno. Profesor de Historia bachillerato y secundaria. Presidente federal ONG \u00abPaz Ahora\u00bb<\/p>\n<p>Carlos Rosetti Manacorda, m\u00e9dico y activista social.<\/p>\n<p>Dominique Salom\u00f3n Feifer, activista de La Asociaci\u00f3n Catalana de Jud\u00edos y Palestinos (JUNTS) y tambi\u00e9n de Podemos.<\/p>\n<p>Irene Sanrroque Mu\u00f1oz, jubilada, responsable \u00e1rea feminista de Esquerra Unida del Pa\u00eds Valencia (EUPV)<\/p>\n<p>Fernando Daniel Saz Corcho \u00abTopo\u00bb. Militante, ex presidente y ex coordinador de Ecologistes en Acci\u00f3 Catalunya.<\/p>\n<p>M. Gabriela Serra Frediani.<\/p>\n<p>Vicente Serrano. Director de la revista CR\u00d3NICA POL\u00cdTICA<\/p>\n<p>Lynn Strother. Activista<\/p>\n<p>Diosdado Toledano Gonz\u00e1lez. Activista social.<\/p>\n<p>Francisco J Trevi\u00f1o Carrillo, inform\u00e1tico de sistemas.<\/p>\n<p>Francesc Tubau Subir\u00e0, activista social.<\/p>\n<p>Iv\u00e1n \u00dabeda Pe\u00f1a, Secretar\u00eda Organizaci\u00f3n Alternativa Republicana Federaci\u00f3n Andaluza.<\/p>\n<p>Josepa Viader Puga, membre de la Junta d\u2019ACAT.<\/p>\n","protected":false},"excerpt":{"rendered":"<p>NO AL ACUERDO BELICISTA DE LA CUMBRE DE LA OTAN EN LA HAYA\u00a0. Las organizaciones sociales, pol\u00edticas y las personas<\/p>\n","protected":false},"author":5,"featured_media":18781,"comment_status":"open","ping_status":"open","sticky":false,"template":"","format":"standard","meta":{"footnotes":""},"categories":[31,41],"tags":[],"class_list":["post-18780","post","type-post","status-publish","format-standard","has-post-thumbnail","hentry","category-eeuu","category-europa"],"aioseo_notices":[],"_links":{"self":[{"href":"https:\/\/espai-marx.net\/index.php?rest_route=\/wp\/v2\/posts\/18780","targetHints":{"allow":["GET"]}}],"collection":[{"href":"https:\/\/espai-marx.net\/index.php?rest_route=\/wp\/v2\/posts"}],"about":[{"href":"https:\/\/espai-marx.net\/index.php?rest_route=\/wp\/v2\/types\/post"}],"author":[{"embeddable":true,"href":"https:\/\/espai-marx.net\/index.php?rest_route=\/wp\/v2\/users\/5"}],"replies":[{"embeddable":true,"href":"https:\/\/espai-marx.net\/index.php?rest_route=%2Fwp%2Fv2%2Fcomments&post=18780"}],"version-history":[{"count":1,"href":"https:\/\/espai-marx.net\/index.php?rest_route=\/wp\/v2\/posts\/18780\/revisions"}],"predecessor-version":[{"id":18782,"href":"https:\/\/espai-marx.net\/index.php?rest_route=\/wp\/v2\/posts\/18780\/revisions\/18782"}],"wp:featuredmedia":[{"embeddable":true,"href":"https:\/\/espai-marx.net\/index.php?rest_route=\/wp\/v2\/media\/18781"}],"wp:attachment":[{"href":"https:\/\/espai-marx.net\/index.php?rest_route=%2Fwp%2Fv2%2Fmedia&parent=18780"}],"wp:term":[{"taxonomy":"category","embeddable":true,"href":"https:\/\/espai-marx.net\/index.php?rest_route=%2Fwp%2Fv2%2Fcategories&post=18780"},{"taxonomy":"post_tag","embeddable":true,"href":"https:\/\/espai-marx.net\/index.php?rest_route=%2Fwp%2Fv2%2Ftags&post=18780"}],"curies":[{"name":"wp","href":"https:\/\/api.w.org\/{rel}","templated":true}]}}