{"id":18817,"date":"2025-11-26T05:00:03","date_gmt":"2025-11-26T04:00:03","guid":{"rendered":"https:\/\/espai-marx.net\/?p=18817"},"modified":"2025-11-24T17:02:55","modified_gmt":"2025-11-24T16:02:55","slug":"seminario-jordi-torrent-bestit-el-lukacs-tardio-21a-sesion-20-11-2025","status":"publish","type":"post","link":"https:\/\/espai-marx.net\/?p=18817","title":{"rendered":"Seminario \u00abJordi Torrent Bestit\u00bb: El Luk\u00e1cs tard\u00edo. 21\u00aa sesi\u00f3n (20\/11\/2025)"},"content":{"rendered":"<p>Por motivos t\u00e9cnicos, la vig\u00e9sima sesi\u00f3n no pudo ser grabada. Seguimos, por tanto con la vig\u00e9simo primera.<\/p>\n<p>El <b>31 de octubre de 2024 <\/b>nuestra asociaci\u00f3n EspaiMarx inici\u00f3 un nuevo seminario de lectura de textos. \u00c9ste ser\u00e1 el trig\u00e9simo cuarto curso de seminarios, que comenzaron en 1988\/1989.<\/p>\n<div>Nos estamos adentrando en el pensamiento de <b>G. Luk\u00e1cs.<\/b><\/div>\n<div><\/div>\n<div>Decidimos empezar por el texto de una conferencia no pronunciada, y que constituye una presentaci\u00f3n-resumen de la Ontolog\u00eda de Luk\u00e1cs: <b><em>Los fundamentos ontol\u00f3gicos del pensamiento y la acci\u00f3n humanos<\/em>. <\/b>A continuaci\u00f3n hemos seguido trabajando la lectura de las famosas <b><em>Conversaciones con Luk\u00e1cs<\/em>. <\/b>La serie de entrevistas realizadas por Holz, Kofler y Abendroth. Ahora estamos empezando a trabajar <em>El hombre y la democracia<\/em>.<\/div>\n<p>La forma de proceder es leer anticipadamente unas 20 o 25 p\u00e1ginas de texto, que posteriormente son rele\u00eddas y comentadas en una puesta en com\u00fan, que dirige un monitor.<\/p>\n<p>Quien desee participar puede dirigirse a Espaimarx en la direcci\u00f3n de correo contacto@espai-marx.net o a los diversos miembros de la asociaci\u00f3n, para pedir que se le incluya en la lista de personas a conectar en la sesi\u00f3n de Zoom. En cualquier caso, la grabaci\u00f3n del seminario ser\u00e1 publicada posteriormente en la web de Espaimarx.<\/p>\n<p>Todas las sesiones y los enlaces a los materiales se encontrar\u00e1n en nuestra secci\u00f3n <a href=\"https:\/\/www.espai-marx.net\/academia\/index.php\/curso\/seminario-jordi-torrent-bestit-el-lukacs-tardio\/\">Academia<\/a>.<\/p>\n<p><strong>Audio de la sesi\u00f3n<\/strong><\/p>\n<audio class=\"wp-audio-shortcode\" id=\"audio-18817-1\" preload=\"none\" style=\"width: 100%;\" controls=\"controls\"><source type=\"audio\/mpeg\" src=\"http:\/\/www.espai-marx.net\/academia\/wp-content\/uploads\/2025\/11\/Seminario-Lukacs-GMT20251120.mp3?_=1\" \/><a href=\"http:\/\/www.espai-marx.net\/academia\/wp-content\/uploads\/2025\/11\/Seminario-Lukacs-GMT20251120.mp3\">http:\/\/www.espai-marx.net\/academia\/wp-content\/uploads\/2025\/11\/Seminario-Lukacs-GMT20251120.mp3<\/a><\/audio>\n<p><strong>V\u00edd<\/strong><strong>eo de la sesi\u00f3n<\/strong><\/p>\n<p><iframe loading=\"lazy\" title=\"Seminario El Luk\u00e1cs tard\u00edo. 21\u00aa sesi\u00f3n (20\/11\/2025)\" width=\"800\" height=\"450\" src=\"https:\/\/www.youtube.com\/embed\/SR1hLd6VHnA?feature=oembed\" frameborder=\"0\" allow=\"accelerometer; autoplay; clipboard-write; encrypted-media; gyroscope; picture-in-picture; web-share\" referrerpolicy=\"strict-origin-when-cross-origin\" allowfullscreen><\/iframe><\/p>\n<p><strong>Texto trabajado<\/strong><\/p>\n<blockquote class=\"wp-embedded-content\" data-secret=\"cBt14WxZ3M\"><p><a href=\"https:\/\/espai-marx.net\/elsarbres\/review\/el-hombre-y-la-democracia-georg-lukacs\/\">El hombre y la democracia &#8211; Georg Luk\u00e1cs<\/a><\/p><\/blockquote>\n<p><iframe loading=\"lazy\" class=\"wp-embedded-content\" sandbox=\"allow-scripts\" security=\"restricted\" style=\"position: absolute; visibility: hidden;\" title=\"\u00abEl hombre y la democracia &#8211; Georg Luk\u00e1cs\u00bb \u2014 Els arbres de Fahrenheit: biblioteca virtual\" src=\"https:\/\/espai-marx.net\/elsarbres\/review\/el-hombre-y-la-democracia-georg-lukacs\/embed\/#?secret=gdjmiFaUCo#?secret=cBt14WxZ3M\" data-secret=\"cBt14WxZ3M\" width=\"600\" height=\"338\" frameborder=\"0\" marginwidth=\"0\" marginheight=\"0\" scrolling=\"no\"><\/iframe><\/p>\n","protected":false},"excerpt":{"rendered":"<p>Por motivos t\u00e9cnicos, la vig\u00e9sima sesi\u00f3n no pudo ser grabada. Seguimos, por tanto con la vig\u00e9simo primera. El 31 de<\/p>\n","protected":false},"author":5,"featured_media":16552,"comment_status":"open","ping_status":"open","sticky":false,"template":"","format":"standard","meta":{"footnotes":""},"categories":[2184,8,1547,870,1548,869],"tags":[],"class_list":["post-18817","post","type-post","status-publish","format-standard","has-post-thumbnail","hentry","category-el-lukacs-tardio-2024","category-filosofia","category-georg-lukacs","category-multimedia","category-politica","category-seminarios"],"aioseo_notices":[],"_links":{"self":[{"href":"https:\/\/espai-marx.net\/index.php?rest_route=\/wp\/v2\/posts\/18817","targetHints":{"allow":["GET"]}}],"collection":[{"href":"https:\/\/espai-marx.net\/index.php?rest_route=\/wp\/v2\/posts"}],"about":[{"href":"https:\/\/espai-marx.net\/index.php?rest_route=\/wp\/v2\/types\/post"}],"author":[{"embeddable":true,"href":"https:\/\/espai-marx.net\/index.php?rest_route=\/wp\/v2\/users\/5"}],"replies":[{"embeddable":true,"href":"https:\/\/espai-marx.net\/index.php?rest_route=%2Fwp%2Fv2%2Fcomments&post=18817"}],"version-history":[{"count":1,"href":"https:\/\/espai-marx.net\/index.php?rest_route=\/wp\/v2\/posts\/18817\/revisions"}],"predecessor-version":[{"id":18819,"href":"https:\/\/espai-marx.net\/index.php?rest_route=\/wp\/v2\/posts\/18817\/revisions\/18819"}],"wp:featuredmedia":[{"embeddable":true,"href":"https:\/\/espai-marx.net\/index.php?rest_route=\/wp\/v2\/media\/16552"}],"wp:attachment":[{"href":"https:\/\/espai-marx.net\/index.php?rest_route=%2Fwp%2Fv2%2Fmedia&parent=18817"}],"wp:term":[{"taxonomy":"category","embeddable":true,"href":"https:\/\/espai-marx.net\/index.php?rest_route=%2Fwp%2Fv2%2Fcategories&post=18817"},{"taxonomy":"post_tag","embeddable":true,"href":"https:\/\/espai-marx.net\/index.php?rest_route=%2Fwp%2Fv2%2Ftags&post=18817"}],"curies":[{"name":"wp","href":"https:\/\/api.w.org\/{rel}","templated":true}]}}