{"id":18859,"date":"2025-12-04T05:00:04","date_gmt":"2025-12-04T04:00:04","guid":{"rendered":"https:\/\/espai-marx.net\/?p=18859"},"modified":"2025-12-01T19:20:10","modified_gmt":"2025-12-01T18:20:10","slug":"el-caos-climatico-ya-esta-aqui-iran-plantea-trasladar-su-capital-e-islandia-ve-amenazada-su-existencia","status":"publish","type":"post","link":"https:\/\/espai-marx.net\/?p=18859","title":{"rendered":"El caos clim\u00e1tico ya est\u00e1 aqu\u00ed: Ir\u00e1n plantea trasladar su capital e Islandia ve amenazada su existencia"},"content":{"rendered":"<p><strong>Sin un horizonte pol\u00edtico de eliminaci\u00f3n de los combustibles f\u00f3siles y con un objetivo de +1,5\u00baC muerto, los cient\u00edficos clim\u00e1ticos piden una adaptaci\u00f3n social ya no s\u00f3lo a los fen\u00f3menos extremos, sino tambi\u00e9n a los \u00abpuntos de inflexi\u00f3n\u00bb, la posible desestabilizaci\u00f3n de los grandes sistemas que regulan el clima global. Islandia ha dado el primer paso.<\/strong><\/p>\n<div class=\"col-contenido med\">\n<div class=\"container\">\n<div class=\"row\">\n<div class=\"col-md-9\">\n<div class=\"contenido\">\n<div id=\"contenido-principal-articulo\" class=\"articulo-texto-contenido\">\n<p>Eclipsado por la <a href=\"https:\/\/www.elsaltodiario.com\/cop30\" target=\"_blank\" rel=\"noopener\">COP30<\/a>, el anuncio de Islandia pas\u00f3 bastante desapercibido, con muy poca atenci\u00f3n pol\u00edtica y medi\u00e1tica. Su ministro de Medio Ambiente, Energ\u00eda y Clima confirm\u00f3 que el posible colapso de la AMOC, una de las corrientes oce\u00e1nicas fundamentales en la regulaci\u00f3n del clima global, ya es una <a href=\"https:\/\/www.20minutos.es\/ciencia\/islandia-declara-corriente-oceanica-amoc-riesgo-para-seguridad-nacional_6900502_0.html\" target=\"_blank\" rel=\"noopener\">\u00abamenaza existencial\u00bb<\/a> para el pa\u00eds, por lo que a partir de ahora este riesgo ser\u00e1 abordado como un \u00abasunto de seguridad nacional\u00bb. \u00abEsta es la primera vez que un fen\u00f3meno espec\u00edfico relacionado con el clima se presenta formalmente ante el Consejo de Seguridad Nacional como una posible amenaza existencial\u00bb, admiti\u00f3 a la prensa local.<\/p>\n<p>El gobierno, liderado por el partido progresista, ha empezado a evaluar qu\u00e9 investigaciones son necesarias para enfrentar esta amenaza y cu\u00e1les son las pol\u00edticas de preparaci\u00f3n ante desastres que exige la nueva realidad clim\u00e1tica. \u00abNuestra resiliencia est\u00e1 en juego\u00bb, admiti\u00f3 el ministro Johann Pall Johannsson al realizar este anuncio. Su cartera ha elaborado un <a href=\"https:\/\/www.stjornarradid.is\/library\/03-Verkefni\/Almannaoryggi\/Thjodaroryggismal\/Thjodroryggi-Islendingar_og_hafid-Samantekt_fra_r%C3%A1%C3%B0stefnu.pdf\"><u>documento<\/u><\/a> con las consecuencias e impactos de la detenci\u00f3n de la Circulaci\u00f3n de Retorno Meridional del Atl\u00e1ntico (o AMOC, por sus siglas en ingl\u00e9s), que, seg\u00fan todas las evidencias cient\u00edficas, se est\u00e1 ralentizando por el calentamiento del planeta.<\/p>\n<p>\u00abEsto podr\u00eda significar un enfriamiento local significativo en Islandia y en el norte de Europa, lo que amenazar\u00eda nuestras condiciones de vida, mientras que la mayor parte del planeta se calentar\u00eda mucho. Por supuesto, hay gran incertidumbre sobre cu\u00e1n probable es que se materialice un escenario de este tipo, pero ciertamente ser\u00eda una amenaza muy seria para nosotros los islandeses\u00bb, se se\u00f1ala en este informe interno.<\/p>\n<p>\u00bfQu\u00e9 se sabe sobre el posible colapso de la AMOC? <a href=\"https:\/\/climatica.coop\/stefan-rahmstorf-charla-amoc-uam\/\" target=\"_blank\" rel=\"noopener\">Stefan Rahmstorf<\/a>, prestigioso ocean\u00f3grafo y climat\u00f3logo alem\u00e1n, uno de los cient\u00edficos que m\u00e1s ha estudiado el estado y proyecci\u00f3n de esta corriente oce\u00e1nica, explica que su debilitamiento es una \u00abevidencia irrefutable\u00bb y su posible colapso, \u00abuna posibilidad\u00bb no tan lejana.<\/p>\n<p>Rahmstorf brind\u00f3 en mayo una clase magistral sobre este tema en la Universidad Aut\u00f3noma de Madrid (IFIMAC-UAM). \u00abMi conclusi\u00f3n es que la AMOC se est\u00e1 debilitando, que es un punto de inflexi\u00f3n del sistema clim\u00e1tico que no sabemos cu\u00e1ndo colapsar\u00e1, pero que los \u00faltimos estudios nos dicen que puede ocurrir en este siglo\u00bb, resumi\u00f3 en aquella exposici\u00f3n.<\/p>\n<p>De ocurrir este colapso, el norte de Europa sufrir\u00eda un fuerte enfriamiento, mientras que otras regiones del planeta, incluido el sur del continente (Espa\u00f1a), agudizar\u00edan su calentamiento: \u00abPero creo que lo que est\u00e1 relativamente claro es que, en general, el norte de Europa tender\u00e1 a enfriarse. Y el sur de Europa se calentar\u00e1, lo que significa que la brecha de temperatura en toda Europa ser\u00e1 mucho mayor\u00bb.<\/p>\n<p>Lo que es seguro \u2014dijo el cient\u00edfico en su visita a Madrid\u2014 es que un colapso de esta corriente \u00abconducir\u00e1 a fen\u00f3menos meteorol\u00f3gicos extremos sin precedentes en Europa\u00bb, con impactos devastadores en la cadena alimentaria, sobre todo en la agricultura y la ganader\u00eda.<\/p>\n<h3><strong>El debilitamiento de la AMOC<\/strong><\/h3>\n<p>Este sistema de corrientes es determinante para el clima porque, b\u00e1sicamente, transporta eficazmente calor y sal (nutrientes) a trav\u00e9s del oc\u00e9ano global. \u00abSe trata de un factor importante en el cambio clim\u00e1tico pasado y muy probablemente futuro\u00bb, explica Rahmstorf.<\/p>\n<p>La AMOC pas\u00f3 de un estado muy d\u00e9bil al actual con el fin de la \u00faltima glaciaci\u00f3n, hace 12.000 a\u00f1os. La expansi\u00f3n y el desarrollo del ser humano se debe, en parte, a la reactivaci\u00f3n de esta corriente.<\/p>\n<p>Una evidencia del debilitamiento que est\u00e1 sufriendo esta corriente es la \u00fanica <a href=\"https:\/\/www.eltiempo.es\/noticias\/la-mancha-fria-del-atlantico-debido-a-una-amoc-mas-debil\" target=\"_blank\" rel=\"noopener\">\u00abmancha fr\u00eda\u00bb<\/a> que existe hoy en un mapa mundial que no ha parado de calentarse en las \u00faltimas d\u00e9cadas. Mientras las costas de Norteam\u00e9rica sufren un calentamiento excesivo, una franja que se extiende desde sur de Groenlandia e Islandia hasta aproximadamente la latitud del norte de la pen\u00ednsula ib\u00e9rica, frente a las costa canadiense, no para de enfriarse.<\/p>\n<p>\u00bfCu\u00e1l es la explicaci\u00f3n? Debido a su debilitamiento, la AMOC est\u00e1 trayendo menos calor al Atl\u00e1ntico norte. El cient\u00edfico ha explicado que la principal causa de esta desaceleraci\u00f3n, en torno al 15% en la actualidad, es por el aumento de precipitaciones en partes de esta regi\u00f3n y el deshielo en Groenlandia y el \u00c1rtico. El agua dulce reduce la salinidad \u2014la densidad del agua\u2014 en la superficie del oc\u00e9ano. Esto significa que una menor cantidad de agua superficial se hunde, lo que ralentiza el flujo de la corriente. \u00abLa salinidad superficial del mar m\u00e1s baja en menos de 20 a\u00f1os es otro fuerte indicio de la desaceleraci\u00f3n del AMOC. Nada sucede dr\u00e1sticamente de inmediato. Lo que sabemos es que la AMOC est\u00e1 condenada y morir\u00e1 lentamente\u00bb, sentencia Rahmstorf.<\/p>\n<h3><strong>La preocupaci\u00f3n cient\u00edfica tras la COP30<\/strong><\/h3>\n<p>Con el (nuevo) <a href=\"https:\/\/www.elsaltodiario.com\/cop30\/presion-paises-petroleros-fracaso-cumbre-clima-omite-combustibles-fosiles\" target=\"_blank\" rel=\"noopener\">triunfo del capital f\u00f3sil<\/a> en la cumbre del clima en Bel\u00e9m \u2014una declaraci\u00f3n sin ninguna menci\u00f3n a la eliminaci\u00f3n de los combustibles que est\u00e1n calentando el planeta\u2014, Johan Rockstr\u00f6m, director del Instituto de Potsdam, y James Dyke, director adjunto del Instituto de Sistemas Globales de la Universidad de Exeter, otros dos cient\u00edficos de prestigio internacional, escribieron un <a href=\"https:\/\/theconversation.com\/the-world-lost-the-climate-gamble-now-it-faces-a-dangerous-new-reality-270392?s=09\"><u>art\u00edculo<\/u><\/a> titulado \u00abEl mundo perdi\u00f3 la apuesta clim\u00e1tica: ahora se enfrenta a una nueva y peligrosa realidad\u00bb.<\/p>\n<p>Con la meta de limitar el calentamiento global medio a 1,5\u00baC sobre los niveles preindutriales muerta, los fen\u00f3menos clim\u00e1ticos extremos que ya estamos experimentando, como sequ\u00edas, inundaciones, incendios y olas de calor, aumentar\u00e1n en n\u00famero y gravedad. La adaptaci\u00f3n a estos eventos es hoy un eje central de las pol\u00edticas clim\u00e1ticas de todos los pa\u00edses.<\/p>\n<p>Sin embargo, la \u00abnueva realidad\u00bb conlleva otro peligro: los puntos de inflexi\u00f3n de los grandes sistemas reguladores de la Tierra, como la AMOC, la selva amaz\u00f3nica y las capas de hielo de Groenlandia y la Ant\u00e1rtida Occidental, entre otros. \u00abEsto se traduce en riesgos existenciales para miles de millones de personas. No en un futuro lejano, sino en los pr\u00f3ximos a\u00f1os, en caso de eventos extremos, y en d\u00e9cadas, en caso de puntos de inflexi\u00f3n\u00bb, alertan estos dos investigadores.<\/p>\n<p>Este \u00abcambio ambiental\u00bb y sus correspondientes retroalimentaciones \u2014la desaparici\u00f3n acelerada de las selvas tropicales liberar\u00eda miles de millones de toneladas de di\u00f3xido de carbono y elevar\u00eda a\u00fan m\u00e1s las temperaturas\u2014 exigir\u00e1 una adaptaci\u00f3n dr\u00e1stica y radical, aunque no exenta de mucho sufrimiento. Islandia, ya prepar\u00e1ndose para un posible colapso de la AMOC, est\u00e1 mostrando el camino.<\/p>\n<p>Este escenario de <a href=\"https:\/\/www.stockholmresilience.org\/research\/research-news\/2018-08-06-planet-at-risk-of-heading-towards-hothouse-earth-state.html\"><u>\u00abTierra invernadero\u00bb,<\/u><\/a> t\u00e9rmino que han bautizado estos cient\u00edficos para describir un mundo desestabilizado por completo, todav\u00eda es evitable. Eso s\u00ed, requiere una acci\u00f3n inmediata a escala global, una hoja de ruta que, tal como ha quedado reflejado en la COP30, el capitalismo no est\u00e1 dispuesto a poner en pr\u00e1ctica. \u00abLa magnitud del sufrimiento a\u00fan depende en gran medida de nosotros\u00bb, concluyen Rockstr\u00f6m y Dyke.<\/p>\n<h3><strong>El pa\u00eds f\u00f3sil que ya sufre el caos clim\u00e1tico<\/strong><\/h3>\n<p>En Teher\u00e1n, capital de Ir\u00e1n, el sufrimiento clim\u00e1tico ya est\u00e1 ocurriendo. La ciudad padece una sequ\u00eda casi cr\u00f3nica, de las peores que se recuerden. La falta de lluvias \u2014cinco a\u00f1os sin precipitaciones\u2014 no s\u00f3lo est\u00e1 arruinando a la agricultura y provocando una crisis alimentaria. Est\u00e1 generando una cat\u00e1strofe humanitaria de tal envergadura que llev\u00f3 al presidente del pa\u00eds, Masoud Pezeshkian, a analizar la evacuaci\u00f3n de esta metr\u00f3polis.<\/p>\n<p>Descartada esta medida \u2014el desplazamiento de 10 millones de personas\u2014, el mandatario quiere que Teher\u00e1n deje de ser la capital. La intenci\u00f3n es que la regi\u00f3n costera meridional de Makran asuma este papel, lo que podr\u00eda \u00abaliviar la sobrepoblaci\u00f3n, la escasez de energ\u00eda y el estr\u00e9s h\u00eddrico de Teher\u00e1n\u00bb, seg\u00fan ha explicado Pezeshkian,<\/p>\n<p>La \u00abcat\u00e1strofe ambiental\u00bb ya est\u00e1 ocurriendo, ha lamentado el presidente. El terreno de Teher\u00e1n se hunde y el suministro de agua disminuye cada d\u00eda. Ante esta situaci\u00f3n, Pezeshkian ha pedido la colaboraci\u00f3n de todos los partidos pol\u00edticos para evitar un \u00abfuturo sombr\u00edo\u00bb. \u00abProteger el medio ambiente no es broma. Ignorarlo puede ser la causa de nuestra propia destrucci\u00f3n\u00bb.<\/p>\n<p>Ir\u00e1n lleva cinco a\u00f1os sufriendo una sequ\u00eda extrema por el aumento de las temperaturas. El oto\u00f1o suele ser lluvioso, pero en estos meses no ha ca\u00eddo ni una gota de lluvia en Teher\u00e1n. Las precipitaciones en la capital han alcanzado en 2025 su nivel m\u00e1s bajo en un siglo.<\/p>\n<p>La principal presa, ubicada en el r\u00edo Karaj, uno de los cinco embalses que abastecen a la capital, se est\u00e1 secando. Seg\u00fan las autoridades locales, s\u00f3lo contiene 14 millones de metros c\u00fabicos, una cifra cr\u00edtica. Durante el mismo periodo del a\u00f1o pasado, el embalse conten\u00eda 86 millones de metros c\u00fabicos. Ahora solo tiene suficiente para mantener el suministro a la regi\u00f3n de Teher\u00e1n durante menos de dos semanas.<\/p>\n<p>\u00abHay muchos factores que han dejado a la ciudad sin preparaci\u00f3n para la sequ\u00eda actual, entre ellos el crecimiento de la poblaci\u00f3n, la mala gesti\u00f3n del agua y las sanciones, pero el r\u00e1pido calentamiento del clima s\u00f3lo agrava sus problemas\u00bb, explica Robert Rohde, cient\u00edfico de Berkeley Earth. Su <a href=\"https:\/\/x.com\/RARohde\/status\/1992749917438136368?t=pH152l6tE1NCoPH3vDZ6ig&amp;s=08\"><u>tuit <\/u><\/a>lleva una gr\u00e1fica con el aumento de temperatura de Ir\u00e1n, que ya supera los 2\u00baC respecto a la \u00e9poca preindustrial.<\/p>\n<p>En su \u00faltima declaraci\u00f3n p\u00fablica, el presidente reconoci\u00f3 que si la sequ\u00eda se prolonga m\u00e1s all\u00e1 de fin de a\u00f1o, habr\u00e1 que \u00abracionar el agua\u00bb en Teher\u00e1n, una medida que puede ser insuficiente. \u00abIncluso si la racionamos y sigue sin llover para entonces, nos quedaremos sin agua\u00bb. Mientras Pezeshkian lanzaba esta advertencia, Shina Ansari, su vicepresidenta, acordaba desde Bel\u00e9m, junto a otros pa\u00edses petroleros, una estrategia de boicot a la eliminaci\u00f3n gradual de los combustibles f\u00f3siles.<\/p>\n<p>Fuente: El Salto, 28 de noviembre de 2025 (<a href=\"https:\/\/www.elsaltodiario.com\/cambio-climatico\/caos-iran-trasladar-capital-islandia-amenazada-existencia\">https:\/\/www.elsaltodiario.com\/cambio-climatico\/caos-iran-trasladar-capital-islandia-amenazada-existencia<\/a>)<\/p>\n<\/div>\n<\/div>\n<\/div>\n<\/div>\n<\/div>\n<\/div>\n","protected":false},"excerpt":{"rendered":"<p>Sin un horizonte pol\u00edtico de eliminaci\u00f3n de los combustibles f\u00f3siles y con un objetivo de +1,5\u00baC muerto, los cient\u00edficos clim\u00e1ticos<\/p>\n","protected":false},"author":5,"featured_media":18860,"comment_status":"open","ping_status":"open","sticky":false,"template":"","format":"standard","meta":{"footnotes":""},"categories":[1564],"tags":[],"class_list":["post-18859","post","type-post","status-publish","format-standard","has-post-thumbnail","hentry","category-crisis-ecologica"],"aioseo_notices":[],"_links":{"self":[{"href":"https:\/\/espai-marx.net\/index.php?rest_route=\/wp\/v2\/posts\/18859","targetHints":{"allow":["GET"]}}],"collection":[{"href":"https:\/\/espai-marx.net\/index.php?rest_route=\/wp\/v2\/posts"}],"about":[{"href":"https:\/\/espai-marx.net\/index.php?rest_route=\/wp\/v2\/types\/post"}],"author":[{"embeddable":true,"href":"https:\/\/espai-marx.net\/index.php?rest_route=\/wp\/v2\/users\/5"}],"replies":[{"embeddable":true,"href":"https:\/\/espai-marx.net\/index.php?rest_route=%2Fwp%2Fv2%2Fcomments&post=18859"}],"version-history":[{"count":1,"href":"https:\/\/espai-marx.net\/index.php?rest_route=\/wp\/v2\/posts\/18859\/revisions"}],"predecessor-version":[{"id":18861,"href":"https:\/\/espai-marx.net\/index.php?rest_route=\/wp\/v2\/posts\/18859\/revisions\/18861"}],"wp:featuredmedia":[{"embeddable":true,"href":"https:\/\/espai-marx.net\/index.php?rest_route=\/wp\/v2\/media\/18860"}],"wp:attachment":[{"href":"https:\/\/espai-marx.net\/index.php?rest_route=%2Fwp%2Fv2%2Fmedia&parent=18859"}],"wp:term":[{"taxonomy":"category","embeddable":true,"href":"https:\/\/espai-marx.net\/index.php?rest_route=%2Fwp%2Fv2%2Fcategories&post=18859"},{"taxonomy":"post_tag","embeddable":true,"href":"https:\/\/espai-marx.net\/index.php?rest_route=%2Fwp%2Fv2%2Ftags&post=18859"}],"curies":[{"name":"wp","href":"https:\/\/api.w.org\/{rel}","templated":true}]}}