{"id":18913,"date":"2025-12-14T05:00:11","date_gmt":"2025-12-14T04:00:11","guid":{"rendered":"https:\/\/espai-marx.net\/?p=18913"},"modified":"2025-12-12T18:07:32","modified_gmt":"2025-12-12T17:07:32","slug":"los-fundamentos-de-filosofia-de-manuel-sacristan-carga-de-dinamita-y-semillero-de-cizana-segun-la-direccion-general-de-seguridad-franquista","status":"publish","type":"post","link":"https:\/\/espai-marx.net\/?p=18913","title":{"rendered":"Los \u2018Fundamentos de Filosof\u00eda\u2019 de Manuel Sacrist\u00e1n, \u00abcarga de dinamita y semillero de ciza\u00f1a\u00bb seg\u00fan la Direcci\u00f3n General de Seguridad franquista"},"content":{"rendered":"<p align=\"right\"><i>Para Miguel S\u00e1nchez Mazas, V\u00edctor S\u00e1nchez de Zavala, Jes\u00fas Moster\u00edn, Javier Muguerza y Luis Vega Re\u00f1\u00f3n.<br \/>\nIn memoriam et ad honorem.<\/i><\/p>\n<p align=\"right\"><span style=\"font-size: 10pt;\">Filosofar es criticar el saber y la cultura, y hacerse consciente la actitud ante el mundo y la vida, sin pretender ser demostrativo.<\/span><br \/>\n<span style=\"font-size: 10pt;\">Manuel Sacrist\u00e1n Luz\u00f3n (1965)<\/span><\/p>\n<p align=\"right\"><span style=\"font-size: 10pt;\">El filosofar tiene que ir pobre y desnudo, sin apoyarse en secciones que expidan t\u00edtulos burocr\u00e1ticamente \u00fatiles, sin encarnarse en asignaturas de aprobado necesario para abrir bufete&#8230;<\/span><br \/>\n<span style=\"font-size: 10pt;\">Manuel Sacrist\u00e1n (1967)<\/span><\/p>\n<p>El autor de <i>Las ideas gnoseol\u00f3gicas de Heidegger <\/i>fue profesor universitario durante diecinueve a\u00f1os. Los tres primeros cursos, desde 1956-57 hasta 1958-59, en la Facultad de Filosof\u00eda de la Universidad de Barcelona; los diecis\u00e9is restantes en la Facultad de Econ\u00f3micas y en la UNAM. En Econ\u00f3micas, de 1959 hasta 1965, cuando fue expulsado por primera vez por razones pol\u00edticas; en 1972-73, expulsado de nuevo al finalizar el a\u00f1o acad\u00e9mico v\u00eda no renovaci\u00f3n de su contrato laboral, y desde 1976-1977, tras la muerte del general golpista, traidor y criminal, hasta 1984-1985 (el \u00faltimo curso que pudo impartir; falleci\u00f3 a finales de agosto de 1985). Durante el curso 1982-1983 imparti\u00f3 clases en la Facultad de Ciencias Pol\u00edticas y Sociales de la UNAM dictando, adem\u00e1s de varias conferencias y conceder numerosas entrevistas, dos seminarios de posgrado: \u00abKarl Marx como soci\u00f3logo de la ciencia\u00bb e \u00abInducci\u00f3n y dial\u00e9ctica\u00bb.<\/p>\n<p>En sus primeros a\u00f1os como profesor universitario, nueve cursos en total, hasta 1964-1965, Sacrist\u00e1n dio clases de Fundamentos de Filosof\u00eda. El curso que dict\u00f3 en 1972-1973 lleva por t\u00edtulo \u00abTeor\u00eda general del m\u00e9todo\u00bb. Tras su vuelta en 1976, imparti\u00f3 clases de Metodolog\u00eda de las Ciencias Sociales, am\u00e9n de cursos de doctorado como \u00abEl <i>Sistema de l\u00f3gica <\/i>de John Stuart Mill\u00bb por ejemplo. Los programas, los guiones de las clases, los documentos de trabajo, sus anotaciones de lectura, sus notas y la transcripci\u00f3n de las clases grabadas (tambi\u00e9n de sus conferencias) que nos han llegado de estos \u00faltimos cursos, incluida la documentaci\u00f3n de 1972-1973 y la del a\u00f1o acad\u00e9mico de la UNAM, est\u00e1n siendo editados en la pentalog\u00eda <i>Filosof\u00eda y Metodolog\u00eda de las Ciencias Sociales, <\/i>de la que se han publicado hasta el momento los tres primeros vol\u00famenes (hasta el curso de 1981-1982).<\/p>\n<p>El presente texto intenta dar una informaci\u00f3n detallada del contenido de sus cursos hasta 1964-1965, de sus clases de Fundamentos de Filosof\u00eda en la Facultad de Filosof\u00eda, en primer lugar, y en la de Ciencias Econ\u00f3micas, Pol\u00edticas y Empresariales tres a\u00f1os despu\u00e9s, facultad a la que fue trasladado por presiones del arzobispado barcelon\u00e9s (\u00a1Sacrist\u00e1n explicaba Kant a la manera ilustrada!) que probablemente contaron con el apoyo o la \u00abno oposici\u00f3n\u00bb de sectores del profesorado conservador de la propia facultad de Filosof\u00eda. Por lo dem\u00e1s, no es inveros\u00edmil ni contradictorio pensar que el traslado, tal vez ideado por Joaquim Carreras i Artau, el director de su tesis doctoral, pretendiera protegerle de un mal mayor: su inmediata expulsi\u00f3n de la Universidad barcelonesa, como suceder\u00eda seis a\u00f1os despu\u00e9s.<\/p>\n<p>Los materiales usados pueden consultarse entre la documentaci\u00f3n del estudioso de Marx, Carnap y Quine depositada en la Biblioteca de la Facultad de Econom\u00eda y Empresa de la UB (BFEEUB a partir de ahora).<\/p>\n<p><b>I. Fundamentos de Filosof\u00eda, 1956-1957.<\/b><\/p>\n<p>Fue su primer a\u00f1o como profesor universitario tras su regreso del Instituto de l\u00f3gica matem\u00e1tica y de investigaci\u00f3n de fundamentos de la Universidad de M\u00fcnster fundado por Heinrich Scholz. Era ya entonces militante muy activo del Partido de los comunistas catalanes (PSUC-PCE). Su primer responsable pol\u00edtico fue Miguel N\u00fa\u00f1ez.<\/p>\n<p>El programa de este curso \u2013\u00abApuntes de las lecciones del curso 1956-57\u00bb, Ediciones T\u00e9cnicas del SEU, Universidad de Barcelona, 22 lecciones, 137 p\u00e1ginas\u2013, muy alejado de los programas que se sol\u00edan impartir en las facultades de Filosof\u00eda de aquellos a\u00f1os en nuestro pa\u00eds, est\u00e1 dividido en una Introducci\u00f3n y cuatro partes. La primera parte, la dedicada a la l\u00f3gica, 71 p\u00e1ginas en total, representa m\u00e1s de la mitad del curso.<\/p>\n<p>La Introducci\u00f3n, 16 p\u00e1ginas en total, consta de tres lecciones:<b> <\/b>1\u00aa. Camino para obtener una noci\u00f3n de la filosof\u00eda. 2\u00aa. Fuentes y m\u00e9todos de la Filosof\u00eda. 3\u00aa. Los problemas de la filosof\u00eda.<\/p>\n<p>Ocho lecciones componen la primera parte, la dedicada a la L\u00f3gica, la m\u00e1s extensa como se ha dicho:<\/p>\n<p style=\"padding-left: 40px;\"><span style=\"font-size: 10pt;\">1\u00aa. <i>Nociones generales<\/i>: 1.1. Los problemas del conocimiento. 1.2. Las formas l\u00f3gicas 1.3. L\u00f3gica y metodolog\u00eda.<\/span><\/p>\n<p style=\"padding-left: 40px;\"><span style=\"font-size: 10pt;\">2\u00aa. <i>Las grandes etapas de la historia de la l\u00f3gica<\/i>:<b> <\/b>2.1. El <i>Organon<\/i> de Arist\u00f3teles. 2.2. La l\u00f3gica de las escuelas medievales. 2.3. Ampliaciones no-formales de la l\u00f3gica aristot\u00e9lica. 2.4. Las l\u00f3gicas no-aristot\u00e9licas. 2.5. La l\u00f3gica en su estado actual.<\/span><\/p>\n<p style=\"padding-left: 40px;\"><span style=\"font-size: 10pt;\">3\u00aa. <i>El programa l\u00f3gico formal:<\/i><b> <\/b>3.1. Aspecto formal del conocimiento. 3.2. Necesidad del discurso simb\u00f3lico-formal en l\u00f3gica. 3.3. Cualidades del discurso simb\u00f3lico-formal perfecto. 3.4. Variables y constantes l\u00f3gicas<\/span><\/p>\n<p style=\"padding-left: 40px;\"><span style=\"font-size: 10pt;\">4\u00aa. <i>L\u00f3gica de proposiciones:<\/i><b> <\/b>4.1. Variables proposicionales y constantes l\u00f3gico-proposicionales. 4.2. Sintaxis de la l\u00f3gica de proposiciones 4.3. Metodolog\u00eda del c\u00e1lculo proposicional.<\/span><\/p>\n<p style=\"padding-left: 40px;\"><span style=\"font-size: 10pt;\">5\u00aa. <i>L\u00f3gica de predicados<\/i>:<b> <\/b>5.1. Variables, constantes y operadores. 5.2. Sintaxis de la l\u00f3gica de predicados. 5.3. Cuestiones de metal\u00f3gica.<\/span><\/p>\n<p style=\"padding-left: 40px;\"><span style=\"font-size: 10pt;\">6\u00aa. <i>Nociones de l\u00f3gica de clases y de l\u00f3gica de relaciones<\/i>: 6.1. Nociones de l\u00f3gica de clases. 6.2. Nociones de l\u00f3gica de relaciones<\/span><\/p>\n<p style=\"padding-left: 40px;\"><span style=\"font-size: 10pt;\">7\u00aa. <i>La inducci\u00f3n<\/i>:<b> <\/b>7.1. Concepto de inducci\u00f3n. 7.2. Aspectos formal y metodol\u00f3gico del problema de la inducci\u00f3n.<\/span><\/p>\n<p style=\"padding-left: 40px;\"><span style=\"font-size: 10pt;\">8\u00aa. <i>Tratamiento moderno de la inducci\u00f3n y la deducci<\/i><i>\u00f3<\/i><i>n<\/i>:<b> <\/b>8.1. Deducci\u00f3n: el concepto de c\u00e1lculo de la inferencia \u00abnatural\u00bb. 8.2. Tratamiento simb\u00f3lico-formal de la doctrina del silogismo categ\u00f3rico. 8.3. Inducci\u00f3n: la teor\u00eda general de la reducci\u00f3n. 8.4. El tema de la inducci\u00f3n sustituido por el de la l\u00f3gica del c\u00e1lculo de probabilidades.<\/span><\/p>\n<p>Algunos de los temas desarrollados coinciden con varios apartados de sus dos futuros libros de l\u00f3gica: <i>Introducci\u00f3n a la l\u00f3gica y al an\u00e1lisis formal <\/i>(1964) y <i>L\u00f3gica elemental<\/i> (1965), editado este \u00faltimo por Vera Sacrist\u00e1n en 1996, con pr\u00f3logo de Jes\u00fas Moster\u00edn. La secci\u00f3n 4\u00aa de este segundo libro lleva por t\u00edtulo: \u00abEsquema de la historia de la l\u00f3gica\u00bb, una ampliaci\u00f3n de la lecci\u00f3n 2\u00aa de esta primera parte del programa.<\/p>\n<p>Una ilustraci\u00f3n de los contenidos:<\/p>\n<p>En el apartado 1.1., \u00abLos problemas del conocimiento\u00bb, se\u00f1ala Sacrist\u00e1n que \u00abel conocimiento es un hecho y como tal un elemento de la realidad.\u00bb La afirmaci\u00f3n de que el conocimiento es un hecho se justificaba \u00abpor la experiencia de la vida cotidiana y de la ciencia, por la pr\u00e1ctica vital y cient\u00edfica de la humanidad\u00bb. Como hecho, el conocimiento era susceptible de estudio desde diversos puntos de vista: \u00abpor ejemplo, como proceso f\u00edsico de la naturaleza, o como proceso psicol\u00f3gico \u2013y, por tanto, fisiol\u00f3gico\u2013 del hombre\u00bb. La consideraci\u00f3n de esos aspectos pod\u00eda ser tambi\u00e9n objeto de estudio de la filosof\u00eda \u00aby en rigor lo es siempre: pues todo sistema filos\u00f3fico tiene una concepci\u00f3n del conocimiento como hecho, como fen\u00f3meno, y elemento de la realidad y como proceso de la conciencia humana\u00bb. Pero el problema de las disciplinas filos\u00f3ficas que se ocupaban espec\u00edficamente del conocimiento, la l\u00f3gica y la gnoseolog\u00eda, no era fundamentalmente ninguna de estas cuestiones, \u00abque corresponden ya a la la visi\u00f3n filos\u00f3fica general de la realidad, a la concepci\u00f3n del mundo\u00bb. La l\u00f3gica y la gnoseolog\u00eda se planteaban como objeto \u00abel estudio de la estructura, del origen, de la validez y de los l\u00edmites del conocimiento\u00bb. La concepci\u00f3n del conocimiento como elemento de la realidad dentro de un sistema filos\u00f3fico, as\u00ed, como en general, los puntos b\u00e1sicos del mismo, \u00abestar\u00e1n cr\u00edticamente basados en las conclusiones a que lleguen su l\u00f3gica y su teor\u00eda del conocimiento\u00bb. Por eso, conclu\u00eda Sacrist\u00e1n, \u00absuelen ir colocadas estas disciplinas en un lugar privilegiado dentro de la sistem\u00e1tica filos\u00f3fica.\u00bb<\/p>\n<p>La segunda parte del curso est\u00e1 dedicada a la metodolog\u00eda: diez p\u00e1ginas, una \u00fanica lecci\u00f3n: 1. Concepto de m\u00e9todo. Concepto de metodolog\u00eda. 2. Definici\u00f3n. Divisi\u00f3n. Prueba. Demostraci\u00f3n. 3. Deducci\u00f3n e inducci\u00f3n en el m\u00e9todo cient\u00edfico.<\/p>\n<p>Al concepto de m\u00e9todo dedicar\u00e1 Sacrist\u00e1n, muchos a\u00f1os despu\u00e9s, en 1973, una buena parte de su curso de Teor\u00eda general del m\u00e9todo. En estos apuntes coment\u00f3 que un m\u00e9todo es un \u00abconjunto ordenado de operaciones encaminadas a alcanzar un resultado\u00bb. Ese resultado puede ser un conocimiento (m\u00e9todos heur\u00edsticos), la transmisi\u00f3n de un conocimiento (m\u00e9todos did\u00e1cticos o expositivos) o resultados pr\u00e1cticos (m\u00e9todos terap\u00e9uticos, hacend\u00edsticos, etc). (Insistir\u00e1 sobre esta concepci\u00f3n de m\u00e9todo en algunas entrevistas y en conferencias sobre la dial\u00e9ctica, nunca considera por \u00e9l como un m\u00e9todo alternativo al usual m\u00e9todo cient\u00edfico).<\/p>\n<p>La parte tercera del curso es de Teor\u00eda del conocimiento: 21 p\u00e1ginas, cinco lecciones en total:<\/p>\n<p style=\"padding-left: 40px;\"><span style=\"font-size: 10pt;\">1\u00aa. <i>Introducci\u00f3n<\/i>.<b> <\/b>1.1. Noci\u00f3n de la teor\u00eda del conocimiento y problemas que plantea. 1.2. Descripci\u00f3n del conocimiento. 1.3. La esencia del conocimiento.<\/span><\/p>\n<p style=\"padding-left: 40px;\"><span style=\"font-size: 10pt;\">2\u00aa. <i>Posibilidad del conocimiento.<\/i> 2.1. Planteamiento del problema. 2.2. La duda met\u00f3dica. 2.3. Criticismo. Indicaciones finales sobre el problema.<\/span><\/p>\n<p style=\"padding-left: 40px;\"><span style=\"font-size: 10pt;\">3\u00aa. <i>La verdad<\/i><i>.<\/i> 3.1. Definici\u00f3n. 3.2. Verdad, coherencia. 3.3. La verdad como cualidad de los juicios. 3.4. La verdad como una relaci\u00f3n. 3.5. Falsedad y error. 3.6. El concepto pragmatista de verdad. 3.7. El concepto idealista de la verdad. 3.8. La verdad seg\u00fan Heidegger.<\/span><\/p>\n<p style=\"padding-left: 40px;\"><span style=\"font-size: 10pt;\">4\u00aa. <i>El saber y sus fuentes.<\/i> 4.1. La verdad y el saber. Formas imperfectas y forma perfecta del saber. 4.2. La certeza y sus clases. 4.3. Fuentes originales de la certeza.<\/span><\/p>\n<p style=\"padding-left: 40px;\"><span style=\"font-size: 10pt;\">5\u00aa. <i>Planteamiento del problema noci\u00f3n de lo transcendente y de lo inmanente<\/i>. 5.1. Planteamiento del problema. Noci\u00f3n de lo transcendente y de lo inmanente. 5.2. El realismo ingenuo. 5.3. El idealismo metaf\u00edsico. 5.4. El idealismo transcendental. 5.5. El realismo cr\u00edtico.<\/span><\/p>\n<p>En el apartado 3.8, \u00abLa verdad seg\u00fan Heidegger\u00bb se\u00f1alaba Sacrist\u00e1n (Recu\u00e9rdese que en <i>Laye<\/i>, 23, 1953, hab\u00eda publicado: \u00abVerdad: desvelaci\u00f3n y ley\u00bb, ahora en <i>Papeles de filosof\u00eda<\/i>, pp. 15-55, y que su tesis doctoral, <i>Las ideas gnoseol\u00f3gicas de Heidegger<\/i>, es de 1959):<\/p>\n<p style=\"padding-left: 40px;\"><span style=\"font-size: 10pt;\">1. Heidegger se expresa por principio en t\u00e9rminos que violentan el lenguaje cotidiano. Cuando las usa Heidegger, las palabras no suelen significar lo que significan en la ciencia o en la expresi\u00f3n cotidiana de los hombres.<\/span><\/p>\n<p style=\"padding-left: 40px;\"><span style=\"font-size: 10pt;\">2. Verdad no significa primariamente para Heidegger una propiedad de contenidos mentales (juicios, teor\u00edas, sistemas), sino un elemento esencial del ser humano: el elemento que consiste en que el hombre es, por naturaleza, \u00abdescubridor\u00bb. Es esta la verdad fundamental.<\/span><\/p>\n<p style=\"padding-left: 40px;\"><span style=\"font-size: 10pt;\">3. La verdad en el sentido de la ciencia y del lenguaje cotidiano, es decir, el hecho de que las cosas est\u00e1n descubiertas en el conocimiento \u2013correlativamente: el hecho de que el conocimiento descubra cosas\u2013 es verdad en sentido derivado.<\/span><\/p>\n<p style=\"padding-left: 40px;\"><span style=\"font-size: 10pt;\">4. La verdad en sentido derivado se produce por la proyecci\u00f3n que el hombre hace de su verdad originaria, que no es propiamente un contenido, sino, por as\u00ed decirlo, una \u00abluz\u00bb constituida, en \u00faltima instancia, por el proyecto seg\u00fan el cual, desde su libertad, el hombre realiza su existencia. <i>Esa luz te\u00f1ir\u00e1 las cosas de su \u00abcolor\u00bb, pero (as\u00ed lo sostiene Heidegger), sin falsear su ser, su estructura, antes bien, descubri\u00e9ndola. <\/i>[el \u00e9nfasis es m\u00edo]<\/span><\/p>\n<p>A\u00f1os despu\u00e9s, en 1964 o 1965, Sacrist\u00e1n escribir\u00e1 un ensayo (interrumpido) sobre \u2018Teor\u00eda del conocimiento\u2019 para la editorial Gredos: <i>Los problemas del conocimiento<\/i>. La editorial, probablemente por presiones gubernativas, cancel\u00f3 la publicaci\u00f3n. (Puede verse el texto que nos ha llegado en el primer volumen de <i>Filosof\u00eda y Metodolog\u00eda de las Ciencias Sociales<\/i>, Montesinos, 2022).<\/p>\n<p>En el primer apartado de la lecci\u00f3n 14\u00aa de estos apuntes, observaba el autor:<\/p>\n<p style=\"padding-left: 40px;\"><span style=\"font-size: 10pt;\">1. Planteado sin m\u00e1s aclaraci\u00f3n como \u00abproblema de la posibilidad del conocimiento\u00bb, el tema objeto de esta lecci\u00f3n ser\u00eda muy marcadamente t\u00e9cnico, \u00abacad\u00e9mico\u00bb. El hombre no dedicado a estudios filos\u00f3ficos, el hombre de profesi\u00f3n pr\u00e1ctica o cient\u00edfica, no filos\u00f3fica, no suele plantearse un tal problema. Se plantear\u00e1 ciertamente, otras muchas cuestiones relativas al conocimiento: la cuestiones, por ejemplo, de la naturaleza, origen, forma, validez y l\u00edmites de \u00e9ste. De que tales cuestiones se plantean, en la vida pr\u00e1ctica cotidiana dan prueba incluso algunos refranes. Pero el hacerse cuesti\u00f3n de la posibilidad misma del conocimiento, el preguntarse redondamente si es posible conocer, es cosa que no ocurre entre las actividades humanas no acad\u00e9micas, y ello por un hecho insoslayable: <i>el hecho de que hay conocimiento<\/i>. En ese planteamiento radical, el problema es de extrema artificiosidad. Podr\u00e1 preguntarse por la posibilidad de un conocimiento que re\u00fana tales o cuales caracter\u00edsticas, pero la pregunta de si es posible el conocimiento en general est\u00e1 ya contestada por la vida&#8230;<\/span><\/p>\n<p>Son cinco las lecciones que componen la cuarta parte, la \u00faltima del curso: Ontolog\u00eda, 14 p\u00e1ginas, la m\u00e1s densamente filos\u00f3fica del curso.<\/p>\n<p style=\"padding-left: 40px;\"><span style=\"font-size: 10pt;\">1\u00aa. <i>La ontolog\u00eda<\/i>. 1.1. Noci\u00f3n de ontolog\u00eda. 1.2. Nombres con los que es conocida. 1.3. Posibilidad de la ontolog\u00eda. 1.4. Ser y objeto. Noci\u00f3n de objeto. Distintas especies de objetos.<\/span><\/p>\n<p style=\"padding-left: 40px;\"><span style=\"font-size: 10pt;\">2\u00aa. <i>Los objetos reales<\/i>.<b> <\/b>2.1. Noci\u00f3n de realidad. Sus dos sentidos: ser y existencia de los objetos. 2.2. El ser y sus formas categoriales. Substancia y accidente. 2.3. Noci\u00f3n de la esencia. Substancias primeras y segundas. 2.4. La realidad existencial. Propiedades derivadas de la existencia. 2.5. Especies de objetos reales.<\/span><\/p>\n<p style=\"padding-left: 40px;\"><span style=\"font-size: 10pt;\">3\u00aa.<i> Los objetos mentales.<\/i><b> <\/b>3.1. Noci\u00f3n y caracteres de los objetos mentales. Dos especies de los mismos. 3.2. Los objetos ideales. Consideraci\u00f3n especial de algunos de ellos. 3.3. Los objetos ficticios.<\/span><\/p>\n<p style=\"padding-left: 40px;\"><span style=\"font-size: 10pt;\">4\u00aa. <i>Los universales<\/i>. 4.1. El problema metaf\u00edsico de los universales. Su planteamiento. Noci\u00f3n del universal. 4.2. Soluciones posibles al problema. 4.4. Los universales <i>in re, post rem <\/i>y<i> ante rem<\/i>.<\/span><\/p>\n<p style=\"padding-left: 40px;\"><span style=\"font-size: 10pt;\">5\u00aa. <i>Esencia y existencia<\/i><b>. <\/b>5.1. Problema de la distinci\u00f3n entre esencia y existencia. Su planteamiento. Datos referentes al mismo. 5.2. Distinci\u00f3n mental o de raz\u00f3n y distinci\u00f3n real. 5.3. La posici\u00f3n del existencialismo en este problema. Discusi\u00f3n.<\/span><\/p>\n<p>Sacrist\u00e1n defin\u00eda en los siguientes t\u00e9rminos la noci\u00f3n de \u00abontolog\u00eda\u00bb:<\/p>\n<p style=\"padding-left: 40px;\"><span style=\"font-size: 10pt;\">La voz \u00abontolog\u00eda\u00bb significa <i>tratado o ciencia <\/i>(logos) <i>del ente o de lo que es<\/i> (on). \u00abEnte\u00bb es el participio de presente (desusado como tal en castellano) del verbo ser y significa por tanto \u00abaquello que es\u00bb. Ontolog\u00eda ser\u00e1 entonces el estudio de lo que es. Esta primera aproximaci\u00f3n etimol\u00f3gica podr\u00eda hacer creer que la ontolog\u00eda es un estudio omnicomprensivo e indiferenciado de toda la realidad y a\u00fan de nociones que no pueden considerarse reales, pero que \u00abson\u00bb a su modo, como por ejemplo ra\u00edz cuadrada de dos. Lo cual empero no es el caso. El hecho de escogerse precisamente el t\u00e9rmino \u00abente\u00bb para expresar el objeto de estudio de la ontolog\u00eda tiene una significaci\u00f3n m\u00e1s precisa: indica, en efecto, que la ontolog\u00eda es el estudio del ente en cuanto que tal, es decir, no en tanto que duro o blando, grande o peque\u00f1o, sino s\u00f3lo como ente.<\/span><\/p>\n<p>Otro fragmento de este apartado:<\/p>\n<p style=\"padding-left: 40px;\"><span style=\"font-size: 10pt;\">Son \u00e9stos los referentes a la realidad f\u00edsica. Pero no coinciden con los problemas considerados habitualmente por las ciencias particulares de la naturaleza, y ello en raz\u00f3n del car\u00e1cter <i>fundamental<\/i> de la filosof\u00eda. En nuestro conocimiento del mundo externo van implicados conceptos como \u00abtiempo\u00bb, \u00abespacio\u00bb, \u00abcuerpo\u00bb, \u00abmovimiento\u00bb, que no suelen ser objeto de estudio sint\u00e9tico por la ciencia de la naturaleza: \u00e9sta, por lo general se limita a analizarlos. Tales an\u00e1lisis enriquecen sin duda nuestro conocimiento de esas realidades. Pero cuando el f\u00edsico estudia esos temas no para analizarlos, sino para tratarlos sint\u00e9ticamente, como fundamentos de los fen\u00f3menos, entonces est\u00e1 haciendo filosof\u00eda. Esto ha ocurrido con algunos grandes f\u00edsicos-te\u00f3ricos y matem\u00e1ticos de nuestra \u00e9poca, a los cuales s\u00f3lo los prejuicios acad\u00e9micos impiden considerar p\u00fablicamente como fil\u00f3sofos: Einstein, Heisenberg, Schr\u00f6dinger, Oppenheimer,&#8230; <i>Cuando en el futuro se establezca la historia filos\u00f3fica del siglo XX, muchos de estos hombres ocupar\u00e1n en ella m\u00e1s amplio espacio que el de fil\u00f3sofos hoy c\u00e9lebres en el mundo acad\u00e9mico y profesional<\/i>. [la cursiva es m\u00eda]<\/span><\/p>\n<p>En similares t\u00e9rminos se manifestar\u00e1 Sacrist\u00e1n, a\u00f1os despu\u00e9s, en \u00abSobre el lugar de la filosof\u00eda en los estudios superiores\u00bb (lo que parece indicar que este c\u00e9lebre trabajo no representa una \u00abruptura epistemol\u00f3gica total\u00bb respecto a sus consideraciones metafilos\u00f3ficas anteriores):<\/p>\n<p style=\"padding-left: 40px;\"><span style=\"font-size: 10pt;\">Desde el punto de vista de la importancia de su aportaci\u00f3n a la \u00abconcepci\u00f3n\u00bb o \u00abimagen del mundo\u00bb contempor\u00e1nea, todas las horas de lecci\u00f3n magistral y de seminario de las secciones de filosof\u00eda y todas las publicaciones de sus <i>magistri<\/i><i> <\/i>pesan infinitamente menos que un centenar de p\u00e1ginas de Einstein, Russell, Heisenberg, Gramsci, Althusser y L\u00e9vi-Strauss \u2013o hasta de Galbraith o Garaudy (para que quede claro que esas enumeraciones no implican especial afecto del que escribe)\u2013. Si se a\u00f1ade a un tal fragmento de lista unos cuantos nombres de artistas y pol\u00edticos \u2013Picasso, Kafka, Joyce, Faulkner, Musil, Lenin y Juan XXIII, p\u00f3ngase por caso\u2013, la idea de que las secciones de filosof\u00eda sean las productoras de las ideolog\u00edas vigentes, las herederas de Mois\u00e9s y Plat\u00f3n, resulta francamente divertida.<\/span><\/p>\n<p>Durante este primer curso acad\u00e9mico tras su vuelta de Alemania, Sacrist\u00e1n public\u00f3 en <i>\u00cdndice<\/i> una rese\u00f1a de <i>L\u00f3gica matem\u00e1tica<\/i> de Josep Ferrater Mora y Hugo Leblanc; el art\u00edculo \u00abL\u00f3gica y filosof\u00eda de la l\u00f3gica en la obra de Heinrich Scholz\u00bb (<i>Convivium<\/i>), uno de sus pocos maestros, seg\u00fan \u00e9l mismo reconoci\u00f3 en una conferencia de 1979 sobre una pol\u00edtica socialista de la ciencia; su traducci\u00f3n, muy elogiada por Jos\u00e9 Mar\u00eda Valverde, de <i>El Banquete<\/i> plat\u00f3nico, y sus primeros escritos marxistas, entre ellos: \u00abPara leer el <i>Manifiesto del Partido Comunista<\/i>\u00bb y \u00abHumanismo marxista en la<i> Ora mar\u00edtima<\/i> de Rafael Alberti\u00bb.<\/p>\n<p>La rese\u00f1a del libro de Leblanc y Ferrater Mora, Sacrist\u00e1n se carte\u00f3 con el segundo, se abr\u00eda con estas palabras:<\/p>\n<p style=\"padding-left: 40px;\"><span style=\"font-size: 10pt;\">Es escasa la literatura did\u00e1ctica sobre l\u00f3gica matem\u00e1tica (por no hablar de la literatura de investigaci\u00f3n) en las lenguas espa\u00f1olas, lo cual no es nada sorprendente: son muy pocas las lenguas \u2013ingl\u00e9s, alem\u00e1n, polaco, h\u00fangaro, franc\u00e9s\u2013 relativamente ricas en tal literatura. M\u00e1s an\u00f3malo y lamentable es, en cambio, que dentro del reducido \u00e1mbito de esa producci\u00f3n abunde tanto la malo. La literatura did\u00e1ctica sobre l\u00f3gica matem\u00e1tica en lengua espa\u00f1ola va desde el galimat\u00edas precipitadamente compuesto, h\u00edbrido de plagio y \u00abgenialidades\u00bb, hasta el cent\u00f3n de p\u00e1ginas muertas, que un cr\u00edtico calific\u00f3 de \u00abmediocre rapsodia\u00bb. Por lo dem\u00e1s, esas obras poco llamadas a dignificar la cultura espa\u00f1ola tienen un car\u00e1cter mixto de ensayo y exposici\u00f3n.<\/span><\/p>\n<p>Todo el que tuviera la experiencia de ense\u00f1ar l\u00f3gica simb\u00f3lica en Espa\u00f1a, fue su caso (y en aquellos momentos tal vez el de Carlos Par\u00eds, muy pocos m\u00e1s), conoc\u00eda bien lo insuperable que era la dificultad de recomendar textos a los alumnos que no dominaran \u00e1gilmente lenguas extranjeras (Sacrist\u00e1n siempre puso mucho \u00e9nfasis en la importancia de la formaci\u00f3n pol\u00edglota del estudiantado universitario; recordemos que \u00e9l mismo fue traductor de siete idiomas: alem\u00e1n, ingl\u00e9s, franc\u00e9s, italiano, catal\u00e1n, griego y lat\u00edn cl\u00e1sicos). A\u00f1ad\u00eda:<\/p>\n<p style=\"padding-left: 40px;\"><span style=\"font-size: 10pt;\">El librito de Ferrater-Leblanc, determinado por su extensi\u00f3n y por la intenci\u00f3n de sus autores a ser una obra did\u00e1ctica, es, adem\u00e1s, bueno y est\u00e1, en general, al d\u00eda. Tiene, por encima de otra, la virtud que faltaba hasta ahora a la literatura log\u00edstica en espa\u00f1ol (si se except\u00faa la traducci\u00f3n del libro de Tarski), a saber: dar al lector una idea de cuales son los temas centrales y los puntos problem\u00e1ticos \u00e1lgidos de la l\u00f3gica matem\u00e1tica, colocar al lector en el coraz\u00f3n del asunto.<\/span><\/p>\n<p>Era muy infrecuente en aquel tiempo, oto\u00f1o de 1956, el uso del plural en la expresi\u00f3n \u00ablenguas espa\u00f1olas.\u00bb<\/p>\n<p><b>II. Apuntes de las lecciones del curso 1957-1958.<\/b><\/p>\n<p>Fueron editados por la Cooperativa Universitaria de la Universidad de Barcelona, \u00abLa Central\u00bb se la llam\u00f3 durante a\u00f1os.<\/p>\n<p>Las diecisiete primeras lecciones del programa de este curso son id\u00e9nticas a las del anterior. La cuarta parte, la dedicada a la Ontolog\u00eda en 1956-1957, se centr\u00f3 esta vez en Cosmolog\u00eda (tres lecciones). Con el siguiente \u00edndice:<\/p>\n<p style=\"padding-left: 40px;\"><span style=\"font-size: 10pt;\">Lecci\u00f3n 18\u00aa. <i>El espacio.<\/i><\/span><\/p>\n<p style=\"padding-left: 40px;\"><span style=\"font-size: 10pt;\">I. 1. La noci\u00f3n vulgar del espacio. 2. La percepci\u00f3n del espacio. 3. Espacio real y espacio imaginario.<\/span><\/p>\n<p style=\"padding-left: 40px;\"><span style=\"font-size: 10pt;\">II. 4. El espacio absoluto de la mec\u00e1nica cl\u00e1sica. 5. El espacio como forma de la sensibilidad. 6. El espacio, propiedad real de los cuerpos.<\/span><\/p>\n<p style=\"padding-left: 40px;\"><span style=\"font-size: 10pt;\">III. 7. Nueva noci\u00f3n del espacio en la teor\u00eda de la relatividad.<\/span><\/p>\n<p>Sobre este \u00faltimo apartado comentaba Sacrist\u00e1n:<\/p>\n<p style=\"padding-left: 40px;\"><span style=\"font-size: 10pt;\">La f\u00edsica del siglo XX, y en especial la teor\u00eda de la relatividad que Albert Einstein formul\u00f3 con precisi\u00f3n, ha aportado un nuevo concepto del espacio que invoca el de la f\u00edsica cl\u00e1sica en puntos capitales. Ha descubierto, ante todo, que la idea de un espacio absoluto y de un tiempo asimismo absoluto, ambos independientes entre s\u00ed, no corresponde a la realidad porque \u00e9sta se halla siempre y en todas partes en movimiento. El espacio real es relativo al movimiento. As\u00ed, el espacio f\u00edsico resulta ser un <i>continuo espacio-temporal de cuatro dimensiones<\/i> en el que, es a saber, adem\u00e1s de la longitud, la anchura y la profundidad, hay que contar con el tiempo en que se realiza el movimiento. As\u00ed, por ejemplo, la trayectoria de un objeto ca\u00eddo desde un tren en marcha, es apreciada distintamente por un viajero del tren y por un peat\u00f3n situado junto a la v\u00eda. La insuficiencia de este cuarto factor es insignificante en los movimientos de nuestro mundo terrestre; pero adquiere importancia en su aplicaci\u00f3n a los movimientos de los cuerpos celestes.<\/span><\/p>\n<p>La teor\u00eda de la relatividad (varios libros sobre la teor\u00eda einsteiniana en su biblioteca de juventud estudiada por Albert Domingo Curto) hab\u00eda innovado la f\u00edsica cl\u00e1sica en otro punto capital:<\/p>\n<p style=\"padding-left: 40px;\"><span style=\"font-size: 10pt;\">S\u00f3lo en un espacio sin cuerpos cabr\u00eda admitir trayectorias en l\u00ednea recta, por ejemplo, de los rayos de luz emitidos por el Sol o por otros astros, susceptibles de ser prolongadas hasta el infinito. En el espacio f\u00edsico o real tales trayectorias en l\u00ednea recta no existen, porque la atracci\u00f3n de las masas o porciones de materia (campo gravitatorio) las fuerza a curvarse y este curvatura irregular acaba por cerrarle en s\u00ed mismo en forma casi esf\u00e9rica. <i>El espacio f\u00edsico no es rectil\u00edneo ni infinito, sino curvo y finito<\/i>. Tal es el actual concepto cient\u00edfico de espacio.<\/span><\/p>\n<p>La lecci\u00f3n 19\u00aa estaba dedicada al tiempo.<\/p>\n<p style=\"padding-left: 40px;\"><span style=\"font-size: 10pt;\">I. 1. Noci\u00f3n vulgar del tiempo. 2. La percepci\u00f3n del tiempo. 3. Concepto filos\u00f3fico del tiempo.<\/span><\/p>\n<p style=\"padding-left: 40px;\"><span style=\"font-size: 10pt;\">II. 4. El tiempo absoluto de la F\u00edsica cl\u00e1sica. 5. El tiempo, forma <i>a priori<\/i>. 6. La duraci\u00f3n real en Bergson.<\/span><\/p>\n<p>En el apartado dedicado a Bergson observaba Sacrist\u00e1n:<\/p>\n<p style=\"padding-left: 40px;\"><span style=\"font-size: 10pt;\">El fil\u00f3sofo franc\u00e9s Henri Bergson (1859-1941) ha aportado esclarecimiento importantes a la noci\u00f3n filos\u00f3fica del tiempo. Seg\u00fan Bergson, esta noci\u00f3n se forma sobre la experiencia de la duraci\u00f3n real de los seres vivientes. La conciencia personal advierte, ante todo, la duraci\u00f3n del propio vivir en la sucesi\u00f3n de los hechos ps\u00edquicos; y, por un proceso de intuici\u00f3n simp\u00e1tica, transfiere luego esta primera experiencia a las dem\u00e1s personas y a los seres vivos en general. Este conocimiento de la duraci\u00f3n real suministra al entendimiento la base para la elaboraci\u00f3n del concepto de tiempo y para su aplicaci\u00f3n al mundo de la materia inerte. Seg\u00fan Bergson, los seres puramente materiales est\u00e1n privados de duraci\u00f3n; pero se la prestamos mediante el concepto artificial de tiempo que es, en el fondo, una proyecci\u00f3n de la propia conciencia sobre las cosas.<\/span><\/p>\n<p>La ra\u00edz de la doctrina bergsoniana estaba ubicada en su original concepci\u00f3n del movimiento, en la que \u00e9l no entraba.<\/p>\n<p style=\"padding-left: 40px;\"><span style=\"font-size: 10pt;\">No hay inconveniente en admitir, con Bergson, la primac\u00eda de la experiencia interna en la formaci\u00f3n del concepto de tiempo. Pero su negaci\u00f3n del tiempo de las cosas exteriores parece injustificada, pues, como ya se dijo, el tiempo externo es una propiedad real involucrada en sus cambios o movimientos.<\/span><\/p>\n<p>La lecci\u00f3n 20\u00aa, <i>El movimiento, <\/i>presentaba el siguiente \u00edndice:<\/p>\n<p style=\"padding-left: 40px;\"><span style=\"font-size: 10pt;\">I. 1. Noci\u00f3n del movimiento. 2. Caracter\u00edsticas del movimiento. 3. El movimiento y el m\u00f3vil.<\/span><\/p>\n<p style=\"padding-left: 40px;\"><span style=\"font-size: 10pt;\">II. 4. Relatividad del movimiento. 5. Temporalidad del movimiento. 6. Realidad del movimiento.<\/span><\/p>\n<p>El cambio del apartado dedicado a Ontolog\u00eda por el de Cosmolog\u00eda pudo estar relacionado con el proceso de elaboraci\u00f3n de su tesis doctoral (<i>Las ideas gnoseol\u00f3gicas de Heidegger<\/i>), defendida en febrero del siguiente a\u00f1o acad\u00e9mico. Ya en la presentaci\u00f3n de su proyecto de tesis, noviembre de 1954, se\u00f1alaba:<\/p>\n<p style=\"padding-left: 40px;\"><span style=\"font-size: 10pt;\">[\u2026] la abundancia de los temas y problemas descubiertos por la raz\u00f3n cient\u00edfica durante los siglos XIX y XX manifiesta su importancia radical en el hecho de que esos temas son asumidos por el pensamiento irracionalista: ni la obra de Bergson es hist\u00f3ricamente explicable sin los progresos de la biolog\u00eda a fines del siglo XIX, ni la de Jaspers sin los de la psiquiatr\u00eda en el XX, ni los de Heidegger sin los del pensamiento hist\u00f3rico y <i>la cosmolog\u00eda<\/i>. Ahora bien: el primer deber de la raz\u00f3n en su ocupaci\u00f3n con el pensamiento irracionalista consiste precisamente en examinar c\u00f3mo se presentan en esa filosof\u00eda los temas por ella misma planteados. Los gnoseol\u00f3gicos tienen en este contexto una posici\u00f3n previa [la cursiva de \u00abcosmolog\u00eda\u00bb es m\u00eda].<\/span><\/p>\n<p><b>III. Fundamentos de filosof\u00eda, 1958-1959<\/b><\/p>\n<p>Un texto de dos p\u00e1ginas que no est\u00e1 fechado lleva por t\u00edtulo \u2018Fundamentos de filosof\u00eda\u2019. Por su contenido, pudo ser el programa de su \u00faltimo curso en la Facultad de Filosof\u00eda. A excepci\u00f3n de la Introducci\u00f3n, representa un giro notable respecto al programa de los dos cursos anteriores.<\/p>\n<p>La introducci\u00f3n consta de cinco apartados (con alguna variaci\u00f3n respecto a las introducciones de los dos cursos anteriores):<\/p>\n<p style=\"padding-left: 40px;\"><span style=\"font-size: 10pt;\">1. Los significados del t\u00e9rmino \u00abfilosof\u00eda\u00bb en el lenguaje cotidiano.<\/span><\/p>\n<p style=\"padding-left: 40px;\"><span style=\"font-size: 10pt;\">2. Los significados del t\u00e9rmino \u00abfilosof\u00eda\u00bb en la historia de \u00e9sta.<\/span><\/p>\n<p style=\"padding-left: 40px;\"><span style=\"font-size: 10pt;\">3. Los or\u00edgenes de la filosof\u00eda occidental.<\/span><\/p>\n<p style=\"padding-left: 40px;\"><span style=\"font-size: 10pt;\">4. Ciencia y filosof\u00eda.<\/span><\/p>\n<p style=\"padding-left: 40px;\"><span style=\"font-size: 10pt;\">5. Ideolog\u00eda y filosof\u00eda.<\/span><\/p>\n<p>Componen el programa dieciocho lecciones, divididas en dos partes: filosof\u00eda anal\u00edtica (en sentido amplio) y existencialismo. Ninguna referencia directa al marxismo por motivos obvios.<\/p>\n<p>La primera parte lleva por t\u00edtulo \u00abLa filosof\u00eda contempor\u00e1nea\u00bb. Son siete lecciones:<\/p>\n<p style=\"padding-left: 40px;\"><span style=\"font-size: 10pt;\">Lecci\u00f3n 1\u00aa. <i>Cuadro general de la filosof\u00eda contempor\u00e1nea<\/i>. Corrientes filos\u00f3ficas y escuelas propiamente dichas. La tradici\u00f3n del siglo XIX: neokantismo, vitalismo, la tradici\u00f3n escol\u00e1stica, la tradici\u00f3n hegeliana. La Fenomenolog\u00eda. El existencialismo. El neopositivismo. Cient\u00edficos y fil\u00f3sofos en la mitad del siglo XX.<\/span><\/p>\n<p style=\"padding-left: 40px;\"><span style=\"font-size: 10pt;\">Lecci\u00f3n 2\u00aa. <i>El movimiento anal\u00edtico<\/i>. Su historia. Interpretaci\u00f3n de la filosof\u00eda tradicional. Problemas filos\u00f3ficos y problemas ling\u00fc\u00edsticos. Juicios anal\u00edticos y juicios sint\u00e9ticos, <i>a priori<\/i> y <i>a posteriori.<\/i> An\u00e1lisis ling\u00fc\u00edstico y an\u00e1lisis gramatical. Los problemas filos\u00f3ficos y la confusi\u00f3n ling\u00fc\u00edstica. La \u00abneutralidad filos\u00f3fica\u00bb del movimiento anal\u00edtico.<\/span><\/p>\n<p style=\"padding-left: 40px;\"><span style=\"font-size: 10pt;\">Lecci\u00f3n 3\u00aa. <i>El positivismo l\u00f3gico, o neopositivismo propiamente dicho<\/i>. El C\u00edrculo de Viena. El punto de partida del positivismo l\u00f3gico: ciencia y filosof\u00eda. Proposiciones formales y proposiciones emp\u00edricas, ciencias formales y ciencias emp\u00edricas. El positivismo l\u00f3gico como empirismo. An\u00e1lisis empirista de la relaci\u00f3n causal.<\/span><\/p>\n<p style=\"padding-left: 40px;\"><span style=\"font-size: 10pt;\">Lecci\u00f3n 4\u00aa. <i>El principio de verificabilidad<\/i>. Teor\u00eda de la significaci\u00f3n. Dificultades del principio. El final del C\u00edrculo de Viena y el ulterior desarrollo del neopositivismo.<\/span><\/p>\n<p style=\"padding-left: 40px;\"><span style=\"font-size: 10pt;\">Lecci\u00f3n 5\u00aa. <i>El empirismo l\u00f3gico.<\/i> Filosof\u00eda positiva. Criticismo y an\u00e1lisis. Reconstrucci\u00f3n del conocimiento cient\u00edfico.<\/span><\/p>\n<p style=\"padding-left: 40px;\"><span style=\"font-size: 10pt;\">Lecci\u00f3n 6\u00aa. <i>Soluciones a problemas especiales del neopositivismo<\/i>. El fisicalismo y el movimiento de la ciencia unificada. Intersubjetividad y traducibilidad fisicalista. Mitigaci\u00f3n del fisicalismo. La Enciclopedia de la Ciencia Unificada.<\/span><\/p>\n<p style=\"padding-left: 40px;\"><span style=\"font-size: 10pt;\">Lecci\u00f3n 7\u00aa. <i>El convencionalismo<\/i>. El operativismo.<\/span><\/p>\n<p>La segunda parte consta de once lecciones. Lleva por t\u00edtulo \u00abFilosof\u00eda de la persona y existencialismo.\u00bb (\u00abPersona\u00bb es una de las voces que Sacrist\u00e1n escribi\u00f3 para la Enciclopedia Argos Vergara coordinada por Esteban Pinilla de las Heras. Laureano Bonet ha dado cuenta de este escrito, in\u00e9dito hasta el momento, en el reciente Simposio sobre la obra de Sacrist\u00e1n celebrado en el Ateneo barcelon\u00e9s los d\u00edas 26, 27 y 28 de noviembre. Para \u00abPersonalismo\u00bb puede verse <i>Lecturas de filosof\u00eda moderna y contempor\u00e1nea<\/i>, edici\u00f3n y presentaci\u00f3n de Albert Domingo Curto).<\/p>\n<p style=\"padding-left: 40px;\"><span style=\"font-size: 10pt;\">Lecci\u00f3n 8\u00aa. <i>El concepto tradicional de persona.<\/i> La definici\u00f3n de Boecio y su tradici\u00f3n. Persona y consciencia en Descartes y en Hegel. Persona y libertad.<\/span><\/p>\n<p style=\"padding-left: 40px;\"><span style=\"font-size: 10pt;\">Lecci\u00f3n 9\u00aa. <i>El personalismo<\/i>. Cr\u00edtica de la funcionalizaci\u00f3n de la persona. Individuo y persona. An\u00e1lisis pol\u00edtico-sociales.<\/span><\/p>\n<p style=\"padding-left: 40px;\"><span style=\"font-size: 10pt;\">Lecci\u00f3n 10\u00aa. <i>Las filosof\u00edas llamadas de la existencia<\/i>. Rasgos generales. Tradici\u00f3n filos\u00f3fica y origen hist\u00f3rico. El punto de partida antropol\u00f3gico. El punto de vista activo. Actitud ante la ciencia.<\/span><\/p>\n<p style=\"padding-left: 40px;\"><span style=\"font-size: 10pt;\">Lecci\u00f3n 11\u00aa. <i>Existencialismo te\u00edsta y existencialismo ateo<\/i>. El origen religioso del existencialismo. El existencialismo como un \u00absaber de salvaci\u00f3n\u00bb. La visi\u00f3n atea de los temas existencialistas. Personalidades principales de ambas tendencias.<\/span><\/p>\n<p style=\"padding-left: 40px;\"><span style=\"font-size: 10pt;\">Lecci\u00f3n 12\u00aa. <i>Karl Jaspers<\/i>. El saber filos\u00f3fico. Filosof\u00eda de la existencia y metaf\u00edsica. Las situaciones-l\u00edmite. Trascendencia y fe filos\u00f3fica.<\/span><\/p>\n<p style=\"padding-left: 40px;\"><span style=\"font-size: 10pt;\">Lecci\u00f3n 13\u00aa. <i>Jean-Paul Sartre<\/i>. Su existencialismo. Ontolog\u00eda fenomenol\u00f3gica existencial. Etica existencialista.<\/span><\/p>\n<p style=\"padding-left: 40px;\"><span style=\"font-size: 10pt;\">Lecci\u00f3n 14\u00aa. <i>Gabriel Marcel<\/i>. Y el tema de la funcionalizaci\u00f3n del hombre.<\/span><\/p>\n<p style=\"padding-left: 40px;\"><span style=\"font-size: 10pt;\">Lecci\u00f3n 15\u00aa. <i>Mart\u00edn Heidegger.<\/i> La anal\u00edtica existencial. Anal\u00edtica existencial y ontolog\u00eda. Los existenciales. El ser-en-el-mundo: disposici\u00f3n y comprensi\u00f3n. La cura. Propiedad e impropiedad. La temporalidad. La historia.<\/span><\/p>\n<p style=\"padding-left: 40px;\"><span style=\"font-size: 10pt;\">Lecci\u00f3n 16\u00aa. <i>Martin Heidegger <\/i>(continuaci\u00f3n). El \u00abreverso\u00bb de la anal\u00edtica existencial. Iluminaci\u00f3n por el Ser. Verdad del Ser. Destinaci\u00f3n del hombre. \u00daltimas perspectivas del pensamiento de Heidegger.<\/span><\/p>\n<p style=\"padding-left: 40px;\"><span style=\"font-size: 10pt;\">Lecci\u00f3n 17\u00aa. <i>Nicola Abbagnano<\/i>: su \u00abexistencialismo positivo\u00bb.<\/span><\/p>\n<p style=\"padding-left: 40px;\"><span style=\"font-size: 10pt;\">Lecci\u00f3n 18\u00aa.<i> Ortega y Gasset<\/i>: elementos existencialistas en su filosof\u00eda.<\/span><\/p>\n<p>Obs\u00e9rvese las dos lecciones dedicadas a Heidegger.<\/p>\n<p>Muchos de los autores y temas incluidos en este programa fueron desarrollados por Sacrist\u00e1n en el art\u00edculo suyo que cita en la bibliograf\u00eda: \u00abLa filosof\u00eda desde la terminaci\u00f3n de la II Guerra Mundial hasta 1958\u00bb (<i>Papeles de filosof\u00eda,<\/i> pp. 90-219).<\/p>\n<p>El texto del que hablamos de cerraba con una nota y una indicaci\u00f3n bibliogr\u00e1fica. La nota:<\/p>\n<p style=\"padding-left: 40px;\"><span style=\"font-size: 10pt;\">Este programa puede prepararse con cualesquiera lecturas. Los cinco temas de introducci\u00f3n no son objeto de examen. Tampoco son vinculatorios los ep\u00edgrafes de cada lecci\u00f3n, sino solo el r\u00f3tulo de cada una, o sea, su tema general.<\/span><\/p>\n<p>Pod\u00eda ser \u00fatil, a\u00f1ad\u00eda, la lectura de los siguientes estudios o de algunos de ellos, aparte de cualquier historia de la filosof\u00eda.<\/p>\n<p style=\"padding-left: 40px;\"><span style=\"font-size: 10pt;\">I. M. Bochenski, <i>La filosof\u00eda actual<\/i>, FCE.<\/span><\/p>\n<p style=\"padding-left: 40px;\"><span style=\"font-size: 10pt;\">Frederick Copleston, S.I. <i>Filosof\u00eda contempor\u00e1nea,<\/i> Herder.<\/span><\/p>\n<p style=\"padding-left: 40px;\"><span style=\"font-size: 10pt;\">E. Br\u00e9hier, <i>Los temas actuales de la filosof\u00eda<\/i>, Taurus.<\/span><\/p>\n<p style=\"padding-left: 40px;\"><span style=\"font-size: 10pt;\">Manuel Sacrist\u00e1n, \u00abLa filosof\u00eda desde la terminaci\u00f3n de la segunda guerra mundial hasta 1958\u00bb, en el Ap\u00e9ndice 1957-1958 de la <i>Enciclopedia Espasa<\/i>.<\/span><\/p>\n<p style=\"padding-left: 40px;\"><span style=\"font-size: 10pt;\">Weinberg,<i> Examen del positivismo l\u00f3gico<\/i>, Aguilar.<\/span><\/p>\n<p style=\"padding-left: 40px;\"><span style=\"font-size: 10pt;\">A. De Waelhens, <i>La filosof\u00eda de Martin Heidegger<\/i>, CSIC.<\/span><\/p>\n<p style=\"padding-left: 40px;\"><span style=\"font-size: 10pt;\">J. Ferrater Mora, <i>Ortega y Gasset<\/i>, Seix-Barral.<\/span><\/p>\n<p><b>IV. Fundamentos de filosof\u00eda, 1959-1960.<\/b><\/p>\n<p>Son los apuntes de su primer a\u00f1o en la Facultad de Ciencias Pol\u00edticas, Econ\u00f3micas y Comerciales. Fueron editados, en formato libro, por la Cooperativa Universitaria de Barcelona en 1959 (El profesor Gerard Mar\u00edn Plana tuvo la delicadeza de regalarme un ejemplar, detalle que nunca agradecer\u00e9 suficientemente).<\/p>\n<p>Son diecisiete las lecciones de este curso. No hay ning\u00fan apartado dedicado a cosmolog\u00eda u ontolog\u00eda. El grueso sigue siendo el apartado de l\u00f3gica (ocho lecciones). El apartado de metodolog\u00eda est\u00e1 compuesto de una \u00fanica lecci\u00f3n y son cinco las lecciones del apartado de gnoseolog\u00eda (como en los otros cursos).<\/p>\n<p>La introducci\u00f3n presenta el siguiente desarrollo:<\/p>\n<p style=\"padding-left: 40px;\"><span style=\"font-size: 10pt;\">Lecci\u00f3n 1\u00aa. Sobre el uso del t\u00e9rmino \u00abfilosof\u00eda\u00bb.<\/span><\/p>\n<p style=\"padding-left: 40px;\"><span style=\"font-size: 10pt;\">Lecci\u00f3n 2\u00aa. Origen hist\u00f3rico de la filosof\u00eda.<\/span><\/p>\n<p style=\"padding-left: 40px;\"><span style=\"font-size: 10pt;\">Lecci\u00f3n 3\u00aa. Sistem\u00e1tica de la filosof\u00eda.<b> <\/b>1. los temas de los primeros fil\u00f3sofos. 2. El origen de la ciencia europea en Grecia. 3. El nuevo concepto de filosof\u00eda. 4. La sistem\u00e1tica de la filosof\u00eda cl\u00e1sica. 5. Los tipos de universalidad filos\u00f3fica.<\/span><\/p>\n<p>Con una \u00abNota sobre la sistem\u00e1tica de este curso de Fundamentos de filosof\u00eda (1959\/1960)\u00bb finaliza este apartado, nota en la que Sacrist\u00e1n justificaba el contenido del curso:<\/p>\n<p style=\"padding-left: 40px;\"><span style=\"font-size: 10pt;\">Si se lanza una ojeada de conjunto al proceso hist\u00f3rico de la tem\u00e1tica de la filosof\u00eda, se comprueba que los problemas tratados por ella pueden clasificarse as\u00ed: 1. Problemas metaf\u00edsicos. 2. Problemas referentes al conocimiento. 3. Problemas referentes a la realidad f\u00edsica. 4. Problemas referentes al hombre.<\/span><\/p>\n<p style=\"padding-left: 40px;\"><span style=\"font-size: 10pt;\">Como ser\u00eda un objetivo desmesurado intentar estudiar en un \u00fanico curso de Fundamentos de Filosof\u00eda toda esa enciclopedia hist\u00f3rica, nuestro programa tiene que practicar una selecci\u00f3n. Desde cierto punto de vista, las materias filos\u00f3ficas m\u00e1s interesantes para estudiantes de ciencias sociales son las del punto 4. Sin embargo, las del punto 2 son previas a todas las dem\u00e1s. Son tambi\u00e9n de gran inter\u00e9s para el estudioso de ciencias sociales a consecuencia del gran desarrollo t\u00e9cnico de algunas de estas ciencias \u2013la teor\u00eda econ\u00f3mica, por ejemplo. Las materias del punto 2 dan las armas para proceder cient\u00edficamente en cualquier terreno y discuten adem\u00e1s cuestiones referentes a la idea misma de ciencia. La metodolog\u00eda y la teor\u00eda del conocimiento deben por ejemplo informar sobre problemas tan candentes hoy como los siguientes: \u00bfson las ciencias sociales verdaderas ciencias? \u00bfSe diferencian esencialmente de las de la naturaleza?, etc.<\/span><\/p>\n<p>As\u00ed pues, las materias de los puntos 2 (\u00abProblemas referente al conocimiento\u00bb) y 4 (\u00abProblemas referentes al hombre\u00bb) eran las m\u00e1s interesantes para estudiosos de ciencias sociales. Constitu\u00edan sin embargo un temario demasiado amplio para un \u00fanico curso. Por eso el programa se limitaba, despu\u00e9s de la introducci\u00f3n, al estudio de las cuestiones del punto 2, sin negar el inter\u00e9s filos\u00f3fico de los problemas vinculados al punto 4, los problemas referente al ser humano, que Sacrist\u00e1n no concreta en esta ocasi\u00f3n.<\/p>\n<p>En los apuntes de este curso hay una interesante reflexi\u00f3n sobre la filosof\u00eda en la primera lecci\u00f3n, con referencias a las relaciones entre la filosof\u00eda y las ciencias sociales. Un resumen:<\/p>\n<p>Para toda persona que no est\u00e9 especialmente dedicada a su estudio, la filosof\u00eda se presenta como un determinado producto cultural que se encuentra con otros muchos en la sociedad en que esa persona viva. \u00abFilosof\u00eda\u00bb, \u00abf\u00edsica\u00bb, \u00abgeometr\u00eda\u00bb, \u00abpintura\u00bb, \u00abpoes\u00eda\u00bb, etc. eran elementos del tesoro cultural que la humanidad hab\u00eda ido acumulando y que pon\u00eda a disposici\u00f3n de cada generaci\u00f3n para que esta lo asimilara y lo acrecentara. Un individuo pod\u00eda sentirse o no inclinado a estudiar la filosof\u00eda, igual que pod\u00eda ser aficionado a la poes\u00eda o no serlo. Pero este no era el caso, de todos modos, cuando la persona en cuesti\u00f3n era un estudiante de las facultades de ciencias pol\u00edticas y econ\u00f3micas, el cual se encontraba con la filosof\u00eda como \u00abasignatura\u00bb. Esta circunstancia pod\u00eda ofrecer una pista para empezar a precisar la noci\u00f3n de filosof\u00eda.<\/p>\n<p>Los elementos que compon\u00edan el acervo cultural de la humanidad pod\u00edan clasificarse en dos grandes grupos: \u00abel grupo de aquellos que aportan principalmente conocimientos y el grupo de aquellos otros principalmente encaminados a satisfacer necesidades de otro tipo -de organizaci\u00f3n, por ejemplo, como el estado, que tambi\u00e9n es un producto de cultura, o necesidades est\u00e9ticas como el arte, etc.\u00bb<\/p>\n<p>El primer grupo podr\u00eda llamarse \u00abgrupo de los productos culturales cient\u00edficos\u00bb, usando esta \u00faltima palabra en un sentido muy amplio. A este grupo pertenec\u00eda la filosof\u00eda. Por eso pod\u00eda ser una \u00abasignatura\u00bb en un programa de estudios. Las creaciones culturales no cient\u00edficas \u2013la pintura, por ejemplo\u2013 pod\u00edan <i>dar lugar <\/i>a \u00abasignaturas\u00bb, pero no lo eran ellas propiamente; se pod\u00eda estudiar cient\u00edficamente la historia de la pintura, o su t\u00e9cnica en un determinado pintor o \u00e9poca, y esos temas pod\u00edan ser \u00abasignaturas\u00bb, temas para ense\u00f1ar y aprender. Pero pintar no lo era; \u00abpintar no es <i>principalmente<\/i> aprender ni ense\u00f1ar, aunque lo pintado pueda ense\u00f1ar cosas acerca del hombre y hasta del mundo\u00bb.<\/p>\n<p>Esta \u00faltima observaci\u00f3n permit\u00eda inferir que la distinci\u00f3n entre productos culturales de conocimiento, cient\u00edficos, y productos culturales de otro tipo \u2013art\u00edsticos, por ejemplo\u2013 no deb\u00eda ser tomada en un sentido absoluto. \u00abEl arte puede tambi\u00e9n descubrir y ense\u00f1ar. Lo que ocurre es que no tiene por objeto principal y directo esas actividades\u00bb. Tambi\u00e9n, a la inversa, pod\u00eda satisfacer una inclinaci\u00f3n est\u00e9tica un buen libro de f\u00edsica o una elegante demostraci\u00f3n matem\u00e1tica. Pero su objetivo principal no era la producci\u00f3n de ese efecto.<\/p>\n<p>Admitiendo la distinci\u00f3n con flexibilidad y prudencia, pod\u00eda ser conservada para establecer una primera precisi\u00f3n: \u00ab<i>la filosof\u00eda es un producto cultural de tipo cient\u00edfico o cognoscitivo<\/i>\u00bb.<\/p>\n<p>No obstante, la filosof\u00eda revelaba prontamente diferencias apreciables respecto de los dem\u00e1s \u00abproductos culturales cient\u00edficos\u00bb, respecto de las ciencias. El estudioso de ciencias sociales pod\u00eda hacerse cargo de ello con un breve \u00abexperimento mental\u00bb: \u00absi pasando revista a todas las ciencias de nuestra enciclopedia universitaria se plantea ante cada una de ellas la pregunta de si es \u00fatil para el futuro soci\u00f3logo o economista, o si se trata en cambio de un estudio inoportuno para \u00e9l, llegar\u00e1 siempre, con m\u00e1s o menos trabajo, a una respuesta clara\u00bb. Estudiar cristalograf\u00eda por ejemplo (John D. Bernal estar\u00eda en la mente de Sacrist\u00e1n en esta ilustraci\u00f3n. Habl\u00f3 de \u00e9l en su art\u00edculo enciclop\u00e9dico sobre filosof\u00eda hasta 1958 en el apartado dedicado al marxismo; tambi\u00e9n en \u00abAl pie del Sina\u00ed rom\u00e1ntico\u00bb), pod\u00eda ser \u00fatil a toda persona desde el punto de vista de la cultura general, de su formaci\u00f3n personal, etc. \u00abPero no se ve en qu\u00e9 puede ser \u00fatil a una persona <i>en cuanto<\/i> economista o soci\u00f3logo. En cambio, se aprecia en seguida la utilidad de la matem\u00e1tica o de la geograf\u00eda en el caso indicado\u00bb.<\/p>\n<p>Y la filosof\u00eda, \u00bfera \u00fatil el estudio de la filosof\u00eda para un economista en tanto que economista? \u00abAqu\u00ed seguramente ser\u00e1n defendibles contestaciones diversas, m\u00e1s variables que cuando se discute el caso de una ciencia. Y es muy natural que se vacile al intentar responder a esa pregunta, por el hecho entre otros de que, a diferencia de lo que ocurre en las ciencias, no hay entre los fil\u00f3sofos un acuerdo general acerca de lo que es filosof\u00eda\u00bb. Y no disponiendo de un concepto preciso y universalmente admitido de la disciplina se hac\u00eda casi imposible contestar categ\u00f3ricamente la pregunta.<\/p>\n<p>Un tipo de ense\u00f1anza filos\u00f3fica elemental como el que era entonces com\u00fan en los pa\u00edses anglosajones, \u00abense\u00f1anza protagonizada por la l\u00f3gica y la metodolog\u00eda\u00bb, ten\u00eda sin duda cierto inter\u00e9s \u00abpara el <i>te\u00f3rico<\/i>, economista o soci\u00f3logo, como para todo cient\u00edfico que aspirara a comprender su ciencia con sistema y teor\u00eda, en vez de ser un mero emp\u00edrico, un pr\u00e1ctico\u00bb. Lo mismo pod\u00eda decirse de toda filosof\u00eda que tuviera un sentimiento esencialmente metodol\u00f3gico. En cambio, una filosof\u00eda que se interesara principalmente por temas mucho m\u00e1s lejanos de las ciencias sociales y naturales, \u00abuna filosof\u00eda, por ejemplo, que considere que el verdadero conocimiento filos\u00f3fico es de la naturaleza de la poes\u00eda, como ocurre en el existencialismo alem\u00e1n contempor\u00e1neo\u00bb, dif\u00edcilmente ser\u00eda \u00fatil al economista <i>en tanto que<\/i> economista.<\/p>\n<p>Pero ocurr\u00eda que tan diversos objetos eran todos ellos filosof\u00eda en el siglo XX: \u00abfil\u00f3sofos son los neopositivistas Ayer o Hempel, en Inglaterra y Am\u00e9rica respectivamente, y el existencialista Jaspers o el metaf\u00edsico existencial Heidegger en Alemania\u00bb. As\u00ed, pues, los fil\u00f3sofos no pod\u00edan ayudar gran cosa a resolver r\u00e1pidamente la cuesti\u00f3n de si la filosof\u00eda era o no un estudio \u00fatil para el economista. Pero, en todo caso, \u00abtodos esos hechos ponen de relieve una clara diferencia entre las ciencias y esa otra ocupaci\u00f3n \u201ccient\u00edfica\u201d, cognoscitiva que es la filosof\u00eda\u00bb.<\/p>\n<p>El lenguaje cotidiano y no-cient\u00edfico utilizaba por su cuenta la voz \u00abfilosof\u00eda\u00bb y otras derivadas de ella, como el adjetivo \u00abfilos\u00f3fico\u00bb o el adverbio \u00abfilos\u00f3ficamente\u00bb. Como generalmente ocurr\u00eda en el lenguaje vivo y natural, \u00absusceptible sin duda de enquistarse en lugares comunes, pero tambi\u00e9n capaz de expresar muchos matices delicadamente percibidos\u00bb, esas palabras ten\u00edan en \u00e9l sentidos varios y cambiantes. \u00abPero seguramente puede decirse que uno de los sentidos m\u00e1s frecuentes de \u201cfilos\u00f3fico\u201d es el de \u201cdif\u00edcil, abstracto, profundo, muy general\u201d. Ese sentido se manifiesta en expresiones como \u201ceso es demasiado filos\u00f3fico\u201d, \u201cno se ponga usted a hacer disquisiciones filos\u00f3ficas\u201d, etc\u00bb.<\/p>\n<p>Otro sentido importante que val\u00eda la pena considerar era el que ten\u00edan esas palabras en frases como \u00abse tom\u00f3 la desgracia muy filos\u00f3ficamente\u00bb, \u00abtuvo una reacci\u00f3n muy filos\u00f3fica\u00bb, \u00abcontest\u00f3 con calma y filosof\u00eda\u00bb, etc. En todos esos contextos significaban esas palabras una <i>renuncia<\/i>: \u00abrenuncia a luchar, por ejemplo, contra un fracaso que se toma \u201cfilos\u00f3ficamente\u201d, o renuncia al menos a reaccionar impulsivamente contra una ofensa \u2013\u201ccontest\u00f3 con calma y filosof\u00eda\u201d\u2013, etc. Pero estaba claro que no era lo mismo decir \u201cX se tom\u00f3 la ofensa con mucha filosof\u00eda\u201d que decir \u201cX se aguant\u00f3\u201d, por cobard\u00eda o por cualquier otra causa. En esa \u201crenuncia filos\u00f3fica\u201d el lenguaje com\u00fan ve algo especial\u00bb.<\/p>\n<p>La \u00abrenuncia filos\u00f3fica\u00bb se basaba en dar poca importancia al hecho que motivaba la reacci\u00f3n, no en \u00abaguantarse\u00bb concedi\u00e9ndole mucha importancia. \u00bfEn qu\u00e9 se basa esa \u00abrenuncia filos\u00f3fica\u00bb, ese filos\u00f3fico quitar importancia a los hechos particulares? El esp\u00edritu del lenguaje cotidiano contestar\u00eda: el \u00abfil\u00f3sofo\u00bb da poca importancia a las cosas particulares porque las ve desde lejos; el \u00abfil\u00f3sofo\u00bb tiene unas ideas generales sobre todas las cosas, y no da mucha importancia a una sola de ellas, sino que pone cada cosa en relaci\u00f3n con las dem\u00e1s.<\/p>\n<p>Ese rasgo de la generalidad, la universalidad, la totalidad de la actitud filos\u00f3fica, era en efecto caracter\u00edstico. Filos\u00f3fico, se\u00f1ala Sacrist\u00e1n, era interesarse por el todo de las cosas y verlas todas desde ese todo. Tan caracter\u00edsticamente filos\u00f3fico era ese rasgo que permit\u00eda interpretar otro sentido del uso de la palabra \u00abfilosof\u00eda\u00bb en el habla cotidiana, sentido aparentemente contradictorio del de la renuncia: \u00abcomo es sabido, S\u00f3crates, el fil\u00f3sofo ateniense del siglo V a.n.e., muri\u00f3 condenado por sus ideas\u00bb. Lo mismo hab\u00eda ocurrido a otros fil\u00f3sofos en el curso de la historia. \u00abPues bien: se encuentra muy natural en un fil\u00f3sofo el que acepte morir por sus ideas. Un fil\u00f3sofo contempor\u00e1neo, Karl Jaspers, ha cre\u00eddo incluso poder determinar con ese hecho la conducta filos\u00f3fica\u00bb. Jaspers hab\u00eda sostenido que el hecho de que Giordano Bruno y Galileo Galilei reaccionaran a principios del siglo XVII de modos contradictorios ante el problema de renegar de sus ideas o morir (Bruno no reneg\u00f3 y pereci\u00f3; Galileo reneg\u00f3 y se salv\u00f3) se explicaba porque Bruno reaccion\u00f3 como fil\u00f3sofo, y Galileo como f\u00edsico y astr\u00f3nomo. (Sacrist\u00e1n volver\u00eda tiempo despu\u00e9s sobre esta distinci\u00f3n de Jaspers desde una perspectiva cr\u00edtica; v\u00e9ase \u00abUn problema para tesina de filosof\u00eda\u00bb, 1967, o su conferencia del mismo a\u00f1o sobre \u00abBruno y Galileo\u00bb).<\/p>\n<p>Podr\u00eda sin duda interpretarse esa conducta filos\u00f3fica como renuncia a saber, como renuncia a la vida. Pero seguramente se penetraba m\u00e1s profundamente en ella \u00abinterpret\u00e1ndola como una inconmovible negativa a renunciar al propio filosofar\u00bb. Tambi\u00e9n este caso aparentemente contrapuesto al de la renuncia pod\u00eda interpretarse por el car\u00e1cter total, absorbente, de la conducta filos\u00f3fica: \u00abel fil\u00f3sofo no puede renunciar a ning\u00fan elemento de su pensamiento. Su pensamiento filos\u00f3fico, su filosof\u00eda, es algo tan total e indivisible que constituye o dirige incluso su vida moral\u00bb. El fil\u00f3sofo pod\u00eda renunciar a muchas cosas porque estas carec\u00edan de importancia vistas desde esa instancia \u00faltima y total que era la filosof\u00eda; pero no pod\u00eda renunciar a su pensamiento filos\u00f3fico.<\/p>\n<p>El car\u00e1cter universal y total del saber filos\u00f3fico explicaba por qu\u00e9 era dif\u00edcil decidir si su estudio es \u00fatil o impertinente para un economista, para un soci\u00f3logo en general. \u00abDe una ocupaci\u00f3n intelectual de naturaleza tan general puede en efecto el estudioso de ciencias sociales esperar dos cosas: que trate de problemas te\u00f3ricos muy generales y por tanto b\u00e1sicos a toda ciencia, y que trate de problemas pr\u00e1cticos (morales) tambi\u00e9n fundamentales\u00bb. Y estos \u00faltimos, la orientaci\u00f3n en los ideales y en las aspiraciones, eran de gran importancia en ciencias que ten\u00edan por objeto la sociedad humana. Pero, por otra parte, \u00abcomo el estudio filos\u00f3fico es de suma generalidad, no puede en cambio esperarse de \u00e9l una ayuda inmediata y directa en la tarea cient\u00edfica\u00bb. En este doble aspecto del asunto arraigaba la vacilaci\u00f3n que pod\u00eda sentir la persona dedicada a las ciencias sociales ante la pregunta: \u00bfdebo o no debo leer filosof\u00eda? \u00abEn todo caso, por lo que hace a nuestra aproximaci\u00f3n al concepto de filosof\u00eda, puede sin duda mantenerse este resultado: <i>la filosof\u00eda es un saber <\/i>(<i>o una investigaci\u00f3n<\/i>)<i> de car\u00e1cter sumamente general y total<\/i>\u00bb<i>, <\/i>tan total que compromet\u00eda y dominaba tambi\u00e9n la vida moral de la persona que la profesaba.<\/p>\n<p>Ese criterio bastaba para distinguir la filosof\u00eda de las ciencias particulares, todas ellas definidas por un objetivo limitado (\u00abo por un modo de consideraci\u00f3n del mundo, por un <i>objeto formal<\/i>\u00bb). No servir\u00eda en cambio sin m\u00e1s para distinguirla de la religi\u00f3n, pues tambi\u00e9n la religi\u00f3n era un saber de ultimidades y un saber total que domina la moral del creyente. \u00abPero la distinci\u00f3n entre filosof\u00eda y religi\u00f3n \u2013una distinci\u00f3n elemental, por lo menos\u2013 no es en principio demasiado dif\u00edcil: la religi\u00f3n tiene en la fe y en la tradici\u00f3n su soporte y su veh\u00edculo\u00bb. La filosof\u00eda, por el contrario, se basaba en el pensamiento racional y cr\u00edtico, y se transmit\u00eda por ense\u00f1anza de datos y problemas m\u00e1s que por adhesi\u00f3n de quien aprende a las ideas de quien ense\u00f1a. \u00abEsa adhesi\u00f3n puede producirse, pero no es el objetivo capital de la ense\u00f1anza filos\u00f3fica\u00bb. En la l\u00ednea de lo que sostendr\u00e1 Sacrist\u00e1n a\u00f1os despu\u00e9s, como hemos comentado, \u00abaprender filosof\u00eda es sobre todo aprender a filosofar y ense\u00f1arla ense\u00f1ar a filosofar\u00bb.<\/p>\n<p>La ultimidad, la generalidad, la totalidad del saber filos\u00f3fico daban lugar a un tipo de conducta intelectual distinto del de las ciencias, asunto pr\u00e1cticamente aceptado por todos los fil\u00f3sofos. En cambio, \u00abhay entre las diversas escuelas filos\u00f3ficas discrepancias notables a la hora de precisar m\u00e1s la naturaleza de esa peculiaridad de la filosof\u00eda\u00bb. Cuando se contemplaban esas discrepancias, no se pod\u00eda evitar la preocupaci\u00f3n siguiente: \u00ab\u00bfno recubrir\u00e1 la palabra \u201cfilosof\u00eda\u201d actividades intelectuales diversas? Como la voz \u201cfilosof\u00eda\u201d tiene una tradici\u00f3n de m\u00e1s de veinte siglos, puede en efecto haber ocurrido algo semejante. Puede por ejemplo darse que en el curso de la historia haya cambiado el concepto de filosof\u00eda, y que en un mismo siglo existan diversas concepciones de la misma\u00bb.<\/p>\n<p>Todo producto de la historia deb\u00eda ser considerado hist\u00f3ricamente. La filosof\u00eda no pod\u00eda hacer, no pod\u00eda ser una excepci\u00f3n, sobre todo si se consideraba la aludida discrepancia turbadora entre los mismos fil\u00f3sofos acerca del concepto de la disciplina que cultivaban.<\/p>\n<p><b>V. Otros cursos de Fundamentos de Filosof\u00eda. <\/b><\/p>\n<p>No se editaron o no han llegado hasta nosotros los apuntes desarrollados de otros cursos de Fundamentos de Filosof\u00eda; s\u00ed, en cambio, algunos programas.<\/p>\n<p>Uno de esos programas, no fechado, es el de \u2018Fundamentos de Filosof\u00eda para estudiantes de ciencias pol\u00edticas, econ\u00f3micas y comerciales\u2019. M\u00e1s pensado para estudiantes de ciencias econ\u00f3micas y pol\u00edticas, es un programa extenso. Son 38 lecciones esta vez, divididas en tres partes: I. Filosof\u00eda y ciencias sociales. II. Elementos de teor\u00eda de las ciencias sociales. III. Elementos de l\u00f3gica formal, m\u00e1s un apartado de \u00abLecturas recomendadas\u00bb.<\/p>\n<p>Componen la primera parte cinco lecciones (similares a las de otros a\u00f1os):<\/p>\n<p style=\"padding-left: 40px;\"><span style=\"font-size: 10pt;\">1. Los significados del t\u00e9rmino \u00abfilosof\u00eda\u00bb en el lenguaje cotidiano.<\/span><\/p>\n<p style=\"padding-left: 40px;\"><span style=\"font-size: 10pt;\">2. Los or\u00edgenes de la filosof\u00eda occidental.<\/span><\/p>\n<p style=\"padding-left: 40px;\"><span style=\"font-size: 10pt;\">3. El contenido de la filosof\u00eda en su historia.<\/span><\/p>\n<p style=\"padding-left: 40px;\"><span style=\"font-size: 10pt;\">4. Sistem\u00e1tica de la filosof\u00eda contempor\u00e1nea.<\/span><\/p>\n<p style=\"padding-left: 40px;\"><span style=\"font-size: 10pt;\">5. Filosof\u00eda y ciencias sociales.<\/span><\/p>\n<p>La segunda parte (con novedades importantes) est\u00e1 dividida en los apartados: a) Los m\u00e9todos cient\u00edficos generales. b) Cuestiones cr\u00edticas. c) La naturaleza de la teor\u00eda cient\u00edfico-social.<\/p>\n<p>El apartado a) lo forman dos lecciones:<\/p>\n<p style=\"padding-left: 40px;\"><span style=\"font-size: 10pt;\">6. Sentidos de la palabra \u00abm\u00e9todo\u00bb. El campo de la metodolog\u00eda general.<\/span><\/p>\n<p style=\"padding-left: 40px;\"><span style=\"font-size: 10pt;\">7. Abstracci\u00f3n. Inducci\u00f3n. Deducci\u00f3n. An\u00e1lisis y s\u00edntesis en el razonamiento.<\/span><\/p>\n<p>El apartado b agrupa ocho lecciones:<\/p>\n<p style=\"padding-left: 40px;\"><span style=\"font-size: 10pt;\">8. El problema de la naturaleza de los estudios sociales. Las filosof\u00edas vitalistas y su idea de la comprensi\u00f3n hist\u00f3rica.<\/span><\/p>\n<p style=\"padding-left: 40px;\"><span style=\"font-size: 10pt;\">9. La abstracci\u00f3n y las ciencias sociales.<\/span><\/p>\n<p style=\"padding-left: 40px;\"><span style=\"font-size: 10pt;\">10. La inducci\u00f3n y las ciencias sociales.<\/span><\/p>\n<p style=\"padding-left: 40px;\"><span style=\"font-size: 10pt;\">11. La deducci\u00f3n y las ciencias sociales.<\/span><\/p>\n<p style=\"padding-left: 40px;\"><span style=\"font-size: 10pt;\">12. El problema de la normatividad. Los valores.<\/span><\/p>\n<p style=\"padding-left: 40px;\"><span style=\"font-size: 10pt;\">13. La objetividad en las ciencias sociales.<\/span><\/p>\n<p style=\"padding-left: 40px;\"><span style=\"font-size: 10pt;\">14. La doctrina de la \u00abcomprensi\u00f3n\u00bb: consideraci\u00f3n cr\u00edtica.<\/span><\/p>\n<p style=\"padding-left: 40px;\"><span style=\"font-size: 10pt;\">15. La naturaleza cient\u00edfica de los estudios sociales.<\/span><\/p>\n<p>Son tambi\u00e9n ocho las lecciones del apartado c:<\/p>\n<p style=\"padding-left: 40px;\"><span style=\"font-size: 10pt;\">16. Individuo y estructura como objeto de la investigaci\u00f3n social.<\/span><\/p>\n<p style=\"padding-left: 40px;\"><span style=\"font-size: 10pt;\">17. La teor\u00eda cient\u00edfico-natural como tipo cl\u00e1sico de teor\u00eda.<\/span><\/p>\n<p style=\"padding-left: 40px;\"><span style=\"font-size: 10pt;\">18. Diversas clases de teoremas.<\/span><\/p>\n<p style=\"padding-left: 40px;\"><span style=\"font-size: 10pt;\">19. El uso de las leyes de tipo cl\u00e1sico en las ciencias sociales. Teor\u00edas y modelos.<\/span><\/p>\n<p style=\"padding-left: 40px;\"><span style=\"font-size: 10pt;\">20. El uso de las leyes probabil\u00edsticas en las ciencias sociales.<\/span><\/p>\n<p style=\"padding-left: 40px;\"><span style=\"font-size: 10pt;\">21. El uso de las leyes de tendencia en las ciencias sociales.<\/span><\/p>\n<p style=\"padding-left: 40px;\"><span style=\"font-size: 10pt;\">22. La naturaleza hist\u00f3rica de las ciencias sociales.<\/span><\/p>\n<p style=\"padding-left: 40px;\"><span style=\"font-size: 10pt;\">23. Ciencias sociales y pr\u00e1ctica social.<\/span><\/p>\n<p>Componen la tercera parte del programa, la dedicada a la l\u00f3gica y asuntos filos\u00f3ficos anexos, las quince lecciones siguientes:<\/p>\n<p style=\"padding-left: 40px;\"><span style=\"font-size: 10pt;\">24. Concepto de l\u00f3gica formal.<\/span><\/p>\n<p style=\"padding-left: 40px;\"><span style=\"font-size: 10pt;\">25. La consideraci\u00f3n l\u00f3gica del discurso. Sintaxis, sem\u00e1ntica y pragm\u00e1tica. Las propiedades l\u00f3gicas del discurso.<\/span><\/p>\n<p style=\"padding-left: 40px;\"><span style=\"font-size: 10pt;\">26. Los diversos grados de an\u00e1lisis del discurso.<\/span><\/p>\n<p style=\"padding-left: 40px;\"><span style=\"font-size: 10pt;\">27. La l\u00f3gica proposicional: semi\u00f3tica.<\/span><\/p>\n<p style=\"padding-left: 40px;\"><span style=\"font-size: 10pt;\">28. L\u00f3gica proposicional: deducci\u00f3n.<\/span><\/p>\n<p style=\"padding-left: 40px;\"><span style=\"font-size: 10pt;\">29. L\u00f3gica proposicional: procedimientos decisorios.<\/span><\/p>\n<p style=\"padding-left: 40px;\"><span style=\"font-size: 10pt;\">30. Algebra de Boole. El silogismo categ\u00f3rico.<\/span><\/p>\n<p style=\"padding-left: 40px;\"><span style=\"font-size: 10pt;\">31. L\u00f3gica de predicados: semi\u00f3tica.<\/span><\/p>\n<p style=\"padding-left: 40px;\"><span style=\"font-size: 10pt;\">32. L\u00f3gica de predicados: deducci\u00f3n.<\/span><\/p>\n<p style=\"padding-left: 40px;\"><span style=\"font-size: 10pt;\">33. L\u00f3gica de predicados: cuestiones de consistencia, completud y decidibilidad.<\/span><\/p>\n<p style=\"padding-left: 40px;\"><span style=\"font-size: 10pt;\">34. Elementos de l\u00f3gica de clases.<\/span><\/p>\n<p style=\"padding-left: 40px;\"><span style=\"font-size: 10pt;\">35. Elementos de l\u00f3gica de relaciones.<\/span><\/p>\n<p style=\"padding-left: 40px;\"><span style=\"font-size: 10pt;\">36. Importancia de la l\u00f3gica de relaciones para las ciencias sociales: el concepto formal de estructura.<\/span><\/p>\n<p style=\"padding-left: 40px;\"><span style=\"font-size: 10pt;\">37. An\u00e1lisis formal de la inducci\u00f3n y consecuencias filos\u00f3ficas del mismo.<\/span><\/p>\n<p style=\"padding-left: 40px;\"><span style=\"font-size: 10pt;\">38. Los l\u00edmites del formalismo.<\/span><\/p>\n<p>Por lo se\u00f1alado en la lecci\u00f3n 33\u00aa es posible que Sacrist\u00e1n intentara una aproximaci\u00f3n a los teoremas de limitaci\u00f3n de G\u00f6del, su segundo tema de investigaci\u00f3n, con la probable direcci\u00f3n de Hans Hermes, durante su estancia en el Instituto de l\u00f3gica matem\u00e1tica de M\u00fcnster.<\/p>\n<p>Sacrist\u00e1n inclu\u00eda una nota aclaratoria sobre la \u00faltima parte del programa: \u00abLa parte III del programa es de estudio voluntario y no se exige en ex\u00e1menes.\u00bb<\/p>\n<p>Las lecturas recomendadas fueron las siguientes:<\/p>\n<p style=\"padding-left: 40px;\"><span style=\"font-size: 10pt;\">Textos de consulta para la parte I: W. Dilthey, <i>Historia de la filosof\u00eda<\/i> (M\u00e9xico, FCE). E. Br\u00e9hier, <i>Historia de la filosof\u00eda<\/i> (Madrid, Revista de Occidente). R, Mondolfo,<i> El pensamiento antiguo<\/i> (Buenos Aires, Ed. Losada). B. Russell, <i>Los problemas de la filosof\u00eda<\/i> (Barcelona, Ed. Labor).<\/span><\/p>\n<p>Fueron varias las aproximaciones de Sacrist\u00e1n a la obra del gran matem\u00e1tico y fil\u00f3sofo brit\u00e1nico. (V\u00e9ase <a href=\"https:\/\/espai-marx.net\/?p=18043\">https:\/\/espai-marx.net\/?p=18043<\/a>.)<\/p>\n<p>Para la preparaci\u00f3n de la parte II: Q. Gibson, <i>The logic of social enquiry<\/i> (Londres, 1959), con la siguiente observaci\u00f3n: \u00abHay traducci\u00f3n castellana deficiente y con erratas importantes: <i>La l\u00f3gica de la investigaci\u00f3n social<\/i>, Madrid, Editorial Tecnos, 1961.\u00bb<\/p>\n<p>Los textos de consulta y ampliaci\u00f3n de la parte III eran los siguientes:<\/p>\n<p style=\"padding-left: 40px;\"><span style=\"font-size: 10pt;\">W. V. Quine,<i> El sentido de la nueva l\u00f3gica<\/i> (Buenos Aires, Ed. Nueva Versi\u00f3n), W. V. Quine, <i>Los m\u00e9todos de la l\u00f3gica<\/i> (Barcelona, Ariel), D. Hilbert-W. Ackermann, <i>Elementos de l\u00f3gica te\u00f3rica<\/i> (Madrid, Tecnos)<\/span><\/p>\n<p>En 1962, recordemos, Sacrist\u00e1n tradujo, present\u00f3 y anot\u00f3 <i>Los m\u00e9todos de la l\u00f3gica<\/i> para la editorial Ariel; tambi\u00e9n <i>Desde un punto de vista<\/i> <i>l\u00f3gico. <\/i>V\u00e9ase <a href=\"https:\/\/espai-marx.net\/?p=17806\">https:\/\/espai-marx.net\/?p=17806<\/a>.<\/p>\n<p>Una nota sobre el libro de Hilbert y Ackermann. En un comentario suyo de 1978 sobre Gabriel Ferrater, observaba Sacrist\u00e1n:<\/p>\n<p style=\"padding-left: 40px;\"><span style=\"font-size: 10pt;\">S\u00ed, era muy esencial en todo. El que dejara las cosas a medio hacer no quiere decir que no fuera esencial. Recuerdo que, cuando \u00e9l empezaba a interesarse por la l\u00f3gica, le dej\u00e9 un ejemplar de la primera edici\u00f3n del tratado de Hilbert-Ackermann, que ya entonces era un rareza bibliogr\u00e1fica. Yo acababa de conseguirlo en anticuariado y todav\u00eda no lo hab\u00eda abierto. Cuando me lo devolvi\u00f3, Gabriel hab\u00eda corregido cuidadosamente las erratas. La impresi\u00f3n de que fuera superficial porque dejaba cosas a medio hacer es enga\u00f1osa. Gabriel era concienzudo, y esta condici\u00f3n no siempre es favorable para el curriculum.<\/span><\/p>\n<p>Nos han llegado tambi\u00e9n unas notas manuscritas suyas sobre algunas de las lecciones de este curso (v\u00e9ase anexo 1).<\/p>\n<p>En abril de 1962, el que ser\u00eda ese mismo a\u00f1o opositor a la c\u00e1tedra de l\u00f3gica de la Universidad de Valencia escribi\u00f3 unas \u00abObservaciones acerca de la propuesta asignatura \u2018L\u00f3gica y teor\u00eda del conocimiento cient\u00edfico&#8217;\u00bb. La primera observaci\u00f3n llevaba por t\u00edtulo: \u00abAcerca de la orientaci\u00f3n general\u00bb:<\/p>\n<p style=\"padding-left: 40px;\"><span style=\"font-size: 10pt;\">1.1. Parece obvio que el contenido de la disciplina tiene que orientarse con preferencia hacia la problem\u00e1tica epistemol\u00f3gica de las ciencias sociales (lo que no excluye introducci\u00f3n de conceptos generales, dado el nivel de cultura general de parte de los alumnos). Por ello podr\u00eda tal vez optarse por un t\u00edtulo m\u00e1s expl\u00edcito, ya moderno -como, p.e., \u00abL\u00f3gica y teor\u00eda de la ciencia social\u00bb, o \u00abL\u00f3gica y filosof\u00eda de las ciencias sociales\u00bb- ya m\u00e1s tradicional \u2013 como, p.e., \u00abL\u00f3gica y metodolog\u00eda de las ciencias sociales\u00bb. No obstante, lo decisivo es el contenido y no el r\u00f3tulo.<\/span><\/p>\n<p style=\"padding-left: 40px;\"><span style=\"font-size: 10pt;\">1.2. Para que esta disciplina tenga toda su eficacia, la ense\u00f1anza general en primero debe complementarse con cursos monogr\u00e1ficos o seminarios para alumnos de 3\u00ba, 4\u00ba y 5\u00ba. La materia da tambi\u00e9n tem\u00e1tica aplicada digna de cursos monogr\u00e1ficos de doctorado (Naturaleza y l\u00edmites de la formalizaci\u00f3n, Teor\u00eda axiom\u00e1tica, Discusi\u00f3n de las varias nociones de modelo, etc).<\/span><\/p>\n<p>La segunda observaci\u00f3n se titulaba \u00abAcerca del contenido mismo\u00bb:<\/p>\n<p style=\"padding-left: 40px;\"><span style=\"font-size: 10pt;\">2.1. L\u00f3gica formal.<\/span><\/p>\n<p style=\"padding-left: 40px;\"><span style=\"font-size: 10pt;\">2.1.1. L\u00f3gica elemental (introducci\u00f3n anal\u00edtica, l\u00f3gica proposicional, l\u00f3gica de predicados, excurso sobre la silog\u00edstica aristot\u00e9lica, l\u00f3gica de clases, l\u00f3gica de relaciones \u2013de especial importancia, por el concepto <i>formal<\/i> de estructura, para estudiantes de ciencias sociales).<\/span><\/p>\n<p style=\"padding-left: 40px;\"><span style=\"font-size: 10pt;\">2.1.2. Metal\u00f3gicas (Metal\u00f3gica en general \u2013sintaxis, sem\u00e1ntica, pragm\u00e1tica\u2013; estudio al menos \u2013si no demostraci\u00f3n en primer curso\u2013 de los principales teoremas metal\u00f3gicos: <i>Deduktionenstheorem<\/i>, teoremas de G\u00f6del y de Church\u2013; tal vez estudio especial de la pragm\u00e1tica, porque, aunque disciplina naciente, es de especial inter\u00e9s para estudiosos de ciencias sociales).<\/span><\/p>\n<p style=\"padding-left: 40px;\"><span style=\"font-size: 10pt;\">2.2. Teor\u00eda de las ciencias sociales (o Metodolog\u00eda de las ciencias sociales, o \u2013tal como est\u00e1 previsto\u2013 Teor\u00eda del conocimiento cient\u00edfico, pero aplicado a las ciencias sociales).<\/span><\/p>\n<p style=\"padding-left: 40px;\"><span style=\"font-size: 10pt;\">2.2.1. Temas cl\u00e1sicos de metodolog\u00eda general (empezando por cuestiones elementales, habida cuenta de la presencia en primer curso de estudiantes sin ninguna lectura epistemolog\u00eda previa).<\/span><\/p>\n<p style=\"padding-left: 40px;\"><span style=\"font-size: 10pt;\">2.2.2. Parte cr\u00edtica (estudio de las escuelas filos\u00f3ficas que han sostenido o bien la inaccesibilidad cient\u00edfica de los temas humanos, o bien la existencia en cuestiones sociol\u00f3gicas de un tipo de conocimiento esencialmente distinto del que se da en otras ciencias: \u00abcomprensi\u00f3n\u00bb rickertiana, etc).<\/span><\/p>\n<p style=\"padding-left: 40px;\"><span style=\"font-size: 10pt;\">El objeto de 2.2.2. tiene que ser llegar a una conclusi\u00f3n acerca de la naturaleza cient\u00edfica de los estudios sociales en la teor\u00eda moderna.<\/span><\/p>\n<p style=\"padding-left: 40px;\"><span style=\"font-size: 10pt;\">2.2.3. Parte sistem\u00e1tica (Estudio \u2013lo m\u00e1s concreto y aplicado y ejemplificado posible\u2013 del juego de los actos, elementos o \u00abpasos\u00bb metodol\u00f3gicos generales en las ciencias sociales; clases de leyes cient\u00edficas \u2013causales, cl\u00e1sicas, etc.\u2013 y su uso en ciencias sociales; discusi\u00f3n de la noci\u00f3n de modelo en sus varias sentidos, etc).<\/span><\/p>\n<p style=\"padding-left: 40px;\"><span style=\"font-size: 10pt;\">2.2.4. Cuestiones metacient\u00edficas (tema general: el alcance y los l\u00edmites del conocimiento sociol\u00f3gico. Ciencias sociales e historia. Ciencias sociales y pr\u00e1ctica social).<\/span><\/p>\n<p>Salvo error por mi parte, la asignatura no lleg\u00f3 a implementarse finalmente. Algunos de los temas indicados ya estaban incluidos en los apartados de Fundamentos.<\/p>\n<p>El programa de Fundamentos de filosof\u00eda (para estudiantes de Ciencias Sociales) del curso 1962-1963, el m\u00e1s extenso, consta de 49 lecciones, divididas en una Introducci\u00f3n y tres partes: L\u00f3gica formal, Metodolog\u00eda general y Problemas metodol\u00f3gicos generales de las ciencias sociales (de nuevo, seg\u00fan el libro de Quentin Gibson, <i>The Logic of Social Enquiry<\/i>).<\/p>\n<p>La Introducci\u00f3n lleva por t\u00edtulo: \u00abFilosof\u00eda y ciencias sociales\u00bb. Son cuatro lecciones:<\/p>\n<p style=\"padding-left: 40px;\"><span style=\"font-size: 10pt;\">Lecci\u00f3n 1\u00aa. <b>Sobre los usos del t\u00e9rmino \u00abfilosof\u00eda\u00bb<\/b> en el lenguaje com\u00fan y el acad\u00e9mico.<\/span><\/p>\n<p style=\"padding-left: 40px;\"><span style=\"font-size: 10pt;\">Lecci\u00f3n 2\u00aa. <b>El nacimiento de la filosof\u00eda<\/b>. Caracteres de la visi\u00f3n del mundo de las antiguas culturas orientales. La filosof\u00eda griega. Origen de la filosof\u00eda y origen de la ciencia.<\/span><\/p>\n<p style=\"padding-left: 40px;\"><span style=\"font-size: 10pt;\">Lecci\u00f3n 3\u00aa. <b>El contenido de la filosof\u00eda en su historia <\/b>(sistem\u00e1tica filos\u00f3fica hist\u00f3rica). Los temas de los primeros fil\u00f3sofos griegos. La sistem\u00e1tica aristot\u00e9lica. Los temas de la filosof\u00eda medieval. La sistem\u00e1tica de Wolf. La crisis de la sistem\u00e1tica cl\u00e1sica. Filosof\u00eda, ciencia y pr\u00e1ctica.<\/span><\/p>\n<p style=\"padding-left: 40px;\"><span style=\"font-size: 10pt;\">Lecci\u00f3n 4\u00aa. <b>Filosof\u00eda y ciencias sociales<\/b>. La reflexi\u00f3n sobre la sociedad en los or\u00edgenes de la filosof\u00eda. La especulaci\u00f3n filos\u00f3fico-social en la tradici\u00f3n filos\u00f3fica. La filosof\u00eda y la constituci\u00f3n de als ciencias sociales como disciplinas positivas.<\/span><\/p>\n<p>La parte primera est\u00e1 dedicada a la l\u00f3gica formal. Veintiocho lecciones, con la siguiente estructura:<\/p>\n<p style=\"padding-left: 40px;\"><span style=\"font-size: 10pt;\"><b> a) Elementos de an\u00e1lisis l\u00f3gico.<\/b><\/span><br \/>\n<span style=\"font-size: 10pt;\">Lecci\u00f3n 5\u00aa. <b>Noci\u00f3n de la l\u00f3gica formal<\/b>. Los significados del t\u00e9rmino \u00abl\u00f3gica\u00bb. Noci\u00f3n de lo l\u00f3gico-formal: la forma l\u00f3gica. Forma l\u00f3gica y conocimiento f\u00e1ctico.<\/span><\/p>\n<p style=\"padding-left: 40px;\"><span style=\"font-size: 10pt;\">Lecci\u00f3n 6\u00aa. <b>Concepto de formalizaci\u00f3n<\/b>. Categor\u00edas sint\u00e1cticas. An\u00e1lisis y s\u00edntesis en el m\u00e9todo de la l\u00f3gica. El medio ling\u00fc\u00edstico. El lenguaje formalizado.<\/span><\/p>\n<p style=\"padding-left: 40px;\"><span style=\"font-size: 10pt;\">Las categor\u00edas sint\u00e1cticas; constantes, variables, par\u00e1metros, esquemas, proposiciones y enunciados.<\/span><\/p>\n<p style=\"padding-left: 40px;\"><span style=\"font-size: 10pt;\">Lecci\u00f3n 7\u00aa. <b>Sincategoremas, o signos impropios<\/b>. Concepto general. Conectivas, enlaces o conexiones. Operadores.<\/span><\/p>\n<p style=\"padding-left: 40px;\"><span style=\"font-size: 10pt;\">Lecci\u00f3n 8\u00aa. <b>Las funciones l\u00f3gicas<\/b>. Introducci\u00f3n de la idea de funci\u00f3n en l\u00f3gica. El concepto de funci\u00f3n. Funciones proposicionales. Funciones y conectivas.<\/span><\/p>\n<p style=\"padding-left: 40px;\"><span style=\"font-size: 10pt;\">Lecci\u00f3n 9\u00aa. <b>Sintaxis l\u00f3gica<\/b>. Concepto. Sintaxis general y especial. El algoritmo l\u00f3gico; la base primitiva; elementos constituidos; efectividad.<\/span><\/p>\n<p style=\"padding-left: 40px;\"><span style=\"font-size: 10pt;\">Lecci\u00f3n 10\u00aa. <b>Sem\u00e1ntica l\u00f3gica<\/b>. Concepto. Sem\u00e1ntica especial y general. El lenguaje formalizado. Conceptos de interpretaci\u00f3n y modelo. El concepto sem\u00e1ntico de verdad.<\/span><\/p>\n<p style=\"padding-left: 40px;\"><span style=\"font-size: 10pt;\"><b> b) El sistema de la l\u00f3gica elemental o l\u00f3gica en sentido estricto<\/b>.<\/span><\/p>\n<p style=\"padding-left: 40px;\"><span style=\"font-size: 10pt;\"><b> 1. L\u00f3gica proposicional<\/b><\/span><\/p>\n<p style=\"padding-left: 40px;\"><span style=\"font-size: 10pt;\">Lecci\u00f3n 11\u00aa. <b>La l\u00f3gica proposicional como primer nivel de an\u00e1lisis del discurso.<\/b> Elementos semi\u00f3ticos. Interpretaci\u00f3n sem\u00e1ntica.<\/span><\/p>\n<p style=\"padding-left: 40px;\"><span style=\"font-size: 10pt;\">Lecci\u00f3n 12\u00aa. <b>Dualidad<\/b>. Leyes de De Morgan.<\/span><\/p>\n<p style=\"padding-left: 40px;\"><span style=\"font-size: 10pt;\">Lecci\u00f3n 13\u00aa. <b>Reductibilidad de las 5 funciones veritativas de <\/b><i><b>Principia Mathematica<\/b><\/i><b>.<\/b> Formas normales de la l\u00f3gica proposicional.<\/span><\/p>\n<p style=\"padding-left: 40px;\"><span style=\"font-size: 10pt;\">Lecci\u00f3n 14\u00aa. <b>Decidibilidad de la l\u00f3gica proposicional<\/b>. M\u00e9todo de las tablas veritativas. M\u00e9todo de las formas normales. El an\u00e1lisis veritativo-funcional de Quine.<\/span><\/p>\n<p style=\"padding-left: 40px;\"><span style=\"font-size: 10pt;\">Lecci\u00f3n 15\u00aa.<b> Formulaci\u00f3n axiom\u00e1tica de la l\u00f3gica proposicional.<\/b><\/span><\/p>\n<p style=\"padding-left: 40px;\"><span style=\"font-size: 10pt;\">Lecci\u00f3n 16\u00aa. <b>Aplicaciones de la l\u00f3gica proposicional.<\/b><\/span><\/p>\n<p style=\"padding-left: 40px;\"><span style=\"font-size: 10pt;\"><b> 2. La l\u00f3gica de predicados de primer grado.<\/b><\/span><\/p>\n<p style=\"padding-left: 40px;\"><span style=\"font-size: 10pt;\">Lecci\u00f3n 17\u00aa. <b>La l\u00f3gica de predicados como segundo nivel de an\u00e1lisis del discurso.<\/b> Elementos semi\u00f3ticos. L\u00f3gica de predicados de primer grado y de segundo grado. Los cuantificadores. Cuestiones sem\u00e1nticas.<\/span><\/p>\n<p style=\"padding-left: 40px;\"><span style=\"font-size: 10pt;\">Lecci\u00f3n 18\u00aa. <b>Dualidad.<\/b> Formas normales de la l\u00f3gica de predicados.<\/span><\/p>\n<p style=\"padding-left: 40px;\"><span style=\"font-size: 10pt;\">Lecci\u00f3n 19\u00aa. <b>Formulaci\u00f3n axiom\u00e1tica de la l\u00f3gica de predicados de primer grado<\/b>.<\/span><\/p>\n<p style=\"padding-left: 40px;\"><span style=\"font-size: 10pt;\"><b> 3. El c\u00e1lculo de la inferencia natural (c\u00e1lculo de Gentzen y Quine).<\/b><\/span><\/p>\n<p style=\"padding-left: 40px;\"><span style=\"font-size: 10pt;\">Lecci\u00f3n 20\u00aa. <b>Motivaci\u00f3n y estructura del c\u00e1lculo de la inferencia natural.<\/b> Concepciones de la inferencia deductiva: resoluci\u00f3n, inferencia a partir de axiomas, composici\u00f3n a partir de premisas o supuestos. El concepto de deducci\u00f3n \u00abnatural\u00bb. Principios del c\u00e1lculo de Gentzen.<\/span><\/p>\n<p style=\"padding-left: 40px;\"><span style=\"font-size: 10pt;\">Lecci\u00f3n 21\u00aa. <b>Reglas l\u00f3gico-proposicionales.<\/b><\/span><\/p>\n<p style=\"padding-left: 40px;\"><span style=\"font-size: 10pt;\">Lecci\u00f3n 22\u00aa. <b>Reglas l\u00f3gico-predicativas<\/b>.<\/span><\/p>\n<p style=\"padding-left: 40px;\"><span style=\"font-size: 10pt;\"><b> 4. Propiedades del sistema de la l\u00f3gica elemental<\/b><\/span><\/p>\n<p style=\"padding-left: 40px;\"><span style=\"font-size: 10pt;\">Lecci\u00f3n 23\u00aa. <b>Conceptos de consistencia, completud y decidibilidad<\/b>. Su relevancia para la teor\u00eda de la ciencia.<\/span><\/p>\n<p style=\"padding-left: 40px;\"><span style=\"font-size: 10pt;\">Lecci\u00f3n 24\u00aa. <b>Consistencia del sistema de la l\u00f3gica elemental.<\/b><\/span><\/p>\n<p style=\"padding-left: 40px;\"><span style=\"font-size: 10pt;\">Lecci\u00f3n 25\u00aa. <b>Completud del sistema de la l\u00f3gica elemental.<\/b><\/span><\/p>\n<p style=\"padding-left: 40px;\"><span style=\"font-size: 10pt;\">Lecci\u00f3n 26\u00aa. <b>Indecidibilidad de la l\u00f3gica de predicados.<\/b><\/span><\/p>\n<p style=\"padding-left: 40px;\"><span style=\"font-size: 10pt;\"><b> 5. Ap\u00e9ndice<\/b><\/span><\/p>\n<p style=\"padding-left: 40px;\"><span style=\"font-size: 10pt;\">Lecci\u00f3n 27\u00aa. <b>Incompletud de la l\u00f3gica de predicados de segundo grado<\/b>. Consecuencias epistemol\u00f3gicas.<\/span><\/p>\n<p style=\"padding-left: 40px;\"><span style=\"font-size: 10pt;\"><b> c) Elementos de l\u00f3gica de clases y relaciones, o l\u00f3gica en sentido amplio.<\/b><\/span><\/p>\n<p style=\"padding-left: 40px;\"><span style=\"font-size: 10pt;\">Lecci\u00f3n 28\u00aa. <b>Nociones de l\u00f3gica de clases<\/b>. Las relaciones de pertenencia e inclusi\u00f3n. Abstracci\u00f3n. Identidad.<\/span><\/p>\n<p style=\"padding-left: 40px;\"><span style=\"font-size: 10pt;\">Lecci\u00f3n 29\u00aa.<b> Algebra de clases.<\/b><\/span><\/p>\n<p style=\"padding-left: 40px;\"><span style=\"font-size: 10pt;\">Lecci\u00f3n 30\u00aa. <b>Nociones de l\u00f3gica de relaciones<\/b>. Abstracci\u00f3n relacional. Terminolog\u00eda. Relaci\u00f3n y funci\u00f3n. Car\u00e1cter fundamental de la noci\u00f3n de relaci\u00f3n.\u00a0El concepto formal de estructura.<\/span><\/p>\n<p style=\"padding-left: 40px;\"><span style=\"font-size: 10pt;\"><b> d) Ap\u00e9ndice<\/b><\/span><\/p>\n<p style=\"padding-left: 40px;\"><span style=\"font-size: 10pt;\">Lecci\u00f3n 31\u00aa. <b>Los l\u00edmites entre la l\u00f3gica y la matem\u00e1tica.<\/b> La noci\u00f3n de n\u00famero.<\/span><\/p>\n<p style=\"padding-left: 40px;\"><span style=\"font-size: 10pt;\">Lecci\u00f3n 32\u00aa. <b>La l\u00f3gica formal y los aspectos materiales y dial\u00e9ctica del conocimiento<\/b>. Verdad formal y verdad material. Estructura formal y proceso de conocimiento.<\/span><\/p>\n<p>La segunda parte del programa estaba dedicada a la Metodolog\u00eda general, cinco lecciones en total<\/p>\n<p style=\"padding-left: 40px;\"><span style=\"font-size: 10pt;\">Lecci\u00f3n 33\u00aa. <b>Los sentidos del t\u00e9rminos \u00abm\u00e9todo\u00bb.<\/b> M\u00e9todo teor\u00e9tico y m\u00e9todo pr\u00e1ctico. M\u00e9todo hermen\u00e9utico y m\u00e9todo did\u00e1ctico. M\u00e9todo en sentido filos\u00f3ficamente relevante y m\u00e9todo en sentido t\u00e9cnico.<\/span><\/p>\n<p style=\"padding-left: 40px;\"><span style=\"font-size: 10pt;\">Lecci\u00f3n 34\u00aa.<b> La deducci\u00f3n<\/b>. Concepto tradicional. El silogismo categ\u00f3rico aristot\u00e9lico. Concepto l\u00f3gico-formal. La deducci\u00f3n en el conocimiento cient\u00edfico.<\/span><\/p>\n<p style=\"padding-left: 40px;\"><span style=\"font-size: 10pt;\">Lecci\u00f3n 35\u00aa. <b>La inducci\u00f3n<\/b>. Concepto tradicional. El concepto de reducci\u00f3n. Inducci\u00f3n \u00abcompleta\u00bb e \u00abincompleta\u00bb. El fundamento de la inducci\u00f3n.<\/span><\/p>\n<p style=\"padding-left: 40px;\"><span style=\"font-size: 10pt;\">Lecci\u00f3n 36\u00aa. <b>La hip\u00f3tesis y el m\u00e9todo hipot\u00e9tico-deductivo<\/b>. Deducci\u00f3n e inducci\u00f3n en el m\u00e9todo cient\u00edfico. La analog\u00eda. La hip\u00f3tesis. El m\u00e9todo hipot\u00e9tico-deductivo.<\/span><\/p>\n<p style=\"padding-left: 40px;\"><span style=\"font-size: 10pt;\">Lecci\u00f3n 37\u00aa. <b>La llamada \u00abintuici\u00f3n\u00bb y el m\u00e9todo cient\u00edfico.<\/b> Sentidos del t\u00e9rmino \u00abintuici\u00f3n\u00bb. Papel de la imaginaci\u00f3n, la memoria y el entrenamiento en el trabajo cient\u00edfico. Teor\u00edas irracionalistas de la \u00abintuici\u00f3n\u00bb: la <i>intuition<\/i> de Bergson y la empat\u00eda y comprensi\u00f3n vivencial de Dilthey y Rickert.<\/span><\/p>\n<p>La parte tercera, \u2018Problemas metodol\u00f3gicos generales de las ciencias sociales\u2019 (de nuevo seg\u00fan el libro de Quentin Gibson <i>The Logic of Social Enquiry<\/i>), constaba de 12 lecciones.<\/p>\n<p style=\"padding-left: 40px;\"><span style=\"font-size: 10pt;\"><b> a) Posturas anticient\u00edficas sobre la investigaci\u00f3n social<\/b><\/span><\/p>\n<p style=\"padding-left: 40px;\"><span style=\"font-size: 10pt;\">Lecci\u00f3n 38\u00aa. <b>La cr\u00edtica de la abstracci\u00f3n.<\/b><\/span><\/p>\n<p style=\"padding-left: 40px;\"><span style=\"font-size: 10pt;\">Lecci\u00f3n 39\u00aa. <b>La cr\u00edtica de la generalizaci\u00f3n<\/b>.<\/span><\/p>\n<p style=\"padding-left: 40px;\"><span style=\"font-size: 10pt;\">Lecci\u00f3n 40\u00aa. <b>Evidencia emp\u00edrica y comprensi\u00f3n simp\u00e1tica<\/b><\/span><\/p>\n<p style=\"padding-left: 40px;\"><span style=\"font-size: 10pt;\">Lecci\u00f3n 41\u00aa. <b>Hechos y valores.<\/b><\/span><\/p>\n<p style=\"padding-left: 40px;\"><span style=\"font-size: 10pt;\">Lecci\u00f3n 42\u00aa. <b>La negaci\u00f3n de la objetividad.<\/b><\/span><\/p>\n<p style=\"padding-left: 40px;\"><span style=\"font-size: 10pt;\"><b>b) Peculiaridades l\u00f3gicas de la investigaci\u00f3n social<\/b><\/span><\/p>\n<p style=\"padding-left: 40px;\"><span style=\"font-size: 10pt;\">Lecci\u00f3n 43\u00aa. <b>Psicolog\u00eda y ciencias sociales.<\/b><\/span><\/p>\n<p style=\"padding-left: 40px;\"><span style=\"font-size: 10pt;\">Lecci\u00f3n 44\u00aa. <b>El uso de las leyes lineales en ciencias sociales.<\/b><\/span><\/p>\n<p style=\"padding-left: 40px;\"><span style=\"font-size: 10pt;\">Lecci\u00f3n 45\u00aa. <b>El uso de las postulados de oportunidad<\/b>.<\/span><\/p>\n<p style=\"padding-left: 40px;\"><span style=\"font-size: 10pt;\">Lecci\u00f3n 46\u00aa. <b>El uso de los postulados de tendencia.<\/b><\/span><\/p>\n<p style=\"padding-left: 40px;\"><span style=\"font-size: 10pt;\">Lecci\u00f3n 47\u00aa. <b>El supuesto de la racionalidad.<\/b><\/span><\/p>\n<p style=\"padding-left: 40px;\"><span style=\"font-size: 10pt;\">Lecci\u00f3n 48\u00aa. <b>El estudio de la historia.<\/b><\/span><\/p>\n<p style=\"padding-left: 40px;\"><span style=\"font-size: 10pt;\">Lecci\u00f3n 49\u00aa. <b>Investigaci\u00f3n social y pr\u00e1ctica social.<\/b><\/span><\/p>\n<p>No ha llegado hasta nosotros documentaci\u00f3n del programa del curso de 1963-1964. S\u00ed, el del curso siguiente.<\/p>\n<p>Son 35 las elecciones del programa de Fundamentos de filosof\u00eda del curso 1964-1965 (el a\u00f1o acad\u00e9mico en el que escribi\u00f3 sus dos libros de l\u00f3gica), el \u00faltimo que pudo impartir antes de su primera expulsi\u00f3n (BPS, rector Garc\u00eda Valdecasas) v\u00eda no renovaci\u00f3n de su contrato laboral. Est\u00e1n divididas en tres apartados: a) Introducci\u00f3n. b) Elementos de l\u00f3gica y an\u00e1lisis formal. c) Cuestiones metodol\u00f3gicas de las ciencias sociales.<\/p>\n<p>El programa se abre con una advertencia: \u00abLas lecciones impresas en este programa en letra peque\u00f1a son de preparaci\u00f3n voluntaria; no se exigen en el examen\u00bb. Se distinguen aqu\u00ed con las siglas NOEX; son diez en total. El programa quedaba reducido a 25 lecciones, las exigidas en la prueba.<\/p>\n<p style=\"padding-left: 80px;\"><span style=\"font-size: 10pt;\">Lecci\u00f3n 1\u00aa [NOEX]. <i>Diversas significaciones del t\u00e9rmino \u00abfilosof\u00eda\u00bb.<\/i> Algunas acepciones corrientes de los t\u00e9rminos \u00abfilosof\u00eda\u00bb, \u00abfilos\u00f3fico\u00bb, \u00abfilos\u00f3ficamente\u00bb, etc. Su justificaci\u00f3n por la historia de la filosof\u00eda. Notas morales, notas intelectuales y cambio hist\u00f3rico en el concepto de filosof\u00eda.<\/span><\/p>\n<p style=\"padding-left: 80px;\"><span style=\"font-size: 10pt;\">Lecci\u00f3n 2\u00aa [NOEX]. <i>Filosof\u00eda y ciencia<\/i>. Nacimiento de la filosof\u00eda y la ciencia griegas. La independizaci\u00f3n y las ciencias positivas. La fundamentaci\u00f3n de las ciencias.<\/span><\/p>\n<p style=\"padding-left: 80px;\"><span style=\"font-size: 10pt;\">Lecci\u00f3n 3\u00aa [NOEX]. <i>Las concepciones de la filosof\u00eda en la actualidad<\/i>. Conservaci\u00f3n del concepto tradicional de filosof\u00eda; su sistem\u00e1tica. Filosof\u00eda como concepci\u00f3n del mundo. Filosof\u00eda como cr\u00edtica. Filosof\u00eda y filosofar.<\/span><\/p>\n<p style=\"padding-left: 80px;\"><span style=\"font-size: 10pt;\">Las elecciones del apartado b) son diecisiete.<\/span><\/p>\n<p style=\"padding-left: 80px;\"><span style=\"font-size: 10pt;\"><b> Parte primera: La la l\u00f3gica formal y las ciencias reales. Categor\u00edas l\u00f3gicas.<\/b><\/span><\/p>\n<p style=\"padding-left: 80px;\"><span style=\"font-size: 10pt;\">Lecci\u00f3n 4\u00aa. <i>Noci\u00f3n de la l\u00f3gica formal<\/i>. C\u00f3mo se caracteriza una ciencia. La abstracci\u00f3n b\u00e1sica de la l\u00f3gica formal. La forma l\u00f3gica. Esquemas. Verdad formal. Esquemas finales. La l\u00f3gica formal como ciencia o teor\u00eda. Sentido de las verdades formales. La l\u00f3gica como arte o t\u00e9cnica.<\/span><\/p>\n<p style=\"padding-left: 80px;\"><span style=\"font-size: 10pt;\">Lecci\u00f3n 5\u00aa [NOEX].<i> La l\u00f3gica formal en la investigaci\u00f3n de fundamentos<\/i>. La cuesti\u00f3n de los fundamentos. La \u00abcrisis de fundamentos\u00bb de las ciencias. Aspectos materiales y formales de una crisis de fundamentos. La estructura de las teor\u00edas. La precisi\u00f3n del objeto formal de una teor\u00eda. La utilidad heur\u00edstica de la investigaci\u00f3n de fundamentos.<\/span><\/p>\n<p style=\"padding-left: 80px;\"><span style=\"font-size: 10pt;\">Lecci\u00f3n 6\u00aa. <i>El ideal del lenguaje bien hecho<\/i>. Las paradojas de la teor\u00eda de conjuntos. Lenguajes \u00abmal hechos\u00bb. La paradoja de Epim\u00e9nides. Lenguajes \u00abbien hechos\u00bb. C\u00e1lculos formales y lenguajes formalizados. Metalenguaje. La investigaci\u00f3n de fundamentos en l\u00f3gica. Sintaxis y sem\u00e1ntica. Los l\u00edmites del programa algor\u00edtmico. Los frutos del programa algor\u00edtmico.<\/span><\/p>\n<p style=\"padding-left: 80px;\"><span style=\"font-size: 10pt;\">Lecci\u00f3n 7\u00aa. <i>Las categor\u00edas l\u00f3gicas.<\/i> An\u00e1lisis l\u00f3gico y categor\u00edas. Las categor\u00edas. Expresi\u00f3n, F\u00f3rmula, Enunciado. El nombre: la categor\u00eda Constante, Constantes l\u00f3gicas. La categor\u00eda Variable Los cuantificadores. Categor\u00edas compositivas o conjuntivas. Funciones l\u00f3gicas. Abstracci\u00f3n funcional.<\/span><\/p>\n<p style=\"padding-left: 80px;\"><span style=\"font-size: 10pt;\"><b> Parte segunda: El sistema de la l\u00f3gica elementales<\/b><\/span><\/p>\n<p style=\"padding-left: 80px;\"><span style=\"font-size: 10pt;\"><b> Secci\u00f3n primera: el lenguaje de la l\u00f3gica elemental<\/b>.<\/span><\/p>\n<p style=\"padding-left: 80px;\"><span style=\"font-size: 10pt;\">Lecci\u00f3n 8\u00aa. <i>La composici\u00f3n de enunciados. L\u00f3gica de enunciados.<\/i> Concepto de l\u00f3gica de enunciados. S\u00edmbolos elementales de la l\u00f3gica de enunciados. F\u00f3rmulas de la l\u00f3gica de enunciados. Esquematizaci\u00f3n de enunciados del lenguaje com\u00fan por f\u00f3rmulas de la l\u00f3gica de enunciados. La notaci\u00f3n de las funciones veritativas.<\/span><\/p>\n<p style=\"padding-left: 80px;\"><span style=\"font-size: 10pt;\">Lecci\u00f3n 9\u00aa. <i>La estructura de los enunciados at\u00f3micos<\/i>. La l\u00f3gica de predicados. Concepto de la l\u00f3gica de predicados. S\u00edmbolos elementales o primitivos de la l\u00f3gica de predicados. F\u00f3rmulas de la l\u00f3gica de predicados de primer orden. Esquematizaci\u00f3n de enunciados del lenguaje com\u00fan por f\u00f3rmulas de la l\u00f3gica de predicados de primer orden. La implicaci\u00f3n de la l\u00f3gica de predicados de primer orden. La constante \u00abI\u00bb.<\/span><\/p>\n<p style=\"padding-left: 80px;\"><span style=\"font-size: 10pt;\"><b> Secci\u00f3n segunda: C\u00e1lculos l\u00f3gicos elementales.<\/b><\/span><\/p>\n<p style=\"padding-left: 80px;\"><span style=\"font-size: 10pt;\">Lecci\u00f3n 10\u00aa. <i>Presentaci\u00f3n axiom\u00e1tica del c\u00e1lculo de predicados de primer orden.<\/i> El sistema axiom\u00e1tico. Nociones de demostraci\u00f3n, o derivaci\u00f3n y de teorema. Axiomas y esquemas axiom\u00e1ticos. Modelos isomorfos. Monomorfismo y polimorfismo. La idea de definici\u00f3n impl\u00edcita.<\/span><\/p>\n<p style=\"padding-left: 80px;\"><span style=\"font-size: 10pt;\">El sistema axiom\u00e1tico de Hilbert y Bernays para la l\u00f3gica elemental. La demostraci\u00f3n en el sistema axiom\u00e1tico.<\/span><\/p>\n<p style=\"padding-left: 80px;\"><span style=\"font-size: 10pt;\">Lecci\u00f3n 11\u00aa [NOEX]. <i>La deducci\u00f3n a partir de premisas<\/i>. Las tres concepciones de la argumentaci\u00f3n formal. Los problemas de la deducci\u00f3n natural. Las nociones de demostraci\u00f3n y teorema en el c\u00e1lculo de la deducci\u00f3n natural. Los dos g\u00e9neros de operaciones b\u00e1sicas del c\u00e1lculo de la deducci\u00f3n natural. Isomorf\u00eda de f\u00f3rmulas y sustituci\u00f3n de variables. El c\u00e1lculo de la deducci\u00f3n natural.<\/span><\/p>\n<p style=\"padding-left: 80px;\"><span style=\"font-size: 10pt;\">Lecci\u00f3n 12\u00aa [NOEX]. <i>T\u00e9cnica de la deducci\u00f3n natural<\/i>. Algunos teoremas. Algunos teoremas de la l\u00f3gica de enunciados. Algunos teoremas con cuantificadores.<\/span><\/p>\n<p style=\"padding-left: 80px;\"><span style=\"font-size: 10pt;\">Lecci\u00f3n 13\u00aa [NOEX]. Formas normales. Comparaci\u00f3n del sistema axiom\u00e1tico con el c\u00e1lculo de la deducci\u00f3n natural. Noci\u00f3n de forma formal. Normalizaci\u00f3n de los functores veritativos. -Normalizaci\u00f3n de los cuantificadores.<\/span><\/p>\n<p style=\"padding-left: 80px;\"><span style=\"font-size: 10pt;\">Justificaci\u00f3n de las formas normales en el sistema axiom\u00e1tico. Comparaci\u00f3n del sistema axiom\u00e1tico con el c\u00e1lculo de la deducci\u00f3n natural.<\/span><\/p>\n<p style=\"padding-left: 80px;\"><span style=\"font-size: 10pt;\">El teorema de deducci\u00f3n.<\/span><\/p>\n<p style=\"padding-left: 80px;\"><span style=\"font-size: 10pt;\"><b> Parte tercera: Limitaciones y alcance del c\u00e1lculo l\u00f3gico<\/b><\/span><\/p>\n<p style=\"padding-left: 80px;\"><span style=\"font-size: 10pt;\"><b> Secci\u00f3n primera: las limitaciones del c\u00e1lculo l\u00f3gico<\/b><\/span><\/p>\n<p style=\"padding-left: 80px;\"><span style=\"font-size: 10pt;\">Lecci\u00f3n 14\u00aa [NOEX]. <i>Rendimiento del c\u00e1lculo l\u00f3gico elemental<\/i>. Los metateoremas sobre el rendimiento. Consistencia del c\u00e1lculo l\u00f3gico elemental. Completitud del c\u00e1lculo l\u00f3gico elemental. La l\u00f3gica elemental y el programa algor\u00edtmico.<\/span><\/p>\n<p style=\"padding-left: 80px;\"><span style=\"font-size: 10pt;\">Lecci\u00f3n 15\u00aa [NOEX]. <i>La l\u00f3gica de predicados de primer orden y el teorema de incompletud de G\u00f6del<\/i>. La l\u00f3gica de predicados de orden superior. La g\u00f6delizaci\u00f3n. El teorema de incompletud de G\u00f6del. La significaci\u00f3n del teorema de incompletud de G\u00f6del para la teor\u00eda de la ciencia. El teorema de incompletud de G\u00f6del y el programa de Hilbert.<\/span><\/p>\n<p style=\"padding-left: 80px;\"><span style=\"font-size: 10pt;\">Lecci\u00f3n 16\u00aa [NOEX]. <i>Decidibilidad en la l\u00f3gica elemental<\/i>. Decibilidad de la l\u00f3gica de enunciados. La t\u00e9cnica de las tablas veritativas. Reducci\u00f3n del n\u00famero de funciones veritativas di\u00e1dicas. Uso de las formas normales como t\u00e9cnicas de decisi\u00f3n en la l\u00f3gica de enunciados. Decisi\u00f3n abreviada por \u00abreducci\u00f3n al absurdo\u00bb. Decidibilidad de las expresiones mon\u00e1dicas de la l\u00f3gica de predicados.<\/span><\/p>\n<p style=\"padding-left: 80px;\"><span style=\"font-size: 10pt;\"><b> Secci\u00f3n segunda: El alcance anal\u00edtico del c\u00e1lculo l\u00f3gico<\/b><\/span><\/p>\n<p style=\"padding-left: 80px;\"><span style=\"font-size: 10pt;\">Lecci\u00f3n 17\u00aa. <i>L\u00f3gica de clases<\/i>. El \u00e1lgebra de clases. La l\u00f3gica general de clases. Clase nula y clase universal. El principio de abstracci\u00f3n y la paradoja de Russell. Algunos conceptos fundamentales de la aritm\u00e9tica: n\u00fameros cardinales; pares ordenados. Morfolog\u00eda de la l\u00f3gica de clases.<\/span><\/p>\n<p style=\"padding-left: 80px;\"><span style=\"font-size: 10pt;\">Lecci\u00f3n 18\u00aa. <i>L\u00f3gica de relaciones<\/i>. Las propiedades poli\u00e1dicas como relaciones. Relaciones y clases. Functores de relaciones. Conversas. Productos y potencias relacionadas. Dominios y campo. Descripciones relacionales. Clases de relaciones di\u00e1dicas. Relaciones y clases de equivalencia. Univocidad. Isomorf\u00edas. Estructuras. Algunos conceptos matem\u00e1ticos fundamentales: n\u00famero cardinal; serie; funci\u00f3n.<\/span><\/p>\n<p style=\"padding-left: 80px;\"><span style=\"font-size: 10pt;\"><b> Parte cuarta: l\u00f3gica, formal y metodolog\u00eda<\/b><\/span><\/p>\n<p style=\"padding-left: 80px;\"><span style=\"font-size: 10pt;\">Lecci\u00f3n 19\u00aa. <i>La divisi\u00f3n y la definici\u00f3n.<\/i> L\u00f3gica formal y metodolog\u00eda. Noci\u00f3n metodol\u00f3gica de la divisi\u00f3n. Disyuntividad y exclusi\u00f3n mutua. El fundamento de una divisi\u00f3n.<\/span><\/p>\n<p style=\"padding-left: 80px;\"><span style=\"font-size: 10pt;\">Noci\u00f3n metodol\u00f3gica de la definici\u00f3n. Definiciones sint\u00e1cticas. Definiciones sem\u00e1nticas. Definiciones por abstracci\u00f3n.<\/span><\/p>\n<p style=\"padding-left: 80px;\"><span style=\"font-size: 10pt;\">Lecci\u00f3n 20\u00aa. <i>El an\u00e1lisis formal de la inducci\u00f3n<\/i>. El planteamiento cl\u00e1sico del problema de la inducci\u00f3n. El esquema reductivo de <em>\u0141ukasiewicz<\/em>. La relaci\u00f3n de inducci\u00f3n.<\/span><\/p>\n<p style=\"padding-left: 80px;\"><span style=\"font-size: 10pt;\">La posibilidad de una l\u00f3gica inductiva seg\u00fan Carnap. Descripciones de estado y \u00e1mbitos sem\u00e1nticos. Funciones l\u00f3gicas de medici\u00f3n. Funciones de confirmaci\u00f3n. Idea de una l\u00f3gica inductiva.<\/span><\/p>\n<p style=\"padding-left: 80px;\"><span style=\"font-size: 10pt;\"><b> C) Cuestiones metodol\u00f3gicas de las ciencias sociales (Seg\u00fan el libro de Quentin Gibson <\/b><i><b>La l\u00f3gica de la investigaci\u00f3n social<\/b><\/i><b>)<\/b><\/span><\/p>\n<p style=\"padding-left: 80px;\"><span style=\"font-size: 10pt;\">Lecci\u00f3n 21\u00aa. <i>Introducci\u00f3n. Caracterizaci\u00f3n del m\u00e9todo cient\u00edfico<\/i>.<\/span><\/p>\n<p style=\"padding-left: 80px;\"><span style=\"font-size: 10pt;\"><b> Parte primera: Posturas anticient\u00edficas en torno a la investigaci\u00f3n social<\/b><\/span><\/p>\n<p style=\"padding-left: 80px;\"><span style=\"font-size: 10pt;\">Lecci\u00f3n 22\u00aa. <i>La cr\u00edtica del la abstracci\u00f3n.<\/i> La multiplicidad de los rasgos. La unicidad de los acontecimientos sociales. Lo abstracto y lo concreto. Lo interno y lo externo. El m\u00e9todo alternativo.<\/span><\/p>\n<p style=\"padding-left: 80px;\"><span style=\"font-size: 10pt;\">Lecci\u00f3n 23\u00aa. <i>Cr\u00edtica de la generalizaci\u00f3n<\/i>. Tipos de postulados generales. Libertad. Cambio.<\/span><\/p>\n<p style=\"padding-left: 80px;\"><span style=\"font-size: 10pt;\">Lecci\u00f3n 24\u00aa. <i>Cr\u00edtica de la generalizaci\u00f3n (cont.)<\/i>.<\/span><\/p>\n<p style=\"padding-left: 80px;\"><span style=\"font-size: 10pt;\"><i>Prop\u00f3sitos.<\/i> La generalizaci\u00f3n en las explicaciones basadas en prop\u00f3sitos. Explicaciones basadas en la intenci\u00f3n. Explicaciones basadas en motivos. Explicaciones motivadas restringidas. Fuentes de confusi\u00f3n en materia de prop\u00f3sitos.<\/span><\/p>\n<p style=\"padding-left: 80px;\"><span style=\"font-size: 10pt;\"><i>Razones<\/i>. Razones basadas en creencias. Razones basadas en creencias racionales.<\/span><\/p>\n<p style=\"padding-left: 80px;\"><span style=\"font-size: 10pt;\">Lecci\u00f3n 25\u00aa. <i>Evidencia emp\u00edrica y conocimiento anal\u00f3gico<\/i>. La evidencia emp\u00edrica en las investigaciones sociales. Conocimiento anal\u00f3gico. El conocimiento a trav\u00e9s de la participaci\u00f3n. La significaci\u00f3n de las acciones. Identificaci\u00f3n imaginativa. Aprehensi\u00f3n intuitiva. Identificaci\u00f3n. La percepci\u00f3n social primaria.<\/span><\/p>\n<p style=\"padding-left: 80px;\"><span style=\"font-size: 10pt;\">Lecci\u00f3n 26\u00aa. <i>Hechos y valores<\/i>. La autonom\u00eda de la investigaci\u00f3n social. El uso expresivo de los t\u00e9rminos \u00e9ticos. La aceptaci\u00f3n naturalista de los t\u00e9rminos \u00e9ticos.<\/span><\/p>\n<p style=\"padding-left: 80px;\"><span style=\"font-size: 10pt;\">Confusi\u00f3n entre investigaciones sociales y \u00e9ticas. Cambios en el uso de los t\u00e9rminos \u00e9ticos y f\u00e1cticos. Fundamentaci\u00f3n f\u00e1ctica de los juicios \u00e9ticos.<\/span><\/p>\n<p style=\"padding-left: 80px;\"><span style=\"font-size: 10pt;\">Lecci\u00f3n 27\u00aa. <i>La negaci\u00f3n de la objetividad<\/i>. La importancia de esta negaci\u00f3n. Influencia que afecta a las creencias. La influencia de los motivos. La influencia de la costumbre. La influencia de la situaci\u00f3n social.<\/span><\/p>\n<p style=\"padding-left: 80px;\"><span style=\"font-size: 10pt;\">La estimaci\u00f3n de la objetividad. Consideraciones generales. Las pruebas individuales. La circularidad de la negaci\u00f3n de objetividad.<\/span><\/p>\n<p style=\"padding-left: 80px;\"><span style=\"font-size: 10pt;\"><b> Parte segunda: Peculiaridades l\u00f3gicas de la investigaci\u00f3n social<\/b><\/span><\/p>\n<p style=\"padding-left: 80px;\"><span style=\"font-size: 10pt;\">Lecci\u00f3n 28\u00aa. <i>Psicolog\u00eda y ciencias sociales<\/i>. La supuesta independencia de las investigaciones sociales. Los individuos y sus relaciones sociales. Los individuos y la estructura social: a) La condici\u00f3n de los \u00abhechos sociales\u00bb; b) el \u00abestatus\u00bb de las \u00ableyes sociales\u00bb. La supuesta dependencia de los investigadores sociales. La interdependencia de las investigaciones psicol\u00f3gicas y sociales.<\/span><\/p>\n<p style=\"padding-left: 80px;\"><span style=\"font-size: 10pt;\">Lecci\u00f3n 29\u00aa. <i>El uso de los postulados generales<\/i>: Introducci\u00f3n. Teor\u00edas. Cuestiones que hay que tratar.<\/span><\/p>\n<p style=\"padding-left: 80px;\"><span style=\"font-size: 10pt;\">Lecci\u00f3n 30\u00aa. <i>La utilizaci\u00f3n de las leyes deterministas<\/i>. Teor\u00edas compuestas con leyes. Limitaciones de la utilizaci\u00f3n de leyes y teor\u00edas compuestas de leyes.<\/span><\/p>\n<p style=\"padding-left: 80px;\"><span style=\"font-size: 10pt;\">Lecci\u00f3n 31\u00aa.<i> Utilizaci\u00f3n de leyes de azar.<\/i> Aplicaciones de leyes de probabilidad a casos particulares. Probabilidades crecientes. Tipos especiales de probabilidad. La precisi\u00f3n en las leyes de azar. Teor\u00edas y leyes de azar. Lo que no se puede hacer. Lo que se puede hacer.<\/span><\/p>\n<p style=\"padding-left: 80px;\"><span style=\"font-size: 10pt;\">Lecci\u00f3n 32\u00aa. <i>La utilizaci\u00f3n de leyes de tendencias<\/i>. Clases de leyes de tendencia. Teor\u00edas factoriales. Utilizaci\u00f3n de teor\u00edas factoriales. L\u00edmites en el uso de las teor\u00edas factoriales.<\/span><\/p>\n<p style=\"padding-left: 80px;\"><span style=\"font-size: 10pt;\">Lecci\u00f3n 33\u00aa. <i>El supuesto de la racionalidad.<\/i> El uso de la palabra \u00abracional\u00bb. Acci\u00f3n racional y creencia racional. Medios y fines. Racionalidad, inteligencia y objetividad. La importancia de la racionalidad en la investigaci\u00f3n social.<\/span><\/p>\n<p style=\"padding-left: 80px;\"><span style=\"font-size: 10pt;\">Limitaciones del argumento de racionalidad. Desviaciones de la racionalidad. Diferencia en los fines, circunstancias y asequibilidad de la evidencia. Dispersi\u00f3n del objeto de estudio. Incertidumbre y riesgo. Previsi\u00f3n de reacciones mutuas. Consecuencias involuntarias. Racionalidad y estructura social.<\/span><\/p>\n<p style=\"padding-left: 80px;\"><span style=\"font-size: 10pt;\">Lecci\u00f3n 34\u00aa. <i>El estudio de la historia<\/i>. La retrodicci\u00f3n. Vestigios, su interpretaci\u00f3n y reconstrucci\u00f3n. El principio de evidencia acumulativa.<\/span><\/p>\n<p style=\"padding-left: 80px;\"><span style=\"font-size: 10pt;\">La explicaci\u00f3n hist\u00f3rica. Lo que se explica. La selecci\u00f3n de los factores importantes.<\/span><\/p>\n<p style=\"padding-left: 80px;\"><span style=\"font-size: 10pt;\">La interpretaci\u00f3n de la historia. El car\u00e1cter de una interpretaci\u00f3n de la historia. Las \u00ableyes del desarrollo hist\u00f3rico\u00bb.<\/span><\/p>\n<p style=\"padding-left: 80px;\"><span style=\"font-size: 10pt;\">Lecci\u00f3n 35\u00aa. <i>Investigaci\u00f3n social y pr\u00e1ctica social<\/i>. La reciprocidad entre la investigaci\u00f3n y la pr\u00e1ctica. Pr\u00e1ctica y predicci\u00f3n. El conocimiento del poder.<\/span><\/p>\n<p>Se conservan tambi\u00e9n unas notas manuscritos de este curso de 1964-1965 sobre las tres primeras lecciones. A pesar de no ser exigidas en el examen, Sacrist\u00e1n pudo organizar alg\u00fan seminario complementario sobre ellas.<\/p>\n<p>Como se ha indicado, algunas de las consideraciones y posiciones expuestas en \u00abSobre el lugar de la filosof\u00eda en los estudios\u00bb est\u00e1n ya anunciadas en estos apuntes (anexo 2).<\/p>\n<p><b>V. Cr\u00edtica.<\/b><\/p>\n<p>Tomo ahora pie en su c\u00e9lebre escrito metafilos\u00f3fico de verano de 1967, publicado en catal\u00e1n y castellano a principios de 1968 (puede verse en <i>Papeles de filosof\u00eda,<\/i> pp. 356-380,<i> <\/i>y en <a href=\"https:\/\/filosofia.org\/bol\/bib\/nb088.htm\">https:\/\/filosofia.org\/bol\/bib\/nb088.htm<\/a>), y resumo su cr\u00edtica al papel filos\u00f3fico que desempe\u00f1aba y a la forma en que se impart\u00eda (no en su caso) la asignatura de Fundamentos de filosof\u00eda.<\/p>\n<p>Extirpado el tumor pseudofilos\u00f3fico que era la especializaci\u00f3n en filosof\u00eda, observaba Sacrist\u00e1n, se trataba de promover la motivaci\u00f3n filos\u00f3fica aut\u00e9ntica que, en su muy generosa opini\u00f3n, acompa\u00f1aba <i>siempre<\/i> la ciencia, el arte y la pr\u00e1ctica racional.<\/p>\n<p>La eliminaci\u00f3n de la filosof\u00eda como licenciatura especial deb\u00eda tener como finalidad la restituci\u00f3n de la motivaci\u00f3n filos\u00f3fica, universalmente cr\u00edtica. El Instituto general o central de filosof\u00eda propuesto en su trabajo ten\u00eda que contribuir a esa tarea. \u00abAnte todo de la manera ya apuntada. Pero esa v\u00eda \u2013la de los seminarios, la preparaci\u00f3n de un doctorado no reservado a un gremio, los cursos de investigaci\u00f3n, las conferencias para oyentes de todas las Facultades, etc.\u2013, aunque fuera la m\u00e1s obvia en cuanto existiera el Instituto, no ser\u00eda la de m\u00e1s alcance\u00bb.<\/p>\n<p>Para apreciar este punto conven\u00eda considerar la pr\u00e1ctica com\u00fan de las diversas Facultades desde el punto de vista de su hacer filos\u00f3fico. Una divisi\u00f3n pod\u00eda trazarse a este respecto clasificando las ense\u00f1anzas superiores en dos grupos: \u00ablos estudiantes de las varias secciones de Letras y los de Econ\u00f3micas, Pol\u00edticas y Comerciales cursan una asignatura (o dos) de introducci\u00f3n a la filosof\u00eda; las dem\u00e1s Facultades se incluyen en otro grupo, el de los centros sin ninguna ense\u00f1anza filos\u00f3fica\u00bb. La Facultad de Derecho se encontraba en una situaci\u00f3n especial e interesante que merec\u00eda consideraci\u00f3n aparte.<\/p>\n<p>Antes conven\u00eda decir algo respecto de aquellos dos grupos. En el segundo, el de la ausencia de ense\u00f1anza filos\u00f3fica, estaba todo por hacer en cuanto a la dimensi\u00f3n filos\u00f3fica de la ense\u00f1anza, dejando aparte lo que estaban haciendo algunos profesores. En el primero hab\u00eda que deshacer antes de hacer, porque con alguna excepci\u00f3n, \u00aby aqu\u00ed no se consideran las excepciones\u00bb, la ense\u00f1anza filos\u00f3fica \u00abera impartida en ellas por la secci\u00f3n de filosof\u00eda a trav\u00e9s de misioneros situados en semejantes <i>partibus infidelium\u00bb<\/i>. No era su caso como es sabido; Sacrist\u00e1n no formaba parte de la secci\u00f3n de filosof\u00eda desde 1959.<\/p>\n<p>Pocas rarezas universitarias eran tan insostenibles como la idea de que el momento adecuado para institucionalizar la reflexi\u00f3n filos\u00f3fica en Econ\u00f3micas (d\u00f3nde \u00e9l hab\u00eda impartido clases entre 1959 y 1965), Filolog\u00eda rom\u00e1nica o Historia se encontrara precisamente al comienzo del estudio especial. \u00abComo en ese momento el estudiante no dispone de conocimientos sustantivos de su ciencia, suficientes para alimentar el an\u00e1lisis filos\u00f3fico, la temprana aparici\u00f3n de la asignatura Fundamentos de Filosof\u00eda sanciona definitivamente la escisi\u00f3n entre el conocimiento real y la reflexi\u00f3n filos\u00f3fica, entre conocimiento y autoconocimiento\u00bb. Una de las tesis centrales de su posici\u00f3n, de su argumentaci\u00f3n.<\/p>\n<p>Sin duda, la situaci\u00f3n descrita era un \u00e9xito para la ideolog\u00eda filos\u00f3fica especulativa y para la ideolog\u00eda justificadora del gremio de los profesores de filosof\u00eda: \u00abpues dicha escisi\u00f3n es muy \u00fatil para arraigar en el estudiante la idea de una disciplina arcana y sustantiva, ajena a los temas, los resultados y los m\u00e9todos de su propio estudio y cuya \u201csuperioridad\u201d sobre \u00e9ste debe tener muy sublimes ra\u00edces, puesto que no se entiende\u00bb.<\/p>\n<p>No menos cierto era, a\u00f1ad\u00eda, que el procedimiento s\u00f3lo ten\u00eda \u00e9xito con los estudiantes menos inteligentes o con los m\u00e1s conformistas. Los otros estudiantes sol\u00edan dividirse en dos grupos: \u00ablos menos reflexivos infieren de la extra\u00f1eza <i>ex-machina <\/i>de los Fundamentos de Filosof\u00eda \u2013sobre todo si \u00e9stos se \u201cense\u00f1an\u201d con un temario sistem\u00e1tico y especulativo tradicional [no fue nunca su caso como es sabido] la conclusi\u00f3n, m\u00e1s o menos fundada seg\u00fan los casos, de que esa asignatura es una solemne vaciedad arbitraria y parasitaria\u00bb. Los estudiantes m\u00e1s reflexivos, \u00aby aquellos cuya raz\u00f3n sea menos violada por el gran inquisidor propietario o posesor de la c\u00e1tedra\u00bb, comprend\u00edan a mitad de curso que su posibilidad de pensar filos\u00f3ficamente depend\u00eda de su competencia de especialista, de su saber positivo.<\/p>\n<p>En su opini\u00f3n, no fue la \u00fanica vez que lo se\u00f1al\u00f3, la Facultad de Derecho mostraba en aquellos a\u00f1os el \u00fanico intento de incorporaci\u00f3n org\u00e1nica del punto de vista filos\u00f3fico: \u00abla asignatura filos\u00f3fica de esa Facultad no es una de gen\u00e9ricos Fundamentos de Filosof\u00eda, sino una Filosof\u00eda del Derecho\u00bb. La organicidad era s\u00f3lo aparente, pero estaba bien lograda desde el punto de vista formal: \u00abla Filosof\u00eda del Derecho es una asignatura de quinto curso. Lo que ocurre es que, por causas sociales y pol\u00edticas conocidas, se trata de una asignatura premeditadamente ideol\u00f3gica, controlada con el mismo rigor que las c\u00e1tedras de las secciones de filosof\u00eda (y por las mismas razones)\u00bb.<\/p>\n<p>Sacrist\u00e1n desarrolla esta \u00faltima idea en su texto, asunto en el que aqu\u00ed no entramos. Puede completarse su reflexi\u00f3n con su conferencia de 1963: \u00abStudium Generale para todos los d\u00edas de la semana\u00bb (<i>Intervenciones pol\u00edticas<\/i>, pp. 30-49).<\/p>\n<p><b>VI. Testimonios de alumnos.<\/b><\/p>\n<p>Arroja luz sobre el valor e inter\u00e9s que tuvieron estas clases de Fundamentos de Filosof\u00eda el posterior testimonio de estudiantes de aquellos a\u00f1os, el de Josep Mercader Anglada [JMA] por ejemplo (\u00abLa historia de una expulsi\u00f3n universitaria durante el franquismo. Entrevista a Pep Mercader Anglada\u00bb <u><a href=\"http:\/\/www.rebelion.org\/noticia.php?id=77866\">http:\/\/www.rebelion.org\/noticia.php?id=77866<\/a>)<\/u><\/p>\n<p>JMA fue alumno de Sacrist\u00e1n en 1964-1965. Profesor suyo en 1\u00ba de carrera, el curso en que se impart\u00eda la asignatura, nada sab\u00eda de \u00e9l hasta entonces. No volvi\u00f3 a verle despu\u00e9s.<\/p>\n<p>JMA no recuerda bien el nombre de la asignatura. Los estudiantes la llamaban simplemente Filosof\u00eda. Sacrist\u00e1n les inform\u00f3 el primer d\u00eda de clase que dedicar\u00eda el curso a la l\u00f3gica formal y a la epistemolog\u00eda. \u00abA \u00e9l le servir\u00eda para no complicarse la vida y a nosotros para activar el cerebro.\u00bb Justific\u00f3 la utilidad que pod\u00eda tener el aprendizaje de la l\u00f3gica en su formaci\u00f3n como economistas, como cient\u00edficos sociales, y a\u00f1adi\u00f3 que la l\u00f3gica formal era un campo de la filosof\u00eda poco susceptible de tendencias ideol\u00f3gicas y que, por consiguiente, \u00abesperaba no poder ser acusado por nadie de desvar\u00edos en sus explicaciones en clase\u00bb. JMA coligi\u00f3 que Sacrist\u00e1n hab\u00eda podido tener problemas en cursos anteriores. A \u00e9l, aprender algo de l\u00f3gica le atra\u00eda suficientemente, \u00abcon un profesor, con problemas con las autoridades, todav\u00eda m\u00e1s.\u00bb<\/p>\n<p>A principios de los 60\u2019, en los \u00faltimos cursos de Bachillerato, los estudiantes barceloneses de familias antifranquistas se hab\u00edan ido <i>reconociendo<\/i>. En el caso de JMA, se trataba primordialmente de un antifranquismo catalanista. Aparte de los estudiantes formados en las distintas teor\u00edas pol\u00edticas del momento y de los que estaban organizados en grupos pol\u00edticos y sindicales clandestinos, al resto del estudiantado le un\u00eda un sentimiento b\u00e1sico: la lucha contra el r\u00e9gimen dictatorial del franquismo.<\/p>\n<p>La asignatura era obligatoria para todos los matriculados; todas las asignaturas lo eran en primer curso. JMA recuerda que eran bastante m\u00e1s de cien los estudiantes matriculados. Las clases de Sacrist\u00e1n estaban siempre llenas a rebosar, a menudo con alumnos sentados en los escalones de los pasillos. A pesar de que \u00e9l se saltaba \u00abol\u00edmpicamente todas las clases, \u00a1en el bar de la facultad se aprend\u00eda m\u00e1s!\u00bb, y que dej\u00f3 la carrera de Econ\u00f3micas dos a\u00f1os despu\u00e9s, no falt\u00f3 nunca a las clases de Fundamentos. Llegaba antes de la hora para no tener que sentarse en los pasillos o en la misma tarima. A pesar de la masificaci\u00f3n, no hab\u00eda barullo: \u00aben sus clases el silencio era total, la atenci\u00f3n completa. Todos tom\u00e1bamos apuntes como si nos fuera la vida en aquella asignatura.\u00bb<\/p>\n<p>Un d\u00eda una estudiante se mare\u00f3, probablemente por el sofoco de tanta gente apretujada. Antes de darse cuenta de lo que suced\u00eda, vio que Sacrist\u00e1n se interrump\u00eda de repente, saltaba de la tarima al suelo por encima de los alumnos all\u00ed sentados, y se acercaba a la segunda o tercera fila para interesarse por ella. Entre \u00e9l y algunos estudiantes acompa\u00f1aron a la joven fuera del aula, \u00aby a\u00fan despu\u00e9s nos tuvo un buen rato aguardando\u00bb, hasta que regres\u00f3 a la pizarra y les comunic\u00f3 que su compa\u00f1era estaba bien, que no hab\u00eda pasado nada. \u00abYo ya conoc\u00eda al Sacrist\u00e1n maestro, aquel d\u00eda conoc\u00ed a Sacrist\u00e1n como persona\u00bb se\u00f1ala JMA.<\/p>\n<p>Conoci\u00f3 a\u00fan mejor a su profesor de Fundamentos cuando realizaron un examen parcial de la asignatura. En la siguiente clase, Sacrist\u00e1n se present\u00f3 con todos los ex\u00e1menes \u00abmagn\u00edfica y concienzudamente corregidos\u00bb. Antes de devolverlos, una pr\u00e1ctica m\u00e1s que infrecuente en aquellos a\u00f1os, les indic\u00f3 que aquella prueba deber\u00eda servir como un balance entre lo que ellos hab\u00edan asimilado y su percepci\u00f3n previa de ello. \u00abComent\u00f3 lo que cre\u00eda v\u00e1lido como repuesta a cada una de las cuestiones planteadas y, antes de repartir los ex\u00e1menes, nos hizo un breve comentario personal, en voz alta, \u00a1uno por uno!\u00bb. Si alguien prefer\u00eda que no lo hiciera, \u00abpod\u00edamos indic\u00e1rselo con un simple gesto. Pero nos pidi\u00f3, eso s\u00ed, que fu\u00e9ramos atendiendo a todas aquellas observaciones porque, aunque no fueran dirigidas a todos, tambi\u00e9n nos pod\u00edan ser de utilidad.\u00bb<\/p>\n<p>JMA recuerda muy bien el comentario que Sacrist\u00e1n hizo de su examen. \u00abUsted escribe poes\u00eda, \u00bfverdad?\u00bb, le pregunt\u00f3. S\u00ed, admiti\u00f3. \u00abSe nota. Su examen est\u00e1 bien, pero adolece de una redacci\u00f3n torturada, como si tuviera de luchar para encontrar en cada frase la palabra exacta\u00bb. Comentario ajustad\u00edsimo, seg\u00fan JMA. \u00abAl instante, hab\u00eda detectado mi tal\u00f3n de Aquiles. En los folios del examen hab\u00eda otros comentarios escritos y una nota que me supo a poco, un 8, pero que tuve que reconocer que era seguramente la que me correspond\u00eda\u00bb.<\/p>\n<p><i>Il Vangelo secondo Matteo <\/i>ya se hab\u00eda rodado ya y se hab\u00eda estrenado en Espa\u00f1a hac\u00eda muy poco con un t\u00edtulo tendenciosamente cambiado: <i>El Evangelio seg\u00fan San Mateo. <\/i>El<i> <\/i>\u00abSan\u00bb fue una aportaci\u00f3n nacional-cat\u00f3lica de la censura espa\u00f1ola. JMA recuerda que en una de las primeras clases de la asignatura hubo un breve di\u00e1logo entre Irazoqui, el Jes\u00fas de la pel\u00edcula de Pasolini, y Sacrist\u00e1n. \u00abS\u00ed, a pesar del gran n\u00famero de alumnos en clase, \u00e9l siempre promov\u00eda la intervenci\u00f3n del alumnado; si nadie preguntaba nada, preguntaba \u00e9l.\u00bb Por el tono en que ambos hablaron, dedujo que ya se conoc\u00edan de antes. \u00abEn el examen del que he hablado antes, Irazoqui sac\u00f3 un 10. Desconozco las tendencias pol\u00edticas de Irazoqui, s\u00f3lo s\u00e9 que hab\u00eda tenido una importante relaci\u00f3n con Pasolini. Y reconozco<i> <\/i>que a partir de este peque\u00f1o dato no puedo deducir nada consistente.\u00bb<\/p>\n<p>JMA a\u00f1ade una reflexi\u00f3n complementaria sobre el asunto Sacrist\u00e1n-Gil de Biedma: ese 10 a Irazoqui siempre le sirvi\u00f3 para no dar cr\u00e9dito a lo que m\u00e1s tarde se afirm\u00f3, que Sacrist\u00e1n no hab\u00eda admitido a Gil de Biedma en las filas del PSUC debido a su homosexualidad, siguiendo en este punto la l\u00ednea del PCI que hab\u00eda expulsado a Pasolini de sus filas. Para JMA, Garc\u00eda-Valdecasas, el rector que expuls\u00f3 a Sacrist\u00e1n, s\u00ed ten\u00eda una intransigente moralidad seg\u00fan los principios del Movimiento. Decano de la Facultad de Medicina en la inmediata posguerra, se dijo que hab\u00eda mandado quemar las tesis doctorales redactadas en catal\u00e1n durante la II Rep\u00fablica.<\/p>\n<p>Durante el mes de octubre de 1965, expulsado Sacrist\u00e1n ya de la Facultad, no se impartieron las clases de Filosof\u00eda de primer curso. Las autoridades siguieron la estrategia de no provocar al alumnado en caliente. Quer\u00edan dejar pasar los d\u00edas y nombrar a un sustituto cuando el ambiente estuviera \u00abm\u00e1s calmado\u00bb.<\/p>\n<p>Empero, el resultado del plan no fue bueno para sus organizadores, una estrategia err\u00f3nea seg\u00fan JMA. Err\u00f3nea y fallida porque si bien los primeros d\u00edas del curso los alumnos reci\u00e9n llegados no conoc\u00edan lo sucedido, fue precisamente durante esos d\u00edas en los que no se impartieron las clases de Fundamentos cuando fueron informados por compa\u00f1eros de cursos superiores. De modo que, cuando finalmente se present\u00f3 el profesor sustituto con la intenci\u00f3n de dar la clase, nadie entr\u00f3 en el aula. Nadie es nadie, remarca JMA.<\/p>\n<p>La consigna de no entrar en clase se sigui\u00f3 con \u00e9xito los d\u00edas siguientes. Debi\u00f3 ser al 4\u00ba o 5\u00ba d\u00eda de curso cuando un alumno entr\u00f3; la clase se imparti\u00f3 para \u00e9l solo. Eso s\u00ed, entre clase y clase, recuerda JMA, el alumno en cuesti\u00f3n termin\u00f3 en el estanque de la entrada de la Facultad.<\/p>\n<p>En la siguiente ya clase fueron ya seis o siete los estudiantes que entraron. Otro grupo dud\u00f3 y estuvo a punto de entrar. La suposici\u00f3n del resto de alumnos, el estudiantado m\u00e1s cr\u00edtico y comprometido, era que si no se daban clases no podr\u00eda haber suspensos por una asignatura no impartida, pero que, si se impart\u00eda, los no asistentes ten\u00edan el suspenso asegurado. Viendo que el sustituto estaba dando clase, el grupo de indecisos entr\u00f3&#8230; y con ellos muchos m\u00e1s.<\/p>\n<p>Pero las clases de otros cursos pararon. Adem\u00e1s, en la clase de Fundamentos, todo el mundo se puso a hacer el mayor ruido posible en el aula donde se impart\u00eda la asignatura para que la voz del profesor sustituto resultara inaudible. \u00abPic\u00e1bamos los asientos abatibles, pate\u00e1bamos el suelo\u00bb. El sustituto intent\u00f3 dar la clase escribi\u00e9ndola en la pizarra. Pero alguien \u00abiba borrando todo lo que \u00e9l iba escribiendo\u00bb.<\/p>\n<p>La misma protesta se repiti\u00f3 en las clases de los d\u00edas siguientes hasta que un d\u00eda se present\u00f3 el decano de la Facultad para negociar. Casi no le permitieron hablar. Quer\u00edan conocer antes la versi\u00f3n del profesor sancionado, quer\u00edan saber, de la propia voz de Sacrist\u00e1n, por qu\u00e9 no era \u00e9l el encargado de la asignatura. \u00abNo s\u00e9 exactamente cuando pas\u00f3, pero un d\u00eda, aunque el aula estaba llena de alumnos armando un ruido infernal, el decano consigui\u00f3 calmarlos\u00bb. Les dijo que volver\u00eda de inmediato, que aguardaran un momento, que hablar\u00eda con otros miembros del claustro para \u00abconstituir una comisi\u00f3n que negociar\u00eda con nuestros representantes all\u00ed mismo\u00bb.<\/p>\n<p>Durante la discusi\u00f3n, la polic\u00eda, que estaba en el exterior del edificio, se mantuvo al acecho. Los estudiantes que permanec\u00edan dentro del aula lo sab\u00edan. \u00abBastantes alumnos desaparecieron como por ensalmo, pero bastantes m\u00e1s decidimos quedarnos\u00bb. En el edificio de la plaza Universidad ya se hab\u00eda roto la regla de considerar \u00abpoco menos que sacr\u00edlega la entrada de la fuerza p\u00fablica en el recinto universitario, aunque todav\u00eda segu\u00eda resultando una acci\u00f3n demasiado escandalosa\u00bb. Aunque contaban con alguna acci\u00f3n represiva a la salida de la Facultad, creyeron err\u00f3neamente que la polic\u00eda no llegar\u00eda a entrar en las aulas.<\/p>\n<p>Los \u2018grises\u2019 entraron finalmente. Les hicieron ir saliendo de uno en uno por una \u00fanica puerta (\u00abaquellas aulas se iluminan por claraboyas, no tienen ventanas\u00bb) y les fueron retirando el DNI. Para recuperarlo tuvieron que pasar al d\u00eda siguiente por la secretar\u00eda de la Facultad. Junto con su DNI, recibieron su carta de expulsi\u00f3n.<\/p>\n<p>Sobre el sustituto, JMA recuerda haber o\u00eddo tres versiones distintas: Alsina, Batlle y Canals. No puede confirmar si en pleno abucheo el profesor sustituto exclam\u00f3: \u00abTambi\u00e9n a Jesucristo lo crucificaron\u00bb. \u00c9l estaba en las \u00faltimas filas \u00aby all\u00ed eran absolutamente inaudibles sus palabras\u00bb. Puede ser interesante, se\u00f1ala, saber qui\u00e9n era y c\u00f3mo evolucion\u00f3 su carrera acad\u00e9mica posteriormente. Lo \u00fanico que puede decir \u00abes que me dijeron que proced\u00eda de un Instituto de Bachillerato del centro de Barcelona, del Maragall o del Ausi\u00e0s Marc, y que era \u201ctomista\u201d, o sea progresista (!) dentro del submundo de la filosof\u00eda acad\u00e9mica de aquellos a\u00f1os en Espa\u00f1a.\u00bb<\/p>\n<p>Fue Francisco Canals, tiempo despu\u00e9s catedr\u00e1tico de Metaf\u00edsica en la Facultad de Filosof\u00eda de la UB, en aquel entonces catedr\u00e1tico de Filosof\u00eda de secundaria en el Balmes, el primer sustituto. Despu\u00e9s de \u00e9l, despu\u00e9s del intento frustrado de sustituci\u00f3n, el profesor Quintana, pol\u00e9mico catedr\u00e1tico de la UNED a\u00f1os despu\u00e9s, fue el responsable de la asignatura.<\/p>\n<p>(El fil\u00f3sofo y periodista Francesc Arroyo ha recordado lo sucedido con estas palabras: \u00abCuando a Manuel Sacrist\u00e1n lo echaron los franquistas de la universidad, porque el franquismo no pod\u00eda digerir la inteligencia y prefer\u00eda el \u00abviva la muerte\u00bb de Mill\u00e1n Astray, un colega (no confundir con compa\u00f1ero ni, menos, amigo), profesor tambi\u00e9n de Filosof\u00eda (tampoco habr\u00e1 que confundir esto con fil\u00f3sofo), se ofreci\u00f3 a sustituirle. Los alumnos vieron claramente la impostura y recibieron al impostor con abucheos. \u00c9ste se arrodill\u00f3 ante la turba y exclam\u00f3: \u00abA Cristo tambi\u00e9n lo crucificaron\u00bb. As\u00ed era la Universidad que no quiso a Sacrist\u00e1n y que le oblig\u00f3 a ejercer la docencia en casa, en las charlas, desde la traducci\u00f3n o el trabajo editorial, no siempre a la luz del d\u00eda\u00bb. \u00abA la calle que ya es hora\u00bb, <u><a href=\"https:\/\/elpais.com\/diario\/2008\/12\/11\/catalunya\/1228961240_850215.html\">https:\/\/elpais.com\/diario\/2008\/12\/11\/catalunya\/1228961240_850215.html<\/a><\/u>).<\/p>\n<p>Si se dijeron las palabras que Arroyo recuerda, es altamente probable que el doctor Canals (1922-2009) fuera el sustituto. Sobre su pensamiento conservador puede verse: F. Canals Vidal, <i>La tradici\u00f3n catalana en el siglo XVIII ante el absolutismo y la Ilustraci\u00f3n<\/i>, Fundaci\u00f3n Francisco El\u00edas de Tejada y Erasmo Percopo, 1995, y <i>Catalanismo y tradici\u00f3n catalana<\/i>, Ed. Sicre, 2006).<\/p>\n<p><b>VII. A modo de conclusiones.<\/b><\/p>\n<p>Para disolver cualquier duda sobre las motivaciones de fondo (y superficie) de la expulsi\u00f3n de Sacrist\u00e1n, \u00abprofesor desafecto al R\u00e9gimen\u00bb, y sobre su gran prestigio intelectual entre el estudiantado, un informe de principios de octubre de 1965 de la Direccio\u0301n General de Seguridad, Servicio de Informacio\u0301n, Barcelona, y de la Jefatura Superior de Polici\u0301a, Barcelona, Brigada Regional de Informacio\u0301n, Registro de Salida n\u00ba 7229, 2\/10\/1965 (Tampo\u0301n: RESERVADO) puede venir en nuestra ayuda. Muestra con claridad la directa intervenci\u00f3n de la polic\u00eda franquista en la no renovaci\u00f3n de su contrato, adem\u00e1s de la presencia de la polic\u00eda secreta (BPS) en sus clases:<\/p>\n<p style=\"padding-left: 40px;\"><span style=\"font-size: 10pt;\">Asunto: PROPUESTA DEL PROFESOR DESAFECTO AL REGIMEN MANUEL SACRIST\u00c1N LUZ\u00d3N, COMO ENCARGADO DE CURSO EN LA FACULTAD DE CIENCIAS POL\u00cdTICAS Y ECON\u00d3MICAS.<\/span><\/p>\n<p style=\"padding-left: 40px;\"><span style=\"font-size: 10pt;\">El epigrafiado, nacido el 5 de septiembre de 1.925 en Madrid, casado, licenciado en Filosof\u00eda y Letras, hijo de Manuel y Emilia, domiciliado en esta Capital, calle del General Mitre, n.\u00ba 5, 8\u00ba 3\u00aa.<\/span><\/p>\n<p style=\"padding-left: 40px;\"><span style=\"font-size: 10pt;\">Procedente de las filas falangistas del Frente de Juventudes \u2013en las que se form\u00f3 y de las que era un entusiasta\u2013 ha evolucionado en sentido negativo, estando conceptuado hoy d\u00eda como filo-comunista.<\/span><\/p>\n<p style=\"padding-left: 40px;\"><span style=\"font-size: 10pt;\">Tom\u00f3 parte destacada de la titulada \u00abSemana de la Paz\u00bb que se pretendi\u00f3 celebrar en los medios universitarios y en el mes de abril de 1963, fu\u00e9 interrogado en al Brigada Social con motivo de la detenci\u00f3n de tres s\u00fabditos franceses, que fueron expulsados, llegando a \u00e9sta invitados a la \u00abSemana de la Paz\u00bb y por figurar el nombre del informado en un sobre de notas de uno de ellos [SLA: La semana fue prohibida por la \u00abautoridad gubernativa\u00bb].<\/span><\/p>\n<p style=\"padding-left: 40px;\"><span style=\"font-size: 10pt;\">En el mes de mayo del mismo a\u00f1o, prosegu\u00eda el informe, Sacrist\u00e1n hab\u00eda participado, destacadamente, en un intento de manifestaci\u00f3n en favor del \u00abtristemente c\u00e9lebre miembro del Comit\u00e9 Central del Partido Comunista Espa\u00f1ol, Juli\u00e1n Grimau (ejecutado), por lo que nuevamente fu\u00e9 detenido e interrogado y seguidamente puesto en libertad\u00bb. Por otra parte, Sacrist\u00e1n figuraba como firmante del escrito \u00abINTELECTUALES\u00bb (5\/XI\/1963), dirigido al Ministro de Informaci\u00f3n y Turismo, \u00abque se consider\u00f3 injurioso para las fuerzas de Orden P\u00fablico (Sumario 512-63 del Juzgado de Instrucci\u00f3n n.\u00ba 18 de Madrid).\u00bb<\/span><\/p>\n<p style=\"padding-left: 40px;\"><span style=\"font-size: 10pt;\">El ideario \u00abmarxista-te\u00f3rico\u00bb de Sacrist\u00e1n era de dominio p\u00fablico en la Universidad:<\/span><\/p>\n<p style=\"padding-left: 40px;\"><span style=\"font-size: 10pt;\">En su domicilio figura una amplia biblioteca repleta de vol\u00famenes de contenido marxista.- Por a\u00f1adidura, con bastante fundamento, se le considera ateo.- La que se dice su esposa, Giulia Adinolfi Selletti, italiana, recibe y colecciona propaganda comunista de su pa\u00eds, entre otras la revista marxista \u00abRinascita\u00bb.<\/span><\/p>\n<p style=\"padding-left: 40px;\"><span style=\"font-size: 10pt;\">Sacrist\u00e1n figuraba como Encargado de Curso de la asignatura \u00abIntroducci\u00f3n a la Filosof\u00eda y Sociolog\u00eda y Metodolog\u00eda de las Ciencias Sociales\u00bb en la Facultad de Ciencias Pol\u00edticas y Econ\u00f3micas de esta ciudad cobrando del Presupuesto del Estado y constituyendo una especie de \u00abs\u00edmbolo\u00bb entre sus alumnos, m\u00e1xime si se tiene en cuenta la ascendencia y simpat\u00eda de que goza el Sr. Sacrist\u00e1n, tanto entre el alumnado como en sus colegas.<\/span><\/p>\n<p style=\"padding-left: 40px;\"><span style=\"font-size: 10pt;\">Se sabe ciertamente, que actualmente ha sido propuesto como Encargado de Curso, igual que en a\u00f1os anteriores, de la Facultad antes citada, a propuesta del Decano Sr. Pifarr\u00e9 Riera y aprobaci\u00f3n un\u00e1nime de la Facultad, por lo que el Rectorado no podr\u00e1 oponerse, a no ser que por el Ministerio de Educaci\u00f3n Nacional se ejercite el derecho de veto, por lo que considera peligrosa, dadas sus relaciones con el alumnado de la oposici\u00f3n, su aprobaci\u00f3n para dicho cargo.<\/span><\/p>\n<p>El Sr. Sacrist\u00e1n Luz\u00f3n, persona de preclara inteligencia, se afirmaba, \u00abhasta el momento presente no ha conseguido ganar la C\u00e1tedra, debido seg\u00fan comentarios captados, bi\u00e9n a la oposici\u00f3n irreductible que hall\u00f3 en los componentes de los Tribunales que juzgan dichas oposiciones, bi\u00e9n a su conocida desafecci\u00f3n al R\u00e9gimen que ha trascendido a todo el \u00e1mbito nacional universitario\u00bb. Era forzoso y lamentable reconocer, se apuntaba falsamente, que \u00abel Sr. Sacrist\u00e1n Luz\u00f3n, de infausta memoria en los archivos de esta Jefatura, por su ferviente y recalcitrante ideolog\u00eda filo-comunista, empachado de esta doctrina, aprovecha cada momento, todo acto y cualquier tipo de coyuntura, para realizar una labor de captaci\u00f3n y proselitismo entre los universitarios y post-graduados [radicalmente falso seg\u00fan numerosos testimonios]. Y aprovechando el terreno, virgen de una juventud que alumbra y promete en beneficio de Espa\u00f1a, pretende \u00e9l encaramarse a espaldas de ella, en virtud de sus rec\u00f3nditos resentimientos o ambiciones\u00bb.<\/p>\n<p>Por todo lo expuesto, se conclu\u00eda, era un\u00e1nime sentir de los c\u00edrculos m\u00e1s afectados al R\u00e9gimen que la continuidad de Sacrist\u00e1n como encargado de curso constitu\u00eda un creciente peligro para la universidad espa\u00f1ola:<\/p>\n<p style=\"padding-left: 40px;\"><span style=\"font-size: 10pt;\">Que es una carga de dinamita y un semillero de ciza\u00f1a, dispuesto en todo momento y ocasi\u00f3n a inflamar, exasperar y cebar los \u00e1nimos de las juventudes universitarias, como desgraciadamente ocurri\u00f3 al d\u00eda siguiente de la ejecuci\u00f3n de Juli\u00e1n Grimau, en cuya fecha, el Dr. Sacrist\u00e1n se puso corbata negra, manifestando a sus alumnos: \u00abQue deb\u00edan hacer lo mismo, pu\u00e9s hab\u00eda muerto el mejor patriota que ten\u00eda Espa\u00f1a. Ha terminado una fase de la guerra. Se han cargado al pobre Grimau, contrariamente a lo que esper\u00e1bamos. Cay\u00f3 uno de los \u00faltimos mosqueteros. En vista de eso no hay clase hoy.\u00bb<\/span><\/p>\n<p>No hay duda: fue arriesgada, controlada y perseguida la praxis, la coherente praxis filos\u00f3fico-pol\u00edtica del traductor de Marx y Quine. Aquel admirado profesor de filosof\u00eda, de l\u00f3gica, no carec\u00eda, nunca careci\u00f3 de coraje filos\u00f3fico y poli\u00e9tico. Supo siempre a qu\u00e9 atenerse.<\/p>\n<p>Por los documentos que nos han llegado, por los apuntes editados, por los testimonios de alumnos suyos, por aquellas clases abarrotadas, tambi\u00e9n por la profundidad de sus explicaciones y por el aura que le rodeaba como luchador comunista antifranquista, es razonable pensar que la presencia de Sacrist\u00e1n en las aulas de Filosof\u00eda y de Econ\u00f3micas signific\u00f3 una aut\u00e9ntica \u00abrevoluci\u00f3n pol\u00edtico-cultural\u00bb en los a\u00f1os cincuenta y sesenta del pasado siglo en la universidad barcelonesa. No era frecuente entonces un profesor con su saber, su solidez, su entrega, su coherencia y su capacidad did\u00e1ctica. Recordemos el comentario de Pasolini transmitido por Enrique Irazoqui, o las elogiosas observaciones de uno de sus primeros alumnos, Xavier Folch, posteriormente compa\u00f1ero suyo de partido y de trabajo en la editorial Ariel. Sumemos tambi\u00e9n las palabras de Joaquim Sempere, Juan-Ram\u00f3n Capella o Paco Fern\u00e1ndez Buey.<\/p>\n<p>Los apuntes y programas de Fundamentos de filosof\u00eda que hemos presentado son tambi\u00e9n ejemplo del \u00abgiro copernicano\u00bb que signific\u00f3 en su evoluci\u00f3n filos\u00f3fica, pol\u00edtica y personal sus cuatro semestres de estudios de posgrado en el Instituto de L\u00f3gica Matem\u00e1tica y de Investigaci\u00f3n de Fundamentos de la Universidad de M\u00fcnster. Filos\u00f3ficamente hablando, volvi\u00f3 a Barcelona otro Sacrist\u00e1n (tambi\u00e9n pol\u00edticamente desde luego).<\/p>\n<p>Algunas ideas centrales en su hacer y pensar, de su concepci\u00f3n de la filosof\u00eda y del filosofar, se observan ya en los apuntes de esos a\u00f1os. Tambi\u00e9n, como se ha se\u00f1alado, parte del material que ser\u00e1 base de sus dos libros de l\u00f3gica: <i>Introducci\u00f3n a la l\u00f3gica y al an\u00e1lisis formal<\/i>, y <i>L\u00f3gica elemental, <\/i>y de su libro interrumpido sobre <i>Los problemas del conocimiento.<\/i><\/p>\n<p>C\u00f3mo pudo compaginar la preparaci\u00f3n de sus clases de Fundamentos, la edici\u00f3n de sus apuntes, la correcci\u00f3n minuciosa, con comentarios personales, de cientos de ex\u00e1menes (\u00a1clases abarrotadas!), la cuidada atenci\u00f3n a sus alumnos (colas incluidas), sus numerosas traducciones y conferencias, su arriesgada militancia pol\u00edtica, su \u00abborrar huellas\u00bb, sus art\u00edculos para la prensa clandestina del PSUC-PCE, su detenido estudio de cl\u00e1sicos de la tradici\u00f3n o de otras tradiciones filos\u00f3ficas (Quine, Carnap y Heidegger, por ejemplo), su alabada y excelentemente escrita tesis doctoral, sus cursos complementarios de formaci\u00f3n (sobre la <i>Fenomenolog\u00eda del Esp\u00edritu<\/i>, por ejemplo), sus seminarios clandestinos, la preparaci\u00f3n y los materiales que elabor\u00f3 para las oposiciones del 62, su vida familiar (se cas\u00f3 en 1957, su hija Vera naci\u00f3 en junio de 1958), etc. sigue siendo un asunto de dif\u00edcil explicaci\u00f3n. Josep Fontana, refiri\u00e9ndose al trabajo de traducci\u00f3n, habl\u00f3 de \u00abfuerte autoexplotaci\u00f3n\u00bb para encontrar tiempo para las otras tareas. Un factor sin duda. Sumemos a ello su enorme capacidad de trabajo, su mente privilegiada (Jos\u00e9 D\u00edez Calzada ha hablado de \u00absu mirada inteligente\u00bb que le recordaba la de Quine) y su voluntad inquebrantable de hacer lo que debe hacerse.<\/p>\n<p>Hay personas que resultan imprescindibles y Sacrist\u00e1n, con delicada salud desde joven (sufri\u00f3 una tuberculosis renal, se le tuvo que extirpar un ri\u00f1\u00f3n a los 24 a\u00f1os), con mucho sufrimiento en su cuerpo (y alma) a lo largo de los a\u00f1os, fue una de ellas. Barcelona (y no solo Barcelona) tuvo (sigue teniendo) un maestro excepcional. La profundidad e inter\u00e9s de sus clases de Fundamentos fue una de sus grandes aportaciones iniciales, en absoluto una aportaci\u00f3n menor que pueda justificar nuestro olvido. \u00bfCu\u00e1ntos estudiantes de Filosof\u00eda, de Econ\u00f3micas o de otras facultades, tuvieron inter\u00e9s por la filosof\u00eda, la l\u00f3gica, la metodolog\u00eda y la cultura human\u00edstica tras asistir a sus clases? No han sido pocos los que conservaron el inter\u00e9s por estas disciplinas y recordaron (y siguen recordando en muchos casos) su magisterio a lo largo de los a\u00f1os.<\/p>\n<p>Tarea pendiente: una buena y cuidada edici\u00f3n de los apuntes, programa y materiales complementarios que nos han llegado de sus clases de Fundamentos de Filosof\u00eda, de los que aqu\u00ed se ha dado un apretado resumen.<\/p>\n<p><span style=\"font-size: 10pt;\"><b>Anexo 1. Notas manuscritas sobre el curso de Fundamentos de 1961-1962.<\/b><\/span><\/p>\n<p><span style=\"font-size: 10pt;\">I. <b>Lecci\u00f3n 2 (continuaci\u00f3n). Los or\u00edgenes de la filosof\u00eda occidental.<\/b><\/span><br \/>\n<span style=\"font-size: 10pt;\">0.<\/span><\/p>\n<p><span style=\"font-size: 10pt;\">1. Lo que hemos estado haciendo es ir sorprendiendo en la Historia de la Filosof\u00eda [HF] -en sus or\u00edgenes- las notas de la encuesta, luego de habernos convencido de la necesidad de comprensi\u00f3n hist\u00f3rica.<\/span><\/p>\n<p><span style=\"font-size: 10pt;\">2. Y hemos visto:<\/span><\/p>\n<p><span style=\"font-size: 10pt;\">a) que es -como la ciencia- concreta creaci\u00f3n \u00abfechable\u00bb. Para lo cual se requirieron determinadas condiciones.<\/span><\/p>\n<p><span style=\"font-size: 10pt;\">. Incidencia sobre el concepto de progreso.<\/span><\/p>\n<p><span style=\"font-size: 10pt;\">b) Que en su nacimiento se da se\u00f1aladamente cierto grupo de las notas de la encuesta: 1. Universalidad. 2. Sistematicidad racional. 3. Tras cr\u00edtica racional. 4. Con componente moral critico-innovadora.<\/span><\/p>\n<p><span style=\"font-size: 10pt;\">I. Ahora vamos a: 1. Profundizar 1-4. 2. Ver otras notas contrapuestas.<\/span><\/p>\n<p><span style=\"font-size: 10pt;\">II. Profundizaci\u00f3n de 1-4.<\/span><\/p>\n<p><span style=\"font-size: 10pt;\">1, 2 \u2192 sistematizaci\u00f3n precipitada: disputas filos\u00f3ficas.<\/span><\/p>\n<p><span style=\"font-size: 10pt;\">3. La ruptura con la tradici\u00f3n: a) Jen\u00f3fanes -Parm\u00e9nides \u2013 Plat\u00f3n.<\/span><\/p>\n<p><span style=\"font-size: 10pt;\">b) Dem\u00f3crito.<\/span><\/p>\n<p><span style=\"font-size: 10pt;\">4. La componente moral:<\/span><\/p>\n<p><span style=\"font-size: 10pt;\">a) Sacrificio y hero\u00edsmo: de Tales a S\u00f3crates.<\/span><\/p>\n<p><span style=\"font-size: 10pt;\">b) Sectas.<\/span><\/p>\n<p><span style=\"font-size: 10pt;\">c) Luchas: Plat\u00f3n y Dem\u00f3crito. Los destierros.<\/span><\/p>\n<p><span style=\"font-size: 10pt;\">III. Notas contrapuestas.<\/span><\/p>\n<p><span style=\"font-size: 10pt;\">1. 1 y 2 no se [\u00eclegible] hasta escuelas moralistas y Pirr\u00f3n, Pero<\/span><\/p>\n<p><span style=\"font-size: 10pt;\">2, con 3, empezaron a [ilegible] con S\u00f3crates, sofistas y Plat\u00f3n.<\/span><\/p>\n<p><span style=\"font-size: 10pt;\">3, 4. Componentes conservadores desde el primer momento: el \u00abocio griego\u00bb = reflexi\u00f3n sobre ideolog\u00eda y filosof\u00eda (buena fe).<\/span><\/p>\n<p><span style=\"font-size: 10pt;\"><b>Lecci\u00f3n 3\u00aa. El contenido de la filosof\u00eda en su historia.<\/b><\/span><\/p>\n<p><span style=\"font-size: 10pt;\">. La unidad enciclop\u00e9dica presocr\u00e1tica. Detalles.<\/span><\/p>\n<p><span style=\"font-size: 10pt;\">. Dos reducciones;<\/span><\/p>\n<p><span style=\"font-size: 10pt;\">a) La sof\u00edstica, por escepticismo.<\/span><\/p>\n<p><span style=\"font-size: 10pt;\">b) Dem\u00f3crito y Arist\u00f3teles: por ciencia fundamental.<\/span><\/p>\n<p><span style=\"font-size: 10pt;\">\u2192 Nueva unidad. Con precursores.<\/span><\/p>\n<p><span style=\"font-size: 10pt;\">. La nueva enciclopedia medieval. La filosof\u00eda entre las artes liberales y la teolog\u00eda.<\/span><\/p>\n<p><span style=\"font-size: 10pt;\">. La nueva ciencia y su filosofismo. Detalles.<\/span><\/p>\n<p><span style=\"font-size: 10pt;\">. Wolf.<\/span><\/p>\n<p><span style=\"font-size: 10pt;\">. Kant, el final del sistematismo aprior\u00edstico.<\/span><\/p>\n<p><span style=\"font-size: 10pt;\">. La reducci\u00f3n de la filosof\u00eda a cr\u00edtica.<\/span><\/p>\n<p><span style=\"font-size: 10pt;\">. Exploraci\u00f3n del car\u00e1cter \u00abconcepci\u00f3n del mundo\u00bb.<\/span><\/p>\n<p><span style=\"font-size: 10pt;\">. La unidad <i>a posteriori<\/i>. Cientificismo.<\/span><\/p>\n<p><span style=\"font-size: 10pt;\">. La unilateralidad intuitiva.<\/span><\/p>\n<p><span style=\"font-size: 10pt;\"><b>Lecci\u00f3n 4\u00aa. Sistem\u00e1tica de la filosof\u00eda contempor\u00e1nea<\/b><\/span><\/p>\n<p><span style=\"font-size: 10pt;\">I.<\/span><\/p>\n<p><span style=\"font-size: 10pt;\">1. En nuestras facultades, a\u00fan esquemas cl\u00e1sicos. No en el mundo.<\/span><\/p>\n<p><span style=\"font-size: 10pt;\">2. Pero en la filosof\u00eda como concepci\u00f3n del mundo, acaso fracciones tem\u00e1ticas y hasta supresi\u00f3n. Kant y Hegel son los padres. Hegel.<\/span><\/p>\n<p><span style=\"font-size: 10pt;\">II.<\/span><\/p>\n<p><span style=\"font-size: 10pt;\">1. Las escuelas tradicionales: escol\u00e1stica. Esquemas, momentos.<\/span><\/p>\n<p><span style=\"font-size: 10pt;\">2. Tradici\u00f3n hegeliana: Hyppolite, Adorno.<\/span><\/p>\n<p><span style=\"font-size: 10pt;\">III.<\/span><\/p>\n<p><span style=\"font-size: 10pt;\"><b>Neopositivismo y corrientes afines<\/b> (con Kant + Comte).<\/span><\/p>\n<p><span style=\"font-size: 10pt;\">1. El tema epistemol\u00f3gico convertido en anal\u00edtico.<\/span><\/p>\n<p><span style=\"font-size: 10pt;\">2. Matices. Carnap y Wittgenstein.<\/span><\/p>\n<p><span style=\"font-size: 10pt;\">IV.<\/span><\/p>\n<p><span style=\"font-size: 10pt;\"><b>Existencialismo y corrientes afines<\/b><\/span><\/p>\n<p><span style=\"font-size: 10pt;\">1. Vitalismo.<\/span><\/p>\n<p><span style=\"font-size: 10pt;\">2. Existencialismo (Kant y Hegel).<\/span><\/p>\n<p><span style=\"font-size: 10pt;\">3. Heidegger.<\/span><\/p>\n<p><span style=\"font-size: 10pt;\"><b>V. Filosof\u00edas de intenci\u00f3n cient\u00edfica y sistem\u00e1tica<\/b><\/span><\/p>\n<p><span style=\"font-size: 10pt;\">1. Marxismo.<\/span><\/p>\n<p><span style=\"font-size: 10pt;\">2. Racionalismo.<\/span><\/p>\n<p><span style=\"font-size: 10pt;\">3. Teilhard, Einstein, Heisenberg.<\/span><\/p>\n<p><span style=\"font-size: 10pt;\"><b>VI. El problema de las filosof\u00edas no [ilegible]<\/b><\/span><\/p>\n<p><span style=\"font-size: 10pt;\"><b>Lecci\u00f3n 5\u00aa. Filosof\u00eda y ciencias sociales.<\/b><\/span><\/p>\n<p><span style=\"font-size: 10pt;\"><b>I. La presencia tradicional de los temas sociales en la Filosof\u00eda.<\/b><\/span><\/p>\n<p><span style=\"font-size: 10pt;\">1. En la filosof\u00eda antigua:<\/span><\/p>\n<p><span style=\"font-size: 10pt;\">1\u2019. Pol\u00edtica en los griegos:<\/span><\/p>\n<p><span style=\"font-size: 10pt;\">1\u2019\u2019. Presocr\u00e1ticos.<\/span><\/p>\n<p><span style=\"font-size: 10pt;\">2\u2019\u2019. Plat\u00f3n.<\/span><\/p>\n<p><span style=\"font-size: 10pt;\">3\u2019\u2019- Arist\u00f3teles: novedad \u2013 perdida.<\/span><\/p>\n<p><span style=\"font-size: 10pt;\">2\u2019 Predominio final de la \u00e9tica.<\/span><\/p>\n<p><span style=\"font-size: 10pt;\">3\u2019. Econom\u00eda, solo preocupaci\u00f3n.<\/span><\/p>\n<p><span style=\"font-size: 10pt;\">2. En la filosof\u00eda medieval.<\/span><\/p>\n<p><span style=\"font-size: 10pt;\">Santo Tom\u00e1s y Ockham.<\/span><\/p>\n<p><span style=\"font-size: 10pt;\"><b>II. El tema del Derecho natural.<\/b><\/span><\/p>\n<p><span style=\"font-size: 10pt;\">1. En la escol\u00e1stica tard\u00eda espa\u00f1ola.<\/span><\/p>\n<p><span style=\"font-size: 10pt;\">2. En Grocio y Locke.<\/span><\/p>\n<p><span style=\"font-size: 10pt;\"><b>III. Consideraci\u00f3n global.<\/b><\/span><\/p>\n<p><span style=\"font-size: 10pt;\">Es siempre afirmaci\u00f3n de ideales.<\/span><\/p>\n<p><span style=\"font-size: 10pt;\"><b>IV. Kant<\/b><\/span><\/p>\n<p><span style=\"font-size: 10pt;\">1. La teor\u00eda de la ciencia.<\/span><\/p>\n<p><span style=\"font-size: 10pt;\">2. Aunque Kant\u2026<\/span><\/p>\n<p><span style=\"font-size: 10pt;\">3. Fueron ciencias despu\u00e9s de \u00e9l.<\/span><\/p>\n<p><span style=\"font-size: 10pt;\"><b>V. Lo que haremos\u2026<\/b><\/span><\/p>\n<p><span style=\"font-size: 10pt;\"><b>Lecci\u00f3n 6\u00aa. Sentidos de la palabra \u00abm\u00e9todo\u00bb. El campo de la metodolog\u00eda general.<\/b><\/span><\/p>\n<p><span style=\"font-size: 10pt;\"><b>I. Primera problematicidad.<\/b><\/span><\/p>\n<p><span style=\"font-size: 10pt;\">. Etimolog\u00eda.<\/span><\/p>\n<p><span style=\"font-size: 10pt;\">. Pr\u00e1cticos y heur\u00edsticos.<\/span><\/p>\n<p><span style=\"font-size: 10pt;\">. ampliaci\u00f3n.<\/span><\/p>\n<p><span style=\"font-size: 10pt;\">. Te\u00f3ricos: heur\u00edsticos y did\u00e1cticos o expositivos.<\/span><\/p>\n<p><span style=\"font-size: 10pt;\">. no claridad en la divisi\u00f3n: los did\u00e1cticos, \u00bfno son pr\u00e1cticos?<\/span><\/p>\n<p><span style=\"font-size: 10pt;\"><b>II. Segunda problematicidad<\/b>.<\/span><\/p>\n<p><span style=\"font-size: 10pt;\">. Pero a\u00fan m\u00e1s grave es la cuesti\u00f3n de la dimensi\u00f3n filos\u00f3fica del problema del m\u00e9todo.<\/span><\/p>\n<p><span style=\"font-size: 10pt;\">. M\u00e9todo de sustituci\u00f3n (econom\u00eda). Discurso del <i>m\u00e9todo<\/i>.<\/span><\/p>\n<p><span style=\"font-size: 10pt;\">. Discusi\u00f3n.<\/span><\/p>\n<p><span style=\"font-size: 10pt;\"><b>III. Intento de aclaraci\u00f3n de la problem\u00e1tica.<\/b><\/span><\/p>\n<p><span style=\"font-size: 10pt;\">&#8211; El intento cl\u00e1sico: metodolog\u00eda general y especial.<\/span><\/p>\n<p><span style=\"font-size: 10pt;\">. Cr\u00edtica y recusaci\u00f3n:<\/span><\/p>\n<p><span style=\"font-size: 10pt;\">+ \u00a1el problema de las ciencias sociales ser\u00eda en metodolog\u00eda especial!<\/span><\/p>\n<p><span style=\"font-size: 10pt;\">&#8211; Propuesta: metodolog\u00eda filos\u00f3fica y metodolog\u00eda positiva.<\/span><\/p>\n<p><span style=\"font-size: 10pt;\">. Observaci\u00f3n: la metodolog\u00eda filos\u00f3fica no puede ser hecha con la abstracci\u00f3n de las ciencias. Es lo filos\u00f3fico de ellas.<\/span><\/p>\n<p><span style=\"font-size: 10pt;\">. y hay cosas de metodolog\u00eda positiva que llegan a penetrar en la concepci\u00f3n del mundo. Vi\u00e8te<\/span><\/p>\n<p><span style=\"font-size: 10pt;\">. La consideraci\u00f3n hist\u00f3rica en la comprensi\u00f3n del problema del m\u00e9todo.<\/span><\/p>\n<p><span style=\"font-size: 10pt;\">+ los de ejemplos ya vistos.<\/span><\/p>\n<p><span style=\"font-size: 10pt;\"><b>IV. El campo de la antropolog\u00eda filos\u00f3fica.<\/b><\/span><\/p>\n<p><span style=\"font-size: 10pt;\">Es del: lo que en el hacer [ilegible] concepci\u00f3n del mundo, del hacer.<\/span><\/p>\n<p><span style=\"font-size: 10pt;\"><b>Lecci\u00f3n 8\u00aa. El problema de la naturaleza de los estudios sociales. Las filosof\u00edas vitalistas y su idea de la comprensi\u00f3n hist\u00f3rica.<\/b><\/span><\/p>\n<p><span style=\"font-size: 10pt;\"><b>I.<\/b><\/span><\/p>\n<p><span style=\"font-size: 10pt;\">&#8211; Orden m\u00edtico-religioso.<\/span><\/p>\n<p><span style=\"font-size: 10pt;\">&#8211; Los griegos.<\/span><\/p>\n<p><span style=\"font-size: 10pt;\">. Pero perduraci\u00f3n hoy de los or\u00edgenes.<\/span><\/p>\n<p><span style=\"font-size: 10pt;\">&#8211; Del Derecho natural a la Ilustraci\u00f3n y la Revoluci\u00f3n.<\/span><\/p>\n<p><span style=\"font-size: 10pt;\">. O sea, de la \u00abraz\u00f3n\u00bb a la acci\u00f3n.<\/span><\/p>\n<p><span style=\"font-size: 10pt;\">Racionalizaci\u00f3n.<\/span><\/p>\n<p><span style=\"font-size: 10pt;\">&#8211; Pero deriva de la historia (incluso sobre el racionalismo cl\u00e1sico).<\/span><\/p>\n<p><span style=\"font-size: 10pt;\">. y del empirismo, que es historia.<\/span><\/p>\n<p><span style=\"font-size: 10pt;\">&#8211; En el siglo XIX:<\/span><\/p>\n<p><span style=\"font-size: 10pt;\">. Hegel y la raz\u00f3n hist\u00f3rica.<\/span><\/p>\n<p><span style=\"font-size: 10pt;\">. Reacci\u00f3n: Comte.<\/span><\/p>\n<p><span style=\"font-size: 10pt;\">. S\u00edntesis: el nuevo ideal de ciencia social.<\/span><\/p>\n<p><span style=\"font-size: 10pt;\">. Pero en el mismo momento las convulsiones. La experiencia de Ricardo. Nos referiremos en la \u00faltima lecci\u00f3n.<\/span><\/p>\n<p><span style=\"font-size: 10pt;\">. Resultados: matematismo m\u00e1s falta de conceptos cualitativos.<\/span><\/p>\n<p><span style=\"font-size: 10pt;\"><b>II<\/b>.<\/span><\/p>\n<p><span style=\"font-size: 10pt;\">&#8211; En esta situaci\u00f3n, Dilthey,<\/span><\/p>\n<p><span style=\"font-size: 10pt;\">. La teor\u00eda de la comprensi\u00f3n.<\/span><\/p>\n<p><span style=\"font-size: 10pt;\">. montada en cr\u00edtica de la abstracci\u00f3n, an\u00e1lisis, inducci\u00f3n.<\/span><\/p>\n<p><span style=\"font-size: 10pt;\">&#8211; Veremos las cr\u00edticas y resumiremos la valoraci\u00f3n en lecci\u00f3n 14\u00aa.<\/span><\/p>\n<p><span style=\"font-size: 10pt;\">&#8211; Muy ampliado, con problem\u00e1tica actual ciencias naturales.<\/span><\/p>\n<p><span style=\"font-size: 10pt;\">Relacionando con fenomenolog\u00eda, Gestalt, vitalismo biol\u00f3gico y m\u00e9dico.<\/span><\/p>\n<p><span style=\"font-size: 10pt;\">. Generalizaci\u00f3n en la ideolog\u00eda ambiente.<\/span><\/p>\n<p><span style=\"font-size: 10pt;\"><b>Anexo 2: Notas manuscritas del curso de Fundamentos de 1964-1965.<\/b><\/span><\/p>\n<p><span style=\"font-size: 10pt;\"><b>Lecci\u00f3n I. Diversas significaciones del t\u00e9rmino filosof\u00eda.<\/b><\/span><\/p>\n<p><span style=\"font-size: 10pt;\"><b>Algunas acepciones corrientes de los t\u00e9rminos \u2018filosof\u00eda\u2019, \u2018filos\u00f3fico\u2019, \u2018filos\u00f3ficamente\u2019, etc. Su justificaci\u00f3n por la historia de la filosof\u00eda.<\/b><\/span><\/p>\n<p><span style=\"font-size: 10pt;\">1. Calma, serenidad (\u00abTomarse las cosas filos\u00f3ficamente\u00bb).<\/span><\/p>\n<p><span style=\"font-size: 10pt;\">1\u2019. Estoicismo: valor, rebeli\u00f3n (S\u00f3crates, Boecio, Bruno).<\/span><\/p>\n<p><span style=\"font-size: 10pt;\">2\u2019. Estoicismo: desinter\u00e9s por la vida (\u00abapatia\u00bb).<\/span><\/p>\n<p><span style=\"font-size: 10pt;\">3\u2019. Cinismo, frescura, servilismo.<\/span><\/p>\n<p><span style=\"font-size: 10pt;\">. Observar que son acepciones morales.<\/span><\/p>\n<p><span style=\"font-size: 10pt;\">. Aunque enlazadas con \u00abcoherentes\u00bb posiciones intelectuales<\/span><\/p>\n<p><span style=\"font-size: 10pt;\">+ ejemplo: el pante\u00edsmo fatalista estoico.<\/span><\/p>\n<p><span style=\"font-size: 10pt;\">2. Oscuridad, car\u00e1cter abstruso.<\/span><\/p>\n<p><span style=\"font-size: 10pt;\">1\u2019. Dificultad por superioridad, sublimidad (Plat\u00f3n, Kant, H.)<\/span><\/p>\n<p><span style=\"font-size: 10pt;\">2\u2019. Cuento, ret\u00f3rica. Sofisma.<\/span><\/p>\n<p><span style=\"font-size: 10pt;\">. Observar que son notas intelectuales, pero con tendencia a connotar moralmente.<\/span><\/p>\n<p><span style=\"font-size: 10pt;\">3. Generalidad, abstracci\u00f3n.<\/span><\/p>\n<p><span style=\"font-size: 10pt;\">1\u2019. Saber supremo (Filosof\u00eda cl\u00e1sica -y cr\u00edtica).<\/span><\/p>\n<p><span style=\"font-size: 10pt;\">2\u2019. Vaciedad (la parodia de Moli\u00e8re).<\/span><\/p>\n<p><span style=\"font-size: 10pt;\"><b>Notas morales, notas intelectuales y cambio hist\u00f3rico en el concepto de filosof\u00eda.<\/b><\/span><\/p>\n<p><span style=\"font-size: 10pt;\">1. La intrincaci\u00f3n de ambas est\u00e1 justificada por la historia \u00abt\u00e9cnica\u00bb.<\/span><\/p>\n<p><span style=\"font-size: 10pt;\">2. Y, como hemos insinuado, historicidad.<\/span><\/p>\n<p><span style=\"font-size: 10pt;\">3.1\u2019. Lo primero parece distinguir de la ciencia.<\/span><\/p>\n<p><span style=\"font-size: 10pt;\">3.2\u2019. Lo segundo remite a un poco de consideraci\u00f3n hist\u00f3rica -en la que se ver\u00e1, sorprendentemente, que ciencia y filosof\u00eda fueron al principio lo mismo<b>.<\/b><\/span><\/p>\n<p><span style=\"font-size: 10pt;\"><b>Lecci\u00f3n 2\u00aa. Filosof\u00eda y ciencia. Nacimiento de la filosof\u00eda y la ciencia griegas.<\/b><\/span><\/p>\n<p><span style=\"font-size: 10pt;\"><b>1\u00ba. La limitaci\u00f3n a Grecia<\/b><\/span><\/p>\n<p><span style=\"font-size: 10pt;\">1\u2019. Una explicaci\u00f3n categ\u00f3rica: es la nuestra y no es otra.<\/span><\/p>\n<p><span style=\"font-size: 10pt;\">2\u2019. Pero adem\u00e1s:<\/span><\/p>\n<p><span style=\"font-size: 10pt;\">1\u2019\u2019. Se universaliza hoy.<\/span><\/p>\n<p><span style=\"font-size: 10pt;\">2\u2019\u2019. Y Grecia es el momento de aparici\u00f3n, por lo menos, de la ciencia -y de filos\u00f3ficamente sentido.<\/span><\/p>\n<p><span style=\"font-size: 10pt;\"><b>2\u00ba. Caracteres de la ciencia y la filosof\u00eda griegas.<\/b><\/span><\/p>\n<p><span style=\"font-size: 10pt;\">1\u2019. La ciencia egipcia y mesopot\u00e1mica<\/span><\/p>\n<p><span style=\"font-size: 10pt;\">1\u2019\u2019. Empirismo.<\/span><\/p>\n<p><span style=\"font-size: 10pt;\">2\u2019\u2019. Mito.<\/span><\/p>\n<p><span style=\"font-size: 10pt;\">3\u2019\u2019. Magia.<\/span><\/p>\n<p><span style=\"font-size: 10pt;\">2\u2019. Todo eso est\u00e1 en la vieja cultura griega:<\/span><\/p>\n<p><span style=\"font-size: 10pt;\">1\u2019\u2019. Mito: el \u00abCor\u00e1n\u00bb hom\u00e9rico. Todav\u00eda Arist\u00f3teles (\u00a1y Plat\u00f3n!) y el <i>mithologein.<\/i><\/span><\/p>\n<p><span style=\"font-size: 10pt;\">2\u2019\u2019. Magia menos. Y hasta ciertas irreligiosidad hom\u00e9rica (aunque con reservas).<\/span><\/p>\n<p><span style=\"font-size: 10pt;\">3\u2019. Pero a finales del siglo VII pasa algo: la b\u00fasqueda de un saber no mitol\u00f3gico<\/span><\/p>\n<p><span style=\"font-size: 10pt;\">1\u2019\u2019. Por tanto, en<i> lucha cr\u00edtica y moral<\/i> (S\u00f3crates, Anaximandro, S\u00f3crates, Arist\u00f3teles)<\/span><\/p>\n<p><span style=\"font-size: 10pt;\">2\u2019\u2019. Y necesitado de otros fundamentos: racionales y sistem\u00e1ticos.<\/span><\/p>\n<p><span style=\"font-size: 10pt;\">1\u2019\u2019\u2019. Ejemplos de esta ciencia verdadera: Tales, el agua, mito egipcio.<\/span><\/p>\n<p><span style=\"font-size: 10pt;\">2\u2019\u2019\u2019. El primer hombre del Enuma Elish y el de Anaximandro.<\/span><\/p>\n<p><span style=\"font-size: 10pt;\">4.\u2019. Los caracteres son:<\/span><\/p>\n<p><span style=\"font-size: 10pt;\">1\u2019\u2019. Lucha cr\u00edtica (y moral).<\/span><\/p>\n<p><span style=\"font-size: 10pt;\">2\u2019\u2019. Sistema racional.<\/span><\/p>\n<p><span style=\"font-size: 10pt;\"><b>3\u00ba. Historia:<\/b><\/span><\/p>\n<p><span style=\"font-size: 10pt;\">1\u2019. Las conmociones. El caso t\u00edpico Atenas-Esparta.<\/span><\/p>\n<p><span style=\"font-size: 10pt;\">1\u2019\u2019. Monarqu\u00eda.<\/span><\/p>\n<p><span style=\"font-size: 10pt;\">2\u2019\u2019. Aristocracia con burgues\u00eda.<\/span><\/p>\n<p><span style=\"font-size: 10pt;\">3\u2019\u2019. [ilegible] campesinos y burgueses. Comercio e industria.<\/span><\/p>\n<p><span style=\"font-size: 10pt;\">4\u2019\u2019. Sol\u00f3n<\/span><\/p>\n<p><span style=\"font-size: 10pt;\">2\u2019. Tales como hombre. Tales y Cylon.<\/span><\/p>\n<p><span style=\"font-size: 10pt;\">3\u2019. El contraejemplo espartano. Y as\u00ed fue Oriente.<\/span><\/p>\n<p><span style=\"font-size: 10pt;\"><b>La independizaci\u00f3n de las ciencias positivas<\/b><\/span><\/p>\n<p><span style=\"font-size: 10pt;\">1. Los primeros fil\u00f3sofos son los primeros cient\u00edficos:<\/span><\/p>\n<p><span style=\"font-size: 10pt;\">Tales<\/span><\/p>\n<p><span style=\"font-size: 10pt;\">Anaximandro<\/span><\/p>\n<p><span style=\"font-size: 10pt;\">Pit\u00e1goras<\/span><\/p>\n<p><span style=\"font-size: 10pt;\">Hasta Plat\u00f3n y Arist\u00f3teles. Los temas de Arist\u00f3teles.<\/span><\/p>\n<p><span style=\"font-size: 10pt;\">2. 1\u2019. La medicina.<\/span><\/p>\n<p><span style=\"font-size: 10pt;\">2\u2019. La matem\u00e1tica.<\/span><\/p>\n<p><span style=\"font-size: 10pt;\">3\u2019. La astronom\u00eda.<\/span><\/p>\n<p><span style=\"font-size: 10pt;\">4\u2019. La biolog\u00eda.<\/span><\/p>\n<p><span style=\"font-size: 10pt;\">3. Reaparici\u00f3n del ideal cada vez que renace la ciencia: Galileo, Newton, Gilbert.<\/span><\/p>\n<p><span style=\"font-size: 10pt;\"><b>La fecunda mutaci\u00f3n de las ciencias.<\/b><\/span><\/p>\n<p><span style=\"font-size: 10pt;\">1. El precedente heracl\u00edteo.<\/span><\/p>\n<p><span style=\"font-size: 10pt;\">2. Plat\u00f3n, la dial\u00e9ctica.<\/span><\/p>\n<p><span style=\"font-size: 10pt;\">3. Arist\u00f3teles.<\/span><\/p>\n<p><span style=\"font-size: 10pt;\">1\u2019. La metaf\u00edsica.<\/span><\/p>\n<p><span style=\"font-size: 10pt;\">2\u2019. La l\u00f3gica.<\/span><\/p>\n<p><span style=\"font-size: 10pt;\"><b>Lecci\u00f3n 3\u00aa. Las concepciones de la filosof\u00eda en la actualidad<\/b><\/span><\/p>\n<p><span style=\"font-size: 10pt;\">&#8211; Para qu\u00e9 tiene que servirnos esta lecci\u00f3n.<\/span><\/p>\n<p><span style=\"font-size: 10pt;\">&#8211; Conservaci\u00f3n del concepto tradicional de filosof\u00eda; su sistem\u00e1tica.<\/span><\/p>\n<p><span style=\"font-size: 10pt;\">1. Centrado en la idea de filosof\u00eda primera.<\/span><\/p>\n<p><span style=\"font-size: 10pt;\">. superior a, rectora de, m\u00e1s segura que el saber cient\u00edfico.<\/span><\/p>\n<p><span style=\"font-size: 10pt;\">. anterior a las ciencias. Sistema.<\/span><\/p>\n<p><span style=\"font-size: 10pt;\">2. Cristalizada no en la Edad Antigua ni en la Edad Media sino en el siglo XVIII con Christian Wolff (1679-1754)<\/span><\/p>\n<p><span style=\"font-size: 10pt;\">(L\u00f3gica)<\/span><\/p>\n<p><span style=\"font-size: 10pt;\">Filosof\u00eda teor\u00e9tica:<\/span><\/p>\n<p><span style=\"font-size: 10pt;\">General: Ontolog\u00eda<\/span><\/p>\n<p><span style=\"font-size: 10pt;\">Especial: Cosmolog\u00eda<\/span><\/p>\n<p><span style=\"font-size: 10pt;\">Psicolog\u00eda<\/span><\/p>\n<p><span style=\"font-size: 10pt;\">Teolog\u00eda natural<\/span><\/p>\n<p><span style=\"font-size: 10pt;\">Filosof\u00eda pr\u00e1ctica: Etica<\/span><\/p>\n<p><span style=\"font-size: 10pt;\">Pol\u00edtica<\/span><\/p>\n<p><span style=\"font-size: 10pt;\">Econom\u00eda<\/span><\/p>\n<p><span style=\"font-size: 10pt;\">3. Esta concepci\u00f3n de la filosof\u00eda (a\u00fan seguida) ha tenido malas experiencias. Ejemplo: el espacio absoluto, las geometr\u00eda no euclidianas y Einstein.<\/span><\/p>\n<p><span style=\"font-size: 10pt;\">4. Pero responde a un hecho: la presencia de ideas generales posibilitando el saber, as\u00ed como condens\u00e1ndolo pr\u00e1cticamente en la vida individual.<\/span><\/p>\n<p><span style=\"font-size: 10pt;\">A este respecto la:<\/span><\/p>\n<p><span style=\"font-size: 10pt;\"><b>Filosof\u00eda como concepci\u00f3n del mundo.<\/b><\/span><\/p>\n<p><span style=\"font-size: 10pt;\">1. Manera m\u00e1s o menos articulada de comprender la vida o situarse ante ella, con consecuencias pr\u00e1cticas.<\/span><\/p>\n<p><span style=\"font-size: 10pt;\">2. Presente en todos los grandes fil\u00f3sofos.<\/span><\/p>\n<p><span style=\"font-size: 10pt;\">3. El idealismo alem\u00e1n. Schopenhauer, existencialismo.<\/span><\/p>\n<p><span style=\"font-size: 10pt;\">3. Su riesgo es la arbitrariedad<\/span><\/p>\n<p><span style=\"font-size: 10pt;\"><b>Filosof\u00eda como cr\u00edtica.<\/b><\/span><\/p>\n<p><span style=\"font-size: 10pt;\">1. Su origen (aparte esc\u00e9pticos): \u2018cr\u00edtica\u2019 en Kant.<\/span><\/p>\n<p><span style=\"font-size: 10pt;\">2. Su desarrollo hist\u00f3rico. Ejemplos:<\/span><\/p>\n<p><span style=\"font-size: 10pt;\">a) positivismo<\/span><\/p>\n<p><span style=\"font-size: 10pt;\">b) <i>un<\/i> Marx y Freud<\/span><\/p>\n<p><span style=\"font-size: 10pt;\">c) neopositivismo<\/span><\/p>\n<p><span style=\"font-size: 10pt;\">3. Su acierto.<\/span><\/p>\n<p><span style=\"font-size: 10pt;\">4. Su peligro: ingenuidad ideol\u00f3gica.<\/span><\/p>\n<p><span style=\"font-size: 10pt;\"><b>Filosof\u00eda y filosofar.<\/b><\/span><\/p>\n<p><span style=\"font-size: 10pt;\">1. No hay filosof\u00eda como sistema superior a las ciencias.<\/span><\/p>\n<p><span style=\"font-size: 10pt;\">2. Hay la actividad de filosofar.<\/span><\/p>\n<p><span style=\"font-size: 10pt;\">a) te\u00f3rica.<\/span><\/p>\n<p><span style=\"font-size: 10pt;\">b) pr\u00e1ctica<\/span><\/p>\n<p><span style=\"font-size: 10pt;\">a niveles anterior y posterior al saber y al hacer.<\/span><\/p>\n<p><span style=\"font-size: 10pt;\">3. Filosofar es criticar el saber y la cultura, y hacerse consciente la actitud ante el mundo y la vida, sin pretender ser demostrativo.<\/span><\/p>\n","protected":false},"excerpt":{"rendered":"<p>Para Miguel S\u00e1nchez Mazas, V\u00edctor S\u00e1nchez de Zavala, Jes\u00fas Moster\u00edn, Javier Muguerza y Luis Vega Re\u00f1\u00f3n. In memoriam et ad<\/p>\n","protected":false},"author":5,"featured_media":18150,"comment_status":"open","ping_status":"open","sticky":false,"template":"","format":"standard","meta":{"footnotes":""},"categories":[8,10],"tags":[],"class_list":["post-18913","post","type-post","status-publish","format-standard","has-post-thumbnail","hentry","category-filosofia","category-manuel-sacristan"],"aioseo_notices":[],"_links":{"self":[{"href":"https:\/\/espai-marx.net\/index.php?rest_route=\/wp\/v2\/posts\/18913","targetHints":{"allow":["GET"]}}],"collection":[{"href":"https:\/\/espai-marx.net\/index.php?rest_route=\/wp\/v2\/posts"}],"about":[{"href":"https:\/\/espai-marx.net\/index.php?rest_route=\/wp\/v2\/types\/post"}],"author":[{"embeddable":true,"href":"https:\/\/espai-marx.net\/index.php?rest_route=\/wp\/v2\/users\/5"}],"replies":[{"embeddable":true,"href":"https:\/\/espai-marx.net\/index.php?rest_route=%2Fwp%2Fv2%2Fcomments&post=18913"}],"version-history":[{"count":1,"href":"https:\/\/espai-marx.net\/index.php?rest_route=\/wp\/v2\/posts\/18913\/revisions"}],"predecessor-version":[{"id":18914,"href":"https:\/\/espai-marx.net\/index.php?rest_route=\/wp\/v2\/posts\/18913\/revisions\/18914"}],"wp:featuredmedia":[{"embeddable":true,"href":"https:\/\/espai-marx.net\/index.php?rest_route=\/wp\/v2\/media\/18150"}],"wp:attachment":[{"href":"https:\/\/espai-marx.net\/index.php?rest_route=%2Fwp%2Fv2%2Fmedia&parent=18913"}],"wp:term":[{"taxonomy":"category","embeddable":true,"href":"https:\/\/espai-marx.net\/index.php?rest_route=%2Fwp%2Fv2%2Fcategories&post=18913"},{"taxonomy":"post_tag","embeddable":true,"href":"https:\/\/espai-marx.net\/index.php?rest_route=%2Fwp%2Fv2%2Ftags&post=18913"}],"curies":[{"name":"wp","href":"https:\/\/api.w.org\/{rel}","templated":true}]}}