{"id":19154,"date":"2026-01-24T05:00:04","date_gmt":"2026-01-24T04:00:04","guid":{"rendered":"https:\/\/espai-marx.net\/?p=19154"},"modified":"2026-01-24T00:57:13","modified_gmt":"2026-01-23T23:57:13","slug":"los-16-mayores-problemas-medioambientales-de-2026","status":"publish","type":"post","link":"https:\/\/espai-marx.net\/?p=19154","title":{"rendered":"Los 16 mayores problemas medioambientales de 2026"},"content":{"rendered":"<div dir=\"ltr\">\n<div class=\"yiv2659348311gmail-ydp556623d3pasted-link\">\n<p>El mundo se enfrenta a una serie de retos medioambientales urgentes que requieren atenci\u00f3n y medidas inmediatas. Desde los desastres provocados por el cambio clim\u00e1tico, la p\u00e9rdida de biodiversidad y la contaminaci\u00f3n por pl\u00e1sticos hasta el auge de la inteligencia artificial, los 16 mayores problemas medioambientales de 2026 pintan un panorama desolador que pone de manifiesto la urgente necesidad de mitigar el cambio clim\u00e1tico y adaptarse a \u00e9l.<\/p>\n<h3>1. Calentamiento global provocado por los combustibles f\u00f3siles<\/h3>\n<p>Acaba de concluir otro a\u00f1o marcado por <a href=\"https:\/\/earth.org\/nordic-countries-bake-in-unprecedented-and-prolonged-summer-heat-not-seen-in-decades\/\" target=\"_blank\" rel=\"nofollow noopener noreferrer\">olas de calor r\u00e9cord<\/a> y <a href=\"https:\/\/earth.org\/2025-one-of-costliest-years-for-climate-disasters-report\/\" target=\"_blank\" rel=\"nofollow noopener noreferrer\">fen\u00f3menos meteorol\u00f3gicos extremos catastr\u00f3ficos<\/a>, y 2025 se perfila como <a href=\"https:\/\/earth.org\/2025-on-track-to-be-joint-second-warmest-years-on-record\/\" target=\"_blank\" rel=\"nofollow noopener noreferrer\">uno de los tres a\u00f1os m\u00e1s c\u00e1lidos de la historia<\/a>. Esto pone fin a m\u00e1s de una d\u00e9cada de calor sin precedentes a nivel mundial, impulsado por las actividades humanas, en la que cada uno de los \u00faltimos 11 a\u00f1os (2015-2025) <a href=\"https:\/\/earth.org\/2024-hottest-year-on-record-marks-decade-of-deadly-heat\/\" target=\"_blank\" rel=\"nofollow noopener noreferrer\">ha sido uno de los diez m\u00e1s c\u00e1lidos de la historia<\/a>. Actualmente, <a href=\"https:\/\/earth.org\/2024-virtually-certain-to-be-hottest-in-history-marking-new-milestone-in-temperature-records\/\" target=\"_blank\" rel=\"nofollow noopener noreferrer\">2024 encabeza la clasificaci\u00f3n<\/a>, <a href=\"https:\/\/earth.org\/2023-to-be-hottest-year-ever-recorded-at-1-4c-above-pre-industrial-levels\/\" target=\"_blank\" rel=\"nofollow noopener noreferrer\">seguido de 2023<\/a>.<\/p>\n<p>Sin duda, uno de los mayores problemas medioambientales de nuestra vida es el aumento de las emisiones de gases de efecto invernadero, que retienen el calor del sol en la atm\u00f3sfera, elevando la temperatura de la superficie terrestre y provocando olas de calor m\u00e1s largas y intensas. Las concentraciones atmosf\u00e9ricas de los tres principales gases que calientan el planeta \u2014di\u00f3xido de carbono (CO2), metano y \u00f3xido nitroso\u2014 <a href=\"https:\/\/earth.org\/record-co2-levels-in-2024-commit-planet-to-more-long-term-warming-un-says\/\" target=\"_blank\" rel=\"nofollow noopener noreferrer\">nunca han sido tan altas<\/a>. Debido a la extremadamente larga durabilidad de estos gases en la atm\u00f3sfera, el mundo se enfrenta ahora a un \u00abaumento de la temperatura a m\u00e1s largo plazo\u00bb, afirm\u00f3 el mes pasado Ko Barret, vicesecretario general de la Organizaci\u00f3n Meteorol\u00f3gica Mundial.<\/p>\n<p>\u00abEl calor atrapado por el CO2 y otros gases de efecto invernadero est\u00e1 acelerando nuestro clima y provocando fen\u00f3menos meteorol\u00f3gicos m\u00e1s extremos. Por lo tanto, reducir las emisiones es esencial no solo para nuestro clima, sino tambi\u00e9n para nuestra seguridad econ\u00f3mica y el bienestar de la comunidad\u00bb, a\u00f1adi\u00f3 Barrett.<\/p>\n<p>El aumento de las emisiones de gases de efecto invernadero ha provocado un r\u00e1pido y constante aumento de las temperaturas globales, lo que a su vez est\u00e1 causando cat\u00e1strofes en todo el mundo, desde Australia y Estados Unidos, que est\u00e1n sufriendo algunas de las <a href=\"https:\/\/earth.org\/australias-bushfire-crisis-a-governments-failure\/\" target=\"_blank\" rel=\"nofollow noopener noreferrer\">temporadas de incendios forestales<\/a> m\u00e1s devastadoras jam\u00e1s registradas, y <a href=\"https:\/\/earth.org\/swarms-of-locusts-plaguing-east-africa-reveals-climate-change-vulnerability\/\" target=\"_blank\" rel=\"nofollow noopener noreferrer\">las plagas de langostas<\/a> que est\u00e1n diezmando los cultivos en partes de \u00c1frica, Oriente Medio y Asia, hasta una <a href=\"https:\/\/earth.org\/antarctica-heatwave\/\" target=\"_blank\" rel=\"nofollow noopener noreferrer\">ola de calor en la Ant\u00e1rtida<\/a>, donde las temperaturas superaron los 20 \u00b0C por primera vez.<\/p>\n<p>Los cient\u00edficos advierten constantemente de que el planeta ha superado una serie de <a href=\"https:\/\/earth.org\/what-are-tipping-points-in-the-climate-crisis\/\" target=\"_blank\" rel=\"nofollow noopener noreferrer\">puntos de inflexi\u00f3n<\/a> que podr\u00edan tener consecuencias catastr\u00f3ficas, como el avance del <a href=\"https:\/\/earth.org\/arctic-permafrost-abrupt-thaw-a-risk\/\" target=\"_blank\" rel=\"nofollow noopener noreferrer\">deshielo del permafrost en las regiones \u00e1rticas<\/a>, el <a href=\"https:\/\/earth.org\/glacial-melting-in-greenland\/\" target=\"_blank\" rel=\"nofollow noopener noreferrer\">deshielo de la capa de hielo de Groenlandia<\/a> a un ritmo sin precedentes, la aceleraci\u00f3n de la <a href=\"https:\/\/earth.org\/sixth-mass-extinction-of-wildlife-accelerating\/\" target=\"_blank\" rel=\"nofollow noopener noreferrer\">sexta extinci\u00f3n masiva<\/a> y el aumento de la <a href=\"https:\/\/earth.org\/record-deforestation-in-the-amazon\/\" target=\"_blank\" rel=\"nofollow noopener noreferrer\">deforestaci\u00f3n en la selva amaz\u00f3nica<\/a>.<\/p>\n<p>La crisis clim\u00e1tica est\u00e1 provocando que las tormentas tropicales y otros fen\u00f3menos meteorol\u00f3gicos, como los <a href=\"https:\/\/earth.org\/what-are-tropical-cyclones-hurricanes-and-typhoons-and-their-link-to-climate-change-explained\/\" target=\"_blank\" rel=\"nofollow noopener noreferrer\">ciclones tropicales<\/a> (m\u00e1s conocidos como huracanes y tifones), las <a href=\"https:\/\/earth.org\/climate-change-added-41-additional-days-of-dangerous-heat-in-2024-researchers-say-amid-hottest-year-on-record\/\" target=\"_blank\" rel=\"nofollow noopener noreferrer\">olas de calor<\/a> y las <a href=\"https:\/\/earth.org\/climate-change-and-rapid-urbanization-key-drivers-of-deadly-nepal-floods-analysis-shows\/\" target=\"_blank\" rel=\"nofollow noopener noreferrer\">inundaciones<\/a>, sean m\u00e1s intensos y frecuentes que nunca.<\/p>\n<p>Incluso si se detuvieran inmediatamente todas las emisiones de gases de efecto invernadero, las temperaturas globales seguir\u00edan aumentando en los pr\u00f3ximos a\u00f1os. Por eso es absolutamente imperativo que empecemos ahora mismo a reducir dr\u00e1sticamente las emisiones, a invertir en fuentes de energ\u00eda renovables y a eliminar progresivamente los combustibles f\u00f3siles lo m\u00e1s r\u00e1pido posible.<\/p>\n<h3>2. Politizaci\u00f3n de la crisis clim\u00e1tica<\/h3>\n<p>La innegable realidad de la crisis clim\u00e1tica no ha impedido su politizaci\u00f3n. Especialmente en los \u00faltimos a\u00f1os, lo que antes era solo una cuesti\u00f3n cient\u00edfica se ha convertido en un campo de batalla partidista en el que las opiniones suelen alinearse con la ideolog\u00eda pol\u00edtica, alimentadas por <a href=\"https:\/\/earth.org\/what-joe-rogan-is-getting-wrong-about-global-warming\/\" target=\"_blank\" rel=\"nofollow noopener noreferrer\">campa\u00f1as de desinformaci\u00f3n<\/a>, intereses econ\u00f3micos vinculados a los combustibles f\u00f3siles y opiniones divergentes sobre la intervenci\u00f3n del gobierno, lo que dificulta el consenso y obstaculiza la acci\u00f3n.<\/p>\n<p>Esto ha sido especialmente cierto en pa\u00edses como Estados Unidos, que bajo la presidencia de Donald Trump ha dado un enorme paso atr\u00e1s en la acci\u00f3n clim\u00e1tica. Desde que asumi\u00f3 el cargo en enero de 2025, Trump ha implementado importantes retrocesos en las pol\u00edticas y regulaciones medioambientales, ha <a href=\"https:\/\/earth.org\/trump-withdraws-us-from-66-international-organizations-including-pivotal-climate-treaties\/\" target=\"_blank\" rel=\"nofollow noopener noreferrer\">abandonado organizaciones internacionales y tratados clim\u00e1ticos<\/a>, ha <a href=\"https:\/\/earth.org\/scientists-vow-to-fight-trump-administrations-proposal-to-dimantle-key-climate-research-hub-in-colorado\/\" target=\"_blank\" rel=\"nofollow noopener noreferrer\">desmantelado la investigaci\u00f3n clim\u00e1tica<\/a> y ha tratado de recuperar pr\u00e1cticas destructivas, desde la <a href=\"https:\/\/earth.org\/to-plunder-the-abyss-revived-us-deep-sea-mining-ambitions-meet-fierce-pacific-opposition\/\" target=\"_blank\" rel=\"nofollow noopener noreferrer\">miner\u00eda en aguas profundas<\/a> y la <a href=\"https:\/\/earth.org\/trump-to-open-up-59-million-acres-of-national-forest-to-logging-mining\/\" target=\"_blank\" rel=\"nofollow noopener noreferrer\">tala de bosques<\/a> hasta la <a href=\"https:\/\/earth.org\/trumps-signs-executive-orders-to-revive-beautiful-clean-coal-in-blow-to-us-emissions-reduction-efforts\/\" target=\"_blank\" rel=\"nofollow noopener noreferrer\">producci\u00f3n de combustibles f\u00f3siles<\/a>.<\/p>\n<figure id=\"attachment_19164\" aria-describedby=\"caption-attachment-19164\" style=\"width: 650px\" class=\"wp-caption aligncenter\"><a href=\"https:\/\/espai-marx.net\/wp-content\/uploads\/2026\/01\/mineros-con-trump.webp\"><img loading=\"lazy\" decoding=\"async\" class=\"wp-image-19164\" src=\"https:\/\/espai-marx.net\/wp-content\/uploads\/2026\/01\/mineros-con-trump.webp\" alt=\"\" width=\"650\" height=\"434\" srcset=\"https:\/\/espai-marx.net\/wp-content\/uploads\/2026\/01\/mineros-con-trump.webp 1024w, https:\/\/espai-marx.net\/wp-content\/uploads\/2026\/01\/mineros-con-trump-300x200.webp 300w, https:\/\/espai-marx.net\/wp-content\/uploads\/2026\/01\/mineros-con-trump-768x512.webp 768w\" sizes=\"auto, (max-width: 650px) 100vw, 650px\" \/><\/a><figcaption id=\"caption-attachment-19164\" class=\"wp-caption-text\"><span style=\"font-size: 10pt;\">Un grupo de mineros del carb\u00f3n aplaude mientras el presidente Donald Trump firma \u00f3rdenes ejecutivas sobre la industria del carb\u00f3n el 8 de abril de 2025. (Foto: La Casa Blanca\/Flickr).<\/span><\/figcaption><\/figure>\n<p>Decenas de empresas, desde plataformas de redes sociales y compa\u00f1\u00edas energ\u00e9ticas hasta firmas de inversi\u00f3n, aerol\u00edneas, grandes bancos e incluso organizaciones filantr\u00f3picas, <a href=\"https:\/\/earth.org\/these-companies-are-backtracking-on-climate-in-bow-to-conservatives\/\" target=\"_blank\" rel=\"nofollow noopener noreferrer\">tambi\u00e9n han dado marcha atr\u00e1s<\/a> en sus compromisos medioambientales para alinearse con la agenda anticlim\u00e1tica de la administraci\u00f3n Trump.<\/p>\n<p>El ejemplo de Estados Unidos refleja un cambio m\u00e1s amplio en la prioridad que los gobiernos de todo el mundo otorgan al cambio clim\u00e1tico. La Uni\u00f3n Europea es otro buen ejemplo de ello, <a href=\"https:\/\/earth.org\/explainer-is-the-eu-backtracking-on-its-climate-pledges-a-look-at-the-european-omnibus-simplification-package\/\" target=\"_blank\" rel=\"nofollow noopener noreferrer\">ya que recientemente ha dado marcha atr\u00e1s<\/a> en su agenda clim\u00e1tica, que en su d\u00eda se consider\u00f3 el plan m\u00e1s ambicioso del mundo para hacer frente a la crisis clim\u00e1tica.<\/p>\n<p>A nivel mundial, las recientes conferencias sobre el clima han sido criticadas por no haber logrado nada significativo, mientras que la influencia de los combustibles f\u00f3siles es cada vez mayor y m\u00e1s poderosa. La <a href=\"https:\/\/earth.org\/did-cop30-succeed-or-fail\/\" target=\"_blank\" rel=\"nofollow noopener noreferrer\">COP30<\/a> del pasado mes de noviembre termin\u00f3 <a href=\"https:\/\/earth.org\/no-mention-of-planet-warming-fossil-fuels-in-cop30-agreement\/\" target=\"_blank\" rel=\"nofollow noopener noreferrer\">sin mencionar los combustibles f\u00f3siles<\/a>, a pesar de la <a href=\"https:\/\/earth.org\/83-countries-join-call-to-end-fossil-fuels-at-cop30\/\" target=\"_blank\" rel=\"nofollow noopener noreferrer\">presi\u00f3n de m\u00e1s de 80 pa\u00edses<\/a> para que se incluyera un plan de eliminaci\u00f3n gradual en el acuerdo final. <a href=\"https:\/\/earth.org\/cop30-fossil-fuel-lobbyists-outnumber-every-country-delegations-except-brazil\/\" target=\"_blank\" rel=\"nofollow noopener noreferrer\">Uno de cada 25 asistentes<\/a> (unas 1600 personas) representaba a la industria de los combustibles f\u00f3siles.<\/p>\n<h3>3. P\u00e9rdida de biodiversidad<\/h3>\n<p>En los \u00faltimos 50 a\u00f1os se ha producido un r\u00e1pido crecimiento del consumo humano, la poblaci\u00f3n, el comercio mundial y la urbanizaci\u00f3n, lo que ha dado lugar a que la humanidad utilice m\u00e1s recursos de la Tierra de los que esta puede reponer de forma natural.<\/p>\n<p>Un <a href=\"https:\/\/earth.org\/68-decline-in-species-population-sizes\/\" target=\"_blank\" rel=\"nofollow noopener noreferrer\">informe de WWF<\/a> de 2020 revel\u00f3 que el tama\u00f1o de las poblaciones de mam\u00edferos, peces, aves, reptiles y anfibios ha experimentado un descenso medio del 68 % entre 1970 y 2016. El informe atribuye esta p\u00e9rdida de biodiversidad a diversos factores, pero principalmente al cambio en el uso del suelo, en particular la conversi\u00f3n de h\u00e1bitats, como bosques, praderas y manglares, en sistemas agr\u00edcolas. Animales como los pangolines, los tiburones y los caballitos de mar se ven muy afectados por el comercio ilegal de vida silvestre, y los pangolines est\u00e1n en peligro cr\u00edtico de extinci\u00f3n debido a ello.<\/p>\n<p>En t\u00e9rminos m\u00e1s generales, un an\u00e1lisis de 2021 ha revelado que la <a href=\"https:\/\/earth.org\/sixth-mass-extinction-of-wildlife-accelerating\/\" target=\"_blank\" rel=\"nofollow noopener noreferrer\">sexta extinci\u00f3n masiva<\/a> de fauna silvestre en la Tierra se est\u00e1 acelerando. M\u00e1s de 500 especies de animales terrestres est\u00e1n al borde de la extinci\u00f3n y es probable que desaparezcan en un plazo de 20 a\u00f1os; el mismo n\u00famero se perdi\u00f3 a lo largo de todo el siglo pasado. Los cient\u00edficos afirman que, sin la destrucci\u00f3n de la naturaleza por parte de los seres humanos, esta tasa de p\u00e9rdida habr\u00eda tardado miles de a\u00f1os en producirse.<\/p>\n<p>En la Ant\u00e1rtida, el deshielo del mar provocado por el cambio clim\u00e1tico est\u00e1 afectando gravemente a los ping\u00fcinos emperador y <a href=\"https:\/\/earth.org\/over-90-of-emperor-penguins-will-be-quasi-extinct-by-2100-if-current-antarctica-sea-ice-loss-rates-persist-study\/\" target=\"_blank\" rel=\"nofollow noopener noreferrer\">podr\u00eda acabar con poblaciones enteras ya en 2100<\/a>, seg\u00fan una investigaci\u00f3n de 2023.<\/p>\n<p>En virtud del <a href=\"https:\/\/earth.org\/the-kunming-montreal-global-biodiversity-framework-explained\/\" target=\"_blank\" rel=\"nofollow noopener noreferrer\">Marco Mundial de Kunming-Montreal para la Diversidad Biol\u00f3gica de 2022<\/a>, los pa\u00edses se han comprometido a proteger y conservar al menos el 30 % de la tierra y el agua del mundo para 2030 (tambi\u00e9n conocido como el objetivo \u00ab30 por 30\u00bb). La protecci\u00f3n mundial actualmente no alcanza este objetivo, ya que solo el <a href=\"https:\/\/mpatlas.org\/\" target=\"_blank\" rel=\"nofollow noopener noreferrer\">9,6 % de los oc\u00e9anos<\/a> est\u00e1 protegido de forma eficaz.<\/p>\n<p>Sin embargo, no todo es pesimismo. En todo el mundo, los gobiernos, las organizaciones de la sociedad civil y las comunidades <a href=\"https:\/\/earth.org\/beyond-the-headlines-defining-policy-wins-for-nature-in-2025\/\" target=\"_blank\" rel=\"nofollow noopener noreferrer\">han dado pasos significativos<\/a> para proteger el mundo natural, preservando ecosistemas preciosos, reforzando la legislaci\u00f3n y llevando a los tribunales a las industrias destructivas.<\/p>\n<p>El a\u00f1o pasado, Marruecos se convirti\u00f3 en el 60.\u00ba pa\u00eds en ratificar el Tratado de Alta Mar, <a href=\"https:\/\/earth.org\/historic-un-led-high-seas-treaty-to-take-effect-in-2026-as-ratification-threshold-cleared\/\" target=\"_blank\" rel=\"nofollow noopener noreferrer\">alcanzando el umbral de ratificaci\u00f3n<\/a> para su entrada en vigor. El tratado establece un marco jur\u00eddico para crear redes de \u00e1reas marinas protegidas (AMP) en aguas internacionales, un paso fundamental, dado que la protecci\u00f3n de las aguas nacionales por s\u00ed sola no ser\u00e1 suficiente para alcanzar el objetivo 30 por 30. Y el a\u00f1o pasado, muchos pa\u00edses, entre ellos Australia y <a href=\"https:\/\/rewilding.org\/argentinas-new-patagonia-azul-provincial-park-secures-a-vital-hotspot-of-marine-biodiversity\/\" target=\"_blank\" rel=\"nofollow noopener noreferrer\">Argentina<\/a>, Portugal, Colombia y Santo Tom\u00e9 y Pr\u00edncipe, <a href=\"https:\/\/www.unep-wcmc.org\/en\/news\/worlds-largest-marine-protected-area-french-polynesia\" target=\"_blank\" rel=\"nofollow noopener noreferrer\">Polinesia Francesa<\/a>, Espa\u00f1a y Pakist\u00e1n, dieron un paso en la direcci\u00f3n correcta.<\/p>\n<p>En <i>terra firma<\/i>, los gobiernos tambi\u00e9n dieron un paso adelante para ampliar las protecciones. Si bien el <a href=\"https:\/\/www.protectedplanet.net\/en\" target=\"_blank\" rel=\"nofollow noopener noreferrer\">17,6 % de la tierra<\/a> est\u00e1 protegida a nivel mundial, los anuncios realizados en 2025 sugieren que se est\u00e1 generando un impulso hacia el objetivo 30 por 30. Colombia, por ejemplo, design\u00f3 <a href=\"https:\/\/www.andesamazonfund.org\/news-blog\/first-of-its-kind-territory-will-safeguard-indigenous-peoples-in-isolation-in-remote-colombian-amazon\/\" target=\"_blank\" rel=\"nofollow noopener noreferrer\">un territorio \u00fanico en su tipo<\/a> para proteger a un grupo ind\u00edgena no contactado. Con una extensi\u00f3n de m\u00e1s de 1 mill\u00f3n de hect\u00e1reas, la nueva zona proh\u00edbe todo desarrollo econ\u00f3mico y contacto humano forzado, protegiendo tanto al pueblo Yuri-Pass\u00e9 como a la rica biodiversidad que lo habita.<\/p>\n<h3>4. Contaminaci\u00f3n por pl\u00e1sticos<\/h3>\n<p>En 1950, el mundo produc\u00eda m\u00e1s de <a href=\"https:\/\/ourworldindata.org\/faq-on-plastics#how-much-plastic-and-waste-do-we-produce\" target=\"_blank\" rel=\"nofollow noopener noreferrer\">2 millones de toneladas de pl\u00e1stico al a\u00f1o<\/a>. En 2015, esta producci\u00f3n anual aument\u00f3 hasta los 419 millones de toneladas, lo que agrav\u00f3 los residuos pl\u00e1sticos en el medio ambiente.<\/p>\n<p>Actualmente, aproximadamente <a href=\"https:\/\/www.iucn.org\/resources\/issues-briefs\/marine-plastic-pollution#:~:text=At%20least%2014%20million%20tons,%20causes%20severe%20injuries%20and%20death.\" target=\"_blank\" rel=\"nofollow noopener noreferrer\">14 millones de toneladas de pl\u00e1stico<\/a> llegan a los oc\u00e9anos cada a\u00f1o, <a href=\"https:\/\/earth.org\/plastic-pollution-animals\/\" target=\"_blank\" rel=\"nofollow noopener noreferrer\">da\u00f1ando los h\u00e1bitats de la fauna silvestre y a los animales<\/a> que viven en ellos. Las investigaciones han revelado que, si no se toman medidas, la crisis del pl\u00e1stico aumentar\u00e1 hasta alcanzar los 29 millones de toneladas m\u00e9tricas al a\u00f1o en 2040. Si incluimos <a href=\"https:\/\/earth.org\/what-are-microplastics\/\" target=\"_blank\" rel=\"nofollow noopener noreferrer\">los micropl\u00e1sticos<\/a> en esta cifra, la cantidad acumulada de pl\u00e1stico en el oc\u00e9ano podr\u00eda alcanzar los 600 millones de toneladas en 2040.<\/p>\n<figure id=\"attachment_19163\" aria-describedby=\"caption-attachment-19163\" style=\"width: 650px\" class=\"wp-caption aligncenter\"><a href=\"https:\/\/espai-marx.net\/wp-content\/uploads\/2026\/01\/contaminacion-plasticos.webp\"><img loading=\"lazy\" decoding=\"async\" class=\"wp-image-19163\" src=\"https:\/\/espai-marx.net\/wp-content\/uploads\/2026\/01\/contaminacion-plasticos.webp\" alt=\"\" width=\"650\" height=\"434\" srcset=\"https:\/\/espai-marx.net\/wp-content\/uploads\/2026\/01\/contaminacion-plasticos.webp 1024w, https:\/\/espai-marx.net\/wp-content\/uploads\/2026\/01\/contaminacion-plasticos-300x200.webp 300w, https:\/\/espai-marx.net\/wp-content\/uploads\/2026\/01\/contaminacion-plasticos-768x512.webp 768w\" sizes=\"auto, (max-width: 650px) 100vw, 650px\" \/><\/a><figcaption id=\"caption-attachment-19163\" class=\"wp-caption-text\"><span style=\"font-size: 10pt;\">Residuos pl\u00e1sticos en una playa de la isla de Lamma, Hong Kong, en julio de 2025. (Foto: Martina Igini).<\/span><\/figcaption><\/figure>\n<p>Alrededor del 91 % de todo el pl\u00e1stico que se ha fabricado nunca se recicla, lo que lo convierte en uno de los mayores problemas medioambientales de nuestra vida. Teniendo en cuenta que el pl\u00e1stico tarda 400 a\u00f1os en descomponerse, pasar\u00e1n muchas generaciones hasta que deje de existir. No se sabe qu\u00e9 efectos irreversibles tendr\u00e1 la contaminaci\u00f3n por pl\u00e1sticos en el medio ambiente a largo plazo.<\/p>\n<p>Para abordar esta cuesti\u00f3n, en 2022 la ONU inici\u00f3 un proceso para crear un tratado internacional jur\u00eddicamente vinculante destinado a frenar la contaminaci\u00f3n por pl\u00e1sticos. Se supon\u00eda que culminar\u00eda en una <a href=\"https:\/\/www.unep.org\/inc-plastic-pollution\/session-5\" target=\"_blank\" rel=\"nofollow noopener noreferrer\">reuni\u00f3n<\/a> en Busan (Corea del Sur) en noviembre de 2024, pero los negociadores <a href=\"https:\/\/earth.org\/the-outcome-of-the-global-plastic-treaty-negotiations-in-busan-a-pivotal-moment-or-a-missed-opportunity\/\" target=\"_blank\" rel=\"nofollow noopener noreferrer\">se marcharon sin llegar a un acuerdo<\/a>. Una reuni\u00f3n posterior celebrada en Ginebra (Suiza) en agosto de 2025 <a href=\"https:\/\/earth.org\/abject-failure-reactions-pour-in-as-global-plastic-treaty-negotiations-end-without-deal-for-second-time\/\" target=\"_blank\" rel=\"nofollow noopener noreferrer\">tampoco logr\u00f3<\/a> producir un tratado tan necesario. Sigue sin estar claro cu\u00e1ndo y c\u00f3mo continuar\u00e1n las negociaciones.<\/p>\n<figure id=\"attachment_19162\" aria-describedby=\"caption-attachment-19162\" style=\"width: 650px\" class=\"wp-caption aligncenter\"><a href=\"https:\/\/espai-marx.net\/wp-content\/uploads\/2026\/01\/plasticos.webp\"><img loading=\"lazy\" decoding=\"async\" class=\"wp-image-19162\" src=\"https:\/\/espai-marx.net\/wp-content\/uploads\/2026\/01\/plasticos.webp\" alt=\"\" width=\"650\" height=\"434\" srcset=\"https:\/\/espai-marx.net\/wp-content\/uploads\/2026\/01\/plasticos.webp 1024w, https:\/\/espai-marx.net\/wp-content\/uploads\/2026\/01\/plasticos-300x200.webp 300w, https:\/\/espai-marx.net\/wp-content\/uploads\/2026\/01\/plasticos-768x512.webp 768w\" sizes=\"auto, (max-width: 650px) 100vw, 650px\" \/><\/a><figcaption id=\"caption-attachment-19162\" class=\"wp-caption-text\"><span style=\"font-size: 10pt;\">Activistas en la segunda parte de la quinta sesi\u00f3n del Comit\u00e9 Intergubernamental de Negociaci\u00f3n sobre la contaminaci\u00f3n por pl\u00e1sticos, incluso en el medio marino (INC-5.2), en Ginebra (Suiza). (Foto: PNUMA a trav\u00e9s de Flickr)<\/span><\/figcaption><\/figure>\n<h3>5. Deforestaci\u00f3n<\/h3>\n<p>Cada hora se talan bosques del tama\u00f1o de <a href=\"https:\/\/earth.org\/deforestation-facts\/\" target=\"_blank\" rel=\"nofollow noopener noreferrer\">300 campos de f\u00fatbol<\/a>. Para el a\u00f1o 2030, el planeta podr\u00eda tener solo el 10 % de sus bosques; si no se detiene la deforestaci\u00f3n, podr\u00edan desaparecer en menos de un siglo.<\/p>\n<p>Los tres pa\u00edses que experimentan los niveles m\u00e1s altos de deforestaci\u00f3n son Brasil, la Rep\u00fablica Democr\u00e1tica del Congo e Indonesia. La Amazon\u00eda, <a href=\"https:\/\/earth.org\/amazon-rainforest-deforestation-facts\/\" target=\"_blank\" rel=\"nofollow noopener noreferrer\">la selva tropical m\u00e1s grande del mundo<\/a>, con una extensi\u00f3n de 6,9 millones de kil\u00f3metros cuadrados (2,72 millones de millas cuadradas) y que cubre alrededor del 40 % del continente sudamericano, es tambi\u00e9n uno de los ecosistemas con mayor diversidad biol\u00f3gica y alberga alrededor de <a href=\"https:\/\/www.bbc.com\/news\/world-latin-america-59341770\" target=\"_blank\" rel=\"nofollow noopener noreferrer\">tres millones de especies de plantas y animales<\/a>.<\/p>\n<p>A pesar de los esfuerzos por proteger los bosques, la deforestaci\u00f3n legal sigue siendo rampante, y alrededor de un tercio de la deforestaci\u00f3n tropical mundial se produce en la selva amaz\u00f3nica de Brasil, lo que supone <a href=\"https:\/\/research.wri.org\/gfr\/latest-analysis-deforestation-trends?utm_campaign=treecoverloss2021&amp;utm_medium=bitly&amp;utm_source=PressKit\" target=\"_blank\" rel=\"nofollow noopener noreferrer\">1,5 millones de hect\u00e1reas cada a\u00f1o<\/a>.<\/p>\n<figure id=\"attachment_19161\" aria-describedby=\"caption-attachment-19161\" style=\"width: 659px\" class=\"wp-caption aligncenter\"><a href=\"https:\/\/espai-marx.net\/wp-content\/uploads\/2026\/01\/deforestacion.webp\"><img loading=\"lazy\" decoding=\"async\" class=\"wp-image-19161\" src=\"https:\/\/espai-marx.net\/wp-content\/uploads\/2026\/01\/deforestacion.webp\" alt=\"\" width=\"659\" height=\"439\" srcset=\"https:\/\/espai-marx.net\/wp-content\/uploads\/2026\/01\/deforestacion.webp 768w, https:\/\/espai-marx.net\/wp-content\/uploads\/2026\/01\/deforestacion-300x200.webp 300w\" sizes=\"auto, (max-width: 659px) 100vw, 659px\" \/><\/a><figcaption id=\"caption-attachment-19161\" class=\"wp-caption-text\"><span style=\"font-size: 10pt;\">Vista a\u00e9rea de una zona deforestada en el \u00e1rea de conservaci\u00f3n \u00ab\u00d1embi Guasu\u00bb en Bolivia, Sudam\u00e9rica. (Foto: Marcelo Perez del Carpio\/Climate Visuals Countdown)<\/span><\/figcaption><\/figure>\n<p>La agricultura es la principal causa de la deforestaci\u00f3n, otro de los mayores problemas medioambientales que aparecen en esta lista. Se talan bosques para criar ganado o plantar otros cultivos que se comercializan, como la ca\u00f1a de az\u00facar y el <a href=\"https:\/\/earth.org\/how-palm-oil-contributes-to-environmental-destruction\/\" target=\"_blank\" rel=\"nofollow noopener noreferrer\">aceite de palma<\/a>. Adem\u00e1s de la captura de carbono, los bosques ayudan a prevenir la erosi\u00f3n del suelo, ya que las ra\u00edces de los \u00e1rboles lo fijan y evitan que se desplace, lo que tambi\u00e9n previene los deslizamientos de tierra.<\/p>\n<p>La COP30, que tuvo lugar en el coraz\u00f3n de la Amazon\u00eda, aport\u00f3 poco en materia de protecci\u00f3n forestal. Aunque la ministra de Medio Ambiente de Brasil, Marina Silva, presion\u00f3 para que se utilizara un lenguaje contundente, <a href=\"https:\/\/earth.org\/did-cop30-succeed-or-fail\/\" target=\"_blank\" rel=\"nofollow noopener noreferrer\">el acuerdo final no mencion\u00f3 la deforestaci\u00f3n<\/a>.<\/p>\n<h3>6. Contaminaci\u00f3n atmosf\u00e9rica<\/h3>\n<p>Entre los mayores problemas medioambientales actuales se encuentra tambi\u00e9n la <a href=\"https:\/\/earth.org\/history-of-air-pollution\/\" target=\"_blank\" rel=\"nofollow noopener noreferrer\">contaminaci\u00f3n atmosf\u00e9rica<\/a>. <a href=\"https:\/\/www.who.int\/health-topics\/air-pollution#tab=tab_1\" target=\"_blank\" rel=\"nofollow noopener noreferrer\">Seg\u00fan<\/a> la Organizaci\u00f3n Mundial de la Salud (OMS), se estima que entre 4,2 y 7 millones de personas mueren cada a\u00f1o en todo el mundo a causa de la contaminaci\u00f3n atmosf\u00e9rica y nueve de cada diez personas respiran aire con altos niveles de contaminantes. En \u00c1frica, 258 000 personas murieron como consecuencia de la contaminaci\u00f3n atmosf\u00e9rica exterior en 2017, frente a las 164 000 de 1990, seg\u00fan <a href=\"https:\/\/www.unicef.org\/reports\/silent-suffocation-in-africa-air-pollution-2019\" target=\"_blank\" rel=\"nofollow noopener noreferrer\">UNICEF<\/a>.<\/p>\n<p>Las causas de la contaminaci\u00f3n atmosf\u00e9rica provienen principalmente de fuentes industriales y veh\u00edculos de motor, as\u00ed como de las emisiones procedentes de la quema de biomasa y la mala calidad del aire debido a las tormentas de polvo.<\/p>\n<figure id=\"attachment_19160\" aria-describedby=\"caption-attachment-19160\" style=\"width: 650px\" class=\"wp-caption aligncenter\"><a href=\"https:\/\/espai-marx.net\/wp-content\/uploads\/2026\/01\/trafico.webp\"><img loading=\"lazy\" decoding=\"async\" class=\"wp-image-19160\" src=\"https:\/\/espai-marx.net\/wp-content\/uploads\/2026\/01\/trafico.webp\" alt=\"\" width=\"650\" height=\"433\" srcset=\"https:\/\/espai-marx.net\/wp-content\/uploads\/2026\/01\/trafico.webp 768w, https:\/\/espai-marx.net\/wp-content\/uploads\/2026\/01\/trafico-300x200.webp 300w\" sizes=\"auto, (max-width: 650px) 100vw, 650px\" \/><\/a><figcaption id=\"caption-attachment-19160\" class=\"wp-caption-text\"><span style=\"font-size: 10pt;\">Tr\u00e1fico intenso durante las horas punta de la ma\u00f1ana en Yakarta, Indonesia, el 22 de noviembre de 2023. Millones de residentes de Yakarta han sufrido durante los \u00faltimos meses una de las peores contaminaciones atmosf\u00e9ricas del mundo. (Foto: Aji Styawan\/Climate Visuals)<\/span><\/figcaption><\/figure>\n<p>Seg\u00fan un estudio de 2023, la contaminaci\u00f3n atmosf\u00e9rica en el sur de Asia, una de las zonas m\u00e1s contaminadas del mundo, <a href=\"https:\/\/earth.org\/air-pollution-in-south-asia-cuts-life-expectancy-by-5-years-on-average-report\/\" target=\"_blank\" rel=\"nofollow noopener noreferrer\">reduce la esperanza de vida en unos cinco a\u00f1os<\/a>. El estudio culpa a una serie de factores, entre ellos la falta de infraestructuras y financiaci\u00f3n adecuadas, de los altos niveles de contaminaci\u00f3n en algunos pa\u00edses. La mayor\u00eda de los pa\u00edses de Asia y \u00c1frica, que en conjunto contribuyen con alrededor del 92,7 % de los a\u00f1os de vida perdidos a nivel mundial debido a la contaminaci\u00f3n atmosf\u00e9rica, carecen de las normas clave de calidad del aire necesarias para desarrollar pol\u00edticas adecuadas. Adem\u00e1s, solo el 6,8 % y el 3,7 % de los gobiernos de ambos continentes, respectivamente, proporcionan a sus ciudadanos datos totalmente abiertos sobre la calidad del aire.<\/p>\n<p>Una investigaci\u00f3n reciente relacion\u00f3 <a href=\"https:\/\/earth.org\/95-of-europeans-exposed-to-unsafe-levels-of-air-pollution-as-report-links-it-to-279000-premature-deaths-in-2023\/\" target=\"_blank\" rel=\"nofollow noopener noreferrer\">casi 280 000 muertes<\/a> en toda la Uni\u00f3n Europea en 2023 con la exposici\u00f3n a concentraciones de contaminaci\u00f3n atmosf\u00e9rica que superaban los niveles considerados seguros. Seg\u00fan la Agencia Europea de Medio Ambiente, que realiz\u00f3 el estudio, alrededor del 95 % de los europeos est\u00e1n expuestos a niveles peligrosos de contaminaci\u00f3n atmosf\u00e9rica. Mientras tanto, en los Estados Unidos, los investigadores descubrieron que la contaminaci\u00f3n atmosf\u00e9rica procedente de las industrias del petr\u00f3leo y el gas es <a href=\"https:\/\/earth.org\/91000-premature-annual-deaths-in-us-linked-to-air-pollution-from-oil-and-gas-as-people-of-color-bear-brunt\/\" target=\"_blank\" rel=\"nofollow noopener noreferrer\">responsable de 91 000 muertes prematuras<\/a>, 10 350 partos prematuros y 216 000 casos de asma infantil y 1610 casos de c\u00e1ncer cada a\u00f1o en el pa\u00eds.<\/p>\n<h3>7. Desperdicio de alimentos<\/h3>\n<p>Un tercio de los alimentos destinados al consumo humano, alrededor de 1300 millones de toneladas, se desperdician o se pierden. Esto es suficiente para alimentar a 3000 millones de personas. El <a href=\"https:\/\/earth.org\/what-is-food-waste\/\" target=\"_blank\" rel=\"nofollow noopener noreferrer\">desperdicio y la p\u00e9rdida de alimentos<\/a> representan <a href=\"https:\/\/earth.org\/how-does-food-waste-affect-the-environment\/\" target=\"_blank\" rel=\"nofollow noopener noreferrer\">aproximadamente una cuarta parte de las emisiones anuales de gases de efecto invernadero<\/a>; si fuera un pa\u00eds, el desperdicio de alimentos ser\u00eda el <a href=\"https:\/\/earth.org\/facts-about-food-waste\/\" target=\"_blank\" rel=\"nofollow noopener noreferrer\">tercer mayor emisor<\/a> de gases de efecto invernadero, por detr\u00e1s de China y Estados Unidos.<\/p>\n<figure id=\"attachment_19159\" aria-describedby=\"caption-attachment-19159\" style=\"width: 650px\" class=\"wp-caption aligncenter\"><a href=\"https:\/\/espai-marx.net\/wp-content\/uploads\/2026\/01\/desperdicios-alimentos.webp\"><img loading=\"lazy\" decoding=\"async\" class=\"wp-image-19159\" src=\"https:\/\/espai-marx.net\/wp-content\/uploads\/2026\/01\/desperdicios-alimentos.webp\" alt=\"\" width=\"650\" height=\"286\" srcset=\"https:\/\/espai-marx.net\/wp-content\/uploads\/2026\/01\/desperdicios-alimentos.webp 884w, https:\/\/espai-marx.net\/wp-content\/uploads\/2026\/01\/desperdicios-alimentos-300x132.webp 300w, https:\/\/espai-marx.net\/wp-content\/uploads\/2026\/01\/desperdicios-alimentos-768x338.webp 768w\" sizes=\"auto, (max-width: 650px) 100vw, 650px\" \/><\/a><figcaption id=\"caption-attachment-19159\" class=\"wp-caption-text\"><span style=\"font-size: 10pt;\">La producci\u00f3n de alimentos representa alrededor de una cuarta parte (26 %) de las emisiones globales de gases de efecto invernadero. Our World in Data.<\/span><\/figcaption><\/figure>\n<p>El desperdicio y la p\u00e9rdida de alimentos se producen en diferentes etapas en los pa\u00edses en desarrollo y desarrollados; en los pa\u00edses en desarrollo, el 40 % del desperdicio de alimentos se produce en las etapas posteriores a la cosecha y al procesamiento, mientras que en los pa\u00edses desarrollados, el 40 % del desperdicio de alimentos se produce en las etapas de venta al por menor y consumo.<\/p>\n<p>En la fase de venta al por menor, se desperdicia una cantidad alarmante de alimentos por razones est\u00e9ticas; de hecho, en Estados Unidos, m\u00e1s del 50 % de todos los productos agr\u00edcolas que se tiran se desechan porque se consideran \u00abdemasiado feos\u00bb para venderse a los consumidores, lo que supone alrededor de 60 millones de toneladas de frutas y verduras.<\/p>\n<h3>8. Derretimiento de los casquetes polares y aumento del nivel del mar<\/h3>\n<p>La crisis clim\u00e1tica est\u00e1 calentando el \u00c1rtico <a href=\"https:\/\/www.scientificamerican.com\/article\/how-is-worldwide-sea-level-rise-driven-by-melting-arctic-ice\/\" target=\"_blank\" rel=\"nofollow noopener noreferrer\">m\u00e1s del doble de r\u00e1pido que cualquier otro lugar<\/a> del planeta. Hoy en d\u00eda, el nivel del mar est\u00e1 subiendo m\u00e1s del doble de r\u00e1pido que durante la mayor parte del siglo XX, como resultado del aumento de las temperaturas en la Tierra.<\/p>\n<figure id=\"attachment_19158\" aria-describedby=\"caption-attachment-19158\" style=\"width: 650px\" class=\"wp-caption aligncenter\"><a href=\"https:\/\/espai-marx.net\/wp-content\/uploads\/2026\/01\/nivel-del-mar.webp\"><img loading=\"lazy\" decoding=\"async\" class=\"wp-image-19158\" src=\"https:\/\/espai-marx.net\/wp-content\/uploads\/2026\/01\/nivel-del-mar.webp\" alt=\"\" width=\"650\" height=\"406\" srcset=\"https:\/\/espai-marx.net\/wp-content\/uploads\/2026\/01\/nivel-del-mar.webp 2048w, https:\/\/espai-marx.net\/wp-content\/uploads\/2026\/01\/nivel-del-mar-300x188.webp 300w, https:\/\/espai-marx.net\/wp-content\/uploads\/2026\/01\/nivel-del-mar-1024x640.webp 1024w, https:\/\/espai-marx.net\/wp-content\/uploads\/2026\/01\/nivel-del-mar-768x480.webp 768w, https:\/\/espai-marx.net\/wp-content\/uploads\/2026\/01\/nivel-del-mar-1536x960.webp 1536w, https:\/\/espai-marx.net\/wp-content\/uploads\/2026\/01\/nivel-del-mar-1320x825.webp 1320w\" sizes=\"auto, (max-width: 650px) 100vw, 650px\" \/><\/a><figcaption id=\"caption-attachment-19158\" class=\"wp-caption-text\"><span style=\"font-size: 10pt;\">Aumento del nivel del mar (1993-2025). Imagen: Centro de Vuelos Espaciales Goddard de la NASA.<\/span><\/figcaption><\/figure>\n<p>Los mares est\u00e1n subiendo ahora una media de 3,2 mm al a\u00f1o en todo el mundo y seguir\u00e1n creciendo hasta unos 0,7 metros a finales de este siglo. En el \u00c1rtico, la <a href=\"https:\/\/earth.org\/greenlands-shrinking-ice-sheet-may-accelerate-global-climate-crisis\/\" target=\"_blank\" rel=\"nofollow noopener noreferrer\">capa de hielo de Groenlandia supone el mayor riesgo<\/a> para el nivel del mar, ya que el deshielo terrestre es la principal causa del aumento del nivel del mar.<\/p>\n<p>Este es uno de los mayores problemas medioambientales a los que se enfrenta nuestro planeta en la actualidad, y resulta a\u00fan m\u00e1s preocupante si se tiene en cuenta que las temperaturas registradas durante el verano de 2020 provocaron la p\u00e9rdida de 60 000 millones de toneladas de hielo en Groenlandia, lo que bastar\u00eda para elevar el nivel del mar en todo el mundo en <a href=\"https:\/\/www.theguardian.com\/science\/2020\/mar\/19\/greenland-ice-melt-sea-level-rise-climate-crisis\" target=\"_blank\" rel=\"nofollow noopener noreferrer\">2,2 mm en solo dos meses<\/a>.<\/p>\n<p>Seg\u00fan los datos de los sat\u00e9lites, la capa de hielo de Groenlandia perdi\u00f3 una cantidad r\u00e9cord de hielo en 2019: una media de un <a href=\"https:\/\/earth.org\/greenland-ice-sheet-lost-1-million-tons-of-ice-per-minute-in-2019\/\" target=\"_blank\" rel=\"nofollow noopener noreferrer\">mill\u00f3n de toneladas por minuto a lo largo del a\u00f1o<\/a>. Si toda la capa de hielo de Groenlandia se derritiera, el nivel del mar aumentar\u00eda <a href=\"https:\/\/earth.org\/arctic-ice-free-summers\/#:~:text=Seas%20are%20now%20rising%20an,%20cause%20of%20rising%20sea%20levels.\" target=\"_blank\" rel=\"nofollow noopener noreferrer\">seis metros<\/a>.<\/p>\n<p>Por su parte, el continente ant\u00e1rtico contribuye con aproximadamente <a href=\"https:\/\/earth.org\/antarcticas-thwaites-glacier-is-deteriorating-at-an-alarming-rate\/\" target=\"_blank\" rel=\"nofollow noopener noreferrer\">1 mil\u00edmetro<\/a> al a\u00f1o al aumento del nivel del mar, lo que supone <a href=\"https:\/\/www.ft.com\/content\/4ff254ed-960d-4b35-a6c0-1e60a6e79d91\" target=\"_blank\" rel=\"nofollow noopener noreferrer\">un tercio<\/a> del aumento global anual. Seg\u00fan datos de 2023, <a href=\"https:\/\/earth.org\/antarctica-lost-7-5tn-tonnes-of-ice-since-1997-study-finds\/\" target=\"_blank\" rel=\"nofollow noopener noreferrer\">el continente ha perdido aproximadamente 7,5 billones de toneladas de hielo desde 1997<\/a>. Adem\u00e1s, la \u00faltima plataforma de hielo totalmente intacta de Canad\u00e1 en el \u00c1rtico se derrumb\u00f3 recientemente, tras perder unos 80 kil\u00f3metros cuadrados \u2014o el 40 %\u2014 de su superficie en un periodo de dos d\u00edas a finales de julio, seg\u00fan el <a href=\"https:\/\/earth.org\/canada-last-intact-ice-shelf-has-collapsed\/\" target=\"_blank\" rel=\"nofollow noopener noreferrer\">Servicio Canadiense del Hielo<\/a>.<\/p>\n<figure id=\"attachment_19157\" aria-describedby=\"caption-attachment-19157\" style=\"width: 650px\" class=\"wp-caption aligncenter\"><a href=\"https:\/\/espai-marx.net\/wp-content\/uploads\/2026\/01\/antartica.webp\"><img loading=\"lazy\" decoding=\"async\" class=\"wp-image-19157\" src=\"https:\/\/espai-marx.net\/wp-content\/uploads\/2026\/01\/antartica.webp\" alt=\"\" width=\"650\" height=\"388\" srcset=\"https:\/\/espai-marx.net\/wp-content\/uploads\/2026\/01\/antartica.webp 1600w, https:\/\/espai-marx.net\/wp-content\/uploads\/2026\/01\/antartica-300x179.webp 300w, https:\/\/espai-marx.net\/wp-content\/uploads\/2026\/01\/antartica-1024x612.webp 1024w, https:\/\/espai-marx.net\/wp-content\/uploads\/2026\/01\/antartica-768x459.webp 768w, https:\/\/espai-marx.net\/wp-content\/uploads\/2026\/01\/antartica-1536x918.webp 1536w, https:\/\/espai-marx.net\/wp-content\/uploads\/2026\/01\/antartica-1320x789.webp 1320w\" sizes=\"auto, (max-width: 650px) 100vw, 650px\" \/><\/a><figcaption id=\"caption-attachment-19157\" class=\"wp-caption-text\"><span style=\"font-size: 10pt;\">La Ant\u00e1rtida ha perdido aproximadamente 7,5 billones de toneladas de hielo desde 1997.<\/span><\/figcaption><\/figure>\n<p>El aumento del nivel del mar tendr\u00e1 un impacto devastador en quienes viven en las regiones costeras: seg\u00fan el grupo de investigaci\u00f3n y defensa Climate Central, el aumento del nivel del mar en este siglo podr\u00eda inundar las zonas costeras que ahora albergan a <a href=\"https:\/\/www.sciencenews.org\/article\/new-climate-change-estimate-triples-number-people-path-rising-sea-levels#:~:text=Sea%20level%20rise%20this%20century,%20using%20previous%20coastal%20elevation%20data.\" target=\"_blank\" rel=\"nofollow noopener noreferrer\">entre 340 y 480 millones de personas<\/a>, oblig\u00e1ndolos a emigrar a zonas m\u00e1s seguras y contribuyendo a la superpoblaci\u00f3n y a la presi\u00f3n sobre los recursos en las zonas a las que emigran. Bangkok (Tailandia), Ciudad Ho Chi Minh (Vietnam), Manila (Filipinas) y Dub\u00e1i (Emiratos \u00c1rabes Unidos) se encuentran entre las <a href=\"https:\/\/earth.org\/sea-level-rise-projections\/\" target=\"_blank\" rel=\"nofollow noopener noreferrer\">ciudades con mayor riesgo de subida del nivel del mar<\/a> e inundaciones.<\/p>\n<h3>9. Acidificaci\u00f3n de los oc\u00e9anos<\/h3>\n<p>El aumento de la temperatura global no solo ha afectado a la superficie, sino que tambi\u00e9n es la principal causa de la <a href=\"https:\/\/earth.org\/what-is-ocean-acidification\/\" target=\"_blank\" rel=\"nofollow noopener noreferrer\">acidificaci\u00f3n de los oc\u00e9anos<\/a>. Nuestros oc\u00e9anos absorben <a href=\"https:\/\/www.noaa.gov\/education\/resource-collections\/ocean-coasts\/ocean-acidification\" target=\"_blank\" rel=\"nofollow noopener noreferrer\">alrededor del 30 % del di\u00f3xido de carbono<\/a> que se libera a la atm\u00f3sfera terrestre. A medida que se liberan mayores concentraciones de emisiones de carbono debido a actividades humanas como la quema de combustibles f\u00f3siles, as\u00ed como a los efectos del cambio clim\u00e1tico global, como el aumento de la frecuencia de los incendios forestales, tambi\u00e9n lo hace la cantidad de di\u00f3xido de carbono que se absorbe de nuevo en el mar.<\/p>\n<p>El m\u00e1s m\u00ednimo cambio en la escala de acidez puede tener un impacto significativo en la acidez del oc\u00e9ano. La acidificaci\u00f3n oce\u00e1nica tiene <a href=\"https:\/\/www.nap.edu\/read\/12904\/chapter\/6\" target=\"_blank\" rel=\"nofollow noopener noreferrer\">efectos devastadores<\/a> en los ecosistemas y especies marinas, en sus cadenas alimenticias, y provoca cambios irreversibles en la calidad del h\u00e1bitat. Cuando los niveles de acidez (pH) son demasiado bajos, los organismos marinos como las ostras, sus conchas y sus esqueletos pueden incluso empezar a disolverse.<\/p>\n<p>Sin embargo, uno de los mayores problemas medioambientales derivados de la acidificaci\u00f3n oce\u00e1nica es el blanqueamiento de los corales y la consiguiente <a href=\"https:\/\/earth.org\/5-coral-reefs-that-are-currently-under-threat-and-dying\/\" target=\"_blank\" rel=\"nofollow noopener noreferrer\">p\u00e9rdida de arrecifes de coral<\/a>. Este fen\u00f3meno se produce cuando el aumento de la temperatura del oc\u00e9ano altera la relaci\u00f3n simbi\u00f3tica entre los arrecifes y las algas que viven en ellos, ahuyentando a las algas y provocando que los arrecifes de coral pierdan sus vivos colores naturales. Algunos cient\u00edficos han estimado que los arrecifes de coral corren el riesgo de desaparecer por completo en 2050. Una mayor acidez en el oc\u00e9ano obstaculizar\u00eda la capacidad de los sistemas de arrecifes de coral para reconstruir sus exoesqueletos y recuperarse de estos episodios de blanqueamiento.<\/p>\n<h3>10. Agricultura tradicional<\/h3>\n<p>Los estudios han demostrado que el sistema alimentario mundial es responsable de hasta <a href=\"https:\/\/www.nature.com\/news\/one-third-of-our-greenhouse-gas-emissions-come-from-agriculture-1.11708\" target=\"_blank\" rel=\"nofollow noopener noreferrer\">un tercio<\/a> de todas las emisiones de gases de efecto invernadero causadas por el ser humano, de las cuales <a href=\"https:\/\/ourworldindata.org\/food-ghg-emissions\" target=\"_blank\" rel=\"nofollow noopener noreferrer\">el 30 %<\/a> proviene de la ganader\u00eda y la pesca. La producci\u00f3n de cultivos libera gases de efecto invernadero, como el \u00f3xido nitroso, debido al uso de <a href=\"https:\/\/earth.org\/carbon-smart-farming\/\" target=\"_blank\" rel=\"nofollow noopener noreferrer\">fertilizantes<\/a>.<\/p>\n<figure id=\"attachment_19156\" aria-describedby=\"caption-attachment-19156\" style=\"width: 650px\" class=\"wp-caption aligncenter\"><a href=\"https:\/\/espai-marx.net\/wp-content\/uploads\/2026\/01\/agricultura-tradicional.webp\"><img loading=\"lazy\" decoding=\"async\" class=\"wp-image-19156\" src=\"https:\/\/espai-marx.net\/wp-content\/uploads\/2026\/01\/agricultura-tradicional.webp\" alt=\"\" width=\"650\" height=\"434\" srcset=\"https:\/\/espai-marx.net\/wp-content\/uploads\/2026\/01\/agricultura-tradicional.webp 1024w, https:\/\/espai-marx.net\/wp-content\/uploads\/2026\/01\/agricultura-tradicional-300x200.webp 300w, https:\/\/espai-marx.net\/wp-content\/uploads\/2026\/01\/agricultura-tradicional-768x512.webp 768w\" sizes=\"auto, (max-width: 650px) 100vw, 650px\" \/><\/a><figcaption id=\"caption-attachment-19156\" class=\"wp-caption-text\"><span style=\"font-size: 10pt;\">Un grupo de 28 agricultores de Machakos, Kenia, cultiva una parcela de 4 acres donde producen naranjas, aguacates, verduras y ma\u00edz. (Foto: Wikimedia Commons)<\/span><\/figcaption><\/figure>\n<p>El 60 % de la superficie agr\u00edcola mundial se dedica a la <a href=\"https:\/\/earth.org\/data_visualization\/the-advantages-of-a-vegetarian-diet\/\" target=\"_blank\" rel=\"nofollow noopener noreferrer\">ganader\u00eda<\/a>, aunque solo representa el 24 % del consumo mundial de carne.<\/p>\n<p>La agricultura no solo ocupa una gran cantidad de tierra, sino que tambi\u00e9n consume una gran cantidad de agua dulce, otro de los mayores problemas medioambientales de esta lista. Las tierras cultivables y los pastos cubren <a href=\"https:\/\/www.un.org\/sustainabledevelopment\/blog\/2019\/05\/nature-decline-unprecedented-report\/\" target=\"_blank\" rel=\"nofollow noopener noreferrer\">un tercio de la superficie terrestre<\/a> y, en conjunto, consumen tres cuartas partes de los limitados recursos de agua dulce del mundo.<\/p>\n<p>Los cient\u00edficos y ecologistas han advertido continuamente que debemos replantearnos nuestro sistema alimentario actual; cambiar a <a href=\"https:\/\/earth.org\/challenges-farmers\/\" target=\"_blank\" rel=\"nofollow noopener noreferrer\">m\u00e9todos agr\u00edcolas m\u00e1s sostenibles<\/a> y una <a href=\"https:\/\/earth.org\/sustainable-food-systems-key-takeaways-from-the-eat-lancet-report\/\" target=\"_blank\" rel=\"nofollow noopener noreferrer\">dieta m\u00e1s orientada a las plantas<\/a> reducir\u00eda dr\u00e1sticamente la huella de carbono de la industria agr\u00edcola convencional.<\/p>\n<h3>11. Degradaci\u00f3n del suelo<\/h3>\n<p>La materia org\u00e1nica es un componente crucial del suelo, ya que le permite absorber el carbono de la atm\u00f3sfera. Las plantas absorben el CO2 del aire de forma natural y eficaz a trav\u00e9s de la fotos\u00edntesis, y parte de este carbono se almacena en el suelo como <a href=\"https:\/\/earth.org\/soil-organic-carbon\/\" target=\"_blank\" rel=\"nofollow noopener noreferrer\">carbono org\u00e1nico del suelo<\/a> (SOC). Un suelo sano tiene un m\u00ednimo del 3-6 % de materia org\u00e1nica. Sin embargo, en casi todo el mundo, el contenido es mucho menor.<\/p>\n<p>Seg\u00fan las Naciones Unidas, <a href=\"https:\/\/www.un.org\/en\/climatechange\/science\/climate-issues\/land\" target=\"_blank\" rel=\"nofollow noopener noreferrer\">alrededor del 40 % del suelo del planeta est\u00e1 degradado<\/a>. La degradaci\u00f3n del suelo se refiere a la p\u00e9rdida de materia org\u00e1nica, los cambios en su condici\u00f3n estructural y\/o la disminuci\u00f3n de la fertilidad del suelo, y a menudo es el resultado de actividades humanas, como las pr\u00e1cticas agr\u00edcolas tradicionales, incluido el uso de productos qu\u00edmicos t\u00f3xicos y contaminantes. Si se mantiene la situaci\u00f3n actual hasta 2050, los expertos prev\u00e9n una degradaci\u00f3n adicional de una superficie casi del tama\u00f1o de Sudam\u00e9rica. Pero hay m\u00e1s. Si no cambiamos sus pr\u00e1cticas imprudentes y tomamos medidas para preservar la salud del suelo, la seguridad alimentaria de miles de millones de personas en todo el mundo se ver\u00e1 comprometida de forma irreversible, y se prev\u00e9 que en 20 a\u00f1os se produzca un <a href=\"https:\/\/consciousplanet.org\/soil\" target=\"_blank\" rel=\"nofollow noopener noreferrer\">40 % menos de alimentos<\/a>, a pesar de que se prev\u00e9 que la poblaci\u00f3n mundial alcance los 9300 millones de personas.<\/p>\n<h3>12. Inseguridad alimentaria e h\u00eddrica<\/h3>\n<p>El aumento de las temperaturas y las pr\u00e1cticas agr\u00edcolas insostenibles han provocado una creciente inseguridad alimentaria e h\u00eddrica.<\/p>\n<p>A nivel mundial, cada a\u00f1o se erosionan m\u00e1s de <a href=\"https:\/\/earth.org\/human-activity-land-surface-changes\/\" target=\"_blank\" rel=\"nofollow noopener noreferrer\">68 000 millones de toneladas<\/a> de tierra vegetal a un ritmo <a href=\"https:\/\/www.ipcc.ch\/srccl\/chapter\/summary-for-policymakers\/#:~:text=This%20Summary%20for%20Policymakers%20(SPM,Action%20in%20the%20near-term.\" target=\"_blank\" rel=\"nofollow noopener noreferrer\">100 veces superior<\/a> al que puede reponerse de forma natural. Cargada de biocidas y fertilizantes, la tierra acaba en los cursos de agua, donde contamina el agua potable y las zonas protegidas aguas abajo.<\/p>\n<p>Adem\u00e1s, la tierra expuesta y sin vida es m\u00e1s vulnerable a la erosi\u00f3n e\u00f3lica e h\u00eddrica debido a la falta de sistemas radiculares y miceliales que la mantengan unida. Un factor clave que contribuye a la erosi\u00f3n del suelo es el laboreo excesivo: aunque aumenta la productividad a corto plazo al mezclar los nutrientes de la superficie (por ejemplo, los fertilizantes), el laboreo es f\u00edsicamente destructivo para la estructura del suelo y, a largo plazo, conduce a la <a href=\"https:\/\/www.mdpi.com\/2071-1050\/12\/5\/2071\" target=\"_blank\" rel=\"nofollow noopener noreferrer\">compactaci\u00f3n del suelo, la p\u00e9rdida de fertilidad y la formaci\u00f3n de costras en la superficie<\/a>, lo que empeora la erosi\u00f3n de la capa superior del suelo.<\/p>\n<p>Dado que se prev\u00e9 que la poblaci\u00f3n mundial alcance los 9000 millones de personas a mediados de siglo, la Organizaci\u00f3n de las Naciones Unidas para la Alimentaci\u00f3n y la Agricultura (FAO) prev\u00e9 que la demanda mundial de alimentos pueda aumentar en un <a href=\"https:\/\/www.agriculture.gov.au\/sites\/default\/files\/sitecollectiondocuments\/abares\/publications\/Outlook2012FoodDemand2050.pdf\" target=\"_blank\" rel=\"nofollow noopener noreferrer\">70 % para 2050<\/a>. En todo el mundo, m\u00e1s de 820 millones de personas no tienen suficiente para comer.<\/p>\n<p>Como se\u00f1al\u00f3 el secretario general de las Naciones Unidas, Ant\u00f3nio Guterres, en una reuni\u00f3n virtual de alto nivel celebrada en 2020, \u00aba menos que se tomen medidas inmediatas, cada vez es m\u00e1s evidente que se avecina una emergencia mundial en materia de seguridad alimentaria que podr\u00eda tener repercusiones a largo plazo en cientos de millones de adultos y ni\u00f1os\u00bb. Guterres inst\u00f3 a los pa\u00edses a replantearse sus sistemas alimentarios y foment\u00f3 pr\u00e1cticas agr\u00edcolas m\u00e1s sostenibles.<\/p>\n<p>En cuanto a la seguridad h\u00eddrica, solo el <a href=\"https:\/\/www.worldwildlife.org\/threats\/water-scarcity\" target=\"_blank\" rel=\"nofollow noopener noreferrer\">3 % del agua del mundo es agua dulce<\/a>, y dos tercios de esa cantidad se encuentran en glaciares congelados o no est\u00e1n disponibles para su uso. Como resultado, alrededor de 1100 millones de personas en todo el mundo carecen de acceso al agua, y un total de 2700 millones sufren escasez de agua durante al menos un mes al a\u00f1o. Para 2025, dos tercios de la poblaci\u00f3n mundial podr\u00edan enfrentarse a la escasez de agua.<\/p>\n<h3>13. Moda r\u00e1pida y residuos textiles<\/h3>\n<p>La industria de la moda es responsable del 10 % de las emisiones globales de carbono, lo que la convierte en uno de los mayores problemas medioambientales de nuestro tiempo. Solo la moda produce m\u00e1s emisiones de gases de efecto invernadero que <a href=\"https:\/\/unfccc.int\/news\/un-helps-fashion-industry-shift-to-low-carbon\" target=\"_blank\" rel=\"nofollow noopener noreferrer\">los sectores de la aviaci\u00f3n y el transporte mar\u00edtimo juntos<\/a>, y casi el 20 % de las aguas residuales mundiales, es decir, alrededor de 93 000 millones de metros c\u00fabicos procedentes del te\u00f1ido de textiles, seg\u00fan el Programa de las Naciones Unidas para el Medio Ambiente.<\/p>\n<p>Adem\u00e1s, se estima que el mundo genera <a href=\"https:\/\/globalfashionagenda.com\/wp-content\/uploads\/2017\/05\/Pulse-of-the-Fashion-Industry_2017.pdf\" target=\"_blank\" rel=\"nofollow noopener noreferrer\">92 millones de toneladas de residuos textiles<\/a> cada a\u00f1o, una cifra que se espera que aumente hasta los 134 millones de toneladas anuales en 2030. La ropa desechada y los residuos textiles, la mayor\u00eda de los cuales no son biodegradables, acaban en los vertederos, mientras que los micropl\u00e1sticos de materiales textiles como el poli\u00e9ster, el nailon, la poliamida, el acr\u00edlico y otros materiales sint\u00e9ticos se filtran en el suelo y en las fuentes de agua cercanas.<\/p>\n<p>Tambi\u00e9n se vierten cantidades monumentales de textiles en pa\u00edses en desarrollo, como se puede ver en <a href=\"https:\/\/www.aljazeera.com\/gallery\/2021\/11\/8\/chiles-desert-dumping-ground-for-fast-fashion-leftovers\" target=\"_blank\" rel=\"nofollow noopener noreferrer\">el desierto de Atacama, en Chile<\/a>. Cada a\u00f1o llegan millones de toneladas de ropa procedentes de Europa, Asia y Am\u00e9rica. En 2023, se vertieron <a href=\"https:\/\/www.nationalgeographic.com\/environment\/article\/chile-fashion-pollution\" target=\"_blank\" rel=\"nofollow noopener noreferrer\">46 millones de toneladas<\/a> de ropa desechada, que se dejaron pudrir all\u00ed, seg\u00fan las estad\u00edsticas de la aduana chilena.<\/p>\n<figure id=\"attachment_19155\" aria-describedby=\"caption-attachment-19155\" style=\"width: 650px\" class=\"wp-caption aligncenter\"><a href=\"https:\/\/espai-marx.net\/wp-content\/uploads\/2026\/01\/textil-filipinas.webp\"><img loading=\"lazy\" decoding=\"async\" class=\"wp-image-19155\" src=\"https:\/\/espai-marx.net\/wp-content\/uploads\/2026\/01\/textil-filipinas.webp\" alt=\"\" width=\"650\" height=\"434\" srcset=\"https:\/\/espai-marx.net\/wp-content\/uploads\/2026\/01\/textil-filipinas.webp 1024w, https:\/\/espai-marx.net\/wp-content\/uploads\/2026\/01\/textil-filipinas-300x200.webp 300w, https:\/\/espai-marx.net\/wp-content\/uploads\/2026\/01\/textil-filipinas-768x512.webp 768w\" sizes=\"auto, (max-width: 650px) 100vw, 650px\" \/><\/a><figcaption id=\"caption-attachment-19155\" class=\"wp-caption-text\"><span style=\"font-size: 10pt;\">F\u00e1brica de ropa en Filipinas. (Foto: OIT Asia-Pac\u00edfico\/Flickr)<\/span><\/figcaption><\/figure>\n<p>Este problema, que crece r\u00e1pidamente, se ve agravado por el modelo de negocio de la <a href=\"https:\/\/earth.org\/what-is-fast-fashion\/\" target=\"_blank\" rel=\"nofollow noopener noreferrer\">moda r\u00e1pida<\/a>, en constante expansi\u00f3n, en el que las empresas se basan en la producci\u00f3n barata y r\u00e1pida de ropa de baja calidad para satisfacer las \u00faltimas y m\u00e1s novedosas tendencias. Si bien la <a href=\"https:\/\/earth.org\/what-is-the-united-nations-fashion-industry-charter-for-climate-action\/\" target=\"_blank\" rel=\"nofollow noopener noreferrer\">Carta de las Naciones Unidas para la Acci\u00f3n Clim\u00e1tica en la Industria de la Moda<\/a> prev\u00e9 que las empresas de moda y textiles signatarias se comprometan a alcanzar emisiones netas cero para 2050, la mayor\u00eda de las empresas de todo el mundo a\u00fan no han abordado su papel en el cambio clim\u00e1tico.<\/p>\n<h3>14. Inteligencia artificial<\/h3>\n<p>En el <a href=\"https:\/\/www.weforum.org\/publications\/global-risks-report-2025\/\" target=\"_blank\" rel=\"nofollow noopener noreferrer\">informe sobre riesgos globales para 2025<\/a> del Foro Econ\u00f3mico Mundial, el cambio clim\u00e1tico y los riesgos relacionados con la inteligencia artificial (IA) encabezan la lista de los 10 principales riesgos globales para la pr\u00f3xima d\u00e9cada. El informe tambi\u00e9n se\u00f1ala las interconexiones entre los riesgos econ\u00f3micos, geopol\u00edticos y sociales con los riesgos medioambientales y tecnol\u00f3gicos.<\/p>\n<p>En 2025 se ha producido un enorme crecimiento de las tecnolog\u00edas de IA en todo el mundo, que est\u00e1n beneficiando a los \u00e1mbitos clim\u00e1ticos, desde la <a href=\"https:\/\/earth.org\/how-ai-is-improving-tropical-cyclone-forecasting-in-climate-change-era\/\" target=\"_blank\" rel=\"nofollow noopener noreferrer\">predicci\u00f3n meteorol\u00f3gica<\/a> y la conservaci\u00f3n hasta la <a href=\"https:\/\/earth.org\/how-ai-is-improving-tropical-cyclone-forecasting-in-climate-change-era\/\" target=\"_blank\" rel=\"nofollow noopener noreferrer\">reducci\u00f3n del riesgo de desastres<\/a>. Sin embargo, esta tecnolog\u00eda conlleva graves <a href=\"https:\/\/earth.org\/the-bigger-picture-of-climate-change-and-ai\/\" target=\"_blank\" rel=\"nofollow noopener noreferrer\">implicaciones medioambientales y \u00e9ticas<\/a>, lo que alimenta la preocupaci\u00f3n por su crecimiento, en gran medida no regulado.<\/p>\n<p>El <a href=\"https:\/\/earth.org\/the-green-dilemma-can-ai-fulfil-its-potential-without-harming-the-environment\/\" target=\"_blank\" rel=\"nofollow noopener noreferrer\">impacto medioambiental de la IA<\/a> se deriva del consumo de energ\u00eda en el entrenamiento de los modelos de IA, la inferencia del uso diario de las herramientas de IA, el consumo de agua para refrigerar los centros de datos que la alimentan y la huella de carbono del hardware. El director ejecutivo de OpenAI, Sam Altman, revel\u00f3 recientemente que el simple hecho de decir \u00abpor favor\u00bb y \u00abgracias\u00bb a ChatGPT a\u00f1ade decenas de millones en costes inform\u00e1ticos debido al mayor consumo de energ\u00eda.<\/p>\n<p>Seg\u00fan se informa, Open AI consumi\u00f3 <a href=\"https:\/\/www.sciencedirect.com\/science\/article\/pii\/S2542435123003653#bib3\" target=\"_blank\" rel=\"nofollow noopener noreferrer\">unos 1287 MWh<\/a> de electricidad para entrenar su modelo GPT-3, lo que equivale a la energ\u00eda necesaria para abastecer a m\u00e1s de 120 hogares estadounidenses durante un a\u00f1o. Debido al gran volumen de consultas que se procesan a diario, la inferencia representa <a href=\"https:\/\/knowledge.wharton.upenn.edu\/article\/the-hidden-cost-of-ai-energy-consumption\/\" target=\"_blank\" rel=\"nofollow noopener noreferrer\">m\u00e1s del 60 % de la huella de carbono total de la IA<\/a>.<\/p>\n<p>Un estudio sobre la huella h\u00eddrica de la IA destac\u00f3 que, dependiendo de cu\u00e1ndo y d\u00f3nde se implemente la IA, <a href=\"https:\/\/arxiv.org\/pdf\/2304.03271\" target=\"_blank\" rel=\"nofollow noopener noreferrer\">GPT-3 consume una botella de agua de 500 ml por cada 10-50 respuestas de longitud media<\/a>. El mismo estudio tambi\u00e9n revel\u00f3 que se prev\u00e9 que la extracci\u00f3n de agua del uso global de la IA <a href=\"https:\/\/arxiv.org\/pdf\/2304.03271\" target=\"_blank\" rel=\"nofollow noopener noreferrer\">alcance entre 4200 y 6600 millones de metros c\u00fabicos en 2027<\/a>, lo que supera entre 4 y 6 veces la extracci\u00f3n total anual de agua de Dinamarca.<\/p>\n<p>A pesar de estos impactos, todav\u00eda no existe un m\u00e9todo estandarizado para medir las emisiones relacionadas con la IA debido a la falta de transparencia de los proveedores, la variabilidad de la intensidad de carbono de las redes el\u00e9ctricas locales y la diversidad de las herramientas de IA en uso. Por lo tanto, aunque el atractivo del potencial de la IA es innegable, debemos afrontar de frente su impacto negativo.<\/p>\n<h3>15. Sobrepesca<\/h3>\n<p><a href=\"https:\/\/wwf.panda.org\/discover\/our_focus\/oceans_practice\/solutions\/sustainable_fisheries\/\" target=\"_blank\" rel=\"nofollow noopener noreferrer\">M\u00e1s de 3000 millones de personas en todo el mundo<\/a> dependen del pescado como su principal fuente de prote\u00ednas. Aproximadamente el 12 % de la poblaci\u00f3n mundial depende de la pesca de una forma u otra, y el 90 % de ellos son pescadores a peque\u00f1a escala, es decir, una peque\u00f1a tripulaci\u00f3n en un bote, no en un barco, que utiliza redes peque\u00f1as o incluso <a href=\"https:\/\/yourbassguy.com\/best\/bass-fishing-rod-and-reel-combo\/\" target=\"_blank\" rel=\"nofollow noopener noreferrer\">ca\u00f1as y carretes<\/a> y <a href=\"https:\/\/yourbassguy.com\/best\/bass-fishing-lures\/\" target=\"_blank\" rel=\"nofollow noopener noreferrer\">se\u00f1uelos no muy diferentes de los que probablemente utiliza usted<\/a>. De los 18,9 millones de pescadores que hay en el mundo, el 90 % pertenece a esta \u00faltima categor\u00eda.<\/p>\n<p>La mayor\u00eda de las personas consumen aproximadamente el doble de alimentos que hace 50 a\u00f1os y hay cuatro veces m\u00e1s personas en la Tierra que a finales de la d\u00e9cada de 1960. Este es uno de los factores que ha llevado a que el 30 % de las aguas de pesca comercial se clasifiquen como \u00absobreexplotadas\u00bb. Esto significa que las reservas de las aguas pesqueras disponibles se est\u00e1n agotando m\u00e1s r\u00e1pido de lo que pueden reponerse.<\/p>\n<p>La <a href=\"https:\/\/earth.org\/data_visualization\/overfishing-a-brief-review\/\" target=\"_blank\" rel=\"nofollow noopener noreferrer\">sobrepesca<\/a> tiene efectos perjudiciales para el medio ambiente, como el aumento de las algas en el agua, la destrucci\u00f3n de las comunidades pesqueras, la contaminaci\u00f3n de los oc\u00e9anos y tasas extremadamente altas de p\u00e9rdida de biodiversidad.<\/p>\n<p>Como parte del Objetivo de Desarrollo Sostenible n\u00famero 14 <a href=\"https:\/\/sdgs.un.org\/goals\/goal14\" target=\"_blank\" rel=\"nofollow noopener noreferrer\">(ODS 14)<\/a> de las Naciones Unidas, la ONU y la FAO est\u00e1n trabajando para mantener la proporci\u00f3n de las poblaciones de peces dentro de niveles biol\u00f3gicamente sostenibles. Sin embargo, esto requiere una regulaci\u00f3n mucho m\u00e1s estricta de los oc\u00e9anos del mundo que la que ya existe.<\/p>\n<p>En julio de 2022, la Organizaci\u00f3n Mundial del Comercio <a href=\"https:\/\/earth.org\/wto-bans-fishing-subsidies\/\" target=\"_blank\" rel=\"nofollow noopener noreferrer\">prohibi\u00f3 las subvenciones a la pesca<\/a> para reducir la sobrepesca mundial en un acuerdo hist\u00f3rico. De hecho, las subvenciones para combustible, artes de pesca y construcci\u00f3n de nuevos buques solo incentivan la sobrepesca y, por lo tanto, representan un enorme problema.<\/p>\n<h3>16. Miner\u00eda de cobalto<\/h3>\n<p>El cobalto se est\u00e1 convirtiendo r\u00e1pidamente en el ejemplo definitivo del dilema de los minerales que se encuentra en el centro de la <a href=\"https:\/\/earth.org\/renewables-global-electricity\/\" target=\"_blank\" rel=\"nofollow noopener noreferrer\">transici\u00f3n hacia las energ\u00edas renovables<\/a>. Como componente clave de los materiales de las bater\u00edas que alimentan los veh\u00edculos el\u00e9ctricos (VE), el cobalto se enfrenta a un aumento sostenido de la demanda a medida que avanzan los esfuerzos de descarbonizaci\u00f3n. El mayor proveedor mundial de cobalto es la Rep\u00fablica Democr\u00e1tica del Congo (RDC), donde se estima que hasta una quinta parte de la producci\u00f3n procede de mineros artesanales.<\/p>\n<p><a href=\"https:\/\/earth.org\/cobalt-mining\/\" target=\"_blank\" rel=\"nofollow noopener noreferrer\">La miner\u00eda del cobalto<\/a>, sin embargo, est\u00e1 asociada a la <a href=\"https:\/\/www.economist.com\/middle-east-and-africa\/2022\/07\/05\/how-the-world-depends-on-small-cobalt-miners\" target=\"_blank\" rel=\"nofollow noopener noreferrer\">peligrosa explotaci\u00f3n de los trabajadores<\/a> y a otros graves problemas medioambientales y sociales. Las regiones meridionales de la RDC no solo albergan cobalto y cobre, sino tambi\u00e9n grandes cantidades de uranio. En las regiones mineras, los cient\u00edficos han observado altos niveles de radiactividad. Adem\u00e1s, la extracci\u00f3n de minerales, al igual que otras actividades mineras industriales, suele producir contaminaci\u00f3n que se filtra en los r\u00edos y fuentes de agua vecinos. Se sabe que el polvo de la roca pulverizada tambi\u00e9n causa problemas respiratorios a las comunidades locales.<\/p>\n<p>Fuente: <em>Earth.org<\/em>, 9 de enero de 2026 (<a href=\"https:\/\/earth.org\/the-biggest-environmental-problems-of-our-lifetime\/\">https:\/\/earth.org\/the-biggest-environmental-problems-of-our-lifetime\/<\/a>)<\/p>\n<\/div>\n<\/div>\n","protected":false},"excerpt":{"rendered":"<p>El mundo se enfrenta a una serie de retos medioambientales urgentes que requieren atenci\u00f3n y medidas inmediatas. Desde los desastres<\/p>\n","protected":false},"author":5,"featured_media":19166,"comment_status":"open","ping_status":"open","sticky":false,"template":"","format":"standard","meta":{"footnotes":""},"categories":[1563],"tags":[],"class_list":["post-19154","post","type-post","status-publish","format-standard","has-post-thumbnail","hentry","category-crisis-ecosocial"],"aioseo_notices":[],"_links":{"self":[{"href":"https:\/\/espai-marx.net\/index.php?rest_route=\/wp\/v2\/posts\/19154","targetHints":{"allow":["GET"]}}],"collection":[{"href":"https:\/\/espai-marx.net\/index.php?rest_route=\/wp\/v2\/posts"}],"about":[{"href":"https:\/\/espai-marx.net\/index.php?rest_route=\/wp\/v2\/types\/post"}],"author":[{"embeddable":true,"href":"https:\/\/espai-marx.net\/index.php?rest_route=\/wp\/v2\/users\/5"}],"replies":[{"embeddable":true,"href":"https:\/\/espai-marx.net\/index.php?rest_route=%2Fwp%2Fv2%2Fcomments&post=19154"}],"version-history":[{"count":4,"href":"https:\/\/espai-marx.net\/index.php?rest_route=\/wp\/v2\/posts\/19154\/revisions"}],"predecessor-version":[{"id":19169,"href":"https:\/\/espai-marx.net\/index.php?rest_route=\/wp\/v2\/posts\/19154\/revisions\/19169"}],"wp:featuredmedia":[{"embeddable":true,"href":"https:\/\/espai-marx.net\/index.php?rest_route=\/wp\/v2\/media\/19166"}],"wp:attachment":[{"href":"https:\/\/espai-marx.net\/index.php?rest_route=%2Fwp%2Fv2%2Fmedia&parent=19154"}],"wp:term":[{"taxonomy":"category","embeddable":true,"href":"https:\/\/espai-marx.net\/index.php?rest_route=%2Fwp%2Fv2%2Fcategories&post=19154"},{"taxonomy":"post_tag","embeddable":true,"href":"https:\/\/espai-marx.net\/index.php?rest_route=%2Fwp%2Fv2%2Ftags&post=19154"}],"curies":[{"name":"wp","href":"https:\/\/api.w.org\/{rel}","templated":true}]}}