{"id":1917,"date":"2012-06-10T00:00:00","date_gmt":"2012-06-10T00:00:00","guid":{"rendered":"https:\/\/espai-marx.net\/?p=1917"},"modified":"2020-02-22T06:06:52","modified_gmt":"2020-02-22T05:06:52","slug":"experiencias-politicas-por-una-nueva-cultura-barcelona-9-de-junio","status":"publish","type":"post","link":"https:\/\/espai-marx.net\/?p=1917","title":{"rendered":"La experiencia de Espai Marx"},"content":{"rendered":"<p>Trabajador incansable, activista de largo recorrido, Nando Zamorano es miembro de Espai Marx, ciudadano-fil\u00f3sofo amante y deseoso de todo saber \u2013nada humano le es ajeno realmente, puedo corroborarlo personalmente- y como fuera el caso de uno de sus maestros, aquel revolucionario de Tr\u00e9veris renacido estos \u00faltimo a\u00f1os, se ubica en el mundo combatiendo toda injusticia, todo proyecto, todo programa de mentes irresponsables que pretenda situar al ser humano en un lodazal antidemocr\u00e1tico de explotaci\u00f3n, marginaci\u00f3n social, miseria ps\u00edquica, desamor y maltratado de la Naturaleza.<\/p>\n<p><strong>Espai Marx, no s\u00e9 si con alguna colaboraci\u00f3n m\u00e1s, organiza el pr\u00f3ximo 9 de junio de 2012, a las 10 h, unas jornadas sobre \u201cExperiencias pol\u00edticas por una nueva cultura\u201d. \u00bfQu\u00e9 es Espai Marx? \u00bfQui\u00e9nes form\u00e1is parte del colectivo ?<\/strong><\/p>\n<p>Espai Marx es una asociaci\u00f3n pol\u00edtica y cultural formada por personas que provenientes de diferentes de diferentes espacios e incluso tradiciones pol\u00edticas, consideran que los trabajos, las propuestas metodol\u00f3gicas, las y las finalidades se\u00f1aladas por Marx contin\u00faan siendo b\u00e1sicamente significativas. Nos juntamos para debatir bajo el amplio paraguas que nos ofrece el binomio de forman la democracia y el socialismo.<\/p>\n<p><strong>El lugar del encuentro es el Casal Popular 3 Voltes Rebel, del Paseo Urr\u00fatia, 125, de Barcelona (Metro Llucmajor, l\u00ednea 4). Creo que el Casal tiene una historia interesante. \u00bfNos la cuentas?<\/strong><\/p>\n<p>El Casal 3 Voltes Rebel es un proyecto de la Trobada Alternativa de Nou Barris, un espacio pol\u00edtico abierto y participativo que formada por un grupo de personas de izquierda, que provenientes de diferentes culturas pol\u00edticas trabajan por devolver a la pol\u00edtica a la calle, el lugar que le corresponde.<\/p>\n<p>La Trobada se organiza en grupos que desarrollan diferentes proyectos: Una Oficina de Derechos Sociales, donde un colectivo de vecinas y vecinos ofrecen asesoramiento laboral gratuito a personas que se lo solicitan, una Cooperativa de consumo agroecol\u00f3gica \u201cEl Levat\u201d, una Comisi\u00f3n Municipalista o el propio Casal. Se trata de un espacio de encuentro, donde compartir inquietudes pero tambi\u00e9n reforzar los lazos y la solidaridad vecinal.<\/p>\n<p><strong>\u00bfPuedes darnos detalles de la jornada? \u00bfQui\u00e9nes participan? \u00bfPara qu\u00e9 ciudadanos hab\u00e9is pensado el encuentro?<\/strong><\/p>\n<p>Las jornadas se realizar\u00e1n el s\u00e1bado 9 de junio y consistir\u00e1n en dos mesas de debate, una por la ma\u00f1ana y otra a la tarde. Son unas jornadas de intercambio de experiencias de miembros pertenecientes a asociaciones pol\u00edticas que conciben la acci\u00f3n pol\u00edtica como autoorganizaci\u00f3n ciudadana al margen de la profesionalizaci\u00f3n, y como ponentes participar\u00e1n personas que pertenecen a diferentes asociaciones y nos explicar\u00e1n la suyas. Contaremos con Miguel \u00c1ngel Dom\u00e9nech, de la Asociaci\u00f3n Republicana de Cuenca, Carlos Guti\u00e9rrez, del Movimiento de Izquierda Alternativa de Pinto, Alex Casademunt, del Centre per a la Sostenibilitat Territorial, Josep Bel, trabajador de telef\u00f3nica y miembro del sindicato Cobas, Manuel Ca\u00f1ada, del Colectivo por los Derechos Sociales La Trastienda de M\u00e9rida y Toni Marc\u00f3, miembro de la Trobada Alternativa de Nou Barris. Las mesas de debate intentan huir del formato cl\u00e1sico ponente-p\u00fablico y tratar de que la relaci\u00f3n sea m\u00e1s horizontal, favoreciendo la participaci\u00f3n de todos los participantes que no vienen s\u00f3lo a escuchar sino a debatir, a deliberar.<\/p>\n<p>Entendemos que la mayor\u00eda, por no decir la totalidad, de las personas que acostumbran a participar en este tipo de jornadas participa, de una manera u otra, en alguna actividad y que muchas de las cosas que aqu\u00ed nos expliquemos les puedan ser \u00fatiles.<\/p>\n<p><strong>\u00bfDesde cuando celebr\u00e1is estos encuentros? \u00bfDe qu\u00e9 temas hab\u00e9is hablado?<\/strong><\/p>\n<p>Venimos celebrando jornadas de debate desde hace algunos a\u00f1os. En este tiempo se han tratado diversos temas; en el 2007, coincidiendo con el setenta aniversario de su muerte, organizamos unas jornadas sobre el pensamiento pol\u00edtico de Antonio Gramsci, las del 2008 trataron sobre la democracia y el socialismo y tuvimos la suerte de contar con amigos como Santiago Alba Rico o Carlos Fern\u00e1ndez Liria. Las del a\u00f1o pasado se centraron en la relaci\u00f3n entre la democracia y la econom\u00eda, tema de m\u00e1xima actualidad en los tiempos que corren en los que la ciudadan\u00eda es expoliada a la luz del d\u00eda y a cara de perro de sus propios impuestos y derechos para beneficio de ladrones y sin embargo, la propia ciudadan\u00eda parece asistir imp\u00e1vida a este latrocinio, porque \u00bfQu\u00e9 poder de decisi\u00f3n tenemos los ciudadanos respecto de la econom\u00eda<\/p>\n<p><strong>\u00bfDe qu\u00e9 experiencias pol\u00edticas pens\u00e1is hablar?<\/strong><\/p>\n<p>Se trata de peque\u00f1as experiencias pol\u00edticas, pegadas al territorio y construidas \u201ca mano y sin permiso\u201d, al margen de los marcos institucionales, sin las prisas que nos imponen las agendas electorales, de un tipo u otro.<\/p>\n<p><strong>Esa nueva cultura que anunci\u00e1is, \u00bfqu\u00e9 componentes tendr\u00eda? \u00bfD\u00f3nde residir\u00eda su novedad?<\/strong><\/p>\n<p>Entendemos que es necesaria una cultura pol\u00edtica basada en la actividad, en la participaci\u00f3n y en la organizaci\u00f3n de los subalternos, donde todas y todos somos necesarios. Se trata de que los ciudadanos se apoderen de la pol\u00edtica, que ha quedado en manos de profesionales. Romper esta de cadena de producci\u00f3n fordista, con su divisi\u00f3n entre especialistas que tienen el saber y el resto que se han de limitar a votar y dejar hacer. El 15M ha demostrado que esa manera de entender la pol\u00edtica ha entrado en crisis, que ya no es aceptada por un buen n\u00famero de ciudadanos, pero tambi\u00e9n es conveniente que la izquierda haga su lectura y asuma su propia incapacidad organizativa.<\/p>\n<p><strong>Si no ando errado, no hab\u00e9is invitado a nadie de ning\u00fan movimiento del 15M. \u00bfPor qu\u00e9?<\/strong><\/p>\n<p>Me consta que algunas de las personas que vienen a explicar sus experiencias, como pueden ser Josep Bel o Manuel Ca\u00f1ada, han tenido un papel muy activo en el denominando 15M. Con todo, cuando nos planteamos la organizaci\u00f3n de estas jornadas pens\u00e1bamos en asociaciones que llevan un cierto tiempo trabajando. Puede parecer una tonter\u00eda, pero a mi entender, fundamental contar con experiencias que se mantengan en el tiempo si queremos llegar a tener alg\u00fan tipo de incidencia y salir del c\u00edrculo de nuestro peque\u00f1o mundo. A la izquierda le cuesta muy poco crear espacios nuevos que no acostumbran a durar mucho, los quemamos o llevados por diferentes urgencias son substituidos por otros nuevos. Mi madre dir\u00eda que somos muy \u201cnoveleros\u201d.<\/p>\n<p><strong>\u00bfQu\u00e9 otras actividades realiza Espai Marx?<\/strong><\/p>\n<p>Mantenemos una revista electr\u00f3nica <a href=\"..\/..\/\/\" target=\"_blank\" rel=\"noopener noreferrer\">https:\/\/espai-marx.net <\/a>, una biblioteca virtual de ciencias sociales \u201cLos \u00e1rboles de Fahrenheit\u201d <a href=\"http:\/\/www.elsarbresdefahrenheit.net\/\" target=\"_blank\" rel=\"noopener noreferrer\">http:\/\/www.elsarbresdefahrenheit.net <\/a>que pretende preservar y poner al alcance de todo el mundo textos que forman parte del patrimonio del movimiento obrero y popular y que desgraciadamente son dif\u00edciles de encontrar en nuestros d\u00eda. Entre las actividades que organizamos, a parte de las charlas, los debates y un video-forum, habr\u00eda que destacar el seminario de filosof\u00eda pol\u00edtica que venimos realizando desde hace m\u00e1s de diez a\u00f1os. Actualmente, desde hace tres a\u00f1os trabaja sobre los Cuadernos de la C\u00e1rcel de Gramsci, aunque durante sus a\u00f1os de actividad ha servido para leer y discutir a Marx, Karl Polany, Arist\u00f3teles, Arthur Rosenberg, Georg Lukacs, Edward P.Thompson, Agnes Heller o Gyorgy Markus.<\/p>\n<p><strong>En la presentaci\u00f3n del encuentro se\u00f1al\u00e1is que en Espai Marx llev\u00e1is tiempo reflexionando sobre la necesidad de que la izquierda asuma como objetivo pol\u00edtico la creaci\u00f3n de una nueva cultura pol\u00edtica basada en la radicalizaci\u00f3n de la democracia. \u00bfEn qu\u00e9 consistir\u00eda esa radicalizaci\u00f3n de la democracia?<\/strong><\/p>\n<p>En la participaci\u00f3n directa de la gente, que entiende que s\u00f3lo junt\u00e1ndose a otros, organiz\u00e1ndose, podr\u00e1 de resolver sus problemas. Eso significa fomentar espacios, peque\u00f1os reg\u00edmenes, de paideia, con formas de hacer que fomenten la participaci\u00f3n y la toma de decisiones colectiva, de democracia directa. Se trata de generar una cultura autoprotagonizada por la gente, no por una \u00e9lite pol\u00edtica o intelectual. Adem\u00e1s, a mi entender, la \u00fanica posibilidad de una salida de la crisis, que no suponga el mantenimiento del actual estado de las cosas con el consiguiente encarnizamiento sobre los m\u00e1s d\u00e9biles, pasa por la participaci\u00f3n de los subalternos en la cosa p\u00fablica, por la radicalizaci\u00f3n de la democracia.<\/p>\n<p><strong>\u00bfLa izquierda no ha asumido esa radicalizaci\u00f3n en vuestra opini\u00f3n? \u00bfEn qu\u00e9 izquierda pens\u00e1is?<\/strong><\/p>\n<p>Aquella que concibe la pol\u00edtica como mera ingenier\u00eda llevada a cabo por profesionales de la gesti\u00f3n desde las instituciones y no como acci\u00f3n en la sociedad civil y desde la misma. Que entiende como su \u00fanico fin la gesti\u00f3n desde las instituciones del estado de los pocos o muchos recursos econ\u00f3micos que pongan a su disposici\u00f3n los impuestos y que para ello es capaz de llegar a pactar con la derecha y de aplicar recortes sociales contra los que dice representar.<\/p>\n","protected":false},"excerpt":{"rendered":"<p>\u00a0<\/p>\n<p style='margin-top: 0.2cm; margin-bottom: 0cm; line-height: 150%;' align='JUSTIFY'>\u00a0<\/p>\n<p style='margin-bottom: 0cm; font-weight: normal;'>Entendemos que es necesaria una cultura pol\u00edtica basada en la actividad, en la participaci\u00f3n y en la organizaci\u00f3n de los subalternos, donde todas y todos somos necesarios<\/p>\n","protected":false},"author":9,"featured_media":0,"comment_status":"open","ping_status":"open","sticky":false,"template":"","format":"standard","meta":{"footnotes":""},"categories":[880,1173,13],"tags":[1229],"class_list":["post-1917","post","type-post","status-publish","format-standard","hentry","category-actividades","category-experiencias-politicas-por-una-nueva-cultura-2012","category-la-izquierda-a-debate","tag-nando-zamorano"],"aioseo_notices":[],"_links":{"self":[{"href":"https:\/\/espai-marx.net\/index.php?rest_route=\/wp\/v2\/posts\/1917","targetHints":{"allow":["GET"]}}],"collection":[{"href":"https:\/\/espai-marx.net\/index.php?rest_route=\/wp\/v2\/posts"}],"about":[{"href":"https:\/\/espai-marx.net\/index.php?rest_route=\/wp\/v2\/types\/post"}],"author":[{"embeddable":true,"href":"https:\/\/espai-marx.net\/index.php?rest_route=\/wp\/v2\/users\/9"}],"replies":[{"embeddable":true,"href":"https:\/\/espai-marx.net\/index.php?rest_route=%2Fwp%2Fv2%2Fcomments&post=1917"}],"version-history":[{"count":0,"href":"https:\/\/espai-marx.net\/index.php?rest_route=\/wp\/v2\/posts\/1917\/revisions"}],"wp:attachment":[{"href":"https:\/\/espai-marx.net\/index.php?rest_route=%2Fwp%2Fv2%2Fmedia&parent=1917"}],"wp:term":[{"taxonomy":"category","embeddable":true,"href":"https:\/\/espai-marx.net\/index.php?rest_route=%2Fwp%2Fv2%2Fcategories&post=1917"},{"taxonomy":"post_tag","embeddable":true,"href":"https:\/\/espai-marx.net\/index.php?rest_route=%2Fwp%2Fv2%2Ftags&post=1917"}],"curies":[{"name":"wp","href":"https:\/\/api.w.org\/{rel}","templated":true}]}}