{"id":1918,"date":"2012-06-11T00:00:00","date_gmt":"2012-06-10T23:00:00","guid":{"rendered":"https:\/\/espai-marx.net\/?p=1918"},"modified":"2020-02-21T07:48:25","modified_gmt":"2020-02-21T06:48:25","slug":"experiencias-politicas-por-una-nueva-cultura-barcelona-9-de-junio-2","status":"publish","type":"post","link":"https:\/\/espai-marx.net\/?p=1918","title":{"rendered":"La experiencia de la Asociaci\u00f3n Republicana de Cuenca"},"content":{"rendered":"<p class=\"western\" lang=\"es-ES\" style=\"margin-top: 0.2cm; margin-bottom: 0cm; line-height: 150%;\" align=\"JUSTIFY\"><b>Proposito fundacional:<\/b><\/p>\n<p class=\"western\" lang=\"es-ES\" style=\"margin-top: 0.2cm; margin-bottom: 0cm; line-height: 150%;\" align=\"JUSTIFY\">La Asociaci\u00f3n se crea en 2006 y tiene su origen en una iniciativa espont\u00e1nea de un reducido grupo de gente (3-4) muy activa y comprometida desde siempre en la actividad pol\u00edtica y muy consciente del valor de la tradici\u00f3n asociativa de las luchas de la izquierda.<\/p>\n<p class=\"western\" lang=\"es-ES\" style=\"margin-top: 0.2cm; margin-bottom: 0cm; line-height: 150%;\" align=\"JUSTIFY\">La intenci\u00f3n es crear un espacio asociado y autoorganizado de debate, deliberaci\u00f3n, lucha y militancia compartida, difusi\u00f3n, agitaci\u00f3n, comunicaci\u00f3n para la puesta en valor de la \u00e9tica republicana, la cultura republicana y sus propuestas pol\u00edticas y sociales. Nosotros llamamos a eso \u201cconstruir nuestra Republica\u201d<\/p>\n<p class=\"western\" lang=\"es-ES\" style=\"margin-top: 0.2cm; margin-bottom: 0cm; line-height: 150%;\" align=\"JUSTIFY\"><b>Problem\u00e1tica inicial:<\/b><\/p>\n<p class=\"western\" lang=\"es-ES\" style=\"margin-top: 0.2cm; margin-bottom: 0cm; line-height: 150%;\" align=\"JUSTIFY\">El clima de penuria cultural en todos los \u00e1mbitos en la ciudad de Cuenca- dominada por la exclusividad y monopolio de cualquier acto publico por parte de una Iglesia omnipresente y omnipotente en la provincia.<\/p>\n<p class=\"western\" lang=\"es-ES\" style=\"margin-top: 0.2cm; margin-bottom: 0cm; line-height: 150%;\" align=\"JUSTIFY\">La consideraci\u00f3n general y extendida de que hacer pol\u00edtica- y nosotros desde el primer d\u00eda no escond\u00edamos que lo nuestro era \u201chacer pol\u00edtica\u201d- es una actividad \u00fanicamente referida a materia electoral (por lo tanto \u201ccosa\u201d que se hace dentro de un partido), o la gesti\u00f3n y administraci\u00f3n t\u00e9cnica de lo p\u00fablico (por lo tanto \u201ccosa\u201d de expertos o de entendidos en pol\u00edtica), o a una \u201cafici\u00f3n\u201d personal legitima como quien es coleccionista o le gustan los toros. (\u201ccosa privada\u201d, no res-publica)<\/p>\n<p class=\"western\" lang=\"es-ES\" style=\"margin-top: 0.2cm; margin-bottom: 0cm; line-height: 150%;\" align=\"JUSTIFY\">Otra dificultad a\u00f1adida estribaba en la calificaci\u00f3n \u201cpor la Rep\u00fablica\u201d simplemente como \u201cantimon\u00e1rquicos\u201d. Con ello se entend\u00eda generalmente y deformadamente que nuestra actividad era una propuesta de orden constitucional o jur\u00eddica referida a la forma de jefatura de Estado<\/p>\n<p class=\"western\" lang=\"es-ES\" style=\"margin-top: 0.2cm; margin-bottom: 0cm; line-height: 150%;\" align=\"JUSTIFY\"><b>Organizaci\u00f3n y praxis<\/b>:<\/p>\n<p class=\"western\" lang=\"es-ES\" style=\"margin-top: 0.2cm; margin-bottom: 0cm; line-height: 150%;\" align=\"JUSTIFY\">La Asociaci\u00f3n surge sin vinculaci\u00f3n a partidos u otras organizaciones pol\u00edticas-. Se pertenece a ella a titulo individual, independientemente del cargo u ocupaci\u00f3n pol\u00edtica que cada participante desempe\u00f1a.<\/p>\n<p class=\"western\" lang=\"es-ES\" style=\"margin-top: 0.2cm; margin-bottom: 0cm; line-height: 150%;\" align=\"JUSTIFY\">Inicialmente no se tiene un proyecto preciso. Se es consciente, que, en pol\u00edtica lo que debemos saber antes de actuar lo aprendemos actuando. \u00danicamente \u2013 ya desde las primeras reuniones se parte del convencimiento, en el que luego nos reafirmamos a lo largo de la vida de la Asociaci\u00f3n:<\/p>\n<p class=\"western\" lang=\"es-ES\" style=\"margin-top: 0.2cm; margin-bottom: 0cm; line-height: 150%;\" align=\"JUSTIFY\">Que debe abrir un espacio republicano, es decir, un lugar donde autogobernar nuestra adquisici\u00f3n de conocimientos, nuestra atenci\u00f3n critica a la gesti\u00f3n de lo p\u00fablico, nuestra reflexi\u00f3n pol\u00edtica, nuestras tomas p\u00fablicas de posici\u00f3n, nuestras demandas y exigencias de participaci\u00f3n en las decisiones colectivas, nuestra comunicaci\u00f3n y colaboraci\u00f3n conjunta con otras fuerzas pol\u00edticas,\u2026<\/p>\n<p class=\"western\" lang=\"es-ES\" style=\"margin-top: 0.2cm; margin-bottom: 0cm; line-height: 150%;\" align=\"JUSTIFY\">Auto-gobernarnos no quiere decir, no organizarnos. El \u201cauto\u201d no excluye la organizaci\u00f3n. Que ese \u201cauto\u201d, ese sujeto, no sea un partido, un sindicato o un ministerio no quiere decir que seamos incapaces de organizaci\u00f3n como si el monopolio de esa capacidad la tuviesen solo aquellas instancias. Que debe de tener una forma de organizaci\u00f3n (incluso con su alta formal en el registro de asociaciones, estatutos, sede visible,\u2026.) para evitar cualquier anonimato de grupo que con la excusa de asamblearismo abierto no tenga un m\u00ednimo centro de imputaci\u00f3n y de responsabilidad, transparencia y rendici\u00f3n publica y constante de cuentas y actuaciones, autocr\u00edtica,\u2026.Pensamos que soporte escrito, fe publica, responsabilidades distribuidas nominalmente, respeto al compromiso adquirido y asunci\u00f3n de las propuestas con caras y nombres, visibilidad y accesibilidad de todos y para todos, incluyendo firmas, escritos, actas, tel\u00e9fonos y direcciones, local, portavoces mandatados, orden del d\u00eda ,archivo, cobro de cuotas, publicaci\u00f3n de cuentas, procedimiento, reuniones de Junta y Asamblea peri\u00f3dicamente convocadas, elecciones internas,\u2026 es b\u00e1sicamente una praxis democr\u00e1tica. No somos Fuenteovejuna, ni Anonymus, somos Republica. Estamos orgullosos de mostrar que el pueblo sabe organizarse con eficacia.<\/p>\n<p class=\"western\" lang=\"es-ES\" style=\"margin-top: 0.2cm; margin-bottom: 0cm; line-height: 150%;\" align=\"JUSTIFY\">Que, pesar de no vincularse a partido, ni sigla, ni sindicato alguno, debe de trabajarse en colaboraci\u00f3n estrecha con ellos, de manera que el espacio que vayamos creando est\u00e9 a disposici\u00f3n de ellos si quieren participar: tanto en reflexi\u00f3n, deliberaci\u00f3n y debate, como en actuaci\u00f3n conjunta, o como en acciones concretas de colaboraci\u00f3n. De hecho es uno de los aspectos que m\u00e1s desarrolla la Asociaci\u00f3n, de manera que al cabo de un tiempo sus actos se han convertido en lugar de encuentro acostumbrado de otras iniciativas y grupos pol\u00edticos: con ecologistas, con mujeres contra la violencia de genero, con el STE para colaborar en la opci\u00f3n no religiosa en institutos, con IU al tratar de la problem\u00e1tica de refundaci\u00f3n republicana de la izquierda, con los MRH al tratar de la memoria hist\u00f3rica, con Europa Laica\u2026, con sindicatos al tratar de la reforma laboral, con partidos pol\u00edticos, con grupos radicales alternativos, etc. (Sin perjuicio de los innumerables roces, dificultades, desencuentros,\u2026)<\/p>\n<p class=\"western\" lang=\"es-ES\" style=\"margin-top: 0.2cm; margin-bottom: 0cm; line-height: 150%;\" align=\"JUSTIFY\">Que esa colaboraci\u00f3n no ser\u00e1 nunca para la Asociaci\u00f3n un cauce para la actividad electoral, quedando excluida desde el inicio la concurrencia, en tanto que Asociaci\u00f3n, a ninguna convocatoria electoral. No obstante no ignoramos que en ocasiones de estas convocatorias la Asociaci\u00f3n suscita un mayor inter\u00e9s de escucha en los media, en los partidos que concurren,\u2026utilizamos esa fuerza que nos da esa circunstancia para provocar compromisos pol\u00edticos republicanos en los que participan en la pugna electoral. De hecho, uno de nuestros asociados, miembro de la Junta Directiva present\u00e1ndose en las listas de IU consigui\u00f3 una Concejal\u00eda en el Ayuntamiento de Cuenca. Muy probablemente gracias al eco que nuestra Asociaci\u00f3n, tuvo entre la opini\u00f3n publica de izquierdas. Hecho ins\u00f3lito para Cuenca.<\/p>\n<p class=\"western\" lang=\"es-ES\" style=\"margin-top: 0.2cm; margin-bottom: 0cm; line-height: 150%;\" align=\"JUSTIFY\">Para combatir el obst\u00e1culo inicial de que identifiquen Rep\u00fablica con una actividad limitada a una propuesta de t\u00e9cnica-jur\u00eddica de orden constitucional, evitamos hacer gravitar e ilustrar nuestra acci\u00f3n en simple critica a la monarqu\u00eda, sino llevarlo siempre \u201cm\u00e1s all\u00e1\u201d.<\/p>\n<p class=\"western\" lang=\"es-ES\" style=\"margin-top: 0.2cm; margin-bottom: 0cm; line-height: 150%;\" align=\"JUSTIFY\">Todos los cargos de la asociaci\u00f3n son designados con un mandato anual y reconsiderados en cada Asamblea general en la que se debate lo actuado, el proyecto del a\u00f1o siguiente y cada uno da cuenta de la responsabilidad que le fue confiada.<\/p>\n<p class=\"western\" lang=\"es-ES\" style=\"margin-top: 0.2cm; margin-bottom: 0cm; line-height: 150%;\" align=\"JUSTIFY\"><b>Actividades: <\/b><\/p>\n<p class=\"western\" lang=\"es-ES\" style=\"margin-top: 0.2cm; margin-bottom: 0cm; line-height: 150%;\" align=\"JUSTIFY\">La Asociaci\u00f3n organiza:<\/p>\n<p class=\"western\" lang=\"es-ES\" style=\"margin-top: 0.2cm; margin-bottom: 0cm; line-height: 150%;\" align=\"JUSTIFY\">.-Una charla -debate cada dos meses (Sobre la reforma laboral, sobre el vertedero nuclear, sobre la crisis de energ\u00edas renovables, sobre la renta b\u00e1sica de ciudadan\u00eda, sobre la crisis econ\u00f3mica, sobre historia de los maquis, sobre la republica espa\u00f1ola, sobre la refundaci\u00f3n republicana de la izquierda, sobre actualidad legislativa y econ\u00f3mica, sobre el ferrocarril, sobre la especulaci\u00f3n inmobiliaria en torno al AVE, presentaci\u00f3n de autores y de libros, sobre laicismo,&#8230;<\/p>\n<p class=\"western\" lang=\"es-ES\" style=\"margin-top: 0.2cm; margin-bottom: 0cm; line-height: 150%;\" align=\"JUSTIFY\">.-Una semana de la Memoria Hist\u00f3rica en torno a noviembre, con debates, presentaciones, homenajes, comunicaciones de prensa,\u2026<\/p>\n<p class=\"western\" lang=\"es-ES\" style=\"margin-top: 0.2cm; margin-bottom: 0cm; line-height: 150%;\" align=\"JUSTIFY\">.-Un conjunto de actividades publicas en torno al 14 de abril: Concentraciones, actos de homenaje a militantes meritorios, discursos p\u00fablicos, conciertos,<\/p>\n<p class=\"western\" lang=\"es-ES\" style=\"margin-top: 0.2cm; margin-bottom: 0cm; line-height: 150%;\" align=\"JUSTIFY\">.-Pronunciamientos constantes, denuncias, declaraciones, conferencias de prensa, (en prensa, radio, TVl,\u2026) frente a cualquier decisi\u00f3n en curso en la actualidad pol\u00edtica, econ\u00f3mica y social. De hecho, se ha conseguido una presencia permanente y relevante en prensa local, donde publican sistem\u00e1ticamente nuestros pronunciamientos y se refieren a nosotros, como \u201cel colectivo republicano\u201d<\/p>\n<p class=\"western\" lang=\"es-ES\" style=\"margin-top: 0.2cm; margin-bottom: 0cm; line-height: 150%;\" align=\"JUSTIFY\">.-Una p\u00e1gina Web y un bolet\u00edn (dos veces al a\u00f1o)<\/p>\n<p class=\"western\" lang=\"es-ES\" style=\"margin-top: 0.2cm; margin-bottom: 0cm; line-height: 150%;\" align=\"JUSTIFY\">.-Presencia colectiva y patente en cualquier acto reivindicativo, manifestaci\u00f3n, concentraci\u00f3n, en que se toma posici\u00f3n para hacer escuchar nuestra voz.<\/p>\n<p class=\"western\" lang=\"es-ES\" style=\"margin-top: 0.2cm; margin-bottom: 0cm; line-height: 150%;\" align=\"JUSTIFY\">.-Reuniones con cargos pol\u00edticos en el poder en la provincia para exponerles nuestra opini\u00f3n razonada sobre aspectos puntuales de actualidad provincial<\/p>\n<p class=\"western\" lang=\"es-ES\" style=\"margin-top: 0.2cm; margin-bottom: 0cm; line-height: 150%;\" align=\"JUSTIFY\">.-Creaci\u00f3n de \u201csat\u00e9lites\u201d. Es decir, promoci\u00f3n de otros movimientos, que, creados por nosotros en colaboraci\u00f3n con otros movimientos, funcionen aut\u00f3nomamente, como peque\u00f1as \u201crepublicas-hijas\u201d, bien con car\u00e1cter estable: p.e.: Plataforma informativa para la defensa de los servicios p\u00fablicos, bien circunstanciales y temporales: comisi\u00f3n unitaria de informaci\u00f3n contra la reforma laboral. En curso: promover otras Asociaciones similares en el \u00e1mbito rural.<\/p>\n<p class=\"western\" lang=\"es-ES\" style=\"margin-top: 0.2cm; margin-bottom: 0cm; line-height: 150%;\" align=\"JUSTIFY\">.- Un estudio-investigaci\u00f3n sobre la memoria hist\u00f3rica en Cuenca.<\/p>\n<p class=\"western\" lang=\"es-ES\" style=\"margin-top: 0.2cm; margin-bottom: 0cm; line-height: 150%;\" align=\"JUSTIFY\">.-Actos festivos de fraternidad republicana: Cena de Navidad, Fiesta rockera 14 abril, Excursi\u00f3n con motivo del D\u00eda del Guerrillero,\u2026<\/p>\n<p class=\"western\" lang=\"es-ES\" style=\"margin-top: 0.2cm; margin-bottom: 0cm; line-height: 150%;\" align=\"JUSTIFY\">\n","protected":false},"excerpt":{"rendered":"<p>Proposito fundacional: La Asociaci\u00f3n se crea en 2006 y tiene su origen en una iniciativa espont\u00e1nea de un reducido grupo<\/p>\n","protected":false},"author":9,"featured_media":0,"comment_status":"open","ping_status":"open","sticky":false,"template":"","format":"standard","meta":{"footnotes":""},"categories":[880,1173,13],"tags":[],"class_list":["post-1918","post","type-post","status-publish","format-standard","hentry","category-actividades","category-experiencias-politicas-por-una-nueva-cultura-2012","category-la-izquierda-a-debate"],"aioseo_notices":[],"_links":{"self":[{"href":"https:\/\/espai-marx.net\/index.php?rest_route=\/wp\/v2\/posts\/1918","targetHints":{"allow":["GET"]}}],"collection":[{"href":"https:\/\/espai-marx.net\/index.php?rest_route=\/wp\/v2\/posts"}],"about":[{"href":"https:\/\/espai-marx.net\/index.php?rest_route=\/wp\/v2\/types\/post"}],"author":[{"embeddable":true,"href":"https:\/\/espai-marx.net\/index.php?rest_route=\/wp\/v2\/users\/9"}],"replies":[{"embeddable":true,"href":"https:\/\/espai-marx.net\/index.php?rest_route=%2Fwp%2Fv2%2Fcomments&post=1918"}],"version-history":[{"count":0,"href":"https:\/\/espai-marx.net\/index.php?rest_route=\/wp\/v2\/posts\/1918\/revisions"}],"wp:attachment":[{"href":"https:\/\/espai-marx.net\/index.php?rest_route=%2Fwp%2Fv2%2Fmedia&parent=1918"}],"wp:term":[{"taxonomy":"category","embeddable":true,"href":"https:\/\/espai-marx.net\/index.php?rest_route=%2Fwp%2Fv2%2Fcategories&post=1918"},{"taxonomy":"post_tag","embeddable":true,"href":"https:\/\/espai-marx.net\/index.php?rest_route=%2Fwp%2Fv2%2Ftags&post=1918"}],"curies":[{"name":"wp","href":"https:\/\/api.w.org\/{rel}","templated":true}]}}