{"id":19189,"date":"2026-01-28T10:20:14","date_gmt":"2026-01-28T09:20:14","guid":{"rendered":"https:\/\/espai-marx.net\/?p=19189"},"modified":"2026-01-28T10:20:14","modified_gmt":"2026-01-28T09:20:14","slug":"presentacio-del-llibre-lenin-i-gramsci-democracia-obrera-i-hegemonia","status":"publish","type":"post","link":"https:\/\/espai-marx.net\/?p=19189","title":{"rendered":"Presentaci\u00f3 del llibre LENIN I GRAMSCI: Democr\u00e0cia obrera i hegemonia"},"content":{"rendered":"<p data-removefontsize=\"true\" data-originalcomputedfontsize=\"14\">La crisi pol\u00edtica, el descr\u00e8dit institucional i la lluita per l\u2019hegemonia tornen a situar al centre del debat dues figures clau del pensament revolucionari del segle XX. <em data-removefontsize=\"true\" data-originalcomputedfontsize=\"14\">Lenin<\/em> i <em data-removefontsize=\"true\" data-originalcomputedfontsize=\"14\">Gramsci<\/em> ens ofereixen, encara avui, eines per pensar les formes d\u2019organitzaci\u00f3 popular, la construcci\u00f3 de poder des de baix i els reptes d\u2019una democr\u00e0cia realment obrera.<\/p>\n<p data-removefontsize=\"true\" data-originalcomputedfontsize=\"14\">Aquest llibre recull mirades contempor\u00e0nies que dialoguen amb el seu llegat, amb voluntat d\u2019entendre el present i imaginar horitzons transformadors. Una oportunitat per reflexionar col\u00b7lectivament sobre estrat\u00e8gia, cultura pol\u00edtica i les condicions de possibilitat per a una societat m\u00e9s justa.<\/p>\n<p data-removefontsize=\"true\" data-originalcomputedfontsize=\"14\">&#x1f4c5; <strong data-removefontsize=\"true\" data-originalcomputedfontsize=\"14\">Divendres, 30 de gener<\/strong><br \/>\n&#x1f555; <strong data-removefontsize=\"true\" data-originalcomputedfontsize=\"14\">18:30 h<\/strong><br \/>\n&#x1f4cd; <strong data-removefontsize=\"true\" data-originalcomputedfontsize=\"14\">Casal Tres Voltes Rebel (<a href=\"https:\/\/www.google.com\/maps\/search\/Nou+Barris)+Passeig+d%E2%80%99Urrutia+125,+Barcelona?entry=gmail&amp;source=g\" data-saferedirecturl=\"https:\/\/www.google.com\/url?q=https:\/\/www.google.com\/maps\/search\/Nou%2BBarris)%2BPasseig%2Bd%25E2%2580%2599Urrutia%2B125,%2BBarcelona?entry%3Dgmail%26source%3Dg&amp;source=gmail&amp;ust=1769678110129000&amp;usg=AOvVaw3y_VOlFKcCmRElUDPG3an4\" data-removefontsize=\"true\" data-originalcomputedfontsize=\"14\">Nou Barris)<\/a><\/strong><br \/>\n<a href=\"https:\/\/www.google.com\/maps\/search\/Nou+Barris)+Passeig+d%E2%80%99Urrutia+125,+Barcelona?entry=gmail&amp;source=g\" data-saferedirecturl=\"https:\/\/www.google.com\/url?q=https:\/\/www.google.com\/maps\/search\/Nou%2BBarris)%2BPasseig%2Bd%25E2%2580%2599Urrutia%2B125,%2BBarcelona?entry%3Dgmail%26source%3Dg&amp;source=gmail&amp;ust=1769678110129000&amp;usg=AOvVaw3y_VOlFKcCmRElUDPG3an4\" data-removefontsize=\"true\" data-originalcomputedfontsize=\"14\">Passeig d\u2019Urrutia 125, Barcelona<\/a><\/p>\n<p data-removefontsize=\"true\" data-originalcomputedfontsize=\"14\"><strong data-removefontsize=\"true\" data-originalcomputedfontsize=\"14\">Presenta:<\/strong> Melani Barbero<br \/>\n<strong data-removefontsize=\"true\" data-originalcomputedfontsize=\"14\">Intervenen:<\/strong> V\u00edctor R\u00edos i Alejandro Fortuna<\/p>\n<p data-removefontsize=\"true\" data-originalcomputedfontsize=\"14\">Un espai obert, cr\u00edtic i necessari per debatre sobre poder popular i emancipaci\u00f3.<br \/>\n<strong data-removefontsize=\"true\" data-originalcomputedfontsize=\"14\">Vine, participa i pensa el m\u00f3n amb nosaltres, agrair\u00edem que feu difusi\u00f3 als vostres espais.<\/strong><\/p>\n","protected":false},"excerpt":{"rendered":"<p>La crisi pol\u00edtica, el descr\u00e8dit institucional i la lluita per l\u2019hegemonia tornen a situar al centre del debat dues figures<\/p>\n","protected":false},"author":3,"featured_media":19190,"comment_status":"open","ping_status":"open","sticky":false,"template":"","format":"standard","meta":{"footnotes":""},"categories":[2293],"tags":[1703],"class_list":["post-19189","post","type-post","status-publish","format-standard","has-post-thumbnail","hentry","category-convocatorias","tag-libros"],"aioseo_notices":[],"_links":{"self":[{"href":"https:\/\/espai-marx.net\/index.php?rest_route=\/wp\/v2\/posts\/19189","targetHints":{"allow":["GET"]}}],"collection":[{"href":"https:\/\/espai-marx.net\/index.php?rest_route=\/wp\/v2\/posts"}],"about":[{"href":"https:\/\/espai-marx.net\/index.php?rest_route=\/wp\/v2\/types\/post"}],"author":[{"embeddable":true,"href":"https:\/\/espai-marx.net\/index.php?rest_route=\/wp\/v2\/users\/3"}],"replies":[{"embeddable":true,"href":"https:\/\/espai-marx.net\/index.php?rest_route=%2Fwp%2Fv2%2Fcomments&post=19189"}],"version-history":[{"count":1,"href":"https:\/\/espai-marx.net\/index.php?rest_route=\/wp\/v2\/posts\/19189\/revisions"}],"predecessor-version":[{"id":19191,"href":"https:\/\/espai-marx.net\/index.php?rest_route=\/wp\/v2\/posts\/19189\/revisions\/19191"}],"wp:featuredmedia":[{"embeddable":true,"href":"https:\/\/espai-marx.net\/index.php?rest_route=\/wp\/v2\/media\/19190"}],"wp:attachment":[{"href":"https:\/\/espai-marx.net\/index.php?rest_route=%2Fwp%2Fv2%2Fmedia&parent=19189"}],"wp:term":[{"taxonomy":"category","embeddable":true,"href":"https:\/\/espai-marx.net\/index.php?rest_route=%2Fwp%2Fv2%2Fcategories&post=19189"},{"taxonomy":"post_tag","embeddable":true,"href":"https:\/\/espai-marx.net\/index.php?rest_route=%2Fwp%2Fv2%2Ftags&post=19189"}],"curies":[{"name":"wp","href":"https:\/\/api.w.org\/{rel}","templated":true}]}}