{"id":1925,"date":"2012-06-20T00:00:00","date_gmt":"2012-06-20T00:00:00","guid":{"rendered":"https:\/\/espai-marx.net\/?p=1925"},"modified":"2020-02-20T18:20:35","modified_gmt":"2020-02-20T17:20:35","slug":"jean-ziegler-espana-no-debe-pagar-la-deuda","status":"publish","type":"post","link":"https:\/\/espai-marx.net\/?p=1925","title":{"rendered":"Jean Ziegler: Espa\u00f1a no debe pagar la deuda"},"content":{"rendered":"<p style=\"margin-top: 0.2cm; margin-bottom: 0cm; line-height: 150%; widows: 2; orphans: 2;\" align=\"JUSTIFY\">\u201cVivimos en un orden mundial criminal y can\u00edbal, donde las peque\u00f1as oligarqu\u00edas del capital financiero deciden de forma legal qui\u00e9n va a morir de hambre y qui\u00e9n no. Por tanto, estos <b>especuladores financierosdeben ser juzgados y condenados<\/b>, reeditando una especie de Tribunal de N\u00faremberg\u201d. Con esta aplastante contundencia despacha <b>Jean Ziegler<\/b>, vicepresidente del Consejo consultivo de Derechos Humanos de la ONU, su particular an\u00e1lisis del actual momento hist\u00f3rico.<\/p>\n<p style=\"margin-top: 0.2cm; margin-bottom: 0cm; font-style: normal; font-weight: normal; line-height: 150%; widows: 2; orphans: 2;\" align=\"JUSTIFY\">La dilatada trayectoria diplom\u00e1tica de este profesor em\u00e9rito en la Universidad de Ginebra y comprometido analista internacional, que fue relator especial de la ONU para el Derecho a la Alimentaci\u00f3n durante ocho a\u00f1os, impide que le tiemble la voz a la hora de se\u00f1alar con el dedo inquisidor a los \u2018culpables\u2019 de la crisis sist\u00e9mica. \u201cNo puede ser que en un planeta con los recursos agroalimentarios suficientes para alimentar al doble de la poblaci\u00f3n mundial actual, haya casi una quinta parte de sus habitantes sufriendo infraalimentaci\u00f3n\u201d. En su \u00faltimo libro <i>Destrucci\u00f3n Masiva. Geopol\u00edtica del hambre <\/i>(Pen\u00ednsula), que Ziegler present\u00f3 ayer en Madrid, pone sobre la mesa una serie de cuestiones molestas de las que otros diplom\u00e1ticos ni siquiera se atreven a hablar en los pasillos de la ONU. Unas cr\u00edticas irreverentes que ya ventil\u00f3 en otros trabajos como <i>El hambre en el mundo<\/i>, <i>Los nuevos amos del mundo y aquellos que se le resisten<\/i>, <i>El imperio de la verg\u00fcenza <\/i>o <i>El odio a Occidente<\/i>. \u201c<b>Hay que multiplicar r\u00e1pidamente las fisuras en el muro capitalista para derrumbarlo y crear un nuevo orden mundial m\u00e1s justo\u201d.<\/b><\/p>\n<p style=\"margin-top: 0.2cm; margin-bottom: 0cm; font-style: normal; font-weight: normal; line-height: 150%; widows: 2; orphans: 2;\" align=\"JUSTIFY\">Su receta para revertir esta situaci\u00f3n es, si cabe, tan radical o m\u00e1s que su tesis sobre la generaci\u00f3n de las desigualdades:\u201c<b>Ocupar masivamente los bancos, nacionalizarlos y confiscar las arrogantes riquezas robadas por los especuladores financieros\u201d<\/b>. Una extremista postura que lo lleva incluso a criticar la incapacidad de movimientos de la sociedad civil como el 15M en Espa\u00f1a u Occupy Wall Street en Estados Unidos. \u201cReconozco que son s\u00edmbolos importantes y que han logrado la simpat\u00eda de la sociedad, pero todav\u00eda son insuficientes para quebrar la actual relaci\u00f3n de fuerzas si no desembocan en una huelga general. <b>Hay que darse cuenta de que en el orden mundial reina una violencia estructural que se debe combatir con una contraviolencia basada en la resistencia pac\u00edfica\u201d.<\/b><\/p>\n<p style=\"margin-top: 0.2cm; margin-bottom: 0cm; font-style: normal; font-weight: normal; line-height: 150%; widows: 2; orphans: 2;\" align=\"JUSTIFY\">La <b>migraci\u00f3n de los grandes fondos especulativos a los mercados de materias primas<\/b>, principalmente de la agroalimentaci\u00f3n, la cual creci\u00f3 exponencialmente en el trienio 2005-2008 como explica Ziegler en su \u00faltimo libro, \u201ces el origen de esta crisis genocida porque han disparado el precio de los alimentos b\u00e1sicos\u201d. A pesar de la \u2018destrucci\u00f3n masiva\u2019 conceptualizada por Ziegler, el diplom\u00e1tico exhibe su caracter\u00edstico optimismo de luchador a contracorriente y asegura que esta situaci\u00f3n crear\u00e1 la conciencia social necesaria para \u201cmultiplicar r\u00e1pidamente las fisuras en el muro capitalista, que acabar\u00e1n derrumb\u00e1ndolo y creando un nuevo orden mundial\u201d.<\/p>\n<p style=\"margin-top: 0.2cm; margin-bottom: 0cm; font-style: normal; line-height: 150%; widows: 2; orphans: 2;\" align=\"JUSTIFY\"><b>La insurrecci\u00f3n ser\u00e1 por el hambre o no ser\u00e1<\/b><\/p>\n<p style=\"margin-top: 0.2cm; margin-bottom: 0cm; font-style: normal; font-weight: normal; line-height: 150%; widows: 2; orphans: 2;\" align=\"JUSTIFY\">El primer paso, explica, es darse cuenta de que \u201clos criminales financieros son el enemigo com\u00fan de los europeos, de los africanos y del resto de la poblaci\u00f3n que sufre de hambre y desempleo en el mundo. <b>Unos oligarcas que monopolizan los beneficios y privatizan los servicios y recursos\u201d. <\/b>Para Ziegler, esta toma de conciencia ser\u00e1 <b>el advenimiento de una nueva forma de solidaridad internacional <\/b>entre todos los pueblos, que posteriormente se transformar\u00e1 en un \u201cfrente de resistencia intercontinental\u201d. <b>La lucha de clases es absolutamente inevitable porque no se puede mantener el sufrimiento de forma permanente.<\/b><\/p>\n<p style=\"margin-top: 0.2cm; margin-bottom: 0cm; font-style: normal; font-weight: normal; line-height: 150%; widows: 2; orphans: 2;\" align=\"JUSTIFY\">Un convencimiento \u201ctotal\u201d, pero que se transforma en duda cuando se le pregunta por los riesgos y los pilares sobre los que se fundar\u00e1 este alzamiento popular. \u201c<b>Es un misterio, no puedo hablar de la revoluci\u00f3n porque se trata de la libertad liberada en las personas y los procesos revolucionarios son imposibles de prevenir porque tienen sus propias leyes y no son conocidas\u201d.<\/b><\/p>\n<p style=\"margin-top: 0.2cm; margin-bottom: 0cm; font-style: normal; font-weight: normal; line-height: 150%; widows: 2; orphans: 2;\" align=\"JUSTIFY\">Lo que s\u00ed tiene claro Ziegler es que la insurrecci\u00f3n, como ha ocurrido en la mayor\u00eda de estos procesos a lo largo de la historia, se producir\u00e1 por el hambre. \u201c<b>La hambruna ya es una realidad en las <\/b><i><b>banlieues <\/b><\/i><b>parisinas y el pueblo espa\u00f1ol tambi\u00e9n est\u00e1 sufriendo la pobreza<\/b>, como el resto de Europa\u201d. En este contexto, indica, la lucha de clases es \u201cabsolutamente inevitable porque las oligarqu\u00edas capitalistas no ser\u00e1n capaces de reeditar el genocidio americano de los indios, ya que es imposible matar a todo un pa\u00eds como Espa\u00f1a y hacerle aceptar permanentemente las cadenas\u201d.<\/p>\n<p style=\"margin-top: 0.2cm; margin-bottom: 0cm; line-height: 150%; widows: 2; orphans: 2;\" align=\"JUSTIFY\">\u201c<b>Espa\u00f1a no deber\u00eda pagar su deuda porque es delictiva e ileg\u00edtima\u201d<\/b><\/p>\n<p style=\"margin-top: 0.2cm; margin-bottom: 0cm; font-style: normal; font-weight: normal; line-height: 150%; widows: 2; orphans: 2;\" align=\"JUSTIFY\">Las \u201ccadenas\u201d a las que ret\u00f3ricamente se refiere este diplom\u00e1tico de la ONU estar\u00edan impuestas por las pol\u00edticas econ\u00f3micas de la <b>austeridad<\/b>, que califica como \u201cabsurdas y destructoras\u201d. Los te\u00f3ricos del neoliberalismo, a\u00f1ade, \u201cnos han hecho creer que hoy en d\u00eda la austeridad es la \u00fanica pol\u00edtica posible, pero s\u00f3lo se aplica a la clase trabajadora y nunca a los banqueros. <b>Estas pol\u00edticas tienen un l\u00edmite objetivo y no van a resolver los problemas\u201d<\/b>&#8230;..<\/p>\n<p style=\"margin-top: 0.2cm; margin-bottom: 0cm; font-style: normal; font-weight: normal; line-height: 150%; widows: 2; orphans: 2;\" align=\"JUSTIFY\">\u201c<b>Los dirigentes espa\u00f1oles deben hacer lo mismo que ha hecho Rafael Correa en Ecuador, es decir, negarse a pagar la deuda, cuya amortizaci\u00f3n ya es alt\u00edsima, porque es odiosa e ileg\u00edtima. Esto es, se ha creado, en gran parte, por la delincuencia financiera y la corrupci\u00f3n pol\u00edtica, sin materializarse en inversiones reales\u201d.<\/b><\/p>\n<p style=\"margin-top: 0.2cm; margin-bottom: 0cm; font-style: normal; font-weight: normal; line-height: 150%; widows: 2; orphans: 2;\" align=\"JUSTIFY\">Una perspectiva que lo lleva incluso a cometer el atrevimiento de recomendar a los espa\u00f1oles que objeten en la declaraci\u00f3n de la renta al porcentaje del gasto dedicado a la deuda p\u00fablica. Una campa\u00f1a lanzada desde el 15M que califica de \u201cnecesaria, inteligente y eficaz\u201d. Todos estos elementos en su conjunto, unidos a la inflaci\u00f3n, podr\u00e1n acabar con las \u201cdeudas injustas\u201d&#8230;&#8230;&#8230;&#8230;..<\/p>\n<p style=\"margin-top: 0.2cm; margin-bottom: 0cm; line-height: 150%; widows: 2; orphans: 2;\" align=\"JUSTIFY\"><i>(Publicado en El Confidencial)<\/i><\/p>\n","protected":false},"excerpt":{"rendered":"<p>\u00a0<\/p>\n<p style='margin-top: 0.2cm; margin-bottom: 0cm; font-style: normal; line-height: 150%; widows: 2; orphans: 2;' align='JUSTIFY'>El vicepresidente de la Comisi\u00f3n de DDHH de la ONU propone &#8216;ocupar y nacionalizar la banca&#8217;<\/p>\n","protected":false},"author":9,"featured_media":1926,"comment_status":"open","ping_status":"open","sticky":false,"template":"","format":"standard","meta":{"footnotes":""},"categories":[13],"tags":[1172],"class_list":["post-1925","post","type-post","status-publish","format-standard","has-post-thumbnail","hentry","category-la-izquierda-a-debate","tag-jean-ziegler"],"aioseo_notices":[],"_links":{"self":[{"href":"https:\/\/espai-marx.net\/index.php?rest_route=\/wp\/v2\/posts\/1925","targetHints":{"allow":["GET"]}}],"collection":[{"href":"https:\/\/espai-marx.net\/index.php?rest_route=\/wp\/v2\/posts"}],"about":[{"href":"https:\/\/espai-marx.net\/index.php?rest_route=\/wp\/v2\/types\/post"}],"author":[{"embeddable":true,"href":"https:\/\/espai-marx.net\/index.php?rest_route=\/wp\/v2\/users\/9"}],"replies":[{"embeddable":true,"href":"https:\/\/espai-marx.net\/index.php?rest_route=%2Fwp%2Fv2%2Fcomments&post=1925"}],"version-history":[{"count":0,"href":"https:\/\/espai-marx.net\/index.php?rest_route=\/wp\/v2\/posts\/1925\/revisions"}],"wp:featuredmedia":[{"embeddable":true,"href":"https:\/\/espai-marx.net\/index.php?rest_route=\/wp\/v2\/media\/1926"}],"wp:attachment":[{"href":"https:\/\/espai-marx.net\/index.php?rest_route=%2Fwp%2Fv2%2Fmedia&parent=1925"}],"wp:term":[{"taxonomy":"category","embeddable":true,"href":"https:\/\/espai-marx.net\/index.php?rest_route=%2Fwp%2Fv2%2Fcategories&post=1925"},{"taxonomy":"post_tag","embeddable":true,"href":"https:\/\/espai-marx.net\/index.php?rest_route=%2Fwp%2Fv2%2Ftags&post=1925"}],"curies":[{"name":"wp","href":"https:\/\/api.w.org\/{rel}","templated":true}]}}