{"id":1934,"date":"2012-06-24T00:00:00","date_gmt":"2012-06-23T23:00:00","guid":{"rendered":"https:\/\/espai-marx.net\/?p=1934"},"modified":"2020-02-21T07:29:13","modified_gmt":"2020-02-21T06:29:13","slug":"notas-de-lectura-sobre-la-rebellion-francaise-mouvements-populaires-et-conscience-sociale-1661-1789","status":"publish","type":"post","link":"https:\/\/espai-marx.net\/?p=1934","title":{"rendered":"Notas de lectura sobre La r\u00e9bellion fran\u00e7aise. Mouvements populaires et conscience sociale.1661-1789 (*)"},"content":{"rendered":"<p class=\"western\" lang=\"es-ES\" style=\"margin-top: 0.21cm; margin-bottom: 0cm; line-height: 150%;\" align=\"RIGHT\"><i>\u00abTodas las cosas son engendradas por la discordia\u00bb<\/i><\/p>\n<p class=\"western\" lang=\"es-ES\" style=\"margin-top: 0.21cm; margin-bottom: 0cm; line-height: 150%;\" align=\"RIGHT\"><i>Her\u00e1clito, Fragmentos<\/i><\/p>\n<p class=\"western\" lang=\"es-ES\" style=\"margin-top: 0.21cm; margin-bottom: 0cm; line-height: 150%;\" align=\"JUSTIFY\">\n<p class=\"western\" lang=\"ca-ES\" style=\"margin-top: 0.21cm; margin-bottom: 0cm; line-height: 150%;\" align=\"JUSTIFY\">La frase de Her\u00e1clito puesta por Jean NICOLAS como exergo de su obra adquiere todo su significado en el transcurso del viaje inici\u00e1tico que supone la lectura de las 847 p\u00e1ginas de texto <u><a href=\".\/\/C:\/Users\/Usuari\/Desktop\/blog%20La%20Carmagnole\/Notas%20de%20lectura%20NICOLAS%20210711.docx#_ftn1\">[1]<\/a><\/u> de esta suma de los movimientos populares en el <i>Ancien r\u00e9gime<\/i> franc\u00e9s ente 1661 y 1789. El lector se encuentra ante un ingente trabajo de recuperaci\u00f3n y de rescate de experiencias de vida de aquellos que no escriben memorias ni documentos realizado por un historiador de oficio al que le gusta definirse como autor-ciudadano. Lo que ya en s\u00ed es todo un programa intelectual y moral.<\/p>\n<p class=\"western\" lang=\"ca-ES\" style=\"margin-top: 0.21cm; margin-bottom: 0cm; line-height: 150%;\" align=\"JUSTIFY\">La <i>r\u00e9bellion fran\u00e7aise<\/i> es el resultado de una ampl\u00edsima encuesta que ha durado 20 veinte a\u00f1os. El arco cronol\u00f3gico escogido para esta encuesta abarca desde la post-Fronda hasta el mes de abril de 1789. Jean NICOLAS considera que tras esa fecha empieza propiamente la Revoluci\u00f3n Francesa y el incremento de la movilizaci\u00f3n popular durante la revoluci\u00f3n ha producido un cambio de calidad, una ruptura en las formas de conciencia, por eso cierra su arco cronol\u00f3gico en este per\u00edodo. El territorio elegido para la encuesta es el todo el hex\u00e1gono franc\u00e9s.<\/p>\n<p class=\"western\" lang=\"ca-ES\" style=\"margin-top: 0.21cm; margin-bottom: 0cm; line-height: 150%;\" align=\"JUSTIFY\">La encuesta de NICOLAS se inscribe en la perspectiva de la <i>longue dur\u00e9e<\/i>: 128 a\u00f1os de rebeliones populares contra (entre otras muchas cosas):<\/p>\n<p class=\"western\" lang=\"ca-ES\" style=\"margin-top: 0.21cm; margin-bottom: 0cm; line-height: 150%;\" align=\"JUSTIFY\">&#8211; la se\u00f1or\u00eda feudal (tanto la tradicional como la que era producto de la reacci\u00f3n feudal): defensa de los bienes comunales, contra las rentas feudales y las banalidades, por el derecho a la caza y la pesca, contra los signos del orgullo del se\u00f1or y de la humillaci\u00f3n de las <i>gens de rien<\/i>&#8230;<\/p>\n<p class=\"western\" lang=\"ca-ES\" style=\"margin-top: 0.21cm; margin-bottom: 0cm; line-height: 150%;\" align=\"JUSTIFY\">&#8211; la fiscalidad injusta (producto de la exenci\u00f3n de los privilegiados, y de la carga del mantenimiento del estado a los despose\u00eddos en base a los impuestos indirectos): el contrabando, las luchas contra la <i>taille<\/i>, contra las <i>aides<\/i>\u2026<\/p>\n<p class=\"western\" lang=\"ca-ES\" style=\"margin-top: 0.21cm; margin-bottom: 0cm; line-height: 150%;\" align=\"JUSTIFY\">&#8211; la usurpaci\u00f3n de la tierra, (de los bienes comunales, por ejemplo).<\/p>\n<p class=\"western\" lang=\"ca-ES\" style=\"margin-top: 0.21cm; margin-bottom: 0cm; line-height: 150%;\" align=\"JUSTIFY\">&#8211; por el derecho a la existencia (motines contra la carest\u00eda, por la tasaci\u00f3n de los cereales)<\/p>\n<p class=\"western\" lang=\"ca-ES\" style=\"margin-top: 0.21cm; margin-bottom: 0cm; line-height: 150%;\" align=\"JUSTIFY\">&#8211; los conflictos del mundo del trabajo (negados por la historiograf\u00eda de tradici\u00f3n kautskyana): las bacanales (huelgas) de los jornaleros en tiempo de cosecha o de los <i>compagnons<\/i> contra los <i>ma\u00eetres<\/i> en la ciudad, las reyertas entre <i>gavots<\/i> y <i>d\u00e9vorants<\/i>\u2026<\/p>\n<p class=\"western\" lang=\"ca-ES\" style=\"margin-top: 0.21cm; margin-bottom: 0cm; line-height: 150%;\" align=\"JUSTIFY\">&#8211; el poder absolutista: los raptos de ni\u00f1os, los abusos de la polic\u00eda, los enrolamientos forzados para las guerras, o para la marina y ultramar, las deserciones, los amotinamientos de soldados\u2026<\/p>\n<p class=\"western\" lang=\"ca-ES\" style=\"margin-top: 0.21cm; margin-bottom: 0cm; line-height: 150%;\" align=\"JUSTIFY\">&#8211; la intolerancia y la represi\u00f3n en el espacio de lo sagrado: la resistencia popular contra la iglesia jer\u00e1rquica, las luchas por la tolerancia religiosa, la revuelta <i>camisarde<\/i>, las revueltas <i>jansenistas<\/i>\u2026<\/p>\n<p class=\"western\" lang=\"ca-ES\" style=\"margin-top: 0.21cm; margin-bottom: 0cm; line-height: 150%;\" align=\"JUSTIFY\">El largo plazo elegido por NICOLAS en su encuesta no contradice, a mi modo de ver, la importancia de la <i>courte dur\u00e9e<\/i>, de la coyuntura revolucionaria 1789-1799 que rompi\u00f3 el <i>Ancien R\u00e9gime<\/i> que abri\u00f3 en pocos y ardientes a\u00f1os el paso hacia un nuevo mundo. Lo que hace, en definitiva es colocarla en un marco m\u00e1s amplio y proporcionar elementos \u00fatiles para esclarecer el misterio de la revoluci\u00f3n, o lo que es lo mismo: por qu\u00e9 motivos los de abajo ya no pod\u00edan sobrevivir constre\u00f1idos en las viejas formas y los de arriba ya no pod\u00edan mantener su poder (o hegemon\u00eda: consenso m\u00e1s coerci\u00f3n) en la forma en que lo hab\u00edan hecho durante siglos. La tormenta perfecta no se form\u00f3 en cuatro d\u00edas. Para esclarecer sus motivos necesitamos una mirada de largo alcance: la <i>longue dur\u00e9e<\/i> (la <i>r\u00e9bellion fran\u00e7aise<\/i>) nos explica m\u00e1s y mejor la <i>curte dur\u00e9e<\/i> (la <i>r\u00e9volution fran\u00e7aise<\/i>). Este es el enfoque de esta suma que convoca a los irreductibles de una la larga, difusa, capilar, molecular rebeli\u00f3n que afecta a millares y millares de gentes a trav\u00e9s de los tiempos, a formar un cuadro de conjunto.<\/p>\n<p class=\"western\" lang=\"ca-ES\" style=\"margin-top: 0.21cm; margin-bottom: 0cm; line-height: 150%;\" align=\"JUSTIFY\"><a name=\"_ftnref2\"><\/a> El fen\u00f3meno que marcar\u00e1 estos 128 a\u00f1os ser\u00e1, para NICOLAS, la permanencia del rechazo. Una permanencia que, de todos modos, hay que colocar en su dimensi\u00f3n real: \u201cCiertamente, los humildes no viv\u00edan continuamente en el antagonismo. Una radiograf\u00eda de la opini\u00f3n popular debe incluir tambi\u00e9n la otra cara, la del escepticismo, la del conformismo y la aceptaci\u00f3n m\u00e1s o menos resignada del compromiso vivido d\u00eda a d\u00eda con el sistema dominante todos sus aparatos jurisdiccional o policial de los que se esperaba que garantizasen en el presente la seguridad y la tranquilidad, asegurando a cada uno sus posibilidades de supervivencia. Lo que resta es que el dinamismo de una sociedad se puede descubrir mejor en el aspecto del cuestionamiento, ya que los choques, incluso cuando se dan en un trasfondo ambiguo en incluso paseista, comportan el riesgo de provocar inicios de cambio\u201d<u><a href=\".\/\/C:\/Users\/Usuari\/Desktop\/blog%20La%20Carmagnole\/Notas%20de%20lectura%20NICOLAS%20210711.docx#_ftn2\">[2]<\/a><\/u>. Que es otra forma de decir: no lo saben pero lo hacen.<\/p>\n<p class=\"western\" lang=\"ca-ES\" style=\"margin-top: 0.21cm; margin-bottom: 0cm; line-height: 150%;\" align=\"JUSTIFY\"><a name=\"_ftnref3\"><\/a> Las cifras del libro son grandes, muy grandes: 8.528 rebeliones de diversos tipos rescatadas del olvido por el propio NICOLAS y por sus 59 colaboradores, que han examinado archivos a lo largo y ancho del territorio franc\u00e9s. Su amplia encuesta supera la metodolog\u00eda de los \u201cestudios de caso\u201d de los 70 del siglo pasado, a la que impl\u00edcitamente acusa de producir generalizaciones precipitadas o reductivas: \u201cNo es una bulimia de erudici\u00f3n lo que nos hecho ir m\u00e1s all\u00e1, si no m\u00e1s bien la convicci\u00f3n de que, para verificar la validez de los modelos, es preciso trabajar sobre un tejido sin desgarros, lo m\u00e1s amplio posible, inscribiendo los acontecimientos en una serie prolongada, con el fin de desbaratar las infinitas trampas que se ocultan tras las ocurrencias y tras la variedad de las situaciones locales. Es cierto que el n\u00famero, de forma pasajera, no est\u00e1 de moda. Las cifras, alineadas en ristra, demostrar\u00edan una opci\u00f3n ligeramente trivial. Recientemente s\u00f3lo se hablaba de modelos o de paradigmas, primas de la verdad cuyas facetas ser\u00edan m\u00e1s reveladoras que las series hab\u00edan sido durante quiz\u00e1s demasiado tiempo la materia de la historia social \u201cdominante\u201d. Significa olvidar que el caso \u00fanico escogido en los m\u00e1rgenes, por rico que sea, en primer lugar existe por su sitio en una secuencia: s\u00f3lo con esta condici\u00f3n su an\u00e1lisis se transforma en significativo y generalizable. Yo hago m\u00eda la idea de Ernest Labrousse para quien \u201ctodo lo importante se repite\u201d. Por a\u00f1adidura, el rastreo sistem\u00e1tico de los archivos revela una cantidad de incidentes que hasta ah\u00ed desapercibidos, uno de cuyos elementos impactar\u00e1 la mirada, mediante la suerte, y producir\u00e1 una nueva interpretaci\u00f3n. \u00danicamente el \u201cba\u00f1o de multitudes\u201d, la inmersi\u00f3n en la masa de los asuntos, puede librar este conocimiento \u00edntimo, esta especie de empat\u00eda inseparable de la lectura del pasado. Quiz\u00e1 resulte sorprendente que un trabajo que se presenta bajo el signo de la estad\u00edstica reivindique la afectividad como m\u00e9todo de investigaci\u00f3n, pero, por mi parte, no he querido sacrificar ni la cantidad ni los valores sensibles que recubre\u201d<u><a href=\".\/\/C:\/Users\/Usuari\/Desktop\/blog%20La%20Carmagnole\/Notas%20de%20lectura%20NICOLAS%20210711.docx#_ftn3\">[3]<\/a><\/u><\/p>\n<p class=\"western\" lang=\"ca-ES\" style=\"margin-top: 0.21cm; margin-bottom: 0cm; line-height: 150%;\" align=\"JUSTIFY\"><a name=\"_ftnref4\"><\/a> NICOLAS clasifica sus 8528 rebeliones, crea tipolog\u00edas, las analiza en sus ritmos ya sean anuales, decenales o estacionales, intenta descubrir continuidades, establece generalizaciones siempre prudentes, relaciona los conflictos con el conjunto de la poblaci\u00f3n, atiende y analiza el lenguaje de aquellos que no saben o no pueden dejar trazos escritos si no es a trav\u00e9s de las actas de los comisarios de polic\u00eda, o la correspondencia de las autoridades dando cuenta de las rebeliones y pidiendo ayuda a sus superiores: \u201cTodo era registrado, todo remontaba hasta la c\u00faspide. El Consejo del rey, los ministros, los intendentes y sus subdelegados, los comandantes de provincia, los tribunales a todos los niveles impon\u00edan \u00f3rdenes sin tregua, sanciones y arbitrajes cuyas trazas han conservado abundantemente los archivos. Unas trazas que hoy forman el mantillo de a inteligencia social del pasado\u00bb<u><a href=\".\/\/C:\/Users\/Usuari\/Desktop\/blog%20La%20Carmagnole\/Notas%20de%20lectura%20NICOLAS%20210711.docx#_ftn4\">[4]<\/a><\/u>.<\/p>\n<p class=\"western\" lang=\"es-ES\" style=\"margin-top: 0.21cm; margin-bottom: 0cm; line-height: 150%;\" align=\"JUSTIFY\">La primera clasificaci\u00f3n en bruto de los conflictos inventariados atendiendo a las caracter\u00edsticas ser\u00eda la siguiente:<\/p>\n<table border=\"0\" width=\"571\" cellspacing=\"0\" cellpadding=\"0\">\n<tbody>\n<tr valign=\"BOTTOM\">\n<td bgcolor=\"#ffffcc\" width=\"314\" height=\"42\">\n<p class=\"western\" lang=\"es-ES\" style=\"margin-top: 0.21cm;\" align=\"JUSTIFY\"><b>Motivos<\/b><\/p>\n<\/td>\n<td bgcolor=\"#ffffcc\" width=\"167\">\n<p class=\"western\" lang=\"es-ES\" style=\"margin-top: 0.21cm;\" align=\"CENTER\"><b>n\u00ba de rebeliones<\/b><\/p>\n<\/td>\n<td bgcolor=\"#ffffcc\" width=\"90\">\n<p class=\"western\" lang=\"es-ES\" style=\"margin-top: 0.21cm;\" align=\"CENTER\"><b>%<\/b><\/p>\n<\/td>\n<\/tr>\n<tr valign=\"BOTTOM\">\n<td bgcolor=\"#ffffcc\" width=\"314\" height=\"21\">\n<p class=\"western\" lang=\"ca-ES\" style=\"margin-top: 0.21cm;\" align=\"JUSTIFY\">1. Rechazo de las iniciativas reformistas del Estado<\/p>\n<\/td>\n<td bgcolor=\"#ffffcc\" width=\"167\">\n<p class=\"western\" lang=\"es-ES\" style=\"margin-top: 0.21cm;\" align=\"CENTER\">53<\/p>\n<\/td>\n<td bgcolor=\"#ffffcc\" width=\"90\">\n<p class=\"western\" lang=\"es-ES\" style=\"margin-top: 0.21cm;\" align=\"CENTER\">0,6<\/p>\n<\/td>\n<\/tr>\n<tr valign=\"BOTTOM\">\n<td bgcolor=\"#ffffcc\" width=\"314\" height=\"29\">\n<p class=\"western\" lang=\"es-ES\" style=\"margin-top: 0.21cm;\" align=\"JUSTIFY\">2. Contra la fiscalidad y la parafiscalidad estatales<\/p>\n<\/td>\n<td bgcolor=\"#ffffcc\" width=\"167\">\n<p class=\"western\" lang=\"es-ES\" style=\"margin-top: 0.21cm;\" align=\"CENTER\">3336<\/p>\n<\/td>\n<td bgcolor=\"#ffffcc\" width=\"90\">\n<p class=\"western\" lang=\"es-ES\" style=\"margin-top: 0.21cm;\" align=\"CENTER\">39,1<\/p>\n<\/td>\n<\/tr>\n<tr valign=\"BOTTOM\">\n<td bgcolor=\"#ffffcc\" width=\"314\" height=\"21\">\n<p class=\"western\" lang=\"es-ES\" style=\"margin-top: 0.21cm;\" align=\"JUSTIFY\">3. Contra el aparato judicial, militar o policial del Estado<\/p>\n<\/td>\n<td bgcolor=\"#ffffcc\" width=\"167\">\n<p class=\"western\" lang=\"es-ES\" style=\"margin-top: 0.21cm;\" align=\"CENTER\">1212<\/p>\n<\/td>\n<td bgcolor=\"#ffffcc\" width=\"90\">\n<p class=\"western\" lang=\"es-ES\" style=\"margin-top: 0.21cm;\" align=\"CENTER\">14,1<\/p>\n<\/td>\n<\/tr>\n<tr valign=\"BOTTOM\">\n<td bgcolor=\"#ffffcc\" width=\"314\" height=\"21\">\n<p class=\"western\" lang=\"es-ES\" style=\"margin-top: 0.21cm;\" align=\"JUSTIFY\">4. Contra la se\u00f1or\u00eda<\/p>\n<\/td>\n<td bgcolor=\"#ffffcc\" width=\"167\">\n<p class=\"western\" lang=\"es-ES\" style=\"margin-top: 0.21cm;\" align=\"CENTER\">439<\/p>\n<\/td>\n<td bgcolor=\"#ffffcc\" width=\"90\">\n<p class=\"western\" lang=\"es-ES\" style=\"margin-top: 0.21cm;\" align=\"CENTER\">5,1<\/p>\n<\/td>\n<\/tr>\n<tr valign=\"BOTTOM\">\n<td bgcolor=\"#ffffcc\" width=\"314\" height=\"26\">\n<p class=\"western\" lang=\"es-ES\" style=\"margin-top: 0.21cm;\" align=\"JUSTIFY\">5. Contra la nobleza y el privilegio nobiliario<\/p>\n<\/td>\n<td bgcolor=\"#ffffcc\" width=\"167\">\n<p class=\"western\" lang=\"es-ES\" style=\"margin-top: 0.21cm;\" align=\"CENTER\">12<\/p>\n<\/td>\n<td bgcolor=\"#ffffcc\" width=\"90\">\n<p class=\"western\" lang=\"es-ES\" style=\"margin-top: 0.21cm;\" align=\"CENTER\">0,1<\/p>\n<\/td>\n<\/tr>\n<tr valign=\"BOTTOM\">\n<td bgcolor=\"#ffffcc\" width=\"314\" height=\"21\">\n<p class=\"western\" lang=\"es-ES\" style=\"margin-top: 0.21cm;\" align=\"JUSTIFY\">6. Contra el clero<\/p>\n<\/td>\n<td bgcolor=\"#ffffcc\" width=\"167\">\n<p class=\"western\" lang=\"es-ES\" style=\"margin-top: 0.21cm;\" align=\"CENTER\">103<\/p>\n<\/td>\n<td bgcolor=\"#ffffcc\" width=\"90\">\n<p class=\"western\" lang=\"es-ES\" style=\"margin-top: 0.21cm;\" align=\"CENTER\">1,2<\/p>\n<\/td>\n<\/tr>\n<tr valign=\"BOTTOM\">\n<td bgcolor=\"#ffffcc\" width=\"314\" height=\"26\">\n<p class=\"western\" lang=\"es-ES\" style=\"margin-top: 0.21cm;\" align=\"JUSTIFY\">7. Cuestionamiento de notables<\/p>\n<\/td>\n<td bgcolor=\"#ffffcc\" width=\"167\">\n<p class=\"western\" lang=\"es-ES\" style=\"margin-top: 0.21cm;\" align=\"CENTER\">160<\/p>\n<\/td>\n<td bgcolor=\"#ffffcc\" width=\"90\">\n<p class=\"western\" lang=\"es-ES\" style=\"margin-top: 0.21cm;\" align=\"CENTER\">1,9<\/p>\n<\/td>\n<\/tr>\n<tr valign=\"BOTTOM\">\n<td bgcolor=\"#ffffcc\" width=\"314\" height=\"27\">\n<p class=\"western\" lang=\"es-ES\" style=\"margin-top: 0.21cm;\" align=\"JUSTIFY\">8. Cuestionamiento de la autoridad municipal<\/p>\n<\/td>\n<td bgcolor=\"#ffffcc\" width=\"167\">\n<p class=\"western\" lang=\"es-ES\" style=\"margin-top: 0.21cm;\" align=\"CENTER\">148<\/p>\n<\/td>\n<td bgcolor=\"#ffffcc\" width=\"90\">\n<p class=\"western\" lang=\"es-ES\" style=\"margin-top: 0.21cm;\" align=\"CENTER\">1,7<\/p>\n<\/td>\n<\/tr>\n<tr valign=\"BOTTOM\">\n<td bgcolor=\"#ffffcc\" width=\"314\" height=\"26\">\n<p class=\"western\" lang=\"es-ES\" style=\"margin-top: 0.21cm;\" align=\"JUSTIFY\">9. Subsistencias<\/p>\n<\/td>\n<td bgcolor=\"#ffffcc\" width=\"167\">\n<p class=\"western\" lang=\"es-ES\" style=\"margin-top: 0.21cm;\" align=\"CENTER\">1497<\/p>\n<\/td>\n<td bgcolor=\"#ffffcc\" width=\"90\">\n<p class=\"western\" lang=\"es-ES\" style=\"margin-top: 0.21cm;\" align=\"CENTER\">17,6<\/p>\n<\/td>\n<\/tr>\n<tr valign=\"BOTTOM\">\n<td bgcolor=\"#ffffcc\" width=\"314\" height=\"21\">\n<p class=\"western\" lang=\"es-ES\" style=\"margin-top: 0.21cm;\" align=\"JUSTIFY\">10. Religi\u00f3n, creencias<\/p>\n<\/td>\n<td bgcolor=\"#ffffcc\" width=\"167\">\n<p class=\"western\" lang=\"es-ES\" style=\"margin-top: 0.21cm;\" align=\"CENTER\">264<\/p>\n<\/td>\n<td bgcolor=\"#ffffcc\" width=\"90\">\n<p class=\"western\" lang=\"es-ES\" style=\"margin-top: 0.21cm;\" align=\"CENTER\">3,1<\/p>\n<\/td>\n<\/tr>\n<tr valign=\"BOTTOM\">\n<td bgcolor=\"#ffffcc\" width=\"314\" height=\"25\">\n<p class=\"western\" lang=\"es-ES\" style=\"margin-top: 0.21cm;\" align=\"JUSTIFY\">11. Conflictos de trabajo<\/p>\n<\/td>\n<td bgcolor=\"#ffffcc\" width=\"167\">\n<p class=\"western\" lang=\"es-ES\" style=\"margin-top: 0.21cm;\" align=\"CENTER\">441<\/p>\n<\/td>\n<td bgcolor=\"#ffffcc\" width=\"90\">\n<p class=\"western\" lang=\"es-ES\" style=\"margin-top: 0.21cm;\" align=\"CENTER\">5,2<\/p>\n<\/td>\n<\/tr>\n<tr valign=\"BOTTOM\">\n<td bgcolor=\"#ffffcc\" width=\"314\" height=\"29\">\n<p class=\"western\" lang=\"es-ES\" style=\"margin-top: 0.21cm;\" align=\"JUSTIFY\">12. Afirmaci\u00f3n de particularismo regionales<\/p>\n<\/td>\n<td bgcolor=\"#ffffcc\" width=\"167\">\n<p class=\"western\" lang=\"es-ES\" style=\"margin-top: 0.21cm;\" align=\"CENTER\">94<\/p>\n<\/td>\n<td bgcolor=\"#ffffcc\" width=\"90\">\n<p class=\"western\" lang=\"es-ES\" style=\"margin-top: 0.21cm;\" align=\"CENTER\">1,1<\/p>\n<\/td>\n<\/tr>\n<tr valign=\"BOTTOM\">\n<td bgcolor=\"#ffffcc\" width=\"314\" height=\"28\">\n<p class=\"western\" lang=\"es-ES\" style=\"margin-top: 0.21cm;\" align=\"JUSTIFY\">13. Diversos<\/p>\n<\/td>\n<td bgcolor=\"#ffffcc\" width=\"167\">\n<p class=\"western\" lang=\"es-ES\" style=\"margin-top: 0.21cm;\" align=\"CENTER\">769<\/p>\n<\/td>\n<td bgcolor=\"#ffffcc\" width=\"90\">\n<p class=\"western\" lang=\"es-ES\" style=\"margin-top: 0.21cm;\" align=\"CENTER\">9,2<\/p>\n<\/td>\n<\/tr>\n<tr valign=\"BOTTOM\">\n<td bgcolor=\"#ffffcc\" width=\"314\" height=\"21\">\n<p class=\"western\" lang=\"es-ES\" style=\"margin-top: 0.21cm;\" align=\"JUSTIFY\">Total<\/p>\n<\/td>\n<td bgcolor=\"#ffffcc\" width=\"167\">\n<p class=\"western\" lang=\"es-ES\" style=\"margin-top: 0.21cm;\" align=\"CENTER\">8. 528<\/p>\n<\/td>\n<td bgcolor=\"#ffffcc\" width=\"90\">\n<p class=\"western\" lang=\"es-ES\" style=\"margin-top: 0.21cm;\" align=\"CENTER\">100<\/p>\n<\/td>\n<\/tr>\n<\/tbody>\n<\/table>\n<p class=\"western\" lang=\"ca-ES\" style=\"margin-top: 0.21cm; margin-bottom: 0cm; line-height: 150%;\" align=\"JUSTIFY\">Numerosos mapas y cuadros estad\u00edsticos nos permiten valorar la incidencia real y la distribuci\u00f3n de estas 8528 rebeliones en el territorio, y correlacionadas con el conjunto de la poblaci\u00f3n. Positivismo dir\u00e1n quiz\u00e1s algunos. No, se trata de construir una imagen de la conciencia social de un pueblo que, como siempre, es un conjunto abigarrado de grupos sociales, de identidades, de mentalidades, de culturas materiales y morales a partir de los datos que yacen, muchas veces sin explorar, en las cajas y dossiers de los archivos. Es natural que de la cantidad de material procesado de su organizaci\u00f3n y clasificaci\u00f3n, de su an\u00e1lisis cr\u00edtico, filol\u00f3gico aparezca una imagen rica y compleja de unas clases subalternas que tratando de sobrevivir, resistiendo como pueden a la opresi\u00f3n, tras lenta (y en ning\u00fan modo finalista) acumulaci\u00f3n de experiencias, de cultura y indignaci\u00f3n un buen d\u00eda tomaron y derribaron las bastillas de la opresi\u00f3n y abrieron una nueva \u00e9poca hist\u00f3rica. Y es que para tener una imagen aproximada de la conciencia social de las clases subalternas del antiguo r\u00e9gimen es preciso un trabajo paciente de recuperaci\u00f3n de miles de piezas que luego formar\u00e1n un puzle en el que, sin duda quedar\u00e1n numerosos agujeros, a pesar de la ingente obra realizada.<\/p>\n<p class=\"western\" lang=\"ca-ES\" style=\"margin-top: 0.21cm; margin-bottom: 0cm; line-height: 150%;\" align=\"JUSTIFY\"><a name=\"_ftnref5\"><\/a> Por decirlo de forma un poco anticuada quiz\u00e1s, s\u00f3lo la cantidad de material procesado permite acercarnos a la calidad del proceso social, a su din\u00e1mica, a sus ritmos, continuidades y rupturas. Como dir\u00e1 NICOLAS: \u201cY si se me pone la objeci\u00f3n de que una recolecci\u00f3n tan obstinada huele a un positivismo considerado superado, responder\u00e9 que simplemente he sido fiel a la definici\u00f3n y a la impostaci\u00f3n de nuestra disciplina. La palabra historia, como se sabe, significaba en primer lugar para Herodoto informaci\u00f3n, exploraci\u00f3n, cuestionamiento, en fin, encuesta. \u00a1Me parece que despu\u00e9s nadie lo ha dicho mejor! Inventariar, conocer, devolver a la memoria viva trazas desaparecidas, el resultado merec\u00eda las penas y trabajos que ha costado a una cincuentena de amigos, investigadores y estudiantes que se han asociado directa o indirectamente a la empresa. A partir de ah\u00ed, el fen\u00f3meno rebelionario puede ser interrogado en todas sus dimensiones relacionales, psico-sociales, quiz\u00e1s infra-pol\u00edticas. Hasta llegar al n\u00facleo duro: \u00bfqu\u00e9 fuerzas, inconscientes o conscientes, empujaban a los actores de este teatro siempre dram\u00e1tico a trascenderse a ellos mismos, a identificarse con una imagen com\u00fan de grupo, es decir a acceder a formas rudimentarias de conciencia social? Y finalmente, \u00bfinfluy\u00f3 este inmenso dispendio de energ\u00edas negativas surgidas de abajo en la visi\u00f3n y en las estructuras estatales y por qu\u00e9 mecanismos de transmisi\u00f3n?\u201d<u><a href=\".\/\/C:\/Users\/Usuari\/Desktop\/blog%20La%20Carmagnole\/Notas%20de%20lectura%20NICOLAS%20210711.docx#_ftn5\">[5]<\/a><\/u><\/p>\n<p class=\"western\" lang=\"ca-ES\" style=\"margin-top: 0.21cm; margin-bottom: 0cm; line-height: 150%;\" align=\"JUSTIFY\">Anotemos el neologismo rebelionario usado por NICOLAS por comparaci\u00f3n o analog\u00eda con revolucionario. El modelo propuesto por el autor pretende explicar el fen\u00f3meno revolucionario por la acumulaci\u00f3n rebelionaria anterior. Con la diferencia de que una rebeli\u00f3n es un levantamiento sin aspiraci\u00f3n a \u201cdes lendemains qui chantent\u201d, un acontecimiento rebelionario es un suceso cuyos protagonistas, simplemente niegan y reniegan con la fuerza de la palabra y habitualmente con la violencia f\u00edsica, una situaci\u00f3n de opresi\u00f3n que no les deja otra salida que la rebeli\u00f3n. Me parece una evidencia que nadie (excepto los revolucionarios de profesi\u00f3n o de vocaci\u00f3n) desea rebelarse contra lo establecido. Mientras, por decirlo con lenguaje actual, se llegue a fin de mes, nadie, o pocos, se rebelan.<\/p>\n<p class=\"western\" lang=\"ca-ES\" style=\"margin-top: 0.21cm; margin-bottom: 0cm; font-weight: normal; line-height: 150%;\" align=\"JUSTIFY\">Por tanto, nos encontramos ante un inventario de acontecimientos desprovistos de otro finalismo que no sea la supervivencia, sea f\u00edsica o moral de los individuos o grupos sociales. Cosa diferente es que la reiteraci\u00f3n en el tiempo o en el espacio, que la acumulaci\u00f3n de circunstancias rebelionarias en n\u00famero y calidad suficiente con una crisis del poder pueda comportar consecuencias revolucionarias. Pero para ello hay que contar con las clases antagonistas, que tambi\u00e9n juegan su rol. Y de qu\u00e9 manera.<\/p>\n<p class=\"western\" lang=\"ca-ES\" style=\"margin-top: 0.21cm; margin-bottom: 0cm; line-height: 150%;\" align=\"JUSTIFY\">Ciertamente, la historia de las clases subalternas no es el \u00fanico componente de la historia: las clases dominantes ocupan un espacio no desde\u00f1able en la historia realmente sucedida. Aunque menor del que ocupan en la historia escrita. Para que haya una revoluci\u00f3n no solo es preciso que la rebeli\u00f3n popular se trascienda en cuestionamiento global del poder imperante. Es preciso que las clases dominantes se dividan entre ellas, que el estado entre en crisis global (guerra, bancarrota\u2026) que los m\u00e9todos de consenso y de coerci\u00f3n, que los modos de direcci\u00f3n y de dominaci\u00f3n pol\u00edticas hayan devenido inviables. Pero la tormenta perfecta no es el acontecimiento m\u00e1s habitual. Lo normal son las borrascas m\u00e1s o menos dispersas y las calmas \u201cchichas\u201d.<\/p>\n<p class=\"western\" lang=\"ca-ES\" style=\"margin-top: 0.21cm; margin-bottom: 0cm; font-weight: normal; line-height: 150%;\" align=\"JUSTIFY\">Pero cuando el \u00faltimo campesino, cuando el \u00faltimo <i>gagne-denier<\/i>, <i>compagnon, journalier, blanchisseuse, o gar\u00e7ondecide <\/i>que no aguanta ya m\u00e1s, cuando a partir de su cultura material y moral, empieza a distinguir entre ellos y nosotros, cuando se trasciende \u00e9l mismo en su grupo social, cuando acumula experiencia en el conflicto cotidiano, cuando la transmite de generaci\u00f3n en generaci\u00f3n, cuando se socializa\u2026 cuando todo ello pasa, la historia puede dar saltos que nadie imaginaba ni pod\u00eda imaginar si no es a posteriori.<\/p>\n<p class=\"western\" lang=\"ca-ES\" style=\"margin-top: 0.21cm; margin-bottom: 0cm; line-height: 150%;\" align=\"JUSTIFY\">Ante obras como La r\u00e9bellion fran\u00e7aise a uno le parece estar viendo como se ponen en obra la idea de historiador y de historia integral formulada por Antonio Gramsci en el conocido par\u00e1grafo sobre la historia de las clases populares, escrita en los Cuadernos de la C\u00e1rcel: \u00abLa historia de los grupos sociales subalternos es necesariamente disgregada y epis\u00f3dica. No hay duda de que en la actividad hist\u00f3rica de estos grupos hay una tendencia a la unificaci\u00f3n, aunque sea a niveles provisionales; pero esa tendencia se rompe constantemente por la iniciativa de los grupos dirigentes y, por tanto, s\u00f3lo es posible mostrar su existencia cuando se ha consumado ya su ciclo hist\u00f3rico, y siempre que esa conclusi\u00f3n haya sido un \u00e9xito. Los grupos subalternos sufren siempre la iniciativa de los grupos dominantes, incluso cuando se rebelan y de levantan. En realidad, incluso cuando parecen victoriosos, los grupos subalternos se encuentran en una situaci\u00f3n de alarma defensiva (esta verdad puede probarse con la historia de la revoluci\u00f3n francesa hasta 1830 por lo menos). Por eso todo indicio de iniciativa aut\u00f3noma de los grupos subalternos tiene que ser de inestimable valor para el historiador integral; de ello se desprende que una historia as\u00ed solo puede encararse monogr\u00e1ficamente, y que cada monograf\u00eda exige un c\u00famulo enorme de materiales a menudo dif\u00edciles de encontrar\u00bb.<\/p>\n<p class=\"western\" lang=\"es-ES\" style=\"margin-top: 0.21cm; margin-bottom: 0cm; line-height: 150%;\" align=\"JUSTIFY\">Ignoro si NICOLAS comparte de alg\u00fan modo este punto de vista del fil\u00f3sofo y dirigente comunista italiano, pero a mi me parece que La rebellion fran\u00e7aise se ajusta del todo al programa de investigaci\u00f3n trazado por Gramsci. Ahora y aqu\u00ed no puedo justificar esta idea. Cualquier persona que haya le\u00eddo el libro podr\u00e1 aportar su opini\u00f3n al respecto<\/p>\n<p class=\"western\" lang=\"es-ES\" style=\"margin-top: 0.21cm; margin-bottom: 0cm; line-height: 150%;\" align=\"JUSTIFY\">\n<p class=\"western\" lang=\"es-ES\" style=\"margin-top: 0.21cm; margin-bottom: 0cm; line-height: 150%;\" align=\"JUSTIFY\">Notitas finales<\/p>\n<p class=\"western\" lang=\"es-ES\" style=\"margin-top: 0.21cm; margin-bottom: 0cm; line-height: 150%;\" align=\"JUSTIFY\">1.- Esta simple nota de lectura escrita el 21 de julio de 2011, al pie del Matagalls y colgada en el blog el d\u00eda 25 de agosto del mismo a\u00f1o, me ha servido para enmarcar el comentario que hago en mi tesis de dos cap\u00edtulos: VII Jours sans pain y VIII Politique de la faim. S\u00f3lo podr\u00e9 publicar esa parte del comentario tras hacer la defensa de la tesis. En ella trato de usar los datos de la encuesta de NICOLAS, junto a las aportaciones de otros autores (Rud\u00e9, Luchinsky, Ado, Bouthon, Gauthier y Ikni) para enmarcar las relaciones entre el protagonista de mi tesis, Jacques-Michel Coup\u00e9 de l\u2019Oise (1737-1808) con el cap\u00edtulo que dedico al comercio de los cereales y de las revueltas populares por el derecho a la nutrici\u00f3n. Dejo un comentario m\u00e1s global del conjunto de la obra de NICOLAS para m\u00e1s adelante, cuando mi cronograma lo permita.<\/p>\n<p class=\"western\" lang=\"es-ES\" style=\"margin-top: 0.21cm; margin-bottom: 0cm; line-height: 150%;\" align=\"JUSTIFY\">2.- El volumen que manejo es una edici\u00f3n de bolsillo en la Colecci\u00f3n Folio. Se hace dif\u00edcil de leer por el tama\u00f1o de la letra com\u00fan en esa colecci\u00f3n: una taille que debemos pagar los lectores pobres. Tambi\u00e9n, y es verdadera l\u00e1stima, casi imposible de apreciar el detalle de las bell\u00edsimas ilustraciones. Incluso es dif\u00edcil de manejar manualmente (1076 p\u00e1ginas en tama\u00f1o tan peque\u00f1o dan un formato inmanejable que queda deformado irremisiblemente cuando has superado las primeras 300 p\u00e1ginas. Por ello recomiendo a quien le interese el libro y tenga el dinero necesario, que trate de comprar, si la encuentra, la primera edici\u00f3n de \u00c9ditions du Seuil, 2002.<\/p>\n<p class=\"western\" lang=\"es-ES\" style=\"margin-top: 0.21cm; margin-bottom: 0cm; line-height: 150%;\" align=\"JUSTIFY\">3.- NICOLAS divide los motines de subsistencias en tres tipolog\u00edas:<\/p>\n<p class=\"western\" lang=\"ca-ES\" style=\"margin-top: 0.21cm; margin-bottom: 0cm; line-height: 150%;\" align=\"JUSTIFY\">1.- Surgidas de las ciudades y de sus <i>faubourgs<\/i> pero tambi\u00e9n del campo, las multitudes furiosas apostrofan a todos aquellos que consideran responsables de la situaci\u00f3n: panaderos comerciantes de granos o autoridades locales. Someten al pillage tiendas y tenderetes, roban el pan y la harina y, en los casos en que produce una mayor politizaci\u00f3n se dirigen a los edificios p\u00fablicos o a los privados de los magistrado y reclaman all\u00ed soluciones de diverso tipo, como la tasaci\u00f3n, las visitas domiciliarias a casa de los supuestos acaparadores y compra de trigo en el exterior.<\/p>\n<p class=\"western\" lang=\"es-ES\" style=\"margin-top: 0.21cm; margin-bottom: 0cm; line-height: 150%;\" align=\"JUSTIFY\">2.- En el campo. Ataques contra granjas apartadas, castillos, curas, abad\u00edas, que supuesta o realmente guarden trigo oculto. Las bandas de campesinos, disfrazadas y con la cara pintada de negro para no ser reconocidos o sin ello, tratan de forzar la entrega del grano por parte de los acomodados y en el caso de negativa hunden las puertas o el conjunto de los graneros.<\/p>\n<p class=\"western\" lang=\"ca-ES\" style=\"margin-top: 0.21cm; margin-bottom: 0cm; line-height: 150%;\" align=\"JUSTIFY\">3.- Oposici\u00f3n a la salida del trigo de la ciudad, comarca o regi\u00f3n, b\u00e1sicamente el ataque es contra comerciantes for\u00e1neos, contra las requisas militares. Los convoyes de carros transportando granos pueden ser detenidos a su paso por el campo o la ciudad, o en alguno de los <i>relais<\/i> a los largo del camino. Tambi\u00e9n pueden ser detenidos las barcazas de transporte tanto en r\u00edos como en canales.<\/p>\n<p class=\"western\" lang=\"es-ES\" style=\"margin-top: 0.21cm; margin-bottom: 0cm; line-height: 150%;\" align=\"JUSTIFY\">El resumen es cifras es el siguiente:<\/p>\n<p class=\"western\" lang=\"es-ES\" style=\"margin-top: 0.21cm; margin-bottom: 0cm; line-height: 150%;\" align=\"JUSTIFY\">\n<table border=\"0\" width=\"392\" cellspacing=\"0\" cellpadding=\"5\">\n<tbody>\n<tr>\n<td colspan=\"4\" valign=\"BOTTOM\" bgcolor=\"#ffffcc\" width=\"382\" height=\"10\">\n<p class=\"western\" lang=\"es-ES\" style=\"margin-top: 0.21cm;\" align=\"JUSTIFY\"><b>Tabla VII. Tipos de motines de subsistencias<\/b><\/p>\n<\/td>\n<\/tr>\n<tr valign=\"BOTTOM\">\n<td bgcolor=\"#ffffcc\" width=\"180\" height=\"8\">\n<p class=\"western\" lang=\"es-ES\" style=\"margin-top: 0.21cm;\" align=\"JUSTIFY\">\n<\/td>\n<td bgcolor=\"#ffffcc\" width=\"1\">\n<p class=\"western\" lang=\"es-ES\" style=\"margin-top: 0.21cm;\" align=\"JUSTIFY\">\n<\/td>\n<td bgcolor=\"#ffffcc\" width=\"67\">\n<p class=\"western\" lang=\"es-ES\" style=\"margin-top: 0.21cm;\" align=\"JUSTIFY\">\n<\/td>\n<td bgcolor=\"#ffffcc\" width=\"104\">\n<p class=\"western\" lang=\"es-ES\" style=\"margin-right: -1.25cm; margin-top: 0.21cm;\" align=\"JUSTIFY\">\n<\/td>\n<\/tr>\n<tr valign=\"BOTTOM\">\n<td colspan=\"2\" bgcolor=\"#ffffcc\" width=\"191\" height=\"10\">\n<p class=\"western\" lang=\"es-ES\" style=\"margin-top: 0.21cm;\" align=\"JUSTIFY\">Contra la carest\u00eda<\/p>\n<\/td>\n<td bgcolor=\"#ffffcc\" width=\"67\">\n<p class=\"western\" lang=\"es-ES\" style=\"margin-top: 0.21cm;\" align=\"JUSTIFY\">\n<\/td>\n<td bgcolor=\"#ffffcc\" width=\"104\">\n<p class=\"western\" lang=\"es-ES\" style=\"margin-top: 0.21cm;\" align=\"CENTER\">564<\/p>\n<\/td>\n<\/tr>\n<tr valign=\"BOTTOM\">\n<td colspan=\"2\" bgcolor=\"#ffffcc\" width=\"191\" height=\"10\">\n<p class=\"western\" lang=\"es-ES\" style=\"margin-top: 0.21cm;\" align=\"JUSTIFY\">Contra el acaparamiento<\/p>\n<\/td>\n<td bgcolor=\"#ffffcc\" width=\"67\">\n<p class=\"western\" lang=\"es-ES\" style=\"margin-top: 0.21cm;\" align=\"JUSTIFY\">\n<\/td>\n<td bgcolor=\"#ffffcc\" width=\"104\">\n<p class=\"western\" lang=\"es-ES\" style=\"margin-top: 0.21cm;\" align=\"CENTER\">119<\/p>\n<\/td>\n<\/tr>\n<tr valign=\"BOTTOM\">\n<td colspan=\"3\" bgcolor=\"#ffffcc\" width=\"268\" height=\"10\">\n<p class=\"western\" lang=\"es-ES\" style=\"margin-top: 0.21cm;\" align=\"JUSTIFY\">Contra la exportaci\u00f3n de granos<\/p>\n<\/td>\n<td bgcolor=\"#ffffcc\" width=\"104\">\n<p class=\"western\" lang=\"es-ES\" style=\"margin-top: 0.21cm;\" align=\"CENTER\">707<\/p>\n<\/td>\n<\/tr>\n<tr valign=\"BOTTOM\">\n<td bgcolor=\"#ffffcc\" width=\"180\" height=\"10\">\n<p class=\"western\" lang=\"es-ES\" style=\"margin-top: 0.21cm;\" align=\"JUSTIFY\">Otros<\/p>\n<\/td>\n<td bgcolor=\"#ffffcc\" width=\"1\">\n<p class=\"western\" lang=\"es-ES\" style=\"margin-top: 0.21cm;\" align=\"JUSTIFY\">\n<\/td>\n<td bgcolor=\"#ffffcc\" width=\"67\">\n<p class=\"western\" lang=\"es-ES\" style=\"margin-top: 0.21cm;\" align=\"JUSTIFY\">\n<\/td>\n<td bgcolor=\"#ffffcc\" width=\"104\">\n<p class=\"western\" lang=\"es-ES\" style=\"margin-top: 0.21cm;\" align=\"CENTER\">136<\/p>\n<\/td>\n<\/tr>\n<tr valign=\"BOTTOM\">\n<td bgcolor=\"#ffffcc\" width=\"180\" height=\"10\">\n<p class=\"western\" lang=\"es-ES\" style=\"margin-top: 0.21cm;\" align=\"JUSTIFY\"><b>Total<\/b><\/p>\n<\/td>\n<td bgcolor=\"#ffffcc\" width=\"1\">\n<p class=\"western\" lang=\"es-ES\" style=\"margin-top: 0.21cm;\" align=\"JUSTIFY\">\n<\/td>\n<td bgcolor=\"#ffffcc\" width=\"67\">\n<p class=\"western\" lang=\"es-ES\" style=\"margin-top: 0.21cm;\" align=\"JUSTIFY\">\n<\/td>\n<td bgcolor=\"#ffffcc\" width=\"104\">\n<p class=\"western\" lang=\"es-ES\" style=\"margin-top: 0.21cm;\" align=\"CENTER\"><b>1526<\/b><\/p>\n<\/td>\n<\/tr>\n<\/tbody>\n<\/table>\n<p class=\"western\" lang=\"ca-ES\" style=\"margin-top: 0.21cm; margin-bottom: 0cm; line-height: 150%;\" align=\"JUSTIFY\">1526 motines de subsistencias representan el 17,9 % de los 8528 acontecimientos rebelionarios.<\/p>\n<p class=\"western\" lang=\"es-ES\" style=\"margin-top: 0.21cm; margin-bottom: 0cm; line-height: 150%;\" align=\"JUSTIFY\"><img decoding=\"async\" src=\"..\/documentos\/articulos\/7315\/html\/images\/Nota_de_lectura2_html_m2e2ce8e5.gif\" \/><\/p>\n<p class=\"western\" lang=\"ca-ES\" style=\"margin-top: 0.21cm; margin-bottom: 0cm; line-height: 150%;\" align=\"JUSTIFY\"><a name=\"_ftn1\"><\/a> <u><a href=\".\/\/C:\/Users\/Usuari\/Desktop\/blog%20La%20Carmagnole\/Notas%20de%20lectura%20NICOLAS%20210711.docx#_ftnref1\">[1]<\/a><\/u> Las restantes 229 paginas corresponden a un imponente y muy \u00fatil aparato cr\u00edtico que ayuda a posteriores y complementarias b\u00fasquedas.<\/p>\n<p class=\"western\" lang=\"ca-ES\" style=\"margin-top: 0.21cm; margin-bottom: 0cm; line-height: 150%;\" align=\"JUSTIFY\"><a name=\"_ftn2\"><\/a> <u><a href=\".\/\/C:\/Users\/Usuari\/Desktop\/blog%20La%20Carmagnole\/Notas%20de%20lectura%20NICOLAS%20210711.docx#_ftnref2\">[2]<\/a><\/u> \u00ab Certes, les humbles ne vivaient pas contin\u00fbment dans l\u2019antagonisme. Une radiographie de l\u2019opinion populaire doit aussi inclure l\u2019autre face, celle du scepticisme, du conformisme et de l\u2019acceptation plus ou moins r\u00e9sign\u00e9e du compromis v\u00e9cu au jour le jour avec la syst\u00e8me dominant et tous son appareil juridictionnel ou policier dont on attendait qu\u2019il garant\u00eet dans le pr\u00e9sent la s\u00e9curit\u00e9 et la tranquillit\u00e9, en assurant \u00e0 chacun des chances de survie. Reste que le dynamisme d\u2019un soci\u00e9t\u00e9 est bien davantage \u00e0 d\u00e9couvrir du c\u00f4t\u00e9 de la mise en cause, parce que les heurts, m\u00eame sur fond revendicatif ambigu et parfois pass\u00e9iste, risquent de provoquer amorces de changement \u00bb, Jean NICOLAS, La r\u00e9bellion fran\u00e7aise, ob.cit., p. 11.<\/p>\n<p class=\"western\" lang=\"ca-ES\" style=\"margin-top: 0.21cm; margin-bottom: 0cm; line-height: 150%;\" align=\"JUSTIFY\"><a name=\"_ftn3\"><\/a> <u><a href=\".\/\/C:\/Users\/Usuari\/Desktop\/blog%20La%20Carmagnole\/Notas%20de%20lectura%20NICOLAS%20210711.docx#_ftnref3\">[3]<\/a><\/u> \u00ab Ce n\u2019est pas une boulimie d\u2019\u00e9rudition qui nous a conduits \u00e0 aller au del\u00e0, mais bien la conviction que, pour \u00e9prouver la validit\u00e9 des mod\u00e8les, il faut travailler sur un tissu sans d\u00e9chirure, aussi large possible, en inscrivant les \u00e9v\u00e9nements dans un s\u00e9rie prolong\u00e9e pour d\u00e9jouer les pi\u00e8ges infinis qui s\u2019abritent derri\u00e8re les occurrences et la vari\u00e9t\u00e9 des situations locales. Il est vrai que le nombre, passag\u00e8rement n\u2019est pas \u00e0 la mode. Les chiffres, align\u00e9s en chapelets, rel\u00e8veraient une d\u00e9marche l\u00e9g\u00e8rement triviale. On ne parlait r\u00e9cemment que des mod\u00e8les ou de paradigmes, prismes de v\u00e9rit\u00e9 dont les facettes seraient plus r\u00e9v\u00e9latrices que les s\u00e9ries qui n\u2019auraient que trop longtemps form\u00e9 la mati\u00e8re de l\u2019histoire sociale \u00ab dominante \u00bb. C\u2019est oublier que le cas unique choisi dans les marges, si riche soit-il, existe d\u2019abord par sa place dans une s\u00e9quence: son analyse ne devient significative et g\u00e9n\u00e9ralisable qu\u2019\u00e0 cette condition, et je fais mienne l\u2019id\u00e9e d\u2019Ernest Labrousse pour qui \u00ab tout ce qui est important est r\u00e9p\u00e9t\u00e9 \u00bb. De surcroit, le ratissage syst\u00e9matique des archives soul\u00e8ve une multitude d\u2019incidents jusqu\u2019\u00e0-l\u00e0 enfouis, dont un \u00e9l\u00e9ment accrochera le regard, la chance aidant, pour une interpr\u00e9tation neuve. Seul le \u00ab bain de foule \u00bb, l\u2019immersion dans la masse des affaires, peut livrer cette connaissance intime, cette sorte d\u2019empathie ins\u00e9parable de la lecture du pass\u00e9. On pourra s\u2019\u00e9tonner de ce qu\u2019un travail pr\u00e9sent\u00e9 sous le signe de la statistique revendique l\u2019affectivit\u00e9 comme mode d\u2019investigation, mais je n\u2019ai voulu sacrifier ni le nombre ni les valeurs sensibles qu\u2019il recouvre \u00bb Jean NICOLAS, La r\u00e9bellion fran\u00e7aise, ob.cit. p. 19.<\/p>\n<p class=\"western\" lang=\"ca-ES\" style=\"margin-top: 0.21cm; margin-bottom: 0cm; line-height: 150%;\" align=\"JUSTIFY\"><a name=\"_ftn4\"><\/a> <u><a href=\".\/\/C:\/Users\/Usuari\/Desktop\/blog%20La%20Carmagnole\/Notas%20de%20lectura%20NICOLAS%20210711.docx#_ftnref4\">[4]<\/a><\/u> \u00abTout \u00e9tait enregistr\u00e9, tout remontait au sommet. Le Conseil du roi, les ministres, les intendants, et leurs subd\u00e9l\u00e9gu\u00e9s, les commandants de province, les tribunaux \u00e0 tous les niveaux imposaient sans tr\u00eave des ordres, des sanctions ou des arbitrages dont les archives ont conserv\u00e9 les traces surabondantes qui forment aujourd\u2019hui le terreau de l\u2019intelligence sociale du pass\u00e9 \u00bb Ob.cit. p. 12.<\/p>\n<p class=\"western\" lang=\"ca-ES\" style=\"margin-top: 0.21cm; margin-bottom: 0cm; line-height: 150%;\" align=\"JUSTIFY\"><a name=\"_ftn5\"><\/a> <u><a href=\".\/\/C:\/Users\/Usuari\/Desktop\/blog%20La%20Carmagnole\/Notas%20de%20lectura%20NICOLAS%20210711.docx#_ftnref5\">[5]<\/a><\/u> \u00abEt si l\u2019on m\u2019objecte qu\u2019un collecte aussi acharn\u00e9e sent un positivisme jug\u00e9 r\u00e9volu, je r\u00e9pondrai que nous avons simplement \u00e9t\u00e9 fid\u00e8les \u00e0 la d\u00e9finition et \u00e0 la d\u00e9marche premi\u00e8re de notre discipline. Le mot histoire comme on sait, signifiait d\u2019abord pour H\u00e9rodote information, exploration, questionnement, bref enqu\u00eate. Il ne m\u2019a toujours sembl\u00e9 qu\u2019on n\u2019avait pas dit mieux depuis ! Recenser, conna\u00eetre, rendre des traces disparues \u00e0 la m\u00e9moire vivante, le r\u00e9sultat valait d\u00e9j\u00e0 les peines qu\u2019il a co\u00fbt\u00e9es \u00e0 la cinquantaine d\u2019amis, chercheurs et \u00e9tudiants qui se sont directement ou indirectement associ\u00e9s \u00e0 l\u2019entreprise. A partir de l\u00e0, le ph\u00e9nom\u00e8ne r\u00e9bellionaire peut \u00eatre interrog\u00e9 dans toutes ses dimensions relationnelles, psychosociales, infra-politiques peut-\u00eatre. Jusqu\u2019\u00e0 atteindre le noyau dur: quelles forces, inconscientes ou conscientes, poussaient les acteurs de ce th\u00e9\u00e2tre toujours dramatique \u00e0 se d\u00e9passer eux-m\u00eames, \u00e0 s\u2019identifier \u00e0 une image commune au groupe, c\u2019est-\u00e0-dire acc\u00e9der \u00e0 des formes rudimentaires de conscience sociale ? Enfin, cette immense d\u00e9pense d\u2019\u00e9nergies n\u00e9gatives venues d\u2019en bas a-t-elle influ\u00e9 \u00e0 terme sur la vision et les structures \u00e9tatiques, et par quel relais?\u00bb Ob.cit. p. 22.<\/p>\n<p class=\"western\" lang=\"es-ES\" style=\"margin-top: 0.21cm; margin-bottom: 0cm; line-height: 150%;\" align=\"JUSTIFY\">\n<p class=\"western\" lang=\"es-ES\" style=\"margin-top: 0.21cm; margin-bottom: 0cm; line-height: 150%;\" align=\"JUSTIFY\"><i>(*) Jean NICOLAS, La r\u00e9bellion fran\u00e7aise. Mouvements populaires et conscience sociale.1661-1789, Paris, Gallimard\/Folio histoire, 2008. Primera edici\u00f3n en \u00c9ditions du Seuil, 2002, 1076 p\u00e1ginas<\/i><\/p>\n","protected":false},"excerpt":{"rendered":"<p>\u00a0<\/p>\n<p style='margin-top: 0.21cm; margin-bottom: 0cm;' align='JUSTIFY'>Para que haya una revoluci\u00f3n no solo es preciso que la rebeli\u00f3n popular se trascienda en cuestionamiento global del poder imperante. Es preciso que las clases dominantes se dividan entre ellas, que el estado entre en crisis global,  que los m\u00e9todos de consenso y de coerci\u00f3n, que los modos de direcci\u00f3n y de dominaci\u00f3n pol\u00edticas hayan devenido inviables. Pero la tormenta perfecta no es el acontecimiento m\u00e1s habitual. <\/p>\n","protected":false},"author":9,"featured_media":1935,"comment_status":"open","ping_status":"open","sticky":false,"template":"","format":"standard","meta":{"footnotes":""},"categories":[22,23],"tags":[1163,1164,917],"class_list":["post-1934","post","type-post","status-publish","format-standard","has-post-thumbnail","hentry","category-historia-del-movimiento-y-de-la-clase-obrera","category-revolucion-francesa","tag-jean-nicolas","tag-la-rebellion-francaise","tag-resenas"],"aioseo_notices":[],"_links":{"self":[{"href":"https:\/\/espai-marx.net\/index.php?rest_route=\/wp\/v2\/posts\/1934","targetHints":{"allow":["GET"]}}],"collection":[{"href":"https:\/\/espai-marx.net\/index.php?rest_route=\/wp\/v2\/posts"}],"about":[{"href":"https:\/\/espai-marx.net\/index.php?rest_route=\/wp\/v2\/types\/post"}],"author":[{"embeddable":true,"href":"https:\/\/espai-marx.net\/index.php?rest_route=\/wp\/v2\/users\/9"}],"replies":[{"embeddable":true,"href":"https:\/\/espai-marx.net\/index.php?rest_route=%2Fwp%2Fv2%2Fcomments&post=1934"}],"version-history":[{"count":0,"href":"https:\/\/espai-marx.net\/index.php?rest_route=\/wp\/v2\/posts\/1934\/revisions"}],"wp:featuredmedia":[{"embeddable":true,"href":"https:\/\/espai-marx.net\/index.php?rest_route=\/wp\/v2\/media\/1935"}],"wp:attachment":[{"href":"https:\/\/espai-marx.net\/index.php?rest_route=%2Fwp%2Fv2%2Fmedia&parent=1934"}],"wp:term":[{"taxonomy":"category","embeddable":true,"href":"https:\/\/espai-marx.net\/index.php?rest_route=%2Fwp%2Fv2%2Fcategories&post=1934"},{"taxonomy":"post_tag","embeddable":true,"href":"https:\/\/espai-marx.net\/index.php?rest_route=%2Fwp%2Fv2%2Ftags&post=1934"}],"curies":[{"name":"wp","href":"https:\/\/api.w.org\/{rel}","templated":true}]}}