{"id":19466,"date":"2026-03-16T05:00:02","date_gmt":"2026-03-16T04:00:02","guid":{"rendered":"https:\/\/espai-marx.net\/?p=19466"},"modified":"2026-03-16T01:09:34","modified_gmt":"2026-03-16T00:09:34","slug":"escolastica-la-fe-que-busca-entender","status":"publish","type":"post","link":"https:\/\/espai-marx.net\/?p=19466","title":{"rendered":"Escol\u00e1stica: la fe que busca entender"},"content":{"rendered":"<p><i>En 1526, el pensador dominico Francisco de Vitoria obtuvo la c\u00e1tedra de Prima de Teolog\u00eda en la Universidad de Salamanca. Muy pronto se form\u00f3 a su alrededor un grupo de pensadores que destac\u00f3 por sus aportaciones en los \u00e1mbitos de la filosof\u00eda, el derecho, las ciencias y la teolog\u00eda. As\u00ed naci\u00f3 la Escuela de Salamanca, cuyo 500 aniversario celebramos este a\u00f1o, 2026, mediante publicaciones mensuales de divulgaci\u00f3n.<\/i><\/p>\n<p>En esta ocasi\u00f3n presentamos un cap\u00edtulo del programa \u00abLa Luz del Pasillo\u00bb <span class=\"yt-core-attributed-string yt-core-attributed-string--white-space-pre-wrap\" dir=\"auto\" role=\"text\"><span class=\"yt-core-attributed-string--link-inherit-color\" dir=\"auto\">en el que su presentador \u00c1lvaro Aguilera conversa sobre escol\u00e1stica y filosof\u00eda medieval con tres especialistas en este campo: Mar\u00eda Mart\u00edn G\u00f3mez (USAL), Valent\u00edn Fern\u00e1ndez Polanco (UCM) Y Jos\u00e9 Higuera (UNED).<\/span><\/span><\/p>\n<p><iframe loading=\"lazy\" title=\"La Luz del Pasillo. T4. Cap\u00edtulo 7. Escol\u00e1stica: la fe que busca entender.\" width=\"800\" height=\"450\" src=\"https:\/\/www.youtube.com\/embed\/FFrNZ5XTtI0?feature=oembed\" frameborder=\"0\" allow=\"accelerometer; autoplay; clipboard-write; encrypted-media; gyroscope; picture-in-picture; web-share\" referrerpolicy=\"strict-origin-when-cross-origin\" allowfullscreen><\/iframe><\/p>\n","protected":false},"excerpt":{"rendered":"<p>En 1526, el pensador dominico Francisco de Vitoria obtuvo la c\u00e1tedra de Prima de Teolog\u00eda en la Universidad de Salamanca.<\/p>\n","protected":false},"author":5,"featured_media":19468,"comment_status":"open","ping_status":"open","sticky":false,"template":"","format":"standard","meta":{"footnotes":""},"categories":[8,833],"tags":[2291],"class_list":["post-19466","post","type-post","status-publish","format-standard","has-post-thumbnail","hentry","category-filosofia","category-videos","tag-quinto-centenario-de-la-escuela-de-salamanca"],"aioseo_notices":[],"_links":{"self":[{"href":"https:\/\/espai-marx.net\/index.php?rest_route=\/wp\/v2\/posts\/19466","targetHints":{"allow":["GET"]}}],"collection":[{"href":"https:\/\/espai-marx.net\/index.php?rest_route=\/wp\/v2\/posts"}],"about":[{"href":"https:\/\/espai-marx.net\/index.php?rest_route=\/wp\/v2\/types\/post"}],"author":[{"embeddable":true,"href":"https:\/\/espai-marx.net\/index.php?rest_route=\/wp\/v2\/users\/5"}],"replies":[{"embeddable":true,"href":"https:\/\/espai-marx.net\/index.php?rest_route=%2Fwp%2Fv2%2Fcomments&post=19466"}],"version-history":[{"count":3,"href":"https:\/\/espai-marx.net\/index.php?rest_route=\/wp\/v2\/posts\/19466\/revisions"}],"predecessor-version":[{"id":19470,"href":"https:\/\/espai-marx.net\/index.php?rest_route=\/wp\/v2\/posts\/19466\/revisions\/19470"}],"wp:featuredmedia":[{"embeddable":true,"href":"https:\/\/espai-marx.net\/index.php?rest_route=\/wp\/v2\/media\/19468"}],"wp:attachment":[{"href":"https:\/\/espai-marx.net\/index.php?rest_route=%2Fwp%2Fv2%2Fmedia&parent=19466"}],"wp:term":[{"taxonomy":"category","embeddable":true,"href":"https:\/\/espai-marx.net\/index.php?rest_route=%2Fwp%2Fv2%2Fcategories&post=19466"},{"taxonomy":"post_tag","embeddable":true,"href":"https:\/\/espai-marx.net\/index.php?rest_route=%2Fwp%2Fv2%2Ftags&post=19466"}],"curies":[{"name":"wp","href":"https:\/\/api.w.org\/{rel}","templated":true}]}}