{"id":195,"date":"2006-04-02T00:00:00","date_gmt":"2006-04-02T00:00:00","guid":{"rendered":"https:\/\/espai-marx.net\/?p=195"},"modified":"2020-02-12T12:48:13","modified_gmt":"2020-02-12T11:48:13","slug":"un-relato-corto","status":"publish","type":"post","link":"https:\/\/espai-marx.net\/?p=195","title":{"rendered":"Un relato corto"},"content":{"rendered":"<p>Hac\u00eda pocos a\u00f1os que hab\u00eda terminado la guerra de Espa\u00f1a y la cruz y la espada reinaban sobre las ruinas de la Rep\u00fablica. Uno de los vencidos, un obrero anarquista, reci\u00e9n salido de la c\u00e1rcel, buscaba trabajo. En vano revolv\u00eda cielo y tierra. No hab\u00eda trabajo para un rojo. Todos le pon\u00edan mala cara, se encog\u00edan de hombros o le daban la espalda. Con nadie se entend\u00eda, nadie lo escuchaba. El vino era el \u00fanico amigo que le quedaba. Por las noches, ante los platos vac\u00edos, soportaba sin decir nada los reproches de su esposa beata, mujer de misa diaria, mientras el hijo, un ni\u00f1o peque\u00f1o, le recitaba el catecismo.<\/p>\n<p>Mucho tiempo despu\u00e9s, Josep Verdura, hijo de aquel obrero maldito, me lo cont\u00f3. Me lo cont\u00f3 en Barcelona cuando yo llegu\u00e9 al exilio. Me lo cont\u00f3: el era un ni\u00f1o desesperado que quer\u00eda salvar a su padre de la condenaci\u00f3n eterna y el muy ateo, el muy tozudo, no entend\u00eda razones<\/p>\n<p>&#8211; Pero pap\u00e1 &#8211; le dijo Josep llorando &#8211; Si Dios no existe, \u00bfquien hizo el mundo?<\/p>\n<p>&#8211; Tonto &#8211; dijo el obrero, cabizbajo, casi en secreto &#8211; Tonto. Al mundo lo hicimos nosotros, los alba\u00f1iles.<\/p>\n","protected":false},"excerpt":{"rendered":"<p>Hac\u00eda pocos a\u00f1os que hab\u00eda terminado la guerra de Espa\u00f1a y la cruz y la espada reinaban sobre las ruinas de la Rep\u00fablica. Uno de los vencidos, un obrero anarquista, reci\u00e9n salido de la c\u00e1rcel, buscaba trabajo. En vano revolv\u00eda cielo y tierra. No hab\u00eda trabajo para un rojo. Todos le pon\u00edan mala cara, se encog\u00edan de hombros o le daban la espalda. Con nadie se entend\u00eda, nadie lo escuchaba. El vino era el \u00fanico amigo que le quedaba. Por las noches, ante los platos vac\u00edos, soportaba sin decir nada los reproches de su esposa beata, mujer de misa diaria, mientras el hijo, un ni\u00f1o peque\u00f1o, le recitaba el catecismo.<\/p>\n<p>Mucho tiempo despu\u00e9s, Josep Verdura, hijo de aquel obrero maldito, me lo cont\u00f3. Me lo cont\u00f3 en Barcelona cuando yo llegu\u00e9 al exilio. Me lo cont\u00f3: el era un ni\u00f1o desesperado que quer\u00eda salvar a su padre de la condenaci\u00f3n eterna y el muy ateo, el muy tozudo, no entend\u00eda razones<\/p>\n<p>&#8211; Pero pap\u00e1 &#8211; le dijo Josep llorando &#8211; Si Dios no existe, \u00bfquien hizo el mundo?<\/p>\n<p>&#8211; Tonto &#8211; dijo el obrero, cabizbajo, casi en secreto &#8211; Tonto. Al mundo lo hicimos nosotros, los alba\u00f1iles. <\/p>\n","protected":false},"author":9,"featured_media":0,"comment_status":"open","ping_status":"open","sticky":false,"template":"","format":"standard","meta":{"footnotes":""},"categories":[22],"tags":[],"class_list":["post-195","post","type-post","status-publish","format-standard","hentry","category-historia-del-movimiento-y-de-la-clase-obrera"],"aioseo_notices":[],"_links":{"self":[{"href":"https:\/\/espai-marx.net\/index.php?rest_route=\/wp\/v2\/posts\/195","targetHints":{"allow":["GET"]}}],"collection":[{"href":"https:\/\/espai-marx.net\/index.php?rest_route=\/wp\/v2\/posts"}],"about":[{"href":"https:\/\/espai-marx.net\/index.php?rest_route=\/wp\/v2\/types\/post"}],"author":[{"embeddable":true,"href":"https:\/\/espai-marx.net\/index.php?rest_route=\/wp\/v2\/users\/9"}],"replies":[{"embeddable":true,"href":"https:\/\/espai-marx.net\/index.php?rest_route=%2Fwp%2Fv2%2Fcomments&post=195"}],"version-history":[{"count":0,"href":"https:\/\/espai-marx.net\/index.php?rest_route=\/wp\/v2\/posts\/195\/revisions"}],"wp:attachment":[{"href":"https:\/\/espai-marx.net\/index.php?rest_route=%2Fwp%2Fv2%2Fmedia&parent=195"}],"wp:term":[{"taxonomy":"category","embeddable":true,"href":"https:\/\/espai-marx.net\/index.php?rest_route=%2Fwp%2Fv2%2Fcategories&post=195"},{"taxonomy":"post_tag","embeddable":true,"href":"https:\/\/espai-marx.net\/index.php?rest_route=%2Fwp%2Fv2%2Ftags&post=195"}],"curies":[{"name":"wp","href":"https:\/\/api.w.org\/{rel}","templated":true}]}}