{"id":1962,"date":"2012-07-12T00:00:00","date_gmt":"2012-07-12T00:00:00","guid":{"rendered":"https:\/\/espai-marx.net\/?p=1962"},"modified":"2020-02-20T13:13:59","modified_gmt":"2020-02-20T12:13:59","slug":"converxencia-cara-un-novo-proceso-constituinte-convergencia-cara-a-un-nuevo-proceso-constituyente","status":"publish","type":"post","link":"https:\/\/espai-marx.net\/?p=1962","title":{"rendered":"Converxencia cara un novo proceso constitu\u00ednte \/ Convergencia cara a un nuevo proceso constituyente"},"content":{"rendered":"<p style=\"margin-top: 0.2cm; margin-bottom: 0cm; line-height: 150%;\" align=\"JUSTIFY\"><b>Converxencia cara un novo proceso constitu\u00ednte<\/b><\/p>\n<p style=\"margin-top: 0.2cm; margin-bottom: 0cm; line-height: 150%;\" align=\"JUSTIFY\">En toda canta an\u00e1lise escrib\u00edn sobre o tema 15M sempre insist\u00edn no mesmo: para que ese movemento fose a\u00ednda m\u00e1is eficaz estaba abocado a converxer (e digo converxer non deixarse guiar) co movemento obreiro e coa esquerda organizada. Debe ficar no esquecemento o ocorrido nas mobilizaci\u00f3ns do pasado 12 de marzo en Vigo, coas s\u00faas d\u00faas manifestaci\u00f3ns separadas por uns cantos metros (unha de traballadores do Naval e outra do 15M), como mostra do desco\u00f1ecemento mutuo de d\u00faas culturas da esquerda que m\u00e1is ga\u00f1ar\u00edan actuando en com\u00fan. O acontecido onte en Madrid co caloroso recibimento \u00e1 chamada Marcha Negra de mineiros de diversos puntos do estado, despois de protagonizaren, especialmente en Asturias, aut\u00e9nticas batallas coa polic\u00eda, est\u00e1 chamado a marcar un fito nese proceso de converxencia.<\/p>\n<p style=\"margin-top: 0.2cm; margin-bottom: 0cm; line-height: 150%;\" align=\"JUSTIFY\">Que a marcha rematase nun lugar emblem\u00e1tico para os mobilizados arredor do 15M como \u00e9 a Porta do Sol e que durante o pasarr\u00faas dos mineiros polo centro de Madrid os milleiros de persoas que os acompa\u00f1aban entoasen, indistintamente, lemas como \u201cque si, que si, que si nos representan\u201d (un dos cantos por antonomasia do 15M) e \u201csi esto no se arregla, guerra, guerra, guerra\u201d (lema cl\u00e1sico onde os haxa das mobilizaci\u00f3ns obreiras), indica que o proceso de hibridaci\u00f3n xa est\u00e1 en marcha.<\/p>\n<p style=\"margin-top: 0.2cm; margin-bottom: 0cm; line-height: 150%;\" align=\"JUSTIFY\">Que todo isto acontecese no momento en que o Estado Espa\u00f1ol era oficialmente intervido e na v\u00e9spera dun anuncio de recortes brutais, privatizaci\u00f3ns e subida do IVE tam\u00e9n para os produtos b\u00e1sicos (unha nova aplicaci\u00f3n da doutrina do Shock) indica que esa unidade chega no momento preciso.<\/p>\n<p style=\"margin-top: 0.2cm; margin-bottom: 0cm; line-height: 150%;\" align=\"JUSTIFY\">As <a href=\"http:\/\/pinterest.com\/pin\/208784132695764099\/\">portadas<\/a> dos xornais da dereita tentaban camuflar estes dous feitos con macabras portadas de pasados atentados de ETA, procurando retomar o aborrecido discurso dos tempos da euforia econ\u00f3mica do inimigo interior e do revisionismo da organizaci\u00f3n territorial do Estado e esquecendo que a derrogaci\u00f3n polo <a href=\"http:\/\/politica.elpais.com\/politica\/2012\/07\/10\/actualidad\/1341909785_616860.html\">Tribunal de Dereitos Humanos de Estrasburgo<\/a> da chamada Doutrina Parot (que impide a reduci\u00f3n legal de penas para os condeados a m\u00e1is de 30 anos) non \u00e9 m\u00e1is ca outra mostra do grao de represi\u00f3n excepcional alcanzado por un poder xudicial remiso, por outra banda, a permitir calquera investigaci\u00f3n sobre o franquismo (a diferenza da Arxentina que hai uns d\u00edas <a href=\"http:\/\/www.clarin.com\/politica\/Condenan-represores-Videla-Menendez-perpetua_0_394760741.html\">condeou<\/a> a Videla a 50 anos de prisi\u00f3n).<\/p>\n<p style=\"margin-top: 0.2cm; margin-bottom: 0cm; line-height: 150%;\" align=\"JUSTIFY\">Nestes momentos de corrupci\u00f3n xeralizada na monarqu\u00eda (Urdangarin e Helena de Borb\u00f3n), na xudicatura (D\u00edvar), nos poderes pol\u00edticos (G\u00fcrtel), empresariais (Bankia, NoCaGa), eclesi\u00e1sticos (<a href=\"http:\/\/www.lasextanoticias.com\/videos\/ver\/el_inmenso_cepillo_de_la_catedral_de_santiago\/619923\">C\u00f3dice Calixtino<\/a>); nestes momentos en que c\u00f3mpre m\u00e1is falar de r\u00e9xime que de democracia (o rei <a href=\"http:\/\/www.publico.es\/espana\/439474\/el-rey-preside-el-viernes-el-consejo-de-ministros-previo-a-los-ajustes\">presidindo Consellos de ministros<\/a>, a pasokizaci\u00f3n do PSOE a trav\u00e9s da <a href=\"http:\/\/politica.elpais.com\/politica\/2012\/07\/08\/actualidad\/1341771804_738138.html\">\u201coposici\u00f3n responsable\u201d<\/a> rubalcabiana); nestes momentos de aut\u00e9ntica putrefacci\u00f3n das instituci\u00f3ns \u00e9 preciso traballar no horizonte dun novo proceso constitu\u00ednte.<\/p>\n<p style=\"margin-top: 0.2cm; margin-bottom: 0cm; line-height: 150%;\" align=\"JUSTIFY\">O ciclo iniciado coa Transici\u00f3n do franquismo est\u00e1 a rematar en rotundo fracaso. Hoxe, en que seguimos claramente a senda grega de empobrecemento das clases populares pola neglixencia dun goberno de concertaci\u00f3n vendido ao capital, \u00e9 hora dunha nova Transici\u00f3n na que a creaci\u00f3n dun bloque social popular integrado polo movemento 15M, o movemento obreiro, os distintos movementos que reclaman unha rep\u00fablica espa\u00f1ola e os movementos soberanistas das naci\u00f3ns sen estado conformen unha \u00fanica fronte com\u00fan que retome o programa b\u00e1sico que a Transici\u00f3n dos anos setenta traizoou: democracia real, xustiza social e dereitos nacionais.<\/p>\n<p style=\"margin-top: 0.2cm; margin-bottom: 0cm; line-height: 150%;\" align=\"JUSTIFY\">\n<p style=\"margin-top: 0.2cm; margin-bottom: 0cm; line-height: 150%;\" align=\"JUSTIFY\"><b>Convergencia cara a un nuevo proceso constituyente.<\/b><\/p>\n<p style=\"margin-top: 0.2cm; margin-bottom: 0cm; line-height: 150%;\" align=\"JUSTIFY\">En todos los an\u00e1lisis que he escrito sobre el tema 15M siempre insist\u00ed en lo mismo: para que ese movimiento fuese todav\u00eda m\u00e1s eficaz estaba abocado a converger (y digo converger no dejarse guiar) con el movimiento obrero y con la izquierda organizada. Debe quedar en el olvido lo ocurrido en las movilizaciones del pasado 12 de marzo en Vigo, con sus dos manifestaciones separadas por unos cuantos metros (una de trabajadores del Naval y otra del 15M), como muestra del desconocimiento mutuo de dos culturas de la izquierda que m\u00e1s ganar\u00edan actuando en com\u00fan. Lo acontecido ayer en Madrid con el caluroso recibimiento a la llamada Marcha Negra de mineros de diversos puntos del estado, despues de haber protagonizado, especialmente en Asturias, aut\u00e9nticas batallas con la polic\u00eda, est\u00e1 llamado a marcar un hito en este proceso de convergencia.<\/p>\n<p style=\"margin-top: 0.2cm; margin-bottom: 0cm; line-height: 150%;\" align=\"JUSTIFY\">Que la marcha acabase en un lugar emblem\u00e1tico para los movilizados alrededor del 15M como es la Puerta del Sol y que durante el pasacalles de los mineros por el centro de Madrid los miles de personas que los acompa\u00f1aban entonasen, indistintamente, lemas como \u00abque si, que si, que si nos representan\u00bb (uno de los c\u00e1nticos por antonomasia del 15M) y \u00absi esto no se arregla, guerra, guerra, guerra\u00bb (lema cl\u00e1sico donde los haya de las movilizaciones obreras), indica que el proceso de hibridaci\u00f3n ya est\u00e1 en marcha.<\/p>\n<p style=\"margin-top: 0.2cm; margin-bottom: 0cm; line-height: 150%;\" align=\"JUSTIFY\">Que todo esto sucediese en el momento en que el Estado espa\u00f1ol era oficialmente intervenido y en la v\u00edspera de un anuncio de recortes brutales, privatizaciones y subida del IVA tambi\u00e9n para los productos b\u00e1sicos (una nueva aplicaci\u00f3n de la doctrina del Shock) indica que esa unidad llega en el momento preciso.<\/p>\n<p style=\"margin-top: 0.2cm; margin-bottom: 0cm; line-height: 150%;\" align=\"JUSTIFY\">Las portadas de los peri\u00f3dicos de la derecha intentaban camuflar estes dos hechos con macabras portadas de pasados atentados de ETA, procurando retomar el aburrido discurso, de los tiempos de la euforia econ\u00f3mica, del enemigo interior y del revisionismo de la organizaci\u00f3n territorial del Estado y olvidando que la derogaci\u00f3n por el Tribunal de Derechos Humanos de Estrasburgo de la llamada Doctrina Parot (que impide la reducci\u00f3n legal de penas para los condenados a m\u00e1s de 30 a\u00f1os) non es m\u00e1s que otra muestra del grado de represi\u00f3n excepcional alcanzado por un poder judicial remiso, por otra banda, a permitir cualquier investigaci\u00f3n sobre el franquismo (a diferencia de Argentina que hace unos d\u00edas conden\u00f3 a Videla a 50 a\u00f1os de prisi\u00f3n).<\/p>\n<p style=\"margin-top: 0.2cm; margin-bottom: 0cm; line-height: 150%;\" align=\"JUSTIFY\">En estos momentos de corrupci\u00f3n generalizada en la monarqu\u00eda (Urdangarin y Elena de Borb\u00f3n), en la judicatura (D\u00edvar), en los poderes pol\u00edticos (G\u00fcrtel), empresariales (Bankia, NoCaGa), eclesi\u00e1sticos (C\u00f3dice Calixtino); en estos momentos en que es m\u00e1s apropiado hablar de r\u00e9gimen que de democracia (el rey presidiendo Consejos de ministros, la pasokizaci\u00f3n del PSOE a trav\u00e9s de la \u00aboposici\u00f3n responsable\u00bb rubalcabiana); en estos momentos de aut\u00e9ntica putrefacci\u00f3n de las instituciones es preciso trabajar en el horizonte de un nuevo proceso constituyente.<\/p>\n<p style=\"margin-top: 0.2cm; margin-bottom: 0cm; line-height: 150%;\" align=\"JUSTIFY\">El ciclo iniciado con la Transici\u00f3n del franquismo est\u00e1 acabando en rotundo fracaso. Hoy, cuando seguimos claramente la senda griega de empobrecimiento de las clases populares por la negligencia de un gobierno de concertaci\u00f3n vendido al capital, es hora de una nueva Transici\u00f3n en la que la creaci\u00f3n de un bloque social popular integrado por el movimiento 15M, el movimiento obrero, los distintos movimientos que reclaman una rep\u00fablica espa\u00f1ola y los movimientos soberanistas de las naciones sin estado conformen un \u00fanico frente com\u00fan que retome el programa b\u00e1sico que la Transici\u00f3n de los a\u00f1os setenta traicion\u00f3: democracia real, justicia social y derechos nacionales.<\/p>\n<p style=\"margin-top: 0.2cm; margin-bottom: 0cm; line-height: 150%;\" align=\"JUSTIFY\">\n","protected":false},"excerpt":{"rendered":"<p><p style='margin-top: 0.2cm; margin-bottom: 0cm; line-height: 150%;' align='JUSTIFY'>Nestes momentos de corrupci\u00f3n xeralizada na monarqu\u00eda, na xudicatura, nos poderes pol\u00edticos, empresariais, eclesi\u00e1sticos; nestes momentos en que c\u00f3mpre m\u00e1is falar de r\u00e9xime que de democracia; nestes momentos de aut\u00e9ntica putrefacci\u00f3n das instituci\u00f3ns \u00e9 preciso traballar no horizonte dun novo proceso constitu\u00ednte.<\/p>\n<p style='margin-top: 0.2cm; margin-bottom: 0cm; line-height: 150%;' align='JUSTIFY'>En estos momentos de corrupci\u00f3n generalizada en la monarqu\u00eda, en la judicatura, en los poderes pol\u00edticos, empresariales y eclesi\u00e1sticos; en estos momentos en que es m\u00e1s apropiado hablar de r\u00e9gimen que de democracia; en estos momentos de aut\u00e9ntica putrefacci\u00f3n de las instituciones es preciso trabajar en el horizonte de un nuevo proceso constituyente.<\/p><\/p>\n","protected":false},"author":9,"featured_media":1963,"comment_status":"open","ping_status":"open","sticky":false,"template":"","format":"standard","meta":{"footnotes":""},"categories":[13],"tags":[],"class_list":["post-1962","post","type-post","status-publish","format-standard","has-post-thumbnail","hentry","category-la-izquierda-a-debate"],"aioseo_notices":[],"_links":{"self":[{"href":"https:\/\/espai-marx.net\/index.php?rest_route=\/wp\/v2\/posts\/1962","targetHints":{"allow":["GET"]}}],"collection":[{"href":"https:\/\/espai-marx.net\/index.php?rest_route=\/wp\/v2\/posts"}],"about":[{"href":"https:\/\/espai-marx.net\/index.php?rest_route=\/wp\/v2\/types\/post"}],"author":[{"embeddable":true,"href":"https:\/\/espai-marx.net\/index.php?rest_route=\/wp\/v2\/users\/9"}],"replies":[{"embeddable":true,"href":"https:\/\/espai-marx.net\/index.php?rest_route=%2Fwp%2Fv2%2Fcomments&post=1962"}],"version-history":[{"count":0,"href":"https:\/\/espai-marx.net\/index.php?rest_route=\/wp\/v2\/posts\/1962\/revisions"}],"wp:featuredmedia":[{"embeddable":true,"href":"https:\/\/espai-marx.net\/index.php?rest_route=\/wp\/v2\/media\/1963"}],"wp:attachment":[{"href":"https:\/\/espai-marx.net\/index.php?rest_route=%2Fwp%2Fv2%2Fmedia&parent=1962"}],"wp:term":[{"taxonomy":"category","embeddable":true,"href":"https:\/\/espai-marx.net\/index.php?rest_route=%2Fwp%2Fv2%2Fcategories&post=1962"},{"taxonomy":"post_tag","embeddable":true,"href":"https:\/\/espai-marx.net\/index.php?rest_route=%2Fwp%2Fv2%2Ftags&post=1962"}],"curies":[{"name":"wp","href":"https:\/\/api.w.org\/{rel}","templated":true}]}}