{"id":1979,"date":"2012-09-03T00:00:00","date_gmt":"2012-09-03T00:00:00","guid":{"rendered":"https:\/\/espai-marx.net\/?p=1979"},"modified":"2020-02-20T12:58:43","modified_gmt":"2020-02-20T11:58:43","slug":"muchos-y-organizados","status":"publish","type":"post","link":"https:\/\/espai-marx.net\/?p=1979","title":{"rendered":"Muchos y organizados"},"content":{"rendered":"<p style=\"margin-top: 0.2cm; margin-bottom: 0cm; line-height: 150%;\" align=\"JUSTIFY\"><strong>La respuesta actual la veo <\/strong><strong>muy parecida para la actual izquierda socialdem\u00f3crata institucional<\/strong>. Me refiero a casi toda la que est\u00e1 a la izquierda del PSOE. Desde el dirigente Lafontaine en Alemania, pasando por la mayor\u00eda de IU o el Front de Gauche de Melenchon en Francia, sus programas ocupan el espacio abandonado por la 2\u00aa Internacional socialdemocrata. Esta socialdemocracia, ya en los 80, se pas\u00f3 al liberalismo imperialista y corrupto y su espacio lo fueron ocuparon partidos que ayer eran mas de izquierdas (PCE-IU, ERC, BNG, etc). La otra izquierda, la mas anticapitalista y no institucional, sigue hoy dispersa en varios movimientos sociales, con muchos mas efectivos a\u00fan en el movimiento obrero que en el ecologista, feminista, antirracista o pacifista. Pero esta izquierda no dispone de un pa\u00eds que haga de ejemplo multiplicador, con una internacional que nos una (la quinta), y por no tener, no tenemos ni huelgas europeas con estos actuales sindicatos mayoritarios europeos (la CES), y aunque esta izquierda si ha logrado impulsar fechas importantes de movilizaci\u00f3n internacional (el 15\/2\/2003 fue la mayor, en 80 pa\u00edses contra la guerra a Irak), impulsar el movimiento antiglobalizaci\u00f3n, las protestas estudiantiles, las alternativas o por el derecho a la vivienda o el 15 M el \u00faltimo a\u00f1o.<\/p>\n<p style=\"margin-top: 0.2cm; margin-bottom: 0cm; line-height: 150%;\" align=\"JUSTIFY\"><strong>Sobre el papel, los programas electorales socialdem\u00f3cratas ante la crisis, a\u00fan parecen poder mantener el estado del bienestar<\/strong>, aunque personalmente creo que con el nivel de fraude fiscal actual y con la gran fuga de capitales (200 mil M de \u20ac en 12 meses salen del pa\u00eds), creo que no habr\u00e1 recursos en el sistema capitalista para redistribuir con m\u00e1s impuestos. <strong>Solo si se act\u00faa sobre la gran propiedad y contra el movimiento libre de capitales, creo que podremos empezar a ver una salida. <\/strong><\/p>\n<p style=\"margin-top: 0.2cm; margin-bottom: 0cm; line-height: 150%;\" align=\"JUSTIFY\"><strong>Estamos ante un cambio de \u00e9poca, y el poder financiero ha impuesto su constituci\u00f3n neoliberal en la UE<\/strong> y enormes sanciones si incumples en la OMC y no hay soberan\u00eda sin desconectarse de ese embrollo legal. La globalizaci\u00f3n actual es una dictadura financiera contra los m\u00ednimos democr\u00e1ticos que puede decidir un pueblo. Ellos defraudan en para\u00edsos fiscales mucho mas de 20 billones de euros. Esto, junto al poder militar de la OTAN, con sus guerras geoestrat\u00e9gicas para la garantizar recursos (petr\u00f3leo, gas, minerales, agua, etc), nos han cambiado las reglas del juego respecto a las que hab\u00eda cuando el otro bloque (llamado socialista no democr\u00e1tico) apoyaba a las otras soberan\u00edas nacionales que pod\u00edan surgir.<\/p>\n<p style=\"margin-top: 0.2cm; margin-bottom: 0cm; line-height: 150%;\" align=\"JUSTIFY\"><strong>La poblaci\u00f3n actual del estado espa\u00f1ol no quiere o no se atreve a romper con el sistema y la prueba esta en los resultados electorales en varios lugares de Europa<\/strong>. Pero, aunque lo lograsen algunos con unas nuevas siglas, como pudo ser en Grecia, no tenemos esa correlaci\u00f3n real entre el pueblo, con otra cultura sociopol\u00edtica, estructurada en costumbres cotidianas diferentes al ego\u00edsmo dominante. Esta contradicci\u00f3n no es la \u00fanica. Muchos volver\u00e1n a ser absorbidos por pol\u00edticas del gran consenso.<\/p>\n<p style=\"margin-top: 0.2cm; margin-bottom: 0cm; line-height: 150%;\" align=\"JUSTIFY\">Nos vender\u00e1n un pacto social entre PP PSOE CiU PNV &#8230;.para salir de esta crisis tan diferente. Creo que ni obedeciendo a la Europa alemana, <strong>ni con mas deuda con quita para sus beneficios, saldremos<\/strong>. La l\u00f3gica de recuperar tasa de beneficio har\u00e1 que no se podr\u00e1 frenar la tendencia de paro y precariedad.<\/p>\n<p style=\"margin-top: 0.2cm; margin-bottom: 0cm; line-height: 150%;\" align=\"JUSTIFY\"><strong>Sin romper con el FMI, BCE y con esta UE, no creo que la salida sea favorable para los de abajo y desgraciadamente<\/strong>, pocos lideres, pocos, se atreven a enfrentarse al poder real como Correa, el presidente de Ecuador, que con la sexta renegociaci\u00f3n de la deuda, logro grandes recursos para sanidad y educaci\u00f3n, o a vivir como M\u00fagica, el presidente de Uruguay con el gran ejemplo de vida anticonsumista y ecologista.<\/p>\n<p style=\"margin-top: 0.2cm; margin-bottom: 0cm; line-height: 150%;\" align=\"JUSTIFY\"><strong>La suma de los partidos anticapitalista actuales tampoco crear\u00e1 hoy un referente, pero si que es muy \u00fatil apostar por la coordinaci\u00f3n de todos los que lo deseen para esa inmensa tarea de crear desde abajo lo nuevo<\/strong>.<br \/>\n<strong>No ser\u00e1 tampoco ninguna alternativa en Catalunya una copia de Siryza<\/strong>, con una suma de las siglas a la izquierda del PSC, viendo lo que sucede ya hoy en Andaluc\u00eda, y sucedi\u00f3 ayer en Euskadi o en Catalunya con el tripartit. As\u00ed solo volver\u00e1n a ser los monaguillos del PSOE neoliberal.<\/p>\n<p style=\"margin-top: 0.2cm; margin-bottom: 0cm; line-height: 150%;\" align=\"JUSTIFY\">Los j\u00f3venes lo han visto en las plazas del 15 M, en los debates p\u00fablicos, donde los liberados sindicales y los pol\u00edticos institucionales recib\u00edan varias broncas por sus pr\u00e1cticas acomodadas al sistema (vivieron de la burbuja y fueron una parte mas del sistema capitalista). Por ello cantaban \u201cNo nos representan\u201d o \u201cle llaman democracia y no lo es\u201d. Ante esto debemos recuperar una izquierda coherente, <strong>uniendo lo que se dice y lo que se hace, no participando en los gobiernos. <\/strong><\/p>\n<p style=\"margin-top: 0.2cm; margin-bottom: 0cm; line-height: 150%;\" align=\"JUSTIFY\"><strong>El error mas repetido es recaer en un institucionalismo dominado por unos profesionales de la pol\u00edtica que han hecho de los partidos revolucionarios agencias electorales<\/strong>. Por ello, sin que las izquierdas construyan juntas una cultura cotidiana de ayuda mutua, de praxis no individualista, y que cale entre la mayor\u00eda trabajadora, no hay salida. Una organizaci\u00f3n estable, plural y unitaria de miles de asambleas, como esboza el 15 M, implicando a cientos de miles de trabajadores en la pol\u00edtica, es lo necesario para afrontar el cambio necesario de sistema.<\/p>\n<p style=\"margin-top: 0.2cm; margin-bottom: 0cm; line-height: 150%;\" align=\"JUSTIFY\"><strong>La idea de un Frente Popular o c\u00edvico debe ser no institucional<\/strong>, con colectivos en cada barrio o empresa y as\u00ed, despu\u00e9s de un largo periodo de experiencias pr\u00e1cticas que cambien la cultura consumista insostenible y dominante, surgir\u00e1 el sujeto masivo que necesitamos. La clase en si y para si, solo vendr\u00e1 tras la acumulaci\u00f3n de fuerzas.<\/p>\n<p style=\"margin-top: 0.2cm; margin-bottom: 0cm; font-weight: normal; line-height: 150%;\" align=\"JUSTIFY\">Las personas que prefieren el trabajo en la base, antes que estar en una candidatura y llegar a un cargo acomodado, son las que deber\u00edan ser las elegidas como representantes del movimiento unitario. Si las candidaturas se hicieran ordenadas por sorteo, en las asambleas, estar\u00edamos en el camino de practicar otro ejemplo al vivido desde la transici\u00f3n. Nos vendieron que la democracia representativa se profundizar\u00eda despu\u00e9s en lo social con los a\u00f1os, y ahora empieza a ver la multitud quienes mandan realmente en el sistema capitalista.<\/p>\n<p style=\"margin-top: 0.2cm; margin-bottom: 0cm; font-weight: normal; line-height: 150%;\" align=\"JUSTIFY\">Las izquierdas anticapitalistas debemos realizar esta lenta tarea de construir grupos de base, articulando todos los que se crean en empresas o barrios, bajo diversas siglas o sin ninguna, pero uniendo de forma estable a los que est\u00e1n por defender realmente las necesidades de los trabajadores y de la mayor\u00eda. Se nos volver\u00e1n a colar vividores de lo social, pero ya tenemos mucha mas experiencia que en el pasado clandestino.<\/p>\n<p style=\"margin-top: 0.2cm; margin-bottom: 0cm; line-height: 150%;\" align=\"JUSTIFY\"><strong>Somos muchos los que pensamos que as\u00ed empezaremos a construir, mas lento pero mejor,<\/strong> y a no pensar en atajos de coaliciones electorales que no tienen correlaci\u00f3n de fuerzas real. Sin renunciar a lo institucional, lo primero es crear el tejido social-cultural, ya que sin \u00e9l, no nos defendernos ni de los ataques fascistas como sucede en Grecia a pesar del 30% de votos. <strong>Sino vivimos de otra forma la pr\u00e1ctica de la pol\u00edtica, sin incorporar a miles a otras relaciones sociales, no avanzamos. <\/strong><\/p>\n<p style=\"margin-top: 0.2cm; margin-bottom: 0cm; line-height: 150%;\" align=\"JUSTIFY\"><strong>Deberemos continuar saliendo a la calle, el 15 M o el 15 de Octubre, en la Huelga general del 29M o el 19J o el 26 sept en Euskadi,<\/strong> o haciendo como en Francia grandes bloqueos, o como las 14 huelgas generales de Grecia, pero con todo ello, vemos que no cambia la perspectiva de superar el sistema europeo dominante, porque no hay un tejido social masivo y organizado aut\u00f3nomamente.<\/p>\n<p style=\"margin-top: 0.2cm; margin-bottom: 0cm; font-weight: normal; line-height: 150%;\" align=\"JUSTIFY\">Llamarse de izquierdas y querer superar el capitalismo, debe implicar construir espacios de socialismo democr\u00e1tico, en asambleas de libres e iguales, practicando de un modo diferente a lo que hoy se llama pol\u00edtica. Esto significa trabajar de forma horizontal en barrios, impulsando en las empresa un sindicato de clase unitario, donde no decide el comit\u00e9 ni el sindicato, sino los trabajadores tras el debate en asamblea.<\/p>\n<p style=\"margin-top: 0.2cm; margin-bottom: 0cm; line-height: 150%;\" align=\"JUSTIFY\">Los grupos no subvencionados por la vivienda, por la sanidad, por la ense\u00f1anza, o las cooperativas, etc, <strong>deben tener la voluntad de coordinarse con las otras experiencias. <\/strong><\/p>\n<p style=\"margin-top: 0.2cm; margin-bottom: 0cm; line-height: 150%;\" align=\"JUSTIFY\"><strong>Vincular movimiento obrero y movimientos sociales ser\u00e1 una tarea de todos.<\/strong> <strong>Hay buenos ejemplos en las candidaturas del Vall\u00e9s o en algunas de las CUPs que ya lo han hecho, pero lo cierto es que sin muchos municipios como Marinaleda, sin largas luchas como la de Sintel o la de los mineros, no surgir\u00e1 lo nuevo.<\/strong><\/p>\n<p style=\"margin-top: 0.2cm; margin-bottom: 0cm; font-weight: normal; line-height: 150%;\" align=\"JUSTIFY\">Desgraciadamente, hoy con la cultura dominante, el liberado sindical, el concejal o el diputado, cuando salen del cargo, a\u00fan piensan a que otro cargo ir\u00e1n. Por ello, ejemplos como el de sindicatos como co.bas, donde no hay ni liberados ni subvenciones, son lo primero a practicar. Coordinarse con todo el que quiera, de forma estable, como en la coordinadora laboral 15M o en los encuentros estatales de sindicalismo de clase alternativo ser\u00eda un paso. Lo mismo en Europa, coordinaci\u00f3n estable del sindicalismo combativo griego, italiano, franc\u00e9s y portugu\u00e9s para empezar. (somos los pa\u00edses con intereses similares ya que pagamos a los otros, los que viven de cobrar la deuda generada por sus burbujas).<\/p>\n<p style=\"margin-top: 0.2cm; margin-bottom: 0cm; line-height: 150%;\" align=\"JUSTIFY\"><strong>Construir miles de experiencias por la base, coordinarlas de formas unitarias, horizontales y democraticas, intentando implicar en la pol\u00edtica transformadora a millones de personas<\/strong>, para despu\u00e9s, as\u00ed, por fin, tener una correlaci\u00f3n de fuerzas y pararles los pies. Este es el inicio del camino para recuperar los derechos y construir el nuevo sistema social. Lo haremos con todos los que respeten nuestra soberan\u00eda, que apuesten por la republica y apoyen con fuerza la autodeterminaci\u00f3n de los pueblos de nuestro estado plurinacional. La tarea de la izquierda es crear tejido, y el como se hace, es mucho mas importante para que este sea sostenible y alternativo. Ser rojos en red, desde la base, con una praxis ejemplo de actividad social, y esforzarnos por estar todos coordinados para resistir y crear la alternativa.<\/p>\n<p style=\"margin-top: 0.2cm; margin-bottom: 0cm; font-weight: normal; line-height: 150%;\" align=\"JUSTIFY\">\n","protected":false},"excerpt":{"rendered":"<p style='margin-top: 0.2cm; margin-bottom: 0cm; line-height: 150%;' align='JUSTIFY'>Construir miles de experiencias por la base, coordinarlas de formas unitarias, horizontales y democraticas, intentando implicar en la pol\u00edtica transformadora a millones de personas, para despu\u00e9s, as\u00ed, por fin, tener una correlaci\u00f3n de fuerzas y pararles los pies. Este es el inicio del camino para recuperar los derechos y construir el nuevo sistema social<\/p>\n","protected":false},"author":9,"featured_media":1980,"comment_status":"open","ping_status":"open","sticky":false,"template":"","format":"standard","meta":{"footnotes":""},"categories":[13],"tags":[],"class_list":["post-1979","post","type-post","status-publish","format-standard","has-post-thumbnail","hentry","category-la-izquierda-a-debate"],"aioseo_notices":[],"_links":{"self":[{"href":"https:\/\/espai-marx.net\/index.php?rest_route=\/wp\/v2\/posts\/1979","targetHints":{"allow":["GET"]}}],"collection":[{"href":"https:\/\/espai-marx.net\/index.php?rest_route=\/wp\/v2\/posts"}],"about":[{"href":"https:\/\/espai-marx.net\/index.php?rest_route=\/wp\/v2\/types\/post"}],"author":[{"embeddable":true,"href":"https:\/\/espai-marx.net\/index.php?rest_route=\/wp\/v2\/users\/9"}],"replies":[{"embeddable":true,"href":"https:\/\/espai-marx.net\/index.php?rest_route=%2Fwp%2Fv2%2Fcomments&post=1979"}],"version-history":[{"count":0,"href":"https:\/\/espai-marx.net\/index.php?rest_route=\/wp\/v2\/posts\/1979\/revisions"}],"wp:featuredmedia":[{"embeddable":true,"href":"https:\/\/espai-marx.net\/index.php?rest_route=\/wp\/v2\/media\/1980"}],"wp:attachment":[{"href":"https:\/\/espai-marx.net\/index.php?rest_route=%2Fwp%2Fv2%2Fmedia&parent=1979"}],"wp:term":[{"taxonomy":"category","embeddable":true,"href":"https:\/\/espai-marx.net\/index.php?rest_route=%2Fwp%2Fv2%2Fcategories&post=1979"},{"taxonomy":"post_tag","embeddable":true,"href":"https:\/\/espai-marx.net\/index.php?rest_route=%2Fwp%2Fv2%2Ftags&post=1979"}],"curies":[{"name":"wp","href":"https:\/\/api.w.org\/{rel}","templated":true}]}}