{"id":1981,"date":"2012-08-27T00:00:00","date_gmt":"2012-08-26T23:00:00","guid":{"rendered":"https:\/\/espai-marx.net\/?p=1981"},"modified":"2023-02-04T06:55:56","modified_gmt":"2023-02-04T05:55:56","slug":"fallece-el-historico-filosofo-comunista-paco-fernandez-buey","status":"publish","type":"post","link":"https:\/\/espai-marx.net\/?p=1981","title":{"rendered":"Fallece el hist\u00f3rico fil\u00f3sofo comunista Paco Fern\u00e1ndez Buey"},"content":{"rendered":"<p>El hist\u00f3rico militante y fil\u00f3sofo comunista Francisco Fern\u00e1ndez Buey, uno de los cofundadores de Izquierda Unida, <strong>falleci\u00f3 este s\u00e1bado a los 69 a\u00f1os.<\/strong><\/p>\n<p><strong>Impart\u00eda una c\u00e1tedra de Filosof\u00eda<\/strong> del Derecho, Moral y Pol\u00edtica en la Univesidad Pompeu Fabra, en Barcelona. Adem\u00e1s, ha sido autor de diversos ensayos: &#8216;Lenin&#8217;, &#8216;Ensayos sobre Gramsci&#8217;, &#8216;Contribuci\u00f3n a la cr\u00edtica del marxismo cientificista&#8217; o &#8216;La ilusi\u00f3n del m\u00e9todo&#8217;, entre otros.<\/p>\n<p>Fern\u00e1ndez<strong> fue expulsado de la universidad en 1966 por su activismo antifranquista<\/strong>, a\u00f1o en que fund\u00f3 el Sindicato Democr\u00e1tico de Estudiantes en la Universidad de Barcelona, y fue militante del Partit Socialista Unificat de Catalunya, la rama catalana del PCE.<\/p>\n<p>Posteriormente, estuvo entre los delegados del congreso fundacional de Izquierda Unida. Desde este partido <a href=\"https:\/\/twitter.com\/iunida\/status\/239435684346208257\">han transmitido ya sus condolencias<\/a>: &#8216;Lamentamos profundamente el fallecimiento de Paco Fern\u00e1ndez Buey. <strong>El pensamiento emancipador pierde a una de sus mejores cabezas&#8217;. <\/strong>La formaci\u00f3n Izquierda Anticapitalista tambi\u00e9n ha querido transmitir un mensaje &#8216;en memoria de Paco Fern\u00e1ndez Buey. Que la tierra te sea leve compa\u00f1ero&#8217;.<\/p>\n<p>Fern\u00e1ndez tambi\u00e9n ha destacado por su ingente producci\u00f3n de art\u00edculos, ya que este catedr\u00e1tico ha colaborado con los principales medios de comunicaci\u00f3n del pa\u00eds, <a href=\"http:\/\/blogs.publico.es\/dominiopublico\/category\/francisco-fernandez-buey\/\">inclu\u00eddo el diario P\u00fablico<\/a>. Tambi\u00e9n ha publicado diversos <a href=\"http:\/\/books.google.es\/books\/about\/Ni_Tribunos.html?hl=es&amp;id=9-6n3tWF53cC\" target=\"_blank\" rel=\"noopener noreferrer\">libros de tem\u00e1tica altermundialista, ecologista y marxista<\/a>.<\/p>\n<p>Su cuerpo estar\u00e1 <strong>a partir de las 15.00 horas del domingo en el tanatorio de Les Corts<\/strong>, el mismo lugar en el que ma\u00f1ana lunes se celebrar\u00e1 un acto de despedida en honor de Fern\u00e1ndez Buey, a las 13.00 horas.<\/p>\n","protected":false},"excerpt":{"rendered":"<p>El hist\u00f3rico militante y fil\u00f3sofo comunista Francisco Fern\u00e1ndez Buey, uno de los cofundadores de Izquierda Unida, falleci\u00f3 este s\u00e1bado a<\/p>\n","protected":false},"author":9,"featured_media":1982,"comment_status":"open","ping_status":"open","sticky":false,"template":"","format":"standard","meta":{"footnotes":""},"categories":[8,1948],"tags":[1002,1030],"class_list":["post-1981","post","type-post","status-publish","format-standard","has-post-thumbnail","hentry","category-filosofia","category-francisco-fernandez-buey","tag-francisco-fernandez-buey","tag-obituario"],"aioseo_notices":[],"_links":{"self":[{"href":"https:\/\/espai-marx.net\/index.php?rest_route=\/wp\/v2\/posts\/1981","targetHints":{"allow":["GET"]}}],"collection":[{"href":"https:\/\/espai-marx.net\/index.php?rest_route=\/wp\/v2\/posts"}],"about":[{"href":"https:\/\/espai-marx.net\/index.php?rest_route=\/wp\/v2\/types\/post"}],"author":[{"embeddable":true,"href":"https:\/\/espai-marx.net\/index.php?rest_route=\/wp\/v2\/users\/9"}],"replies":[{"embeddable":true,"href":"https:\/\/espai-marx.net\/index.php?rest_route=%2Fwp%2Fv2%2Fcomments&post=1981"}],"version-history":[{"count":0,"href":"https:\/\/espai-marx.net\/index.php?rest_route=\/wp\/v2\/posts\/1981\/revisions"}],"wp:featuredmedia":[{"embeddable":true,"href":"https:\/\/espai-marx.net\/index.php?rest_route=\/wp\/v2\/media\/1982"}],"wp:attachment":[{"href":"https:\/\/espai-marx.net\/index.php?rest_route=%2Fwp%2Fv2%2Fmedia&parent=1981"}],"wp:term":[{"taxonomy":"category","embeddable":true,"href":"https:\/\/espai-marx.net\/index.php?rest_route=%2Fwp%2Fv2%2Fcategories&post=1981"},{"taxonomy":"post_tag","embeddable":true,"href":"https:\/\/espai-marx.net\/index.php?rest_route=%2Fwp%2Fv2%2Ftags&post=1981"}],"curies":[{"name":"wp","href":"https:\/\/api.w.org\/{rel}","templated":true}]}}