{"id":1983,"date":"2012-08-27T00:00:00","date_gmt":"2012-08-26T23:00:00","guid":{"rendered":"https:\/\/espai-marx.net\/?p=1983"},"modified":"2023-02-04T06:55:41","modified_gmt":"2023-02-04T05:55:41","slug":"en-la-muerte-de-un-imprescindible-filosofo-gramsciano","status":"publish","type":"post","link":"https:\/\/espai-marx.net\/?p=1983","title":{"rendered":"En la muerte de un imprescindible fil\u00f3sofo gramsciano"},"content":{"rendered":"<p>No es una necrol\u00f3gica; no tengo suficiente serenidad para escribirla en estos momentos. Es una mala, una muy dolorosa noticia que nunca hubiera deseado escribir: Francisco Fern\u00e1ndez Buey, amigo, compa\u00f1ero, profesor, maestro de muchos y muchas de nosotros y nosotras, ha fallecido hace apenas dos horas, en la tarde de este s\u00e1bado 25 de agosto.<\/p>\n<p>Como todos los grandes, no es posible decir nada justo de \u00e9l en 30, 40 o en 200 l\u00edneas. \u00bfQui\u00e9n fue, qu\u00e9 fue Francisco Fern\u00e1ndez Buey? Entre mil cosas m\u00e1s, una gran, una excelente persona (machadianamente dicho: una buena persona); un fil\u00f3sofo como pocos lo han sido, desde su privilegiado cerebro, su hermosa voz y sus manos hasta su alma m\u00e1s profunda; un profesor inolvidable; un Maestro de estudiantes y ciudadanos; un ecologista antinuclear; un amigo del alma, como hemos dicho en tantas ocasiones; uno de los imprescindibles (no es cortes\u00eda ni la exageraci\u00f3n a \u00e9l debida); un comunista democr\u00e1tico, un enorme gramsciano comprometido con todas las causas nobles de este mundo &#8216;grande y terrible&#8217; en el que resisti\u00f3, pens\u00f3, luch\u00f3, am\u00f3, ayud\u00f3 y combati\u00f3 como pocos lo han hecho. Y hasta el final de sus d\u00edas, como su compa\u00f1era Neus Porta, recientemente fallecida tambi\u00e9n.<\/p>\n<p>El 9 de marzo de 2012 me escrib\u00eda sin perder detalle de lo fundamental. Era atributo esencial de su ser, marca de su inmensa y generosa casa:<\/p>\n<p>&#8216;Gracias, Salva. S\u00ed, le\u00ed la carta de la hija de D.Ch. [Dimitris Christoulas]. En El Pa\u00eds de hoy sale un buen art\u00edculo de Almudena Grandes sobre el asunto. Ya la noticia del suicidio, con la nota que dej\u00f3, me conmocion\u00f3. Y realmente es uno de esos acontecimientos que hacen pensar en cosas en las que casi nunca pensamos: es la misma Grecia de la que estaban enamorados los alemanes cultos de todos los siglos&#8230; pero tambi\u00e9n son los mismos Irak e Ir\u00e1n, donde nacieron casi todas las leyendas importantes de la historia de la humanidad. Pues bien: fuera del euro, fuera de Europa, fuera de la historia universal&#8230; Y alguien tiene que matarse para decirnos con su muerte algo as\u00ed como que esto es la vieja dignidad de los siglos olvidados. Parece que ten\u00edan raz\u00f3n los marxistas que dec\u00edan que el capitalismo niega por completo la historia&#8230; Me gustar\u00eda estar bien y poder concentrarme al pensar estas cosas. Te mando un abrazo grande, Paco&#8217;<\/p>\n<p>Dos meses m\u00e1s tarde me comentaba un encuentro inesperado:<\/p>\n<p>&#8216;Te llamar\u00e9 durante el fin de semana, querido Salva. Una noticia que te har\u00e1 gracia. Esta ma\u00f1ana, mientras estaban dando con paseo con Eloy por el parque de Villa Amelia, a doscientos metros de casa, voy y me encuentro, \u00bfcon qui\u00e9n?: con Julio Anguita, al que no ve\u00eda desde hace a\u00f1os y que, por lo que me ha contado, presentaba un libro esta tarde en Barcelona y le hab\u00edan alojado en un hotel de aqu\u00ed al lado. Hemos estado comentado la situaci\u00f3n a la que se ha llegado y recordando, no sin cierta a\u00f1oranza, otros tiempos mejores&#8230; En fin, as\u00ed es la vida, tan llena ella de cosas inesperadas. Un abrazo grande, Paco&#8217;<\/p>\n<p>El 23 de junio me escrib\u00eda de nuevo. Me hablaba de otra de sus grandes debilidades, Walter Benjamin:<\/p>\n<p>&#8216;Gracias, Salva. Estos d\u00edas, con la medicaci\u00f3n que me dijo la onc\u00f3loga, estoy mejor. He vuelto a salir a dar algunos paseos por las proximidades y el dolor vuelve a estar controlado&#8230; No te puedo ayudar en lo de H.B [H\u00e9ctor Babiano]. S\u00ed recuerdo haber o\u00eddo hablar de \u00e9l a Quim Sempere y a Dolors Folch hace muchos, muchos a\u00f1os. Creo que alguno de los dos (o el mismo Jordi Borja) te puede dar detalles. Por cierto, una de cosas asombrosas que vienen ocurriendo en los \u00faltimos tiempos es que los archivos de la brigada pol\u00edtico-social en Barcelona, de los que se dijo (cuando los ped\u00edamos los rojos) que hab\u00edan desaparecido, &#8216;aparecen convenientemente&#8217; en manos igualmente convenientes cuando conviene. Esto me recuerda algo que escrib\u00eda Walter Benjamin en las llamadas tesis sobre la historia sobre los perdedores y la muerte&#8230; pero, bueno, no nos pongamos tristes. Te mando un abrazo grande, Paco&#8217;<\/p>\n<p>A\u00f1ad\u00eda: &#8216;Javier Aguilera [un amigo y compa\u00f1ero de IU de Ja\u00e9n] me ha mandado una camiseta con el indio Ger\u00f3nimo de las de las &#8216;citas secretas&#8217;. Le tengo que dar las gracias, pero antes querr\u00eda encontrar una foto en la que se ve un cartel enorme de Ger\u00f3nimo que ten\u00edamos en una de las paredes de casa y en la que est\u00e1 adem\u00e1s Eloy [Fern\u00e1ndez Porta] reci\u00e9n nacido&#8230; Tempora!!!&#8217;<\/p>\n<p>El 6 de julio volv\u00eda hablarme de Jorge Riechmann, del mundo y de las dificultades para entender algunos de sus nudos esenciales:<\/p>\n<p>&#8216;Querido Salva, Gracias por el mensaje y por tus amables palabras. Efectivamente, estoy algo mejor. Ma\u00f1ana tengo la &#8216;simulaci\u00f3n&#8217; para la radioterapia, en la Plat\u00f3n, y por la tarde seguramente sabr\u00e9 a qu\u00e9 atenerme sobre la sesiones. Te llamar\u00e9 por tel\u00e9fono ma\u00f1ana por la tarde y te dar\u00e9 noticias. Mientras tanto, y aunque con cierta dispersi\u00f3n, voy leyendo cosas, tomando notas y (cuando tengo fuerzas) escribiendo algo. Sigo las novedades del mundo como puedo e intentando entender lo que dicen los economistas al respecto. La verdad es que cuesta entender este mundo y entenderles a ellos. Me lleg\u00f3 ayer el \u00faltimo &#8216;Topo&#8217; y entre otras cosas le\u00ed tu bondadosa rese\u00f1a de los &#8216;poemas inv\u00e1lidos&#8217; de Jorge. Por cierto, hoy estaba Jorge aqu\u00ed, en Barcelona, com\u00ed con \u00e9l y cambiamos impresiones.Te mando un abrazo grande y muchos recuerdos para Mercedes y Daniel, Paco&#8217;<\/p>\n<p>Nos vimos el \u00faltimo 14 de abril. Vino con su hermana Charo Fern\u00e1ndez Buey, a la plaza de los indignados, la tradicionalmente llamada &#8216;plaza de Catalunya&#8217;. Celebr\u00e1bamos un acto republicano. Tuvo la fuerza y generosidad de agradecerme un paso de una entrevista a Julio Anguita que rebeli\u00f3n public\u00f3 ese mismo d\u00eda:<\/p>\n<p>&#8216;SLA: Una cosa m\u00e1s: mientras le\u00eda sus respuestas he pensado varias veces en un amigo suyo que es tambi\u00e9n maestro, profesor y amigo m\u00edo. Le hablo de Francisco Fern\u00e1ndez Buey. Estoy seguro, completamente seguro, sin atisbo de duda que dir\u00eda otro maestro com\u00fan, que Paco suscribir\u00eda las cosas que usted ha ido se\u00f1alando. \u00bfLe importa que le dediquemos esta conversaci\u00f3n?<\/p>\n<p>J.A. No s\u00f3lo no me importa sino que es todo un honor&#8217;.<\/p>\n<p>Este mismo s\u00e1bado, 25 de agosto de 2012, se ha celebrado, como todos a\u00f1os, la liberaci\u00f3n de Par\u00eds de la ocupaci\u00f3n nazi. Por vez primera, si no ando errado, ha ondeado la bandera republicana, la tricolor, una de las pocas banderas en las que Paco Fern\u00e1ndez Buey se reconoci\u00f3 hasta el final de sus d\u00edas. La noticia, dudo si lleg\u00f3 a conocerla, le hubiera emocionado. En lo m\u00e1s hondo. Como a todas nosotras, como a todos nosotros.<\/p>\n<p>Amigo, camarada y compa\u00f1ero de Manuel Sacrist\u00e1n, Francisco Fern\u00e1ndez Buey \u2014un d\u00eda se present\u00f3 en una mesa redonda muy masculina como Paca Fern\u00e1ndez Buey\u2014 codirigi\u00f3 con \u00e9l una colecci\u00f3n inolvidable. &#8216;Hip\u00f3tesis&#8217; era su nombre; la edit\u00f3 Grijalbo a mediados de los setenta. Uno de los vol\u00famenes publicados fue la biograf\u00eda del inidio Ger\u00f3nimo que su amigo y camarada tradujo, present\u00f3 y anot\u00f3.<\/p>\n<p>Una de estas anotaciones de Sacrist\u00e1n mereci\u00f3 m\u00e1s de una vez su atenci\u00f3n, su comentario y su reflexi\u00f3n poli\u00e9tica como \u00e9l mismo sol\u00eda decir. Por \u00faltimo, escrib\u00eda Sacrist\u00e1n, &#8216;los indios por los que aqu\u00ed m\u00e1s nos interesamos son los que mejor conservan en los Estados Unidos sus lenguas, sus culturas, sus religiones incluso, bajo nombres cristianos que apenas disfrazan los viejos ritos. Y su ejemplo indica que tal vez no sea siempre verdad eso que, de viejo, afirmaba el mismo Ger\u00f3nimo, a saber, que no hay que dar batallas que se sabe perdidas. Es dudoso que hoy hubiera una consciencia apache si las bandas de Victorio y de Ger\u00f3nimo no hubieran arrostrado el calvario de diez a\u00f1os de derrotas admirables, ahora va a hacer un siglo&#8217;. Paco tambi\u00e9n cre\u00eda que hab\u00eda que dar batallas que se saben (o parecen) perdidas. Dio muchas en su vida. Nos ense\u00f1\u00f3 con ellas.<\/p>\n<p>Unos versos de Luis Cernuda \u2014no por muy conocidos menos sustantivos\u2014 eran muy de su agrado. Yo sol\u00eda repet\u00edrselos con frecuencia. Sonre\u00eda. &#8216;\u00a1Qu\u00e9 plomo! \u00a1Otra vez&#8217;, pensar\u00eda. Pero nunca me lo dijo. No puedo ni quiero dejar de recordarlos ahora. Hablan de \u00e9l, de su vida, de su historia, de lo que \u2014entre muchos otras cosas\u2014 le import\u00f3.<\/p>\n<p>&#8216;[&#8230;] Que aquella causa aparezca perdida,<br \/>\nnada importa;<br \/>\nQue tantos otros, pretendiendo fe en ella<br \/>\ns\u00f3lo atendieran a ellos mismos,<br \/>\nimporta menos.<br \/>\nLo que importa y nos basta es la fe de uno.<\/p>\n<p>Por eso otra vez hoy la causa te aparece<br \/>\ncomo en aquellos d\u00edas:<br \/>\nnoble y tan digna de luchar por ella.<br \/>\nY su fe, la fe aquella, \u00e9l la ha mantenido<br \/>\na trav\u00e9s de los a\u00f1os, la derrota,<br \/>\ncuando todo parece traicionarla.<br \/>\nMas esa fe, te dices, es lo que s\u00f3lo importa.<\/p>\n<p>Gracias, compa\u00f1ero, gracias<br \/>\npor el ejemplo. Gracias por que me dices<br \/>\nque el hombre es noble.<br \/>\nNada importa que tan pocos lo sean:<br \/>\nUno, uno tan s\u00f3lo basta<br \/>\ncomo testigo irrefutable<br \/>\nde toda la nobleza humana.&#8217;<\/p>\n<p>No s\u00e9 decir m\u00e1s por ahora. No puedo decir m\u00e1s. \u00a1Te hemos querido tanto, Paco! \u00a1Te queremos tanto, Paco!<\/p>\n<p>PS1. &#8216;Las redes sociales est\u00e1n llenas de p\u00e9sames y frases de amistad. \u00a1Qu\u00e9 pena!&#8217;, me comenta Manel M\u00e1rquez. &#8216;A la buena gente se las conoce \/en que resultan mejor cuando se las conoce&#8217;.<\/p>\n<p>PS2: Mi compa\u00f1era, la trabajadora social Mercedes Iglesias Serrano, me recuerda un e-mail que envi\u00f3 a sus amigos el 8 de abril de 2012. Dice as\u00ed: &#8216;Dimitris Christulas, 77 a\u00f1os, farmac\u00e9utico griego empobrecido por el uso capitalista de la crisis: \u00e9l s\u00ed dio su vida por nosotros, o sea, por vosotros&#8230; los agradecidos&#8217;.<\/p>\n<p><strong>* Disc\u00edpulo y amigo de Francisco Fern\u00e1ndez Buey <\/strong><\/p>\n","protected":false},"excerpt":{"rendered":"<p>No es una necrol\u00f3gica; no tengo suficiente serenidad para escribirla en estos momentos. Es una mala, una muy dolorosa noticia<\/p>\n","protected":false},"author":9,"featured_media":1984,"comment_status":"open","ping_status":"open","sticky":false,"template":"","format":"standard","meta":{"footnotes":""},"categories":[8,1948],"tags":[1002,1030],"class_list":["post-1983","post","type-post","status-publish","format-standard","has-post-thumbnail","hentry","category-filosofia","category-francisco-fernandez-buey","tag-francisco-fernandez-buey","tag-obituario"],"aioseo_notices":[],"_links":{"self":[{"href":"https:\/\/espai-marx.net\/index.php?rest_route=\/wp\/v2\/posts\/1983","targetHints":{"allow":["GET"]}}],"collection":[{"href":"https:\/\/espai-marx.net\/index.php?rest_route=\/wp\/v2\/posts"}],"about":[{"href":"https:\/\/espai-marx.net\/index.php?rest_route=\/wp\/v2\/types\/post"}],"author":[{"embeddable":true,"href":"https:\/\/espai-marx.net\/index.php?rest_route=\/wp\/v2\/users\/9"}],"replies":[{"embeddable":true,"href":"https:\/\/espai-marx.net\/index.php?rest_route=%2Fwp%2Fv2%2Fcomments&post=1983"}],"version-history":[{"count":0,"href":"https:\/\/espai-marx.net\/index.php?rest_route=\/wp\/v2\/posts\/1983\/revisions"}],"wp:featuredmedia":[{"embeddable":true,"href":"https:\/\/espai-marx.net\/index.php?rest_route=\/wp\/v2\/media\/1984"}],"wp:attachment":[{"href":"https:\/\/espai-marx.net\/index.php?rest_route=%2Fwp%2Fv2%2Fmedia&parent=1983"}],"wp:term":[{"taxonomy":"category","embeddable":true,"href":"https:\/\/espai-marx.net\/index.php?rest_route=%2Fwp%2Fv2%2Fcategories&post=1983"},{"taxonomy":"post_tag","embeddable":true,"href":"https:\/\/espai-marx.net\/index.php?rest_route=%2Fwp%2Fv2%2Ftags&post=1983"}],"curies":[{"name":"wp","href":"https:\/\/api.w.org\/{rel}","templated":true}]}}