{"id":1988,"date":"2012-09-06T00:00:00","date_gmt":"2012-09-05T23:00:00","guid":{"rendered":"https:\/\/espai-marx.net\/?p=1988"},"modified":"2023-02-04T06:55:15","modified_gmt":"2023-02-04T05:55:15","slug":"entrevista-a-quim-boix-sobre-francisco-fernandez-buey","status":"publish","type":"post","link":"https:\/\/espai-marx.net\/?p=1988","title":{"rendered":"Entrevista a Quim Boix sobre Francisco Fern\u00e1ndez Buey"},"content":{"rendered":"<p>Quim Boix es un conocido y destacado luchador antifranquista que acompa\u00f1\u00f3 muy de cerca, ya en los inicios de los a\u00f1os 60 del siglo pasado, a Paco Fern\u00e1ndez Buey desde posiciones comunistas.<\/p>\n<p>Actualmente, Quim Boix es miembro de la direcci\u00f3n del PCPE (Partido Comunista de los Pueblos de Espa\u00f1a, los marxistas-leninistas) y del consejo presidencial de la Federaci\u00f3n Sindical Mundial<\/p>\n<p><strong>Hace pocos d\u00edas, el lunes 27 de agosto, despedimos a uno de los grandes luchadores antifranquistas de tradici\u00f3n comunista, a Francisco, a Paco Fern\u00e1ndez Buey. \u00bfCu\u00e1ndo y c\u00f3mo le conociste?<\/strong><\/p>\n<p>Le conoc\u00ed a principios de los a\u00f1os 60. Ambos milit\u00e1bamos en el PSUC como universitarios. Con la ayuda consciente de much\u00edsimos estudiantes no comunistas, preparamos el entierro del SEU (Sindicato Espa\u00f1ol Universitario) que entonces lideraba el franquista Mart\u00edn Villa (hoy transformado en falso dem\u00f3crata, vaya en dem\u00f3crata burgu\u00e9s, de esos que nos sobran), entierro, dec\u00eda, que conseguimos aprovechando los resquicios de libertades que el franquismo daba a los estudiantes y no daba a los obreros.<\/p>\n<p><strong>\u00bfQu\u00e9 papel jug\u00f3 Paco en la \u201cCapuchinada\u201d?<\/strong><\/p>\n<p>La llamada \u201cCapuchinada\u201d fue organizada con otro t\u00edtulo: Asamblea Constituyente del SDEUB (Sindicato Democr\u00e1tico de Estudiantes de la Universidad de Barcelona), que, al sernos negadas las aulas universitarias para hacerla, terminamos celebrando en el convento de los capuchinos de Sarri\u00e1\u2026<\/p>\n<p><strong>\u00bfPor qu\u00e9 en un convento?<\/strong><\/p>\n<p>Porque en las iglesias las reuniones no necesitaban permiso del gobierno franquista. En la \u201cCapuchinada\u201d, Paco Fern\u00e1ndez Buey, como delegado elegido democr\u00e1ticamente por los estudiantes de su facultad de Filosof\u00eda y Letras, presidi\u00f3 el acto al lado de los otros que \u00e9ramos delegados del resto de facultades y escuelas universitarias.<\/p>\n<p><strong>\u00bfFuisteis detenidos? \u00bfOs llegaron a \u201cjuzgar\u201d?<\/strong><\/p>\n<p>Fuimos detenidos en muchas ocasiones. Yo, por ejemplo, once veces. Las torturas que recib\u00ed motivaron la protesta y manifestaci\u00f3n de sacerdotes de mayo de 1966.<\/p>\n<p><strong>\u00bfOnce veces has dicho?<\/strong><\/p>\n<p>S\u00ed, y he dicho bien.<\/p>\n<p>Nos juzg\u00f3 el TOP (Tribunal de Orden P\u00fablico) sucesor de los Consejos de Guerra que el fascista Franco puso en marcha para alargar su dictadura. Nos conden\u00f3 a 6 meses de c\u00e1rcel por asociaci\u00f3n, propaganda y manifestaci\u00f3n ilegal (no pudieron demostrar nuestra militancia comunista. Una condena, por cierto, mucho menor que la de los tribunales actuales contra j\u00f3venes manifestantes). Tambi\u00e9n nos expulsaron de todas las universidades espa\u00f1olas por tres a\u00f1os, y nos quitaron el derecho a hacer las milicias universitarias (que, para los estudiantes, acortaban y facilitaban el servicio militar).<\/p>\n<p><strong>Hablabas antes de una manifestaci\u00f3n de sacerdotes en 1966. \u00bfQu\u00e9 manifestaci\u00f3n fue esa?<\/strong><\/p>\n<p>Fue la que organizaron los sacerdotes progresistas que expresaron as\u00ed su rechazo a las torturas. Se concentraron en la catedral de Barcelona, usaron la sotana negra (algunos ya no la llevaban diariamente) e intentaron entregar en la Jefatura de Polic\u00eda de V\u00eda Layetana un documento de protesta contra las torturas (aprovechando la denuncia presentada por mi madre contra la polic\u00eda que me tortur\u00f3). Los grises (el uniforme de la polic\u00eda era de este color bajo el franquismo) les disolvieron a base de golpes de porra y la carta que llevaban no fue recogida por el jefe de la polic\u00eda.<\/p>\n<p><strong>Creo que tanto t\u00fa, como Paco Fern\u00e1ndez Buey o Paco T\u00e9llez, hicisteis el obligatorio servicio militar franquista en el Sahara. \u00bfPor qu\u00e9? \u00bfSimple azar?<\/strong><\/p>\n<p>No fue ning\u00fan azar. El aparato represor franquista quer\u00eda alejarnos de nuestros compa\u00f1eros y amigos universitarios. Por ello nos mand\u00f3 (sin dar ninguna justificaci\u00f3n) lo m\u00e1s lejos posible, sin posibilidad de regreso a la pen\u00ednsula (ni un permiso) durante los largos meses en que nos retuvieron en el cuartel de Cabeza Playa de El Ai\u00fan. Solo abandonamos el Sahara los d\u00edas imprescindibles para ser juzgados, en Madrid, por el TOP.<\/p>\n<p><strong>\u00bfCu\u00e1ndo se celebr\u00f3 ese juicio? \u00bfQu\u00e9 recuerdos tienes de aquello?<\/strong><\/p>\n<p>El juicio se celebr\u00f3 en 1.967. Los juzgados, adem\u00e1s de Paco y de mi mismo, \u00e9ramos todos los delegados de facultad que presidimos la llamada \u201cCapuchinada\u201d. Nos defendieron abogados diversos, ideol\u00f3gicamente hablando, que compon\u00edan el colectivo progresista de la Comisi\u00f3n de Defensa del Colegio de Abogados de Barcelona. Nos aplicaron las leyes del dictador Franco, pero con mucho menor rigor que si hubi\u00e9ramos sido obreros.<\/p>\n<p><strong>\u00bfPudisteis tener alguna relaci\u00f3n durante aquel tiempo lleno de dificultades y represiones?<\/strong><\/p>\n<p>S\u00ed, muchas relaciones. Hicimos incluso amigos para toda la vida. All\u00ed fundamos una escuela (en el cuartel) para adultos y una importante biblioteca que se nutri\u00f3 con buenos libros regalados por muchas editoriales dirigidas por personas progresistas. Llegamos a tener propaganda clandestina enterrada en la arena del desierto. Estuvimos casi dos a\u00f1os.<\/p>\n<p><strong>\u00bfPropaganda clandestina enterrada en el desierto? \u00bfQu\u00e9 firma llevaban esos papeles? \u00bfNo os jugabais el tipo?<\/strong><\/p>\n<p>Cierto que manejar la propaganda clandestina era un riesgo, pero este riesgo nos daba moral de resistencia ante las arbitrariedades que a diario deb\u00edamos soportar. Fuimos lo suficientemente vigilantes como para no ser sorprendidos nunca con los materiales en nuestras manos. Los documentos eran, mayoritariamente, \u201cTreball\u201d y \u201cMundo Obrero\u201d, los \u00f3rganos de expresi\u00f3n del PSUC y del PCE, que nos llegaban a trav\u00e9s del abogado Sagaseta de Canarias&#8230;<\/p>\n<p><strong>\u00bfSagaseta? \u00bfEl que luego fue un gran y no olvidado diputado comunista, cr\u00edtico hasta la racionalidad m\u00e1s admirable, en los primeros a\u00f1os de la Transici\u00f3n-transacci\u00f3n? <\/strong><\/p>\n<p>Exacto, ese mismo.<\/p>\n<p>Enterrar los documentos en la arena era una forma segura de disponer de ellos sin mucho riesgo, pues la operaci\u00f3n de entierro o desentierro la hac\u00edamos en los momentos adecuados, al salir o ponerse el sol, ya que en dichos momentos la visibilidad en el desierto se reduce enormemente, y si tu no ves a nadie, seguro que nadie puede verte, aunque est\u00e9s en medio de un terreno sin obst\u00e1culos que podr\u00edan camuflarte. Eso nos lo ense\u00f1aron all\u00e1.<\/p>\n<p><strong>Entonces, por lo que cuentas, seguisteis haciendo activismo pol\u00edtico en aquellas circunstancias. \u00a1Estabais de atar-admirar, erais gente maravillosa!<\/strong><\/p>\n<p>Si, con la propaganda clandestina que nos llegaba, transformamos en antifranquistas a muchos soldados que hab\u00edan llegado all\u00e1 sin militancia previa de ning\u00fan tipo. Una parte de ellos se incorpor\u00f3 a la militancia clandestina al terminar el per\u00edodo de servicio militar obligatorio. La escuela, que antes cit\u00e9, y los libros de la biblioteca, fueron los instrumentos de nuestras actividades pol\u00edticas.<\/p>\n<p><strong>\u00bfQu\u00e9 explicabais en esa escuela que fundasteis? \u00bfQui\u00e9nes hicisteis de profesores?<\/strong><\/p>\n<p>Fue muy simple nuestro trabajo docente. Muchos de los soldados eran casi analfabetos. Les ense\u00f1amos a leer y escribir, les dimos est\u00edmulos para apreciar la lectura, les explicamos lo b\u00e1sico de \u201clas cuentas\u201d, es decir a saber hacer las cuatro operaciones b\u00e1sicas necesarias en la vida cotidiana, y evidentemente, mezclado con ello, intentamos que entendieran su vida y su entorno de otra forma, viendo que exist\u00eda fascismo y lucha de clases. Los profesores, adem\u00e1s de Paco y de mi mismo, fueron Carlos Subirana (tambi\u00e9n \u201ccastigado\u201d y enviado al Sahara, por haber sido subdelegado de Ciencias) y otros con un m\u00ednimo de estudios que entendieron la utilidad del trabajo educativo hecho como militancia voluntaria.<\/p>\n<p><strong>\u00bfNos cuentas alguna an\u00e9cdota sustantiva de aquellos d\u00edas? Eloy Fern\u00e1ndez Porta explic\u00f3 una el d\u00eda de la despedida en el Tanatorio de Les Corts de Barcelona.<\/strong><\/p>\n<p>Hay muchas. Pero quiz\u00e1s la m\u00e1s significativa fue que nos supimos, ayudados desde la pen\u00ednsula, aprovechar las contradicciones del propio r\u00e9gimen fascista. La escuela y biblioteca citadas las acept\u00f3 el comandante (m\u00e1xima autoridad militar en Cabeza Playa de El Ai\u00fan) en contraposici\u00f3n con los capitanes y sargentos chusqueros. El comandante ten\u00eda lo que se llama \u201calgo de estudios\u201d y lo valoraba, mientras los chusqueros alardeaban de no haber estudiado y siempre que no estaba el comandante nos sacaban de la escuela y nos mandaban a barrer el desierto (como record\u00f3 Eloy Fern\u00e1ndez Porta).<\/p>\n<p><strong>\u00bfBarrer el desierto? \u00bfY eso por qu\u00e9?<\/strong><\/p>\n<p>Era, como muy bien record\u00f3 Eloy que explicaba su padre, para intentar humillarnos, \u201cdemostrar su superioridad\u201d (que para ellos era mandar, pues a ellos les humillaba ser mandados y viv\u00edan amargados dado que su vida cuartelaria era s\u00f3lo obedecer). Nos hac\u00edan hacer un trabajo totalmente in\u00fatil, ya que el viento volv\u00eda a colocar, a las pocas horas, la arena en los lugares de donde nuestra \u201cbarrida\u201d la sacaba.<\/p>\n<p><strong>\u00bfCu\u00e1ndo acab\u00f3 todo aquello? \u00bfOs arrestaron alguna vez?<\/strong><\/p>\n<p>Acab\u00f3 cuando cumplimos los meses de mili obligatorios entonces, sin que nos computaran los que ya hab\u00edamos hecho en milicias universitarias. As\u00ed, yo mismo, adem\u00e1s de m\u00e1s meses de mili de lo normal en la \u00e9poca, tuve que volver a jurar bandera. Cosa incoherente en la disciplina franquista, pues solo se jura una vez, pero les daba igual con tal de \u201cputearme\u201d. Es decir, que debo ser de los pocos espa\u00f1oles que hemos renegado de la bandera franquista en dos ocasiones, ya que evidentemente no le jur\u00e9 la fidelidad a la que me obligaban (mis banderas han sido siempre la republicana y la roja comunista).<\/p>\n<p><strong>Te preguntaba por arrestos.<\/strong><\/p>\n<p>S\u00ed que nos arrestaron, bastantes veces (creo que a Paco m\u00e1s que a m\u00ed), pero fueron peque\u00f1as sanciones, no ca\u00edmos en provocaciones (haberlas las hubo) que nos hubieran supuesto prisi\u00f3n militar.<\/p>\n<p><strong>\u00bfSeguisteis relacion\u00e1ndoos despu\u00e9s del regreso a la Pen\u00ednsula, a Barcelona?<\/strong><\/p>\n<p>La relaci\u00f3n con Paco solo la ha roto su prematura y justamente lamentada muerte. Cierto que nos ve\u00edamos con menor frecuencia cuando dejamos de militar en el mismo partido (con la ruptura del PSUC, al decir la militancia NO al eurocomunismo; a mi me eligieron portavoz del citado NO en el V Congreso). Pero seguimos luchando juntos en muchos frentes y coincidimos siempre en las manifestaciones p\u00fablicas. Adem\u00e1s tanto Paco como su compa\u00f1era, Neus Porta, siempre han sido buenos amigos personales.<\/p>\n<p><strong>\u00bfQu\u00e9 destacar\u00edas de la trayectoria pol\u00edtica de Paco?<\/strong><\/p>\n<p>Su coherencia personal, su discreci\u00f3n. No acept\u00f3 puestos de \u201cfigur\u00f3n\u201d, que ocuparon a veces personas mucho menos capaces que solo deseaban medrar. Trabaj\u00f3 siempre para la unidad de la gente de izquierdas. Tambi\u00e9n, desde la distancia por no ser yo docente, deseo destacar su trabajo en las diferentes universidades donde ha ense\u00f1ado como catedr\u00e1tico. Y evidentemente, no menos importante, sus aportaciones a la reflexi\u00f3n colectiva con los muchos textos que (siempre bien trabajados) nos ha dejado, siguiendo el ejemplo de su maestro, el comunista Manuel Sacrist\u00e1n.<\/p>\n<p><strong>\u00bfY de su marxismo? \u00bfQu\u00e9 opini\u00f3n te merece la forma en que Paco abon\u00f3 y cultiv\u00f3 la tradici\u00f3n?<\/strong><\/p>\n<p>Yo soy ingeniero industrial, no soy experto en filosof\u00eda como era Paco. Yo, adem\u00e1s de comunista y para serlo con coherencia, he practicado y sigo practicando la lucha marxista, la de clase contra clase, el sindicalismo no amarillo (por ello fui ocho veces despedido como sindicalista de empresas privadas y p\u00fablicas). Seguramente por ello, en abril de 2011, en el 16 Congreso de la FSM, realizado en Atenas, fui elegido como uno de los 40 sindicalistas de todo el planeta que debemos dirigir la FSM (Federaci\u00f3n Sindical Mundial). Ciertamente, como dej\u00e9 escrito en el libro de despedida del tanatorio, con Paco tuvimos diferencias, y quiz\u00e1s las mayores estaban en los temas sindicales, pues Paco sigui\u00f3 apoyando a CCOO a pesar de la deriva de conciliaci\u00f3n de clases a la que la han llevado sus dirigentes (v\u00e9ase que est\u00e1n en la CSI, Confederaci\u00f3n Sindical Internacional, que apoya a la OTAN y su intervenci\u00f3n en Libia y otros lugares).<\/p>\n<p><strong>Pero Quim perdona un segundo, Paco no fue en absoluto partidario ni af\u00edn a las direcciones de CC.OO. de los \u00faltimos congresos. Nada que ver con Antonio Guti\u00e9rrez (de quien no dej\u00f3 de reconocer su capacidad pol\u00edtico-argumentativa) y nada que ver tampoco con Fidalgo y Paredes. El siempre se encontr\u00f3 mucho m\u00e1s pr\u00f3ximo al sector cr\u00edtico, a las posiciones de Agust\u00edn Moreno por ejemplo. De hecho, sin dejar de admirar a Marcelino Camacho, no fue ning\u00fan entusiasta de los Pactos de Moncloa. \u00bfNo fue este el caso?<\/strong><\/p>\n<p>Cierto todo lo que dices, pero el sector cr\u00edtico lleva tiempo sin funcionar (a este colectivo yo mismo le ayud\u00e9 a existir en Catalunya, hace muchos a\u00f1os, cuando yo era el m\u00e1ximo responsable de CCOO en mi centro de trabajo, el Ayuntamiento de Montcada i Reixac). En los \u00faltimos a\u00f1os lo necesario es denunciar la deriva de CCOO. Yo mismo le reclam\u00e9 a Fidalgo, por escrito, en nombre de los afiliados a CCOO de mi trabajo, por qu\u00e9 mand\u00f3 (dos a\u00f1os despu\u00e9s de que fracasara el golpe de estado de la patronal capitalista) a un dirigente de CCOO a hacerse la foto en Caracas al lado del sindicato venezolano que apoy\u00f3 el golpe contra Ch\u00e1vez. Fidalgo me contest\u00f3 oralmente que nunca me contestar\u00eda por escrito. Por ello yo discrepaba con Paco que no denunciara p\u00fablicamente lo que si dec\u00eda en privado. Y CCOO puede hoy seguir enga\u00f1ando a los trabajadores aprovechando una imagen de lucha que fue real, cuando era un sindicato de clase, pero que hoy ya no lo es.<\/p>\n<p><strong>Bueno, lo dejamos aqu\u00ed. Pero estas diferencias pol\u00edticas, sindicales, no os distanciaron personalmente por lo que antes contabas.<\/strong><\/p>\n<p>No, no nos distanciaron en cuanto amigos pero si nos hicieron discrepar, respetuosamente, en m\u00e1s de una actividad p\u00fablica, especialmente en los debates abiertos a los asistentes.<\/p>\n<p><strong>\u00bfCoincidiste con \u00e9l en alguna de las movilizaciones de estos \u00faltimos a\u00f1os? Me imagino la respuesta.<\/strong><\/p>\n<p>Si, claro, en todas las grandes luchas de masas por los derechos y libertades. En especial en todas las \u00faltimas huelgas generales y hubi\u00e9ramos coincidido, si siguiera viviendo, en la pr\u00f3xima huelga general que algunos ya han convocado para el 26 de setiembre.<\/p>\n<p><strong>\u00bfQuieres a\u00f1adir algo m\u00e1s?<\/strong><\/p>\n<p>Solo insistir en que Paco era una buena persona, coherente, l\u00facido, reflexivo, trabajador y por todo ello comunista, adem\u00e1s de buen amigo de sus amigos.<\/p>\n","protected":false},"excerpt":{"rendered":"<p>\u00a0<\/p>\n<p style='margin-top: 0.2cm; margin-bottom: 0cm; line-height: 150%;' align='JUSTIFY'>Destacar\u00eda su coherencia personal, su discreci\u00f3n. No acept\u00f3 puestos de \u201cfigur\u00f3n\u201d. Trabaj\u00f3 siempre para la unidad de la gente de izquierdas.<\/p>\n<p>\u00a0<\/p>\n","protected":false},"author":9,"featured_media":1989,"comment_status":"open","ping_status":"open","sticky":false,"template":"","format":"standard","meta":{"footnotes":""},"categories":[1948,26],"tags":[1002,1158],"class_list":["post-1988","post","type-post","status-publish","format-standard","has-post-thumbnail","hentry","category-francisco-fernandez-buey","category-historia-del-comunismo","tag-francisco-fernandez-buey","tag-quim-boix"],"aioseo_notices":[],"_links":{"self":[{"href":"https:\/\/espai-marx.net\/index.php?rest_route=\/wp\/v2\/posts\/1988","targetHints":{"allow":["GET"]}}],"collection":[{"href":"https:\/\/espai-marx.net\/index.php?rest_route=\/wp\/v2\/posts"}],"about":[{"href":"https:\/\/espai-marx.net\/index.php?rest_route=\/wp\/v2\/types\/post"}],"author":[{"embeddable":true,"href":"https:\/\/espai-marx.net\/index.php?rest_route=\/wp\/v2\/users\/9"}],"replies":[{"embeddable":true,"href":"https:\/\/espai-marx.net\/index.php?rest_route=%2Fwp%2Fv2%2Fcomments&post=1988"}],"version-history":[{"count":0,"href":"https:\/\/espai-marx.net\/index.php?rest_route=\/wp\/v2\/posts\/1988\/revisions"}],"wp:featuredmedia":[{"embeddable":true,"href":"https:\/\/espai-marx.net\/index.php?rest_route=\/wp\/v2\/media\/1989"}],"wp:attachment":[{"href":"https:\/\/espai-marx.net\/index.php?rest_route=%2Fwp%2Fv2%2Fmedia&parent=1988"}],"wp:term":[{"taxonomy":"category","embeddable":true,"href":"https:\/\/espai-marx.net\/index.php?rest_route=%2Fwp%2Fv2%2Fcategories&post=1988"},{"taxonomy":"post_tag","embeddable":true,"href":"https:\/\/espai-marx.net\/index.php?rest_route=%2Fwp%2Fv2%2Ftags&post=1988"}],"curies":[{"name":"wp","href":"https:\/\/api.w.org\/{rel}","templated":true}]}}