{"id":2001,"date":"2012-09-17T00:00:00","date_gmt":"2012-09-16T23:00:00","guid":{"rendered":"https:\/\/espai-marx.net\/?p=2001"},"modified":"2020-02-20T17:54:12","modified_gmt":"2020-02-20T16:54:12","slug":"entrevista-a-victor-chamorro","status":"publish","type":"post","link":"https:\/\/espai-marx.net\/?p=2001","title":{"rendered":"Entrevista a Victor Chamorro"},"content":{"rendered":"<p lang=\"es-ES\" style=\"margin-top: 0.2cm; margin-bottom: 0cm; background: #ffffff; line-height: 150%;\" align=\"JUSTIFY\">Entrevistamos a V\u00edctor Chamorro en Herv\u00e1s (C\u00e1ceres) antes de saber que le conceder\u00edan, la Medalla de Extremadura en 2012. Lo hicimos en su pueblo, donde reside actualmente, lejos de las capitales, donde se supone que se cuece lo trascendente, cuando todo sabemos que eso se cocina en cualquier lugar del planeta y del alma humana. Hablamos en su rinc\u00f3n, y volvemos a descubrir que V\u00edctor es mucho m\u00e1s que un escritor, historiador, abogado o docente, es un pensador de lo extreme\u00f1o y, de ah\u00ed, a lo universal. Y fundamentalmente, una buena persona, pero no sacerdote, como \u00e9l dice.<\/p>\n<p class=\"western\" lang=\"es-ES\" style=\"margin-top: 0.2cm; margin-bottom: 0cm; background: #ffffff; line-height: 150%;\" align=\"JUSTIFY\">V\u00edctor es la otra Extremadura, la que representa a los resistentes residentes y que se conjuga con la de los combatientes ausentes. Por eso la merecida medalla, que otorga el poder, pero no por su gracia (de la que carece) sino por la presi\u00f3n de la parte m\u00e1s combativa de nuestro pueblo. La medalla es el reconocimiento de su trabajo, de su dignidad y de su valent\u00eda. Chamorro es un obrero de la literatura, jornadas eternas, miles de horas entre documentos, libros y tabaco. Incansable residente de la pluma al servicio de los trabajadores y campesinos de su tierra. Obras que deber\u00edan ser de obligada lectura en las escuelas, de nuestra peque\u00f1a patria, pues reflejan la Extremadura profunda, esa que existe y, est\u00e1 entre Castilla y Portugal y emparenta con la Andaluc\u00eda, empapada de lo oriental. Sus obras hist\u00f3ricas recogen el sentir del pueblo, su pulso, sus sue\u00f1os, sus desdichas e ilusiones y su voluntad de sobrevivir; pero tambi\u00e9n la miseria opresiva y represiva de sus gobernantes, caciques viejos y nuevos.<\/p>\n<p class=\"western\" lang=\"es-ES\" style=\"margin-top: 0.2cm; margin-bottom: 0cm; background: #ffffff; line-height: 150%;\" align=\"JUSTIFY\">V\u00edctor Chamorro, es un compa\u00f1ero de lucha, es un hombre de verdad, y lo es en plenitud por eso es de izquierdas y republicano. Y como todos los que transitamos por \u00e9sta Extremadura, desde casa o desde fuera, en castellano o portugu\u00e9s (recordar que es lengua extreme\u00f1a) hemos sido, somos y seremos republicanos machacados por el fascismo, ilustrados perseguidos por el oscurantismo y siempre, siempre herejes.<\/p>\n<p><iframe loading=\"lazy\" title=\"Entrevista a Victor Chamorro (Manel M\u00e1rquez y Manolo Ca\u00f1ada. Herv\u00e1s: 3.08.2012) 1\/4\" width=\"800\" height=\"450\" src=\"https:\/\/www.youtube.com\/embed\/1G-MIKXBqIQ?feature=oembed\" frameborder=\"0\" allow=\"accelerometer; autoplay; clipboard-write; encrypted-media; gyroscope; picture-in-picture; web-share\" referrerpolicy=\"strict-origin-when-cross-origin\" allowfullscreen><\/iframe><\/p>\n<p><iframe loading=\"lazy\" title=\"Entrevista a Victor Chamorro (Manel M\u00e1rquez y Manolo Ca\u00f1ada. Herv\u00e1s: 3.08.2012) 2\/4\" width=\"800\" height=\"450\" src=\"https:\/\/www.youtube.com\/embed\/4PECaDf6iDA?feature=oembed\" frameborder=\"0\" allow=\"accelerometer; autoplay; clipboard-write; encrypted-media; gyroscope; picture-in-picture; web-share\" referrerpolicy=\"strict-origin-when-cross-origin\" allowfullscreen><\/iframe><\/p>\n<p><iframe loading=\"lazy\" title=\"Entrevista a Victor Chamorro (Manel M\u00e1rquez y Manolo Ca\u00f1ada. Herv\u00e1s: 3.08.2012) 3\/4\" width=\"800\" height=\"450\" src=\"https:\/\/www.youtube.com\/embed\/SqdoxkQYnzY?feature=oembed\" frameborder=\"0\" allow=\"accelerometer; autoplay; clipboard-write; encrypted-media; gyroscope; picture-in-picture; web-share\" referrerpolicy=\"strict-origin-when-cross-origin\" allowfullscreen><\/iframe><\/p>\n<p><iframe loading=\"lazy\" title=\"Entrevista a Victor Chamorro (Manel M\u00e1rquez y Manolo Ca\u00f1ada. Herv\u00e1s: 3.08.2012) 4\/4\" width=\"800\" height=\"450\" src=\"https:\/\/www.youtube.com\/embed\/ShKocApcQio?feature=oembed\" frameborder=\"0\" allow=\"accelerometer; autoplay; clipboard-write; encrypted-media; gyroscope; picture-in-picture; web-share\" referrerpolicy=\"strict-origin-when-cross-origin\" allowfullscreen><\/iframe><\/p>\n","protected":false},"excerpt":{"rendered":"<p style='margin-top: 0.2cm; margin-bottom: 0cm; background: #ffffff; line-height: 150%;' align='JUSTIFY'>Entrevista al compa\u00f1ero, amigo, camarada, escritor e intelectual extreme\u00f1o, Victor Chamorro en Herv\u00e1s, Extremadura, 3 de agosto de 2012, antes de saber que le conceder\u00edan, la Medalla de Extremadura en 2012.<\/p>\n","protected":false},"author":9,"featured_media":2002,"comment_status":"open","ping_status":"open","sticky":false,"template":"","format":"video","meta":{"footnotes":""},"categories":[22],"tags":[1156],"class_list":["post-2001","post","type-post","status-publish","format-video","has-post-thumbnail","hentry","category-historia-del-movimiento-y-de-la-clase-obrera","tag-victor-chamorro","post_format-post-format-video"],"aioseo_notices":[],"_links":{"self":[{"href":"https:\/\/espai-marx.net\/index.php?rest_route=\/wp\/v2\/posts\/2001","targetHints":{"allow":["GET"]}}],"collection":[{"href":"https:\/\/espai-marx.net\/index.php?rest_route=\/wp\/v2\/posts"}],"about":[{"href":"https:\/\/espai-marx.net\/index.php?rest_route=\/wp\/v2\/types\/post"}],"author":[{"embeddable":true,"href":"https:\/\/espai-marx.net\/index.php?rest_route=\/wp\/v2\/users\/9"}],"replies":[{"embeddable":true,"href":"https:\/\/espai-marx.net\/index.php?rest_route=%2Fwp%2Fv2%2Fcomments&post=2001"}],"version-history":[{"count":0,"href":"https:\/\/espai-marx.net\/index.php?rest_route=\/wp\/v2\/posts\/2001\/revisions"}],"wp:featuredmedia":[{"embeddable":true,"href":"https:\/\/espai-marx.net\/index.php?rest_route=\/wp\/v2\/media\/2002"}],"wp:attachment":[{"href":"https:\/\/espai-marx.net\/index.php?rest_route=%2Fwp%2Fv2%2Fmedia&parent=2001"}],"wp:term":[{"taxonomy":"category","embeddable":true,"href":"https:\/\/espai-marx.net\/index.php?rest_route=%2Fwp%2Fv2%2Fcategories&post=2001"},{"taxonomy":"post_tag","embeddable":true,"href":"https:\/\/espai-marx.net\/index.php?rest_route=%2Fwp%2Fv2%2Ftags&post=2001"}],"curies":[{"name":"wp","href":"https:\/\/api.w.org\/{rel}","templated":true}]}}