{"id":20294,"date":"2026-09-01T05:00:08","date_gmt":"2026-09-01T04:00:08","guid":{"rendered":"https:\/\/espai-marx.net\/?p=20294"},"modified":"2026-09-01T02:21:55","modified_gmt":"2026-09-01T01:21:55","slug":"la-prohibicion-del-partido-comunista-de-alemania-kpd-hace-70-anos","status":"publish","type":"post","link":"https:\/\/espai-marx.net\/?p=20294","title":{"rendered":"La prohibici\u00f3n del Partido Comunista de Alemania (KPD) hace 70 a\u00f1os"},"content":{"rendered":"<figure id=\"attachment_20298\" aria-describedby=\"caption-attachment-20298\" style=\"width: 800px\" class=\"wp-caption aligncenter\"><a href=\"https:\/\/espai-marx.net\/wp-content\/uploads\/2026\/09\/prohibicion-kpd.jpg\"><img loading=\"lazy\" decoding=\"async\" class=\"wp-image-20298 size-large\" src=\"https:\/\/espai-marx.net\/wp-content\/uploads\/2026\/09\/prohibicion-kpd-1024x717.jpg\" alt=\"\" width=\"800\" height=\"560\" srcset=\"https:\/\/espai-marx.net\/wp-content\/uploads\/2026\/09\/prohibicion-kpd-1024x717.jpg 1024w, https:\/\/espai-marx.net\/wp-content\/uploads\/2026\/09\/prohibicion-kpd-300x210.jpg 300w, https:\/\/espai-marx.net\/wp-content\/uploads\/2026\/09\/prohibicion-kpd-768x538.jpg 768w, https:\/\/espai-marx.net\/wp-content\/uploads\/2026\/09\/prohibicion-kpd-1536x1075.jpg 1536w, https:\/\/espai-marx.net\/wp-content\/uploads\/2026\/09\/prohibicion-kpd-130x90.jpg 130w, https:\/\/espai-marx.net\/wp-content\/uploads\/2026\/09\/prohibicion-kpd-1320x924.jpg 1320w, https:\/\/espai-marx.net\/wp-content\/uploads\/2026\/09\/prohibicion-kpd.jpg 2040w\" sizes=\"auto, (max-width: 800px) 100vw, 800px\" \/><\/a><figcaption id=\"caption-attachment-20298\" class=\"wp-caption-text\"><span style=\"font-size: 10pt;\">La sede de la direcci\u00f3n federal del KPD en D\u00fcsseldorf fue ocupada por la polic\u00eda la ma\u00f1ana del d\u00eda de la prohibici\u00f3n en 1956 (izquierda). La polic\u00eda detuvo a varios miembros del partido (derecha). Foto: dpa\/Bernhard Frye<\/span><\/figcaption><\/figure>\n<p class=\"western\" lang=\"de-DE\"><span style=\"font-size: medium;\"><span lang=\"es-ES\">El 17 de agosto de 1956, el Tribunal Constitucional Federal [1] prohibi\u00f3 el Partido Comunista de Alemania (KPD). La sentencia sigue vigente hoy d\u00eda. Solo podr\u00eda ser revocada por el mismo tribunal. En este sentido, tiene hasta la fecha una especie de rango constitucional y, por lo tanto, no puede ser contraria a la Ley Fundamental. As\u00ed hay que verlo si se <\/span><\/span><span style=\"font-size: medium;\"><span lang=\"es-ES\">analiza <\/span><\/span><span style=\"font-size: medium;\"><span lang=\"es-ES\">desde el punto de vista <\/span><\/span><span style=\"font-size: medium;\"><span lang=\"es-ES\">del<\/span><\/span><span style=\"font-size: medium;\"><span lang=\"es-ES\"> resultado<\/span><\/span><span style=\"font-size: medium;\"><span lang=\"es-ES\">.<\/span><\/span><\/p>\n<p class=\"western\" lang=\"de-DE\"><span style=\"font-size: medium;\"><span lang=\"es-ES\">La cuesti\u00f3n se presenta de otra manera si se analiza la historia que llev\u00f3 a esta sentencia. Esto hizo en 2017 el historiador Josef Foschepoth [2] con un libro basado en un an\u00e1lisis exhaustivo del expediente, de t\u00edtulo <\/span><\/span><span style=\"font-size: medium;\"><span lang=\"es-ES\"><i>Verfassungswidrig! Das KPD-Verbot im Kalten B\u00fcrgerkrieg<\/i><\/span><\/span><span style=\"font-size: medium;\"><span lang=\"es-ES\"> (<\/span><\/span><span style=\"font-size: medium;\"><span lang=\"es-ES\"><i>\u00a1Inconstitucional! La prohibici\u00f3n del KPD en la Guerra Civil Fr\u00eda<\/i><\/span><\/span><span style=\"font-size: medium;\"><span lang=\"es-ES\">). La primera parte del t\u00edtulo resume el contenido de su estudio. Afirma, ni m\u00e1s ni menos, que el proceso de ilegalizaci\u00f3n fue inconstitucional. El autor, catedr\u00e1tico em\u00e9rito de Historia Contempor\u00e1nea de la Universidad de Friburgo, goza de una reputaci\u00f3n intachable. Lo mismo puede decirse de la editorial del libro: Vandenhoek &amp; Ruprecht, una de las editoriales de historia m\u00e1s importantes de la Rep\u00fablica Federal Alemana.<\/span><\/span><\/p>\n<p class=\"western\" lang=\"de-DE\"><span style=\"font-size: medium;\"><span lang=\"es-ES\">Foschepoth demuestra que el tribunal no actu\u00f3 con independencia. El proceso se vio constantemente influido por el Gobierno Federal, que le proporcionaba instrucciones detalladas. Se vulner\u00f3 la separaci\u00f3n de poderes exigida por la Constituci\u00f3n. Incluso se lleg\u00f3 a acuerdos continuados entre la fiscal\u00eda y un juez en particular: Erwin Stein. El impulsor de todo fue el propio canciller federal, Konrad Adenauer [3].<\/span><\/span><\/p>\n<h2 class=\"western\" lang=\"de-DE\"><span lang=\"es-ES\" style=\"font-size: 14pt;\">El anticomunismo como doctrina de estado<\/span><\/h2>\n<p class=\"western\" lang=\"de-DE\"><span style=\"font-size: medium;\"><span lang=\"es-ES\">\u00bfQu\u00e9 mov\u00eda a este hombre? Se trataba de la \u201ccuesti\u00f3n alemana<a class=\"sdfootnoteanc\" href=\"#sdfootnote1sym\" name=\"sdfootnote1anc\"><sup>1<\/sup><\/a>\u201d y de la elevaci\u00f3n del anticomunismo a doctrina de estado permanente de la Rep\u00fablica Federal.<\/span><\/span><\/p>\n<p class=\"western\" lang=\"de-DE\"><span style=\"font-size: medium;\"><span lang=\"es-ES\">En 1945, la coalici\u00f3n antihitleriana formada por las principales potencias vencedoras \u2014Estados Unidos, la URSS, Gran Breta\u00f1a y Francia\u2014 hab\u00eda asumido el poder estatal en el derrotado Reich alem\u00e1n. Esto se extend\u00eda a todo el territorio de Alemania dentro de sus fronteras de 1937, del que, sin embargo, pronto se hab\u00eda separado los territorios al este del Oder y del Neisse. En un primer momento todo ello no fue cuestionado y parec\u00eda obvio. No obstante, pronto comenzaron a surgir las contradicciones. La Uni\u00f3n Sovi\u00e9tica estaba interesada en la unidad de Alemania, ya que s\u00f3lo as\u00ed pod\u00eda esperar acceder a los recursos industriales de las tres zonas de ocupaci\u00f3n occidentales para el pago de las reparaciones. Y a\u00fan m\u00e1s importante para ella era el aspecto de la seguridad: con algunas d\u00e9cadas de ocupaci\u00f3n y el establecimiento de una Alemania unificada neutral sin capacidad de agresi\u00f3n se pretend\u00eda prevenir a largo plazo un nuevo ataque desde Occidente.<\/span><\/span><\/p>\n<p class=\"western\" lang=\"de-DE\"><span style=\"font-size: medium;\"><span lang=\"es-ES\">Estados Unidos, que en un principio parec\u00eda estar de acuerdo con ello, cambi\u00f3 su estrategia a partir de 1946. En marzo de 1947, el presidente Harry S. Truman declar\u00f3 la Guerra Fr\u00eda. Afirm\u00f3 que exist\u00eda una voluntad de expansi\u00f3n mundial del comunismo, y que era necesario contenerla (<\/span><\/span><span style=\"font-size: medium;\"><span lang=\"es-ES\"><i>containment<\/i><\/span><\/span><span style=\"font-size: medium;\"><span lang=\"es-ES\">). Ello significaba ir a un Occidente unido como baluarte frente a la URSS y, en lo que tocaba a Alemania, ir a la creaci\u00f3n de un Estado alem\u00e1n separado.<\/span><\/span><\/p>\n<p class=\"western\" lang=\"de-DE\"><span style=\"font-size: medium;\"><span lang=\"es-ES\">Un alcalde retirado de Colonia que hab\u00eda previsto lo que iba a suceder: Konrad Adenauer. En el primer volumen de sus memorias, publicadas a partir de 1965, document\u00f3 con satisfacci\u00f3n una carta que hab\u00eda escrito en 1945 \u2014por entonces se acercaba a los 70 a\u00f1os\u2014 en la que expon\u00eda que, aunque los territorios alemanes ocupados por los sovi\u00e9ticos se hab\u00edan perdido por el momento, podr\u00edan recuperarse mediante una estrecha alianza de Occidente con Estados Unidos. Eso significaba, de entrada, la divisi\u00f3n de Alemania<a class=\"sdfootnoteanc\" href=\"#sdfootnote2sym\" name=\"sdfootnote2anc\"><sup>2<\/sup><\/a><\/span><\/span><span style=\"font-size: medium;\"><span lang=\"es-ES\">.<\/span><\/span><\/p>\n<p class=\"western\" lang=\"de-DE\"><span style=\"font-size: medium;\"><span lang=\"es-ES\">La decisi\u00f3n de EE.UU. de promover una Guerra Fr\u00eda en 1947 hizo que las reflexiones personales de un jubilado cobraran relevancia pol\u00edtica y, con ellas, \u00e9l mismo. En los dos Estados alemanes que surgieron en 1949 se aplicaban principios opuestos en materia de pol\u00edtica alemana: hasta 1955, la URSS y la Rep\u00fablica Democr\u00e1tica Alemana (RDA) se mantuvieron fieles al objetivo de una Alemania unida y neutral. Para la doctrina dominante en la Rep\u00fablica Federal (RFA), no exist\u00eda un segundo Estado alem\u00e1n, sino \u00fanicamente una Zona de Ocupaci\u00f3n Sovi\u00e9tica.<\/span><\/span> <span style=\"font-size: medium;\"><span lang=\"es-ES\">Quien en el Oeste defendiera una Alemania unificada y neutral, o en el Este la adhesi\u00f3n a la RFA, se expon\u00eda a ser declarado enemigo interno y a sufrir represi\u00f3n. Que esto suced\u00eda s\u00f3lo en la RDA es hoy doctrina oficial de estado en la Alemania unificada. Sin embargo, sucedi\u00f3 tambi\u00e9n en la Rep\u00fablica Federal durante la Guerra Fr\u00eda.<\/span><\/span><\/p>\n<h2 class=\"western\" lang=\"de-DE\"><span lang=\"es-ES\" style=\"font-size: 14pt;\">Represi\u00f3n tambi\u00e9n contra el movimiento pacifista<\/span><\/h2>\n<p class=\"western\" lang=\"de-DE\"><span style=\"font-size: medium;\"><span lang=\"es-ES\">La primera Ley de Modificaci\u00f3n del C\u00f3digo Penal de 1951, con sus art\u00edculos sobre alta traici\u00f3n y \u201camenaza al Estado\u201d, constituy\u00f3, hasta la prohibici\u00f3n en 1956 del partido, el instrumento jur\u00eddico m\u00e1s severo para combatir a los comunistas. Pero no se trataba s\u00f3lo de ellos. El KPD estaba tan aislado entre la poblaci\u00f3n que cualquier peligro que pudiera suponer s\u00f3lo pod\u00eda ser fruto de la imaginaci\u00f3n.<\/span><\/span><\/p>\n<p class=\"western\" lang=\"de-DE\"><span style=\"font-size: medium;\"><span lang=\"es-ES\">A ojos de Adenauer, un movimiento pacifista neutralista representaba un peligro m\u00e1s inmediato. Este movimiento exist\u00eda de hecho, y las escasas fuerzas del KPD bastaban, sin duda con ayuda log\u00edstica tambi\u00e9n procedente de la RDA, para influir en \u00e9l. Una \u201cconsulta popular contra la remilitarizaci\u00f3n\u201d reuni\u00f3 millones de adhesiones en la RFA&#8230; y fue prohibida en abril de 1951. Se impuso penas de prisi\u00f3n a quienes intentaron continuar con ella. Tambi\u00e9n se prohibi\u00f3, entre otras, la organizaci\u00f3n juvenil <\/span><\/span><span style=\"font-size: medium;\"><span lang=\"es-ES\"><i>Juventud Libre Alemana<\/i><\/span><\/span><span style=\"font-size: medium;\"><span lang=\"es-ES\"> (FDJ, <\/span><\/span><span style=\"font-size: medium;\"><span lang=\"es-ES\"><i>Freie Deutsche Jugend<\/i><\/span><\/span><span style=\"font-size: medium;\"><span lang=\"es-ES\">) de la RFA y la <\/span><\/span><span style=\"font-size: medium;\"><span lang=\"es-ES\"><i>Asociaci\u00f3n de Perseguidos del R\u00e9gimen Nazi<\/i><\/span><\/span><span style=\"font-size: medium;\"><span lang=\"es-ES\"> (VVN). En el caso de esta \u00faltima organizaci\u00f3n, sin embargo, el af\u00e1n represivo se top\u00f3 con l\u00edmites: las protestas internacionales y las pruebas del pasado nazi de los juristas implicados en la represi\u00f3n hicieron que esta organizaci\u00f3n antifascista siguiera siendo legal.<\/span><\/span><\/p>\n<p class=\"western\" lang=\"de-DE\"><span style=\"font-size: medium;\"><span lang=\"es-ES\">En septiembre de 1950, el Gobierno Federal declar\u00f3 que la pertenencia a 13 organizaciones era incompatible con el ejercicio de un cargo en la funci\u00f3n p\u00fablica. Dos de ellas eran de extrema derecha: el Partido Socialista del Reich \u2014prohibido posteriormente, en 1952, por el Tribunal Constitucional Federal\u2014 y el Frente Negro del opositor nacionalsocialista a Hitler, Otto Strasser.<\/span><\/span><\/p>\n<p class=\"western\" lang=\"de-DE\"><span style=\"font-size: medium;\"><span lang=\"es-ES\">Once de ellas se consideraban de extrema izquierda, entre ellas el KPD, la FDJ, la <\/span><\/span><span style=\"font-size: medium;\"><span lang=\"es-ES\"><i>Asociaci\u00f3n Cultural para la Renovaci\u00f3n Democr\u00e1tica de Alemania<\/i><\/span><\/span><span style=\"font-size: medium;\"><span lang=\"es-ES\"> y la VVN. Entre 1951 y 1956, m\u00e1s de 3000 personas fueron condenadas a penas de prisi\u00f3n por delitos pol\u00edticos, evidentemente en su mayor\u00eda comunistas y personas afines. Para los dirigentes, la duraci\u00f3n de la pena de prisi\u00f3n oscilaba entre dos y tres a\u00f1os. En 1955, el Tribunal Supremo Federal conden\u00f3 a Josef Angenfort, diputado del KPD en el Senado, a cinco a\u00f1os de prisi\u00f3n.<\/span><\/span><\/p>\n<p class=\"western\" lang=\"de-DE\"><span style=\"font-size: medium;\"><span lang=\"es-ES\">Y hubo un muerto: el 11 de mayo de 1952, en Essen, el cerrajero Philipp M\u00fcller, de 21 a\u00f1os, miembro del KPD y de la FDJ, fue abatido a tiros por la polic\u00eda mientras participaba en una manifestaci\u00f3n contra el rearme.<\/span><\/span><\/p>\n<p class=\"western\" lang=\"de-DE\"><span style=\"font-size: medium;\"><span lang=\"es-ES\">Para esto no era necesario en realidad prohibir ning\u00fan partido. La mayor parte se pod\u00eda ventilar con el art\u00edculo 9, apartado 2, de la Ley Fundamental en la mano: \u201cQuedan prohibidas las asociaciones cuyos fines o actividades contravengan las leyes penales o que se dirijan contra el orden constitucional o contra el ideal de la comprensi\u00f3n entre los pueblos\u201d. Para ello no hac\u00eda falta el Tribunal Constitucional Federal, bastaba con el ministro del Interior.<\/span><\/span><\/p>\n<h2 class=\"western\" lang=\"de-DE\"><span lang=\"es-ES\" style=\"font-size: 14pt;\">Dudas del presidente del Tribunal Constitucional Federal<\/span><\/h2>\n<p class=\"western\" lang=\"de-DE\"><span style=\"font-size: medium;\"><span lang=\"es-ES\">En 1954, Josef Wintrich empez\u00f3 a tener dudas. El presidente del Tribunal Constitucional Federal, molesto por la escasez de pruebas y la eficacia de las defensas, pregunt\u00f3 a Adenauer si no ser\u00eda mejor dejar el asunto tal y como estaba. Recibi\u00f3 una respuesta negativa. As\u00ed que hubo que buscar algo inconstitucional. Se lo encontr\u00f3 en la consigna \u2014hay que reconocer que un tanto exagerada\u2014 de \u201cderrocamiento revolucionario del r\u00e9gimen de Adenauer\u201d recogida en el \u201cPrograma de reunificaci\u00f3n nacional\u201d del KPD de 1952.<\/span><\/span><\/p>\n<p class=\"western\" lang=\"de-DE\"><span style=\"font-size: medium;\"><span lang=\"es-ES\">Ante la ejecutiva federal de la CDU, Adenauer declar\u00f3: \u201cEl Tribunal Constitucional Federal sostiene que el Partido Comunista estar\u00e1 prohibido hasta el fin del mundo\u201d. Ese era, aparte de la \u201ccuesti\u00f3n alemana\u201d, el segundo objetivo principal de toda la empresa: elevar a rango constitucional el anticomunismo<\/span><\/span><span style=\"font-size: medium;\"><span lang=\"es-ES\">.<\/span><\/span><\/p>\n<p class=\"western\" lang=\"de-DE\"><span style=\"font-size: medium;\"><span lang=\"es-ES\">Sin embargo, Adenauer fracas\u00f3 con su l\u00ednea de confrontaci\u00f3n para restablecer una Alemania unificada y capitalista. Se busc\u00f3 y se encontr\u00f3 nuevos caminos. La prohibici\u00f3n del KPD se mantuvo. A partir de 1968, esto result\u00f3 ser una carga para el DKP<a class=\"sdfootnoteanc\" href=\"#sdfootnote3sym\" name=\"sdfootnote3anc\"><sup>3<\/sup><\/a> y, sobre todo, para muchos de sus miembros m\u00e1s j\u00f3venes.<\/span><\/span><\/p>\n<h3 class=\"western\" lang=\"de-DE\"><span style=\"font-size: medium;\">Notas<\/span><\/h3>\n<ol>\n<li>\n<p lang=\"de-DE\"><span style=\"font-size: small;\"><a href=\"https:\/\/www.nd-aktuell.de\/artikel\/1166293.kpd-verbot-die-roten-sind-unter-uns.html\"><span style=\"font-size: medium;\">https:\/\/www.nd-aktuell.de\/artikel\/1166293.kpd-verbot-die-roten-sind-unter-uns.html<\/span><\/a><\/span><\/p>\n<\/li>\n<li>\n<p lang=\"de-DE\"><span style=\"font-size: small;\"><a href=\"https:\/\/www.nd-aktuell.de\/artikel\/1073762.kpd-verbot-ein-verfassungsrechtlicher-skandal.html\"><span style=\"font-size: medium;\">https:\/\/www.nd-aktuell.de\/artikel\/1073762.kpd-verbot-ein-verfassungsrechtlicher-skandal.html<\/span><\/a><\/span><\/p>\n<\/li>\n<li>\n<p lang=\"de-DE\"><span style=\"font-size: small;\"><a href=\"https:\/\/www.nd-aktuell.de\/artikel\/1184037.pieck-und-adenauer-alte-maenner-in-neuer-zeit.html\"><span style=\"font-size: medium;\">https:\/\/www.nd-aktuell.de\/artikel\/1184037.pieck-und-adenauer-alte-maenner-in-neuer-zeit.html<\/span><\/a><\/span><\/p>\n<\/li>\n<\/ol>\n<p lang=\"de-DE\"><strong>Notas editoriales<\/strong><\/p>\n<div id=\"sdfootnote1\">\n<p class=\"sdfootnote-western\" lang=\"de-DE\"><a class=\"sdfootnotesym\" href=\"#sdfootnote1anc\" name=\"sdfootnote1sym\">1<\/a><span lang=\"es-ES\"> Desde el final de la Segunda Guerra Mundial hasta la reunificaci\u00f3n alemana en 1989 se conoci\u00f3 en los medios pol\u00edticos alemanes como \u201ccuesti\u00f3n alemana\u201d el problema planteado por la desmembraci\u00f3n del antiguo Reich y su unificaci\u00f3n de nuevo. <\/span><\/p>\n<\/div>\n<div id=\"sdfootnote2\">\n<p class=\"sdfootnote-western\" lang=\"de-DE\"><a class=\"sdfootnotesym\" href=\"#sdfootnote2anc\" name=\"sdfootnote2sym\">2<\/a><span lang=\"es-ES\"> De manera unilateral, las tres potencias occidentales vencedoras (EEUU, Inglaterra y Francia) unificaron sus zonas de ocupaci\u00f3n para constituir la Rep\u00fablica Federal Alemana (RFA) en 1949. Seis meses despu\u00e9s se constitu\u00eda en la zona de ocupaci\u00f3n sovi\u00e9tica la Rep\u00fablica Democr\u00e1tica Alemana (RDA). Alemania quedaba as\u00ed dividida en dos estados, situaci\u00f3n que perdur\u00f3 hasta 1989. <\/span><\/p>\n<\/div>\n<div id=\"sdfootnote3\">\n<p class=\"sdfootnote-western\" lang=\"de-DE\"><a class=\"sdfootnotesym\" href=\"#sdfootnote3anc\" name=\"sdfootnote3sym\">3<\/a><span lang=\"es-ES\"> DKP, <\/span><span lang=\"es-ES\"><i>Deutsche kommunistische Partei<\/i><\/span><span lang=\"es-ES\"> (partido comunista alem\u00e1n), partido heredero del KPD, que encontr\u00f3 en 1968 la v\u00eda para ser legalizado con ese nombre.<\/span><\/p>\n<p lang=\"de-DE\"><span lang=\"es-ES\">Fuente:<\/span><a href=\"https:\/\/www.nd-aktuell.de\/artikel\/1201860.jahre-kpd-verbot-kpd-verbot-vor-jahren-kein-unabhaengiges-urteil.html\"><span lang=\"es-ES\"><u> https:\/\/www.nd-aktuell.de\/artikel\/1201860.jahre-kpd-verbot-kpd-verbot-vor-jahren-kein-unabhaengiges-urteil.html<\/u><\/span><\/a><\/p>\n<\/div>\n","protected":false},"excerpt":{"rendered":"<p>El 17 de agosto de 1956, el Tribunal Constitucional Federal [1] prohibi\u00f3 el Partido Comunista de Alemania (KPD). La sentencia<\/p>\n","protected":false},"author":5,"featured_media":20299,"comment_status":"open","ping_status":"open","sticky":false,"template":"","format":"standard","meta":{"footnotes":""},"categories":[1922,26],"tags":[],"class_list":["post-20294","post","type-post","status-publish","format-standard","has-post-thumbnail","hentry","category-alemania","category-historia-del-comunismo"],"aioseo_notices":[],"aioseo_head":"\n\t\t<!-- All in One SEO 4.9.10 - aioseo.com -->\n\t<meta name=\"description\" content=\"El 17 de agosto de 1956, el Tribunal Constitucional Federal [1] prohibi\u00f3 el Partido Comunista de Alemania (KPD). La sentencia sigue vigente hoy d\u00eda. Solo podr\u00eda ser revocada por el mismo tribunal. En este sentido, tiene hasta la fecha una especie de rango constitucional y, por lo tanto, no puede ser contraria a la Ley\" \/>\n\t<meta name=\"robots\" content=\"max-image-preview:large\" \/>\n\t<meta name=\"author\" content=\"Carlos Valmaseda\"\/>\n\t<link rel=\"canonical\" href=\"https:\/\/espai-marx.net\/?p=20294\" \/>\n\t<meta name=\"generator\" content=\"All in One SEO (AIOSEO) 4.9.10\" \/>\n\t\t<meta property=\"og:locale\" content=\"es_ES\" \/>\n\t\t<meta property=\"og:site_name\" content=\"- Un punto de encuentro para las alternativas sociales\" \/>\n\t\t<meta property=\"og:type\" content=\"article\" \/>\n\t\t<meta property=\"og:title\" content=\"La prohibici\u00f3n del Partido Comunista de Alemania (KPD) hace 70 a\u00f1os -\" \/>\n\t\t<meta property=\"og:description\" content=\"El 17 de agosto de 1956, el Tribunal Constitucional Federal [1] prohibi\u00f3 el Partido Comunista de Alemania (KPD). La sentencia sigue vigente hoy d\u00eda. Solo podr\u00eda ser revocada por el mismo tribunal. En este sentido, tiene hasta la fecha una especie de rango constitucional y, por lo tanto, no puede ser contraria a la Ley\" \/>\n\t\t<meta property=\"og:url\" content=\"https:\/\/espai-marx.net\/?p=20294\" \/>\n\t\t<meta property=\"og:image\" content=\"https:\/\/espai-marx.net\/wp-content\/uploads\/2019\/03\/cropped-cropped-cropped-logoEspai-6-1.png\" \/>\n\t\t<meta property=\"og:image:secure_url\" content=\"https:\/\/espai-marx.net\/wp-content\/uploads\/2019\/03\/cropped-cropped-cropped-logoEspai-6-1.png\" \/>\n\t\t<meta property=\"og:image:width\" content=\"243\" \/>\n\t\t<meta property=\"og:image:height\" content=\"49\" \/>\n\t\t<meta property=\"article:published_time\" content=\"2026-09-01T04:00:08+00:00\" \/>\n\t\t<meta property=\"article:modified_time\" content=\"2026-09-01T01:21:55+00:00\" \/>\n\t\t<meta property=\"article:publisher\" content=\"https:\/\/facebook.com\/espaiMarx\" \/>\n\t\t<meta name=\"twitter:card\" content=\"summary_large_image\" \/>\n\t\t<meta name=\"twitter:site\" content=\"@espaiMarx\" \/>\n\t\t<meta name=\"twitter:title\" content=\"La prohibici\u00f3n del Partido Comunista de Alemania (KPD) hace 70 a\u00f1os -\" \/>\n\t\t<meta name=\"twitter:description\" content=\"El 17 de agosto de 1956, el Tribunal Constitucional Federal [1] prohibi\u00f3 el Partido Comunista de Alemania (KPD). La sentencia sigue vigente hoy d\u00eda. Solo podr\u00eda ser revocada por el mismo tribunal. En este sentido, tiene hasta la fecha una especie de rango constitucional y, por lo tanto, no puede ser contraria a la Ley\" \/>\n\t\t<meta name=\"twitter:creator\" content=\"@espaiMarx\" \/>\n\t\t<meta name=\"twitter:image\" content=\"https:\/\/espai-marx.net\/wp-content\/uploads\/2019\/03\/cropped-cropped-cropped-logoEspai-6-1.png\" \/>\n\t\t<script type=\"application\/ld+json\" class=\"aioseo-schema\">\n\t\t\t{\"@context\":\"https:\\\/\\\/schema.org\",\"@graph\":[{\"@type\":\"BlogPosting\",\"@id\":\"https:\\\/\\\/espai-marx.net\\\/?p=20294#blogposting\",\"name\":\"La prohibici\\u00f3n del Partido Comunista de Alemania (KPD) hace 70 a\\u00f1os -\",\"headline\":\"La prohibici\\u00f3n del Partido Comunista de Alemania (KPD) hace 70 a\\u00f1os\",\"author\":{\"@id\":\"https:\\\/\\\/espai-marx.net\\\/?author=5#author\"},\"publisher\":{\"@id\":\"https:\\\/\\\/espai-marx.net\\\/#organization\"},\"image\":{\"@type\":\"ImageObject\",\"url\":\"https:\\\/\\\/espai-marx.net\\\/wp-content\\\/uploads\\\/2026\\\/09\\\/dkp750.jpg\",\"width\":750,\"height\":421,\"caption\":\"Bilddatum  \\t27. Oktober 1968\\nOrt \\tOffenbach \\\/ Deutschland\\nCredit \\tA. Tripp \\\/ Ruhrlandmuseum\\nLegende \\tErster Bundeskongre\\u00a7 der Deutschen Kommunistischen Partei (DKP) in der Stadthalle Offenbach. Schlu\\u00a7lied \\\"Internationale\\\". BV.\\nFotograf \\t\\nHeadline \\tPolitik\\nKeywords \\tBilddok Deutschland Parteien DKP Der erste Bundeskongress der Deutschen Kommunistischen Partei (DKP) fand am 27. Oktober 1968 in der Stadthalle Offenbach statt. Zum Schlusslied erhoben sich die Mitglieder und sangen die \\\"Internationale\\\". Die Partei war knapp einen Monat zuvor, am 25. September 1968, vom \\\"Bundesausschuss zur Neukonstituierung einer Kommunistischen Partei\\\" in Frankfurt am Main gegr\\u00fcndet worden.\"},\"datePublished\":\"2026-09-01T05:00:08+01:00\",\"dateModified\":\"2026-09-01T02:21:55+01:00\",\"inLanguage\":\"es-ES\",\"mainEntityOfPage\":{\"@id\":\"https:\\\/\\\/espai-marx.net\\\/?p=20294#webpage\"},\"isPartOf\":{\"@id\":\"https:\\\/\\\/espai-marx.net\\\/?p=20294#webpage\"},\"articleSection\":\"Alemania, Historia del comunismo\"},{\"@type\":\"BreadcrumbList\",\"@id\":\"https:\\\/\\\/espai-marx.net\\\/?p=20294#breadcrumblist\",\"itemListElement\":[{\"@type\":\"ListItem\",\"@id\":\"https:\\\/\\\/espai-marx.net#listItem\",\"position\":1,\"name\":\"Home\",\"item\":\"https:\\\/\\\/espai-marx.net\",\"nextItem\":{\"@type\":\"ListItem\",\"@id\":\"https:\\\/\\\/espai-marx.net\\\/?cat=29#listItem\",\"name\":\"Internacional\"}},{\"@type\":\"ListItem\",\"@id\":\"https:\\\/\\\/espai-marx.net\\\/?cat=29#listItem\",\"position\":2,\"name\":\"Internacional\",\"item\":\"https:\\\/\\\/espai-marx.net\\\/?cat=29\",\"nextItem\":{\"@type\":\"ListItem\",\"@id\":\"https:\\\/\\\/espai-marx.net\\\/?cat=41#listItem\",\"name\":\"Europa\"},\"previousItem\":{\"@type\":\"ListItem\",\"@id\":\"https:\\\/\\\/espai-marx.net#listItem\",\"name\":\"Home\"}},{\"@type\":\"ListItem\",\"@id\":\"https:\\\/\\\/espai-marx.net\\\/?cat=41#listItem\",\"position\":3,\"name\":\"Europa\",\"item\":\"https:\\\/\\\/espai-marx.net\\\/?cat=41\",\"nextItem\":{\"@type\":\"ListItem\",\"@id\":\"https:\\\/\\\/espai-marx.net\\\/?cat=1922#listItem\",\"name\":\"Alemania\"},\"previousItem\":{\"@type\":\"ListItem\",\"@id\":\"https:\\\/\\\/espai-marx.net\\\/?cat=29#listItem\",\"name\":\"Internacional\"}},{\"@type\":\"ListItem\",\"@id\":\"https:\\\/\\\/espai-marx.net\\\/?cat=1922#listItem\",\"position\":4,\"name\":\"Alemania\",\"item\":\"https:\\\/\\\/espai-marx.net\\\/?cat=1922\",\"nextItem\":{\"@type\":\"ListItem\",\"@id\":\"https:\\\/\\\/espai-marx.net\\\/?p=20294#listItem\",\"name\":\"La prohibici\\u00f3n del Partido Comunista de Alemania (KPD) hace 70 a\\u00f1os\"},\"previousItem\":{\"@type\":\"ListItem\",\"@id\":\"https:\\\/\\\/espai-marx.net\\\/?cat=41#listItem\",\"name\":\"Europa\"}},{\"@type\":\"ListItem\",\"@id\":\"https:\\\/\\\/espai-marx.net\\\/?p=20294#listItem\",\"position\":5,\"name\":\"La prohibici\\u00f3n del Partido Comunista de Alemania (KPD) hace 70 a\\u00f1os\",\"previousItem\":{\"@type\":\"ListItem\",\"@id\":\"https:\\\/\\\/espai-marx.net\\\/?cat=1922#listItem\",\"name\":\"Alemania\"}}]},{\"@type\":\"Organization\",\"@id\":\"https:\\\/\\\/espai-marx.net\\\/#organization\",\"name\":\"EspaiMarx\",\"description\":\"Un punto de encuentro para las alternativas sociales\",\"url\":\"https:\\\/\\\/espai-marx.net\\\/\",\"telephone\":\"+34663765276\",\"logo\":{\"@type\":\"ImageObject\",\"url\":\"https:\\\/\\\/espai-marx.net\\\/wp-content\\\/uploads\\\/2019\\\/03\\\/cropped-cropped-cropped-logoEspai-6.png\",\"@id\":\"https:\\\/\\\/espai-marx.net\\\/?p=20294\\\/#organizationLogo\",\"width\":243,\"height\":49},\"image\":{\"@id\":\"https:\\\/\\\/espai-marx.net\\\/?p=20294\\\/#organizationLogo\"},\"sameAs\":[\"https:\\\/\\\/facebook.com\\\/espaiMarx\",\"https:\\\/\\\/x.com\\\/espaiMarx\",\"https:\\\/\\\/youtube.com\\\/espaiMarx\"]},{\"@type\":\"Person\",\"@id\":\"https:\\\/\\\/espai-marx.net\\\/?author=5#author\",\"url\":\"https:\\\/\\\/espai-marx.net\\\/?author=5\",\"name\":\"Carlos Valmaseda\",\"image\":{\"@type\":\"ImageObject\",\"@id\":\"https:\\\/\\\/espai-marx.net\\\/?p=20294#authorImage\",\"url\":\"https:\\\/\\\/secure.gravatar.com\\\/avatar\\\/a1d16d135a3c477a39609b66eb48b0cfcd828f1f8d2dce3ce4c1c5e3490f9085?s=96&d=mm&r=g\",\"width\":96,\"height\":96,\"caption\":\"Carlos Valmaseda\"}},{\"@type\":\"WebPage\",\"@id\":\"https:\\\/\\\/espai-marx.net\\\/?p=20294#webpage\",\"url\":\"https:\\\/\\\/espai-marx.net\\\/?p=20294\",\"name\":\"La prohibici\\u00f3n del Partido Comunista de Alemania (KPD) hace 70 a\\u00f1os -\",\"description\":\"El 17 de agosto de 1956, el Tribunal Constitucional Federal [1] prohibi\\u00f3 el Partido Comunista de Alemania (KPD). La sentencia sigue vigente hoy d\\u00eda. Solo podr\\u00eda ser revocada por el mismo tribunal. En este sentido, tiene hasta la fecha una especie de rango constitucional y, por lo tanto, no puede ser contraria a la Ley\",\"inLanguage\":\"es-ES\",\"isPartOf\":{\"@id\":\"https:\\\/\\\/espai-marx.net\\\/#website\"},\"breadcrumb\":{\"@id\":\"https:\\\/\\\/espai-marx.net\\\/?p=20294#breadcrumblist\"},\"author\":{\"@id\":\"https:\\\/\\\/espai-marx.net\\\/?author=5#author\"},\"creator\":{\"@id\":\"https:\\\/\\\/espai-marx.net\\\/?author=5#author\"},\"image\":{\"@type\":\"ImageObject\",\"url\":\"https:\\\/\\\/espai-marx.net\\\/wp-content\\\/uploads\\\/2026\\\/09\\\/dkp750.jpg\",\"@id\":\"https:\\\/\\\/espai-marx.net\\\/?p=20294\\\/#mainImage\",\"width\":750,\"height\":421,\"caption\":\"Bilddatum  \\t27. Oktober 1968\\nOrt \\tOffenbach \\\/ Deutschland\\nCredit \\tA. Tripp \\\/ Ruhrlandmuseum\\nLegende \\tErster Bundeskongre\\u00a7 der Deutschen Kommunistischen Partei (DKP) in der Stadthalle Offenbach. Schlu\\u00a7lied \\\"Internationale\\\". BV.\\nFotograf \\t\\nHeadline \\tPolitik\\nKeywords \\tBilddok Deutschland Parteien DKP Der erste Bundeskongress der Deutschen Kommunistischen Partei (DKP) fand am 27. Oktober 1968 in der Stadthalle Offenbach statt. Zum Schlusslied erhoben sich die Mitglieder und sangen die \\\"Internationale\\\". Die Partei war knapp einen Monat zuvor, am 25. September 1968, vom \\\"Bundesausschuss zur Neukonstituierung einer Kommunistischen Partei\\\" in Frankfurt am Main gegr\\u00fcndet worden.\"},\"primaryImageOfPage\":{\"@id\":\"https:\\\/\\\/espai-marx.net\\\/?p=20294#mainImage\"},\"datePublished\":\"2026-09-01T05:00:08+01:00\",\"dateModified\":\"2026-09-01T02:21:55+01:00\"},{\"@type\":\"WebSite\",\"@id\":\"https:\\\/\\\/espai-marx.net\\\/#website\",\"url\":\"https:\\\/\\\/espai-marx.net\\\/\",\"description\":\"Un punto de encuentro para las alternativas sociales\",\"inLanguage\":\"es-ES\",\"publisher\":{\"@id\":\"https:\\\/\\\/espai-marx.net\\\/#organization\"}}]}\n\t\t<\/script>\n\t\t<!-- All in One SEO -->\n\n","aioseo_head_json":{"title":"La prohibici\u00f3n del Partido Comunista de Alemania (KPD) hace 70 a\u00f1os -","description":"El 17 de agosto de 1956, el Tribunal Constitucional Federal [1] prohibi\u00f3 el Partido Comunista de Alemania (KPD). La sentencia sigue vigente hoy d\u00eda. Solo podr\u00eda ser revocada por el mismo tribunal. En este sentido, tiene hasta la fecha una especie de rango constitucional y, por lo tanto, no puede ser contraria a la Ley","canonical_url":"https:\/\/espai-marx.net\/?p=20294","robots":"max-image-preview:large","keywords":"","webmasterTools":{"miscellaneous":""},"schema":{"@context":"https:\/\/schema.org","@graph":[{"@type":"BlogPosting","@id":"https:\/\/espai-marx.net\/?p=20294#blogposting","name":"La prohibici\u00f3n del Partido Comunista de Alemania (KPD) hace 70 a\u00f1os -","headline":"La prohibici\u00f3n del Partido Comunista de Alemania (KPD) hace 70 a\u00f1os","author":{"@id":"https:\/\/espai-marx.net\/?author=5#author"},"publisher":{"@id":"https:\/\/espai-marx.net\/#organization"},"image":{"@type":"ImageObject","url":"https:\/\/espai-marx.net\/wp-content\/uploads\/2026\/09\/dkp750.jpg","width":750,"height":421,"caption":"Bilddatum  \t27. Oktober 1968\nOrt \tOffenbach \/ Deutschland\nCredit \tA. Tripp \/ Ruhrlandmuseum\nLegende \tErster Bundeskongre\u00a7 der Deutschen Kommunistischen Partei (DKP) in der Stadthalle Offenbach. Schlu\u00a7lied \"Internationale\". BV.\nFotograf \t\nHeadline \tPolitik\nKeywords \tBilddok Deutschland Parteien DKP Der erste Bundeskongress der Deutschen Kommunistischen Partei (DKP) fand am 27. Oktober 1968 in der Stadthalle Offenbach statt. Zum Schlusslied erhoben sich die Mitglieder und sangen die \"Internationale\". Die Partei war knapp einen Monat zuvor, am 25. September 1968, vom \"Bundesausschuss zur Neukonstituierung einer Kommunistischen Partei\" in Frankfurt am Main gegr\u00fcndet worden."},"datePublished":"2026-09-01T05:00:08+01:00","dateModified":"2026-09-01T02:21:55+01:00","inLanguage":"es-ES","mainEntityOfPage":{"@id":"https:\/\/espai-marx.net\/?p=20294#webpage"},"isPartOf":{"@id":"https:\/\/espai-marx.net\/?p=20294#webpage"},"articleSection":"Alemania, Historia del comunismo"},{"@type":"BreadcrumbList","@id":"https:\/\/espai-marx.net\/?p=20294#breadcrumblist","itemListElement":[{"@type":"ListItem","@id":"https:\/\/espai-marx.net#listItem","position":1,"name":"Home","item":"https:\/\/espai-marx.net","nextItem":{"@type":"ListItem","@id":"https:\/\/espai-marx.net\/?cat=29#listItem","name":"Internacional"}},{"@type":"ListItem","@id":"https:\/\/espai-marx.net\/?cat=29#listItem","position":2,"name":"Internacional","item":"https:\/\/espai-marx.net\/?cat=29","nextItem":{"@type":"ListItem","@id":"https:\/\/espai-marx.net\/?cat=41#listItem","name":"Europa"},"previousItem":{"@type":"ListItem","@id":"https:\/\/espai-marx.net#listItem","name":"Home"}},{"@type":"ListItem","@id":"https:\/\/espai-marx.net\/?cat=41#listItem","position":3,"name":"Europa","item":"https:\/\/espai-marx.net\/?cat=41","nextItem":{"@type":"ListItem","@id":"https:\/\/espai-marx.net\/?cat=1922#listItem","name":"Alemania"},"previousItem":{"@type":"ListItem","@id":"https:\/\/espai-marx.net\/?cat=29#listItem","name":"Internacional"}},{"@type":"ListItem","@id":"https:\/\/espai-marx.net\/?cat=1922#listItem","position":4,"name":"Alemania","item":"https:\/\/espai-marx.net\/?cat=1922","nextItem":{"@type":"ListItem","@id":"https:\/\/espai-marx.net\/?p=20294#listItem","name":"La prohibici\u00f3n del Partido Comunista de Alemania (KPD) hace 70 a\u00f1os"},"previousItem":{"@type":"ListItem","@id":"https:\/\/espai-marx.net\/?cat=41#listItem","name":"Europa"}},{"@type":"ListItem","@id":"https:\/\/espai-marx.net\/?p=20294#listItem","position":5,"name":"La prohibici\u00f3n del Partido Comunista de Alemania (KPD) hace 70 a\u00f1os","previousItem":{"@type":"ListItem","@id":"https:\/\/espai-marx.net\/?cat=1922#listItem","name":"Alemania"}}]},{"@type":"Organization","@id":"https:\/\/espai-marx.net\/#organization","name":"EspaiMarx","description":"Un punto de encuentro para las alternativas sociales","url":"https:\/\/espai-marx.net\/","telephone":"+34663765276","logo":{"@type":"ImageObject","url":"https:\/\/espai-marx.net\/wp-content\/uploads\/2019\/03\/cropped-cropped-cropped-logoEspai-6.png","@id":"https:\/\/espai-marx.net\/?p=20294\/#organizationLogo","width":243,"height":49},"image":{"@id":"https:\/\/espai-marx.net\/?p=20294\/#organizationLogo"},"sameAs":["https:\/\/facebook.com\/espaiMarx","https:\/\/x.com\/espaiMarx","https:\/\/youtube.com\/espaiMarx"]},{"@type":"Person","@id":"https:\/\/espai-marx.net\/?author=5#author","url":"https:\/\/espai-marx.net\/?author=5","name":"Carlos Valmaseda","image":{"@type":"ImageObject","@id":"https:\/\/espai-marx.net\/?p=20294#authorImage","url":"https:\/\/secure.gravatar.com\/avatar\/a1d16d135a3c477a39609b66eb48b0cfcd828f1f8d2dce3ce4c1c5e3490f9085?s=96&d=mm&r=g","width":96,"height":96,"caption":"Carlos Valmaseda"}},{"@type":"WebPage","@id":"https:\/\/espai-marx.net\/?p=20294#webpage","url":"https:\/\/espai-marx.net\/?p=20294","name":"La prohibici\u00f3n del Partido Comunista de Alemania (KPD) hace 70 a\u00f1os -","description":"El 17 de agosto de 1956, el Tribunal Constitucional Federal [1] prohibi\u00f3 el Partido Comunista de Alemania (KPD). La sentencia sigue vigente hoy d\u00eda. Solo podr\u00eda ser revocada por el mismo tribunal. En este sentido, tiene hasta la fecha una especie de rango constitucional y, por lo tanto, no puede ser contraria a la Ley","inLanguage":"es-ES","isPartOf":{"@id":"https:\/\/espai-marx.net\/#website"},"breadcrumb":{"@id":"https:\/\/espai-marx.net\/?p=20294#breadcrumblist"},"author":{"@id":"https:\/\/espai-marx.net\/?author=5#author"},"creator":{"@id":"https:\/\/espai-marx.net\/?author=5#author"},"image":{"@type":"ImageObject","url":"https:\/\/espai-marx.net\/wp-content\/uploads\/2026\/09\/dkp750.jpg","@id":"https:\/\/espai-marx.net\/?p=20294\/#mainImage","width":750,"height":421,"caption":"Bilddatum  \t27. Oktober 1968\nOrt \tOffenbach \/ Deutschland\nCredit \tA. Tripp \/ Ruhrlandmuseum\nLegende \tErster Bundeskongre\u00a7 der Deutschen Kommunistischen Partei (DKP) in der Stadthalle Offenbach. Schlu\u00a7lied \"Internationale\". BV.\nFotograf \t\nHeadline \tPolitik\nKeywords \tBilddok Deutschland Parteien DKP Der erste Bundeskongress der Deutschen Kommunistischen Partei (DKP) fand am 27. Oktober 1968 in der Stadthalle Offenbach statt. Zum Schlusslied erhoben sich die Mitglieder und sangen die \"Internationale\". Die Partei war knapp einen Monat zuvor, am 25. September 1968, vom \"Bundesausschuss zur Neukonstituierung einer Kommunistischen Partei\" in Frankfurt am Main gegr\u00fcndet worden."},"primaryImageOfPage":{"@id":"https:\/\/espai-marx.net\/?p=20294#mainImage"},"datePublished":"2026-09-01T05:00:08+01:00","dateModified":"2026-09-01T02:21:55+01:00"},{"@type":"WebSite","@id":"https:\/\/espai-marx.net\/#website","url":"https:\/\/espai-marx.net\/","description":"Un punto de encuentro para las alternativas sociales","inLanguage":"es-ES","publisher":{"@id":"https:\/\/espai-marx.net\/#organization"}}]},"og:locale":"es_ES","og:site_name":"- Un punto de encuentro para las alternativas sociales","og:type":"article","og:title":"La prohibici\u00f3n del Partido Comunista de Alemania (KPD) hace 70 a\u00f1os -","og:description":"El 17 de agosto de 1956, el Tribunal Constitucional Federal [1] prohibi\u00f3 el Partido Comunista de Alemania (KPD). La sentencia sigue vigente hoy d\u00eda. Solo podr\u00eda ser revocada por el mismo tribunal. En este sentido, tiene hasta la fecha una especie de rango constitucional y, por lo tanto, no puede ser contraria a la Ley","og:url":"https:\/\/espai-marx.net\/?p=20294","og:image":"https:\/\/espai-marx.net\/wp-content\/uploads\/2019\/03\/cropped-cropped-cropped-logoEspai-6-1.png","og:image:secure_url":"https:\/\/espai-marx.net\/wp-content\/uploads\/2019\/03\/cropped-cropped-cropped-logoEspai-6-1.png","og:image:width":243,"og:image:height":49,"article:published_time":"2026-09-01T04:00:08+00:00","article:modified_time":"2026-09-01T01:21:55+00:00","article:publisher":"https:\/\/facebook.com\/espaiMarx","twitter:card":"summary_large_image","twitter:site":"@espaiMarx","twitter:title":"La prohibici\u00f3n del Partido Comunista de Alemania (KPD) hace 70 a\u00f1os -","twitter:description":"El 17 de agosto de 1956, el Tribunal Constitucional Federal [1] prohibi\u00f3 el Partido Comunista de Alemania (KPD). La sentencia sigue vigente hoy d\u00eda. Solo podr\u00eda ser revocada por el mismo tribunal. En este sentido, tiene hasta la fecha una especie de rango constitucional y, por lo tanto, no puede ser contraria a la Ley","twitter:creator":"@espaiMarx","twitter:image":"https:\/\/espai-marx.net\/wp-content\/uploads\/2019\/03\/cropped-cropped-cropped-logoEspai-6-1.png"},"aioseo_meta_data":{"post_id":"20294","title":null,"description":null,"keywords":null,"keyphrases":{"focus":{"keyphrase":"","score":0,"analysis":{"keyphraseInTitle":{"score":0,"maxScore":9,"error":1}}},"additional":[]},"primary_term":null,"canonical_url":null,"og_title":null,"og_description":null,"og_object_type":"default","og_image_type":"default","og_image_url":null,"og_image_width":null,"og_image_height":null,"og_image_custom_url":null,"og_image_custom_fields":null,"og_video":"","og_custom_url":null,"og_article_section":null,"og_article_tags":null,"twitter_use_og":false,"twitter_card":"default","twitter_image_type":"default","twitter_image_url":null,"twitter_image_custom_url":null,"twitter_image_custom_fields":null,"twitter_title":null,"twitter_description":null,"schema":{"blockGraphs":[],"customGraphs":[],"default":{"data":{"Article":[],"Course":[],"Dataset":[],"FAQPage":[],"Movie":[],"Person":[],"Product":[],"ProductReview":[],"Car":[],"Recipe":[],"Service":[],"SoftwareApplication":[],"WebPage":[]},"graphName":"BlogPosting","isEnabled":true},"graphs":[]},"schema_type":"default","schema_type_options":null,"pillar_content":false,"robots_default":true,"robots_noindex":false,"robots_noarchive":false,"robots_nosnippet":false,"robots_nofollow":false,"robots_noimageindex":false,"robots_noodp":false,"robots_notranslate":false,"robots_max_snippet":"-1","robots_max_videopreview":"-1","robots_max_imagepreview":"large","priority":null,"frequency":"default","local_seo":null,"breadcrumb_settings":null,"limit_modified_date":false,"ai":{"faqs":[],"keyPoints":[],"schemas":[],"titles":[],"descriptions":[],"socialPosts":{"email":{"subject":"","preview":"","content":""},"linkedin":[],"twitter":[],"facebook":[],"instagram":[]}},"created":"2026-08-31 21:48:13","updated":"2026-09-01 05:01:30","seo_analyzer_scan_date":null},"aioseo_breadcrumb":"<div class=\"aioseo-breadcrumbs\"><span class=\"aioseo-breadcrumb\">\n\t\t\t<a href=\"https:\/\/espai-marx.net\" title=\"Home\">Home<\/a>\n\t\t<\/span><span class=\"aioseo-breadcrumb-separator\">&raquo;<\/span><span class=\"aioseo-breadcrumb\">\n\t\t\t<a href=\"https:\/\/espai-marx.net\/?cat=29\" title=\"Internacional\">Internacional<\/a>\n\t\t<\/span><span class=\"aioseo-breadcrumb-separator\">&raquo;<\/span><span class=\"aioseo-breadcrumb\">\n\t\t\t<a href=\"https:\/\/espai-marx.net\/?cat=41\" title=\"Europa\">Europa<\/a>\n\t\t<\/span><span class=\"aioseo-breadcrumb-separator\">&raquo;<\/span><span class=\"aioseo-breadcrumb\">\n\t\t\t<a href=\"https:\/\/espai-marx.net\/?cat=1922\" title=\"Alemania\">Alemania<\/a>\n\t\t<\/span><span class=\"aioseo-breadcrumb-separator\">&raquo;<\/span><span class=\"aioseo-breadcrumb\">\n\t\t\tLa prohibici\u00f3n del Partido Comunista de Alemania (KPD) hace 70 a\u00f1os\n\t\t<\/span><\/div>","aioseo_breadcrumb_json":[{"label":"Home","link":"https:\/\/espai-marx.net"},{"label":"Internacional","link":"https:\/\/espai-marx.net\/?cat=29"},{"label":"Europa","link":"https:\/\/espai-marx.net\/?cat=41"},{"label":"Alemania","link":"https:\/\/espai-marx.net\/?cat=1922"},{"label":"La prohibici\u00f3n del Partido Comunista de Alemania (KPD) hace 70 a\u00f1os","link":"https:\/\/espai-marx.net\/?p=20294"}],"_links":{"self":[{"href":"https:\/\/espai-marx.net\/index.php?rest_route=\/wp\/v2\/posts\/20294","targetHints":{"allow":["GET"]}}],"collection":[{"href":"https:\/\/espai-marx.net\/index.php?rest_route=\/wp\/v2\/posts"}],"about":[{"href":"https:\/\/espai-marx.net\/index.php?rest_route=\/wp\/v2\/types\/post"}],"author":[{"embeddable":true,"href":"https:\/\/espai-marx.net\/index.php?rest_route=\/wp\/v2\/users\/5"}],"replies":[{"embeddable":true,"href":"https:\/\/espai-marx.net\/index.php?rest_route=%2Fwp%2Fv2%2Fcomments&post=20294"}],"version-history":[{"count":2,"href":"https:\/\/espai-marx.net\/index.php?rest_route=\/wp\/v2\/posts\/20294\/revisions"}],"predecessor-version":[{"id":20300,"href":"https:\/\/espai-marx.net\/index.php?rest_route=\/wp\/v2\/posts\/20294\/revisions\/20300"}],"wp:featuredmedia":[{"embeddable":true,"href":"https:\/\/espai-marx.net\/index.php?rest_route=\/wp\/v2\/media\/20299"}],"wp:attachment":[{"href":"https:\/\/espai-marx.net\/index.php?rest_route=%2Fwp%2Fv2%2Fmedia&parent=20294"}],"wp:term":[{"taxonomy":"category","embeddable":true,"href":"https:\/\/espai-marx.net\/index.php?rest_route=%2Fwp%2Fv2%2Fcategories&post=20294"},{"taxonomy":"post_tag","embeddable":true,"href":"https:\/\/espai-marx.net\/index.php?rest_route=%2Fwp%2Fv2%2Ftags&post=20294"}],"curies":[{"name":"wp","href":"https:\/\/api.w.org\/{rel}","templated":true}]}}