{"id":20319,"date":"2026-09-05T05:00:48","date_gmt":"2026-09-05T04:00:48","guid":{"rendered":"https:\/\/espai-marx.net\/?p=20319"},"modified":"2026-09-05T01:51:52","modified_gmt":"2026-09-05T00:51:52","slug":"palestina-36-origen-de-la-resistencia-de-un-pueblo","status":"publish","type":"post","link":"https:\/\/espai-marx.net\/?p=20319","title":{"rendered":"<i>Palestina 36<\/i>: Origen de la resistencia de un pueblo"},"content":{"rendered":"<p>Direcci\u00f3n y gui\u00f3n: Annemarie Jacir. Producci\u00f3n: Palestina. A\u00f1o 2025. Duraci\u00f3n: 119 m.<\/p>\n<p><i>Argumento<\/i>: 1936. Palestina est\u00e1 al borde de un colapso. La resistencia \u00e1rabe contra el Mandato brit\u00e1nico crece al mismo ritmo que la llegada de refugiados jud\u00edos desde Europa. El joven Yusuf se debate entre la vida que conoce y unirse a quienes lo arriesgan todo por la libertad de su pueblo.<\/p>\n<p><b>Annemarie Jacir<\/b>\u00a0es una intelectual, directora y poetisa Doctorada por la Universidad de Artois (Francia), que fue la primera mujer palestina en dirigir un largometraje en 2008 (<i>La sal de este mar). <\/i>El rodaje de la que hoy comentamos se inici\u00f3 en Palestina en 2020, pero tras la acci\u00f3n de Ham\u00e1s en 2023 todo el equipo y escenario f\u00edlmico se tuvo que trasladar a Jordania e iniciarlo de nuevo. Este cambio de escenario y situaci\u00f3n pol\u00edtica en Palestina hace que Jacir modifique parte del guion, \u00ab\u2026 <i>cuando en<\/i> <i>Palestina<\/i> <i>se inici\u00f3 el genocidio, todo cambi\u00f3 en nuestras vidas<\/i><i>&#8230;no sent\u00eda que el tono fuera el correcto&#8230;<\/i><i>desenred\u00e9 la historia y la hice m\u00e1s directa en el montaje..\u00bb. <\/i>Este acontecimiento, posiblemente, en mi opini\u00f3n, le aporta al relato pluralidad colectiva y m\u00e1s vida a las escenas familiares y b\u00e9licas en lugar de describirlo a trav\u00e9s del punto de vista\u00a0de un personaje central.<\/p>\n<p>Lo primero que sorprende es la t\u00e9cnica de fusionar escena reales, documentales, de la \u00e9poca que describe con las del rodaje. Llaman la atenci\u00f3n, igualmente, la puesta en escena del medio, las vestimentas, el tren\u2026 todo ello se integra y evoluciona a ritmo de las secuencias: evoluci\u00f3n de los personajes, ni\u00f1os y mayores. Aparecen, y se muestran, a la vez, debilidades y fortaleza de los personajes ante la progresiva presi\u00f3n que trata de socavar su moral y \u00e9tica de vida. Todas las escenas hasta casi el final, \u2013en la que aparece un ni\u00f1o con una vieja y simb\u00f3lica pistola\u2013, tienen una evoluci\u00f3n din\u00e1mica que consigue del espectador un seguimiento continuado y atento. Cuesti\u00f3n no f\u00e1cil de conseguir en m\u00e1s de hora y media. Eso es calidad t\u00e9cnica y esc\u00e9nica acompa\u00f1ada de un buen guion y montaje. Las escenas finales, ep\u00edlogo posterior que narra la continuaci\u00f3n de la historia, pasado un tiempo, nos enlaza con lo sufrido y luchado del pueblo palestino desde esas fechas hasta la actualidad.<\/p>\n<p>Desde el punto creativo de la narraci\u00f3n, los diez a\u00f1os transcurridos desde el inicio del proyecto a su consumaci\u00f3n final, la realidad ocurrida desde 2023 a hoy, que es el tiempo en el que se ejecuta el proyecto f\u00edlmico, creo que le ha beneficiado a la autora, indudablemente, junto al hecho de que la directora es palestina y ha vivido la realidad de su pueblo durante cincuenta a\u00f1os. Sin la verdad aportada por dicha realidad, tendr\u00edamos un resultado coherente del inicio del proceso imperial sionista, que no es poca cosa, pero hubiera faltado la realidad vivida, que, seg\u00fan la propia directora, le ha hecho de la pel\u00edcula un todo m\u00e1s vivo que lo une con la actualidad de la lucha y sufrimiento de su pueblo. Por todo ello, la pel\u00edcula causa un gran dolor a quienes no tenemos el coraz\u00f3n alienado.<\/p>\n<p>Aunque esa no era la intencion de la pel\u00edcula, que ten\u00eda finalidad testimonial, la se\u00f1ora Annemarie Jacir ha realizado una obra importante. No solo coyuntural. Seg\u00fan parece, -esta persona es poco conocida en el mundo f\u00edlmico-\u00a0\u00a0su primer corto lo realiz\u00f3 a los 26 a\u00f1os y debe de tener cierta experiencia f\u00edlmica previa. Veremos si nos llega, en el futuro, algo de sus nuevos trabajos para ver si se mantiene esa viveza narrativa diciendo cosas con sentido f\u00edlmico. Mientras, qued\u00e9monos con esta primera impresi\u00f3n: buen guion, buena filmaci\u00f3n y direcci\u00f3n, y ese a\u00f1adido que yo llamo \u00abtempo real\u00bb que nos ha proporcionado con la presente pel\u00edcula. Esto no es imprescindible pero s\u00ed lo que marca a una autora art\u00edsticamente.<\/p>\n<p><iframe loading=\"lazy\" title=\"PALESTINA 36 | Tr\u00e1iler Oficial VOSE\" width=\"800\" height=\"450\" src=\"https:\/\/www.youtube.com\/embed\/QS7nULRdqho?feature=oembed\" frameborder=\"0\" allow=\"accelerometer; autoplay; clipboard-write; encrypted-media; gyroscope; picture-in-picture; web-share\" referrerpolicy=\"strict-origin-when-cross-origin\" allowfullscreen><\/iframe><\/p>\n","protected":false},"excerpt":{"rendered":"<p>Direcci\u00f3n y gui\u00f3n: Annemarie Jacir. Producci\u00f3n: Palestina. A\u00f1o 2025. Duraci\u00f3n: 119 m. Argumento: 1936. Palestina est\u00e1 al borde de un<\/p>\n","protected":false},"author":5,"featured_media":19588,"comment_status":"open","ping_status":"open","sticky":false,"template":"","format":"standard","meta":{"footnotes":""},"categories":[6,17,1928],"tags":[],"class_list":["post-20319","post","type-post","status-publish","format-standard","has-post-thumbnail","hentry","category-cine","category-historia","category-palestina"],"aioseo_notices":[],"aioseo_head":"\n\t\t<!-- All in One SEO 4.9.10 - aioseo.com -->\n\t<meta name=\"description\" content=\"Direcci\u00f3n y gui\u00f3n: Annemarie Jacir. Producci\u00f3n: Palestina. A\u00f1o 2025. Duraci\u00f3n: 119 m. Argumento: 1936. Palestina est\u00e1 al borde de un colapso. La resistencia \u00e1rabe contra el Mandato brit\u00e1nico crece al mismo ritmo que la llegada de refugiados jud\u00edos desde Europa. El joven Yusuf se debate entre la vida que conoce y unirse a quienes lo\" \/>\n\t<meta name=\"robots\" content=\"max-image-preview:large\" \/>\n\t<meta name=\"author\" content=\"Carlos Valmaseda\"\/>\n\t<link rel=\"canonical\" href=\"https:\/\/espai-marx.net\/?p=20319\" \/>\n\t<meta name=\"generator\" content=\"All in One SEO (AIOSEO) 4.9.10\" \/>\n\t\t<meta property=\"og:locale\" content=\"es_ES\" \/>\n\t\t<meta property=\"og:site_name\" content=\"- Un punto de encuentro para las alternativas sociales\" \/>\n\t\t<meta property=\"og:type\" content=\"article\" \/>\n\t\t<meta property=\"og:title\" content=\"Palestina 36: Origen de la resistencia de un pueblo -\" \/>\n\t\t<meta property=\"og:description\" content=\"Direcci\u00f3n y gui\u00f3n: Annemarie Jacir. Producci\u00f3n: Palestina. A\u00f1o 2025. Duraci\u00f3n: 119 m. Argumento: 1936. Palestina est\u00e1 al borde de un colapso. La resistencia \u00e1rabe contra el Mandato brit\u00e1nico crece al mismo ritmo que la llegada de refugiados jud\u00edos desde Europa. El joven Yusuf se debate entre la vida que conoce y unirse a quienes lo\" \/>\n\t\t<meta property=\"og:url\" content=\"https:\/\/espai-marx.net\/?p=20319\" \/>\n\t\t<meta property=\"og:image\" content=\"https:\/\/espai-marx.net\/wp-content\/uploads\/2019\/03\/cropped-cropped-cropped-logoEspai-6-1.png\" \/>\n\t\t<meta property=\"og:image:secure_url\" content=\"https:\/\/espai-marx.net\/wp-content\/uploads\/2019\/03\/cropped-cropped-cropped-logoEspai-6-1.png\" \/>\n\t\t<meta property=\"og:image:width\" content=\"243\" \/>\n\t\t<meta property=\"og:image:height\" content=\"49\" \/>\n\t\t<meta property=\"article:published_time\" content=\"2026-09-05T04:00:48+00:00\" \/>\n\t\t<meta property=\"article:modified_time\" content=\"2026-09-05T00:51:52+00:00\" \/>\n\t\t<meta property=\"article:publisher\" content=\"https:\/\/facebook.com\/espaiMarx\" \/>\n\t\t<meta name=\"twitter:card\" content=\"summary_large_image\" \/>\n\t\t<meta name=\"twitter:site\" content=\"@espaiMarx\" \/>\n\t\t<meta name=\"twitter:title\" content=\"Palestina 36: Origen de la resistencia de un pueblo -\" \/>\n\t\t<meta name=\"twitter:description\" content=\"Direcci\u00f3n y gui\u00f3n: Annemarie Jacir. Producci\u00f3n: Palestina. A\u00f1o 2025. Duraci\u00f3n: 119 m. Argumento: 1936. Palestina est\u00e1 al borde de un colapso. La resistencia \u00e1rabe contra el Mandato brit\u00e1nico crece al mismo ritmo que la llegada de refugiados jud\u00edos desde Europa. El joven Yusuf se debate entre la vida que conoce y unirse a quienes lo\" \/>\n\t\t<meta name=\"twitter:creator\" content=\"@espaiMarx\" \/>\n\t\t<meta name=\"twitter:image\" content=\"https:\/\/espai-marx.net\/wp-content\/uploads\/2019\/03\/cropped-cropped-cropped-logoEspai-6-1.png\" \/>\n\t\t<script type=\"application\/ld+json\" class=\"aioseo-schema\">\n\t\t\t{\"@context\":\"https:\\\/\\\/schema.org\",\"@graph\":[{\"@type\":\"BlogPosting\",\"@id\":\"https:\\\/\\\/espai-marx.net\\\/?p=20319#blogposting\",\"name\":\"Palestina 36: Origen de la resistencia de un pueblo -\",\"headline\":\"Palestina 36: Origen de la resistencia de un pueblo\",\"author\":{\"@id\":\"https:\\\/\\\/espai-marx.net\\\/?author=5#author\"},\"publisher\":{\"@id\":\"https:\\\/\\\/espai-marx.net\\\/#organization\"},\"image\":{\"@type\":\"ImageObject\",\"url\":\"https:\\\/\\\/espai-marx.net\\\/wp-content\\\/uploads\\\/2026\\\/04\\\/Palestina-36-750.jpg\",\"width\":750,\"height\":422},\"datePublished\":\"2026-09-05T05:00:48+01:00\",\"dateModified\":\"2026-09-05T01:51:52+01:00\",\"inLanguage\":\"es-ES\",\"mainEntityOfPage\":{\"@id\":\"https:\\\/\\\/espai-marx.net\\\/?p=20319#webpage\"},\"isPartOf\":{\"@id\":\"https:\\\/\\\/espai-marx.net\\\/?p=20319#webpage\"},\"articleSection\":\"Cine, Historia, Palestina\"},{\"@type\":\"BreadcrumbList\",\"@id\":\"https:\\\/\\\/espai-marx.net\\\/?p=20319#breadcrumblist\",\"itemListElement\":[{\"@type\":\"ListItem\",\"@id\":\"https:\\\/\\\/espai-marx.net#listItem\",\"position\":1,\"name\":\"Home\",\"item\":\"https:\\\/\\\/espai-marx.net\",\"nextItem\":{\"@type\":\"ListItem\",\"@id\":\"https:\\\/\\\/espai-marx.net\\\/?cat=29#listItem\",\"name\":\"Internacional\"}},{\"@type\":\"ListItem\",\"@id\":\"https:\\\/\\\/espai-marx.net\\\/?cat=29#listItem\",\"position\":2,\"name\":\"Internacional\",\"item\":\"https:\\\/\\\/espai-marx.net\\\/?cat=29\",\"nextItem\":{\"@type\":\"ListItem\",\"@id\":\"https:\\\/\\\/espai-marx.net\\\/?cat=39#listItem\",\"name\":\"Asia\"},\"previousItem\":{\"@type\":\"ListItem\",\"@id\":\"https:\\\/\\\/espai-marx.net#listItem\",\"name\":\"Home\"}},{\"@type\":\"ListItem\",\"@id\":\"https:\\\/\\\/espai-marx.net\\\/?cat=39#listItem\",\"position\":3,\"name\":\"Asia\",\"item\":\"https:\\\/\\\/espai-marx.net\\\/?cat=39\",\"nextItem\":{\"@type\":\"ListItem\",\"@id\":\"https:\\\/\\\/espai-marx.net\\\/?cat=1928#listItem\",\"name\":\"Palestina\"},\"previousItem\":{\"@type\":\"ListItem\",\"@id\":\"https:\\\/\\\/espai-marx.net\\\/?cat=29#listItem\",\"name\":\"Internacional\"}},{\"@type\":\"ListItem\",\"@id\":\"https:\\\/\\\/espai-marx.net\\\/?cat=1928#listItem\",\"position\":4,\"name\":\"Palestina\",\"item\":\"https:\\\/\\\/espai-marx.net\\\/?cat=1928\",\"nextItem\":{\"@type\":\"ListItem\",\"@id\":\"https:\\\/\\\/espai-marx.net\\\/?p=20319#listItem\",\"name\":\"Palestina 36: Origen de la resistencia de un pueblo\"},\"previousItem\":{\"@type\":\"ListItem\",\"@id\":\"https:\\\/\\\/espai-marx.net\\\/?cat=39#listItem\",\"name\":\"Asia\"}},{\"@type\":\"ListItem\",\"@id\":\"https:\\\/\\\/espai-marx.net\\\/?p=20319#listItem\",\"position\":5,\"name\":\"Palestina 36: Origen de la resistencia de un pueblo\",\"previousItem\":{\"@type\":\"ListItem\",\"@id\":\"https:\\\/\\\/espai-marx.net\\\/?cat=1928#listItem\",\"name\":\"Palestina\"}}]},{\"@type\":\"Organization\",\"@id\":\"https:\\\/\\\/espai-marx.net\\\/#organization\",\"name\":\"EspaiMarx\",\"description\":\"Un punto de encuentro para las alternativas sociales\",\"url\":\"https:\\\/\\\/espai-marx.net\\\/\",\"telephone\":\"+34663765276\",\"logo\":{\"@type\":\"ImageObject\",\"url\":\"https:\\\/\\\/espai-marx.net\\\/wp-content\\\/uploads\\\/2019\\\/03\\\/cropped-cropped-cropped-logoEspai-6.png\",\"@id\":\"https:\\\/\\\/espai-marx.net\\\/?p=20319\\\/#organizationLogo\",\"width\":243,\"height\":49},\"image\":{\"@id\":\"https:\\\/\\\/espai-marx.net\\\/?p=20319\\\/#organizationLogo\"},\"sameAs\":[\"https:\\\/\\\/facebook.com\\\/espaiMarx\",\"https:\\\/\\\/x.com\\\/espaiMarx\",\"https:\\\/\\\/youtube.com\\\/espaiMarx\"]},{\"@type\":\"Person\",\"@id\":\"https:\\\/\\\/espai-marx.net\\\/?author=5#author\",\"url\":\"https:\\\/\\\/espai-marx.net\\\/?author=5\",\"name\":\"Carlos Valmaseda\",\"image\":{\"@type\":\"ImageObject\",\"@id\":\"https:\\\/\\\/espai-marx.net\\\/?p=20319#authorImage\",\"url\":\"https:\\\/\\\/secure.gravatar.com\\\/avatar\\\/a1d16d135a3c477a39609b66eb48b0cfcd828f1f8d2dce3ce4c1c5e3490f9085?s=96&d=mm&r=g\",\"width\":96,\"height\":96,\"caption\":\"Carlos Valmaseda\"}},{\"@type\":\"WebPage\",\"@id\":\"https:\\\/\\\/espai-marx.net\\\/?p=20319#webpage\",\"url\":\"https:\\\/\\\/espai-marx.net\\\/?p=20319\",\"name\":\"Palestina 36: Origen de la resistencia de un pueblo -\",\"description\":\"Direcci\\u00f3n y gui\\u00f3n: Annemarie Jacir. Producci\\u00f3n: Palestina. A\\u00f1o 2025. Duraci\\u00f3n: 119 m. Argumento: 1936. Palestina est\\u00e1 al borde de un colapso. La resistencia \\u00e1rabe contra el Mandato brit\\u00e1nico crece al mismo ritmo que la llegada de refugiados jud\\u00edos desde Europa. El joven Yusuf se debate entre la vida que conoce y unirse a quienes lo\",\"inLanguage\":\"es-ES\",\"isPartOf\":{\"@id\":\"https:\\\/\\\/espai-marx.net\\\/#website\"},\"breadcrumb\":{\"@id\":\"https:\\\/\\\/espai-marx.net\\\/?p=20319#breadcrumblist\"},\"author\":{\"@id\":\"https:\\\/\\\/espai-marx.net\\\/?author=5#author\"},\"creator\":{\"@id\":\"https:\\\/\\\/espai-marx.net\\\/?author=5#author\"},\"image\":{\"@type\":\"ImageObject\",\"url\":\"https:\\\/\\\/espai-marx.net\\\/wp-content\\\/uploads\\\/2026\\\/04\\\/Palestina-36-750.jpg\",\"@id\":\"https:\\\/\\\/espai-marx.net\\\/?p=20319\\\/#mainImage\",\"width\":750,\"height\":422},\"primaryImageOfPage\":{\"@id\":\"https:\\\/\\\/espai-marx.net\\\/?p=20319#mainImage\"},\"datePublished\":\"2026-09-05T05:00:48+01:00\",\"dateModified\":\"2026-09-05T01:51:52+01:00\"},{\"@type\":\"WebSite\",\"@id\":\"https:\\\/\\\/espai-marx.net\\\/#website\",\"url\":\"https:\\\/\\\/espai-marx.net\\\/\",\"description\":\"Un punto de encuentro para las alternativas sociales\",\"inLanguage\":\"es-ES\",\"publisher\":{\"@id\":\"https:\\\/\\\/espai-marx.net\\\/#organization\"}}]}\n\t\t<\/script>\n\t\t<!-- All in One SEO -->\n\n","aioseo_head_json":{"title":"Palestina 36: Origen de la resistencia de un pueblo -","description":"Direcci\u00f3n y gui\u00f3n: Annemarie Jacir. Producci\u00f3n: Palestina. A\u00f1o 2025. Duraci\u00f3n: 119 m. Argumento: 1936. Palestina est\u00e1 al borde de un colapso. La resistencia \u00e1rabe contra el Mandato brit\u00e1nico crece al mismo ritmo que la llegada de refugiados jud\u00edos desde Europa. El joven Yusuf se debate entre la vida que conoce y unirse a quienes lo","canonical_url":"https:\/\/espai-marx.net\/?p=20319","robots":"max-image-preview:large","keywords":"","webmasterTools":{"miscellaneous":""},"schema":{"@context":"https:\/\/schema.org","@graph":[{"@type":"BlogPosting","@id":"https:\/\/espai-marx.net\/?p=20319#blogposting","name":"Palestina 36: Origen de la resistencia de un pueblo -","headline":"Palestina 36: Origen de la resistencia de un pueblo","author":{"@id":"https:\/\/espai-marx.net\/?author=5#author"},"publisher":{"@id":"https:\/\/espai-marx.net\/#organization"},"image":{"@type":"ImageObject","url":"https:\/\/espai-marx.net\/wp-content\/uploads\/2026\/04\/Palestina-36-750.jpg","width":750,"height":422},"datePublished":"2026-09-05T05:00:48+01:00","dateModified":"2026-09-05T01:51:52+01:00","inLanguage":"es-ES","mainEntityOfPage":{"@id":"https:\/\/espai-marx.net\/?p=20319#webpage"},"isPartOf":{"@id":"https:\/\/espai-marx.net\/?p=20319#webpage"},"articleSection":"Cine, Historia, Palestina"},{"@type":"BreadcrumbList","@id":"https:\/\/espai-marx.net\/?p=20319#breadcrumblist","itemListElement":[{"@type":"ListItem","@id":"https:\/\/espai-marx.net#listItem","position":1,"name":"Home","item":"https:\/\/espai-marx.net","nextItem":{"@type":"ListItem","@id":"https:\/\/espai-marx.net\/?cat=29#listItem","name":"Internacional"}},{"@type":"ListItem","@id":"https:\/\/espai-marx.net\/?cat=29#listItem","position":2,"name":"Internacional","item":"https:\/\/espai-marx.net\/?cat=29","nextItem":{"@type":"ListItem","@id":"https:\/\/espai-marx.net\/?cat=39#listItem","name":"Asia"},"previousItem":{"@type":"ListItem","@id":"https:\/\/espai-marx.net#listItem","name":"Home"}},{"@type":"ListItem","@id":"https:\/\/espai-marx.net\/?cat=39#listItem","position":3,"name":"Asia","item":"https:\/\/espai-marx.net\/?cat=39","nextItem":{"@type":"ListItem","@id":"https:\/\/espai-marx.net\/?cat=1928#listItem","name":"Palestina"},"previousItem":{"@type":"ListItem","@id":"https:\/\/espai-marx.net\/?cat=29#listItem","name":"Internacional"}},{"@type":"ListItem","@id":"https:\/\/espai-marx.net\/?cat=1928#listItem","position":4,"name":"Palestina","item":"https:\/\/espai-marx.net\/?cat=1928","nextItem":{"@type":"ListItem","@id":"https:\/\/espai-marx.net\/?p=20319#listItem","name":"Palestina 36: Origen de la resistencia de un pueblo"},"previousItem":{"@type":"ListItem","@id":"https:\/\/espai-marx.net\/?cat=39#listItem","name":"Asia"}},{"@type":"ListItem","@id":"https:\/\/espai-marx.net\/?p=20319#listItem","position":5,"name":"Palestina 36: Origen de la resistencia de un pueblo","previousItem":{"@type":"ListItem","@id":"https:\/\/espai-marx.net\/?cat=1928#listItem","name":"Palestina"}}]},{"@type":"Organization","@id":"https:\/\/espai-marx.net\/#organization","name":"EspaiMarx","description":"Un punto de encuentro para las alternativas sociales","url":"https:\/\/espai-marx.net\/","telephone":"+34663765276","logo":{"@type":"ImageObject","url":"https:\/\/espai-marx.net\/wp-content\/uploads\/2019\/03\/cropped-cropped-cropped-logoEspai-6.png","@id":"https:\/\/espai-marx.net\/?p=20319\/#organizationLogo","width":243,"height":49},"image":{"@id":"https:\/\/espai-marx.net\/?p=20319\/#organizationLogo"},"sameAs":["https:\/\/facebook.com\/espaiMarx","https:\/\/x.com\/espaiMarx","https:\/\/youtube.com\/espaiMarx"]},{"@type":"Person","@id":"https:\/\/espai-marx.net\/?author=5#author","url":"https:\/\/espai-marx.net\/?author=5","name":"Carlos Valmaseda","image":{"@type":"ImageObject","@id":"https:\/\/espai-marx.net\/?p=20319#authorImage","url":"https:\/\/secure.gravatar.com\/avatar\/a1d16d135a3c477a39609b66eb48b0cfcd828f1f8d2dce3ce4c1c5e3490f9085?s=96&d=mm&r=g","width":96,"height":96,"caption":"Carlos Valmaseda"}},{"@type":"WebPage","@id":"https:\/\/espai-marx.net\/?p=20319#webpage","url":"https:\/\/espai-marx.net\/?p=20319","name":"Palestina 36: Origen de la resistencia de un pueblo -","description":"Direcci\u00f3n y gui\u00f3n: Annemarie Jacir. Producci\u00f3n: Palestina. A\u00f1o 2025. Duraci\u00f3n: 119 m. Argumento: 1936. Palestina est\u00e1 al borde de un colapso. La resistencia \u00e1rabe contra el Mandato brit\u00e1nico crece al mismo ritmo que la llegada de refugiados jud\u00edos desde Europa. El joven Yusuf se debate entre la vida que conoce y unirse a quienes lo","inLanguage":"es-ES","isPartOf":{"@id":"https:\/\/espai-marx.net\/#website"},"breadcrumb":{"@id":"https:\/\/espai-marx.net\/?p=20319#breadcrumblist"},"author":{"@id":"https:\/\/espai-marx.net\/?author=5#author"},"creator":{"@id":"https:\/\/espai-marx.net\/?author=5#author"},"image":{"@type":"ImageObject","url":"https:\/\/espai-marx.net\/wp-content\/uploads\/2026\/04\/Palestina-36-750.jpg","@id":"https:\/\/espai-marx.net\/?p=20319\/#mainImage","width":750,"height":422},"primaryImageOfPage":{"@id":"https:\/\/espai-marx.net\/?p=20319#mainImage"},"datePublished":"2026-09-05T05:00:48+01:00","dateModified":"2026-09-05T01:51:52+01:00"},{"@type":"WebSite","@id":"https:\/\/espai-marx.net\/#website","url":"https:\/\/espai-marx.net\/","description":"Un punto de encuentro para las alternativas sociales","inLanguage":"es-ES","publisher":{"@id":"https:\/\/espai-marx.net\/#organization"}}]},"og:locale":"es_ES","og:site_name":"- Un punto de encuentro para las alternativas sociales","og:type":"article","og:title":"Palestina 36: Origen de la resistencia de un pueblo -","og:description":"Direcci\u00f3n y gui\u00f3n: Annemarie Jacir. Producci\u00f3n: Palestina. A\u00f1o 2025. Duraci\u00f3n: 119 m. Argumento: 1936. Palestina est\u00e1 al borde de un colapso. La resistencia \u00e1rabe contra el Mandato brit\u00e1nico crece al mismo ritmo que la llegada de refugiados jud\u00edos desde Europa. El joven Yusuf se debate entre la vida que conoce y unirse a quienes lo","og:url":"https:\/\/espai-marx.net\/?p=20319","og:image":"https:\/\/espai-marx.net\/wp-content\/uploads\/2019\/03\/cropped-cropped-cropped-logoEspai-6-1.png","og:image:secure_url":"https:\/\/espai-marx.net\/wp-content\/uploads\/2019\/03\/cropped-cropped-cropped-logoEspai-6-1.png","og:image:width":243,"og:image:height":49,"article:published_time":"2026-09-05T04:00:48+00:00","article:modified_time":"2026-09-05T00:51:52+00:00","article:publisher":"https:\/\/facebook.com\/espaiMarx","twitter:card":"summary_large_image","twitter:site":"@espaiMarx","twitter:title":"Palestina 36: Origen de la resistencia de un pueblo -","twitter:description":"Direcci\u00f3n y gui\u00f3n: Annemarie Jacir. Producci\u00f3n: Palestina. A\u00f1o 2025. Duraci\u00f3n: 119 m. Argumento: 1936. Palestina est\u00e1 al borde de un colapso. La resistencia \u00e1rabe contra el Mandato brit\u00e1nico crece al mismo ritmo que la llegada de refugiados jud\u00edos desde Europa. El joven Yusuf se debate entre la vida que conoce y unirse a quienes lo","twitter:creator":"@espaiMarx","twitter:image":"https:\/\/espai-marx.net\/wp-content\/uploads\/2019\/03\/cropped-cropped-cropped-logoEspai-6-1.png"},"aioseo_meta_data":{"post_id":"20319","title":null,"description":null,"keywords":null,"keyphrases":{"focus":{"keyphrase":"","score":0,"analysis":{"keyphraseInTitle":{"score":0,"maxScore":9,"error":1}}},"additional":[]},"primary_term":null,"canonical_url":null,"og_title":null,"og_description":null,"og_object_type":"default","og_image_type":"default","og_image_url":null,"og_image_width":null,"og_image_height":null,"og_image_custom_url":null,"og_image_custom_fields":null,"og_video":"","og_custom_url":null,"og_article_section":null,"og_article_tags":null,"twitter_use_og":false,"twitter_card":"default","twitter_image_type":"default","twitter_image_url":null,"twitter_image_custom_url":null,"twitter_image_custom_fields":null,"twitter_title":null,"twitter_description":null,"schema":{"blockGraphs":[],"customGraphs":[],"default":{"data":{"Article":[],"Course":[],"Dataset":[],"FAQPage":[],"Movie":[],"Person":[],"Product":[],"ProductReview":[],"Car":[],"Recipe":[],"Service":[],"SoftwareApplication":[],"WebPage":[]},"graphName":"BlogPosting","isEnabled":true},"graphs":[]},"schema_type":"default","schema_type_options":null,"pillar_content":false,"robots_default":true,"robots_noindex":false,"robots_noarchive":false,"robots_nosnippet":false,"robots_nofollow":false,"robots_noimageindex":false,"robots_noodp":false,"robots_notranslate":false,"robots_max_snippet":"-1","robots_max_videopreview":"-1","robots_max_imagepreview":"large","priority":null,"frequency":"default","local_seo":null,"breadcrumb_settings":null,"limit_modified_date":false,"ai":{"faqs":[],"keyPoints":[],"schemas":[],"titles":[],"descriptions":[],"socialPosts":{"email":{"subject":"","preview":"","content":""},"linkedin":[],"twitter":[],"facebook":[],"instagram":[]}},"created":"2026-09-05 00:51:22","updated":"2026-09-05 04:01:34","seo_analyzer_scan_date":null},"aioseo_breadcrumb":"<div class=\"aioseo-breadcrumbs\"><span class=\"aioseo-breadcrumb\">\n\t\t\t<a href=\"https:\/\/espai-marx.net\" title=\"Home\">Home<\/a>\n\t\t<\/span><span class=\"aioseo-breadcrumb-separator\">&raquo;<\/span><span class=\"aioseo-breadcrumb\">\n\t\t\t<a href=\"https:\/\/espai-marx.net\/?cat=29\" title=\"Internacional\">Internacional<\/a>\n\t\t<\/span><span class=\"aioseo-breadcrumb-separator\">&raquo;<\/span><span class=\"aioseo-breadcrumb\">\n\t\t\t<a href=\"https:\/\/espai-marx.net\/?cat=39\" title=\"Asia\">Asia<\/a>\n\t\t<\/span><span class=\"aioseo-breadcrumb-separator\">&raquo;<\/span><span class=\"aioseo-breadcrumb\">\n\t\t\t<a href=\"https:\/\/espai-marx.net\/?cat=1928\" title=\"Palestina\">Palestina<\/a>\n\t\t<\/span><span class=\"aioseo-breadcrumb-separator\">&raquo;<\/span><span class=\"aioseo-breadcrumb\">\n\t\t\t<i>Palestina 36<\/i>: Origen de la resistencia de un pueblo\n\t\t<\/span><\/div>","aioseo_breadcrumb_json":[{"label":"Home","link":"https:\/\/espai-marx.net"},{"label":"Internacional","link":"https:\/\/espai-marx.net\/?cat=29"},{"label":"Asia","link":"https:\/\/espai-marx.net\/?cat=39"},{"label":"Palestina","link":"https:\/\/espai-marx.net\/?cat=1928"},{"label":"<i>Palestina 36<\/i>: Origen de la resistencia de un pueblo","link":"https:\/\/espai-marx.net\/?p=20319"}],"_links":{"self":[{"href":"https:\/\/espai-marx.net\/index.php?rest_route=\/wp\/v2\/posts\/20319","targetHints":{"allow":["GET"]}}],"collection":[{"href":"https:\/\/espai-marx.net\/index.php?rest_route=\/wp\/v2\/posts"}],"about":[{"href":"https:\/\/espai-marx.net\/index.php?rest_route=\/wp\/v2\/types\/post"}],"author":[{"embeddable":true,"href":"https:\/\/espai-marx.net\/index.php?rest_route=\/wp\/v2\/users\/5"}],"replies":[{"embeddable":true,"href":"https:\/\/espai-marx.net\/index.php?rest_route=%2Fwp%2Fv2%2Fcomments&post=20319"}],"version-history":[{"count":2,"href":"https:\/\/espai-marx.net\/index.php?rest_route=\/wp\/v2\/posts\/20319\/revisions"}],"predecessor-version":[{"id":20321,"href":"https:\/\/espai-marx.net\/index.php?rest_route=\/wp\/v2\/posts\/20319\/revisions\/20321"}],"wp:featuredmedia":[{"embeddable":true,"href":"https:\/\/espai-marx.net\/index.php?rest_route=\/wp\/v2\/media\/19588"}],"wp:attachment":[{"href":"https:\/\/espai-marx.net\/index.php?rest_route=%2Fwp%2Fv2%2Fmedia&parent=20319"}],"wp:term":[{"taxonomy":"category","embeddable":true,"href":"https:\/\/espai-marx.net\/index.php?rest_route=%2Fwp%2Fv2%2Fcategories&post=20319"},{"taxonomy":"post_tag","embeddable":true,"href":"https:\/\/espai-marx.net\/index.php?rest_route=%2Fwp%2Fv2%2Ftags&post=20319"}],"curies":[{"name":"wp","href":"https:\/\/api.w.org\/{rel}","templated":true}]}}