{"id":2033,"date":"2012-10-18T00:00:00","date_gmt":"2012-10-18T00:00:00","guid":{"rendered":"https:\/\/espai-marx.net\/?p=2033"},"modified":"2020-02-20T12:20:37","modified_gmt":"2020-02-20T11:20:37","slug":"la-cosmovision-politico-economica-de-un-representante-de-las-400-familias-catalanas","status":"publish","type":"post","link":"https:\/\/espai-marx.net\/?p=2033","title":{"rendered":"La cosmovisi\u00f3n pol\u00edtico-econ\u00f3mica de un representante de las 400 familias catalanas"},"content":{"rendered":"<p>Isidro Fain\u00e9 -o Isidre, depende del lugar y las circunstancias- es, como es sabido, presidente de CaixaBank y de la Confederaci\u00f3n Espa\u00f1ola de Ejecutivos y Directivos (CEDE). Un miembro muy pero que muy representativo de esas 400 familias que seg\u00fan el senyor Millet-Palau-Converg\u00e8ncia (que sabe muy bien en este caso de qu\u00e9 habla) mandan en Catalunya, un \u201cgran se\u00f1or de Barcelona\u201d que suele formular mejor que bien sus intereses, sus posiciones y su concepci\u00f3n del mundo y de las clases que representa. En un art\u00edculo publicado el pasado martes en el diario global-imperial que llevaba por t\u00edtulo \u201cLa clave, la internacionalizaci\u00f3n\u201d [1], escrito por \u00e9l o por alg\u00fan ayudante, mostraba algunas aristas de esa cosmovisi\u00f3n. Para a saber a qu\u00e9 atenernos en esta Espa\u00f1a ultraconservadora en posici\u00f3n firmes y rescate y en esta Catalunya dirigida y hegemonizada hasta el momento por convergentes, unionistas y afines, vale la pena reparar en algunos de sus argumentos y reflexiones.<\/p>\n<p>La tesis defendida: el \u00e9xito del sector exterior de la econom\u00eda va a ser decisivo para la salida de Espa\u00f1a \u2013no habla aqu\u00ed don Isidre s\u00f3lo de Catalunya- de la crisis.<\/p>\n<p>Hablando b\u00e1sicamente para sus correligionarios, el presidente de Caixabank se\u00f1ala que, a pesar de la gravedad de la situaci\u00f3n, ahora m\u00e1s que nunca, \u201cdebemos distanciarnos de las dificultades \u2014que no ignorarlas\u2014, reflexionar, analizar nuestra estrategia, nuestros cimientos, y reconocer en ellos nuestras fortalezas\u201d. Fortalezas, a\u00f1ade, que, por muchos errores cometidos (errores que no ejemplifica), \u201csiguen estando ah\u00ed\u201d. \u00c9l quiere destacar en su art\u00edculo \u201cuna fortaleza concreta, no solo por la trascendencia que ha adquirido durante este periodo de dificultad sino, sobre todo, por su exitosa trayectoria durante m\u00e1s de una d\u00e9cada\u201d. La fortaleza se\u00f1alada: \u201cla capacidad de internacionalizaci\u00f3n de las empresas espa\u00f1olas\u201d.<\/p>\n<p>Los datos esgrimidos: entre 2000 y 2008, el volumen de exportaciones espa\u00f1olas creci\u00f3 un 5% anual. Si esta cifra es encomiable, su avance desde 2010 ha sido espectacular \u201ccon un crecimiento anual promedio del 7%\u201d. Junto a las alemanas, las empresas espa\u00f1olas han sido \u201cde las primeras en recuperarse de la debacle del comercio mundial en 2009 y de las pocas, en Europa, que ya han superado sus niveles de antes de la crisis\u201d. El \u00e9xito del sector exterior, cabe atribuirlo, desde luego, est\u00e1 hablando de nuevo para sus colegas empresariales, \u201cal buen quehacer de un nutrido grupo de empresas que han sabido potenciar y explotar sus ventajas competitivas m\u00e1s all\u00e1 de nuestras fronteras\u201d. El sector empresarial, concluye don Isidre, \u201cha mantenido un esp\u00edritu de iniciativa constante, superaci\u00f3n e ingenio del que, por fortuna, seguimos y seguiremos benefici\u00e1ndonos\u201d.<\/p>\n<p>Ahora bien, y aqu\u00ed empieza a entrar don Isidre en materia, este impulso exportador pasa de ser beneficioso a ser esencial \u201ccuando el gasto interno no aporta el dinamismo suficiente\u201d. La econom\u00eda espa\u00f1ola, asegura el presidente de la empresa donde sigue trabajando do\u00f1a Cristina de Borb\u00f3n, \u201cest\u00e1 inmersa en un proceso de ajustes que lastrar\u00e1n la demanda interna\u201d por un periodo de tiempo, que no concreta pero asegura prolongado, por lo que -insiste de nuevo- la clave de la recuperaci\u00f3n est\u00e1 en el sector exportador.<\/p>\n<p>Por ello, a\u00f1ade, y no tiene ninguna verg\u00fcenza en se\u00f1alar este nudo antisocial, \u201clas ventajas en competitividad-precio cosechadas desde el inicio de la crisis constituyen un factor de apoyo imprescindible \u2013SLA: im-pres-cin-di-ble- en un entorno cada vez m\u00e1s competitivo\u201d. \u00bfDe qu\u00e9 ventajas est\u00e1n hablando don Isidre? De esta, por ejemplo, la cita \u00e9l mismo: los costes laborales unitarios espa\u00f1oles en relaci\u00f3n a los de la Eurozona han retrocedido 13 puntos porcentuales desde su m\u00e1ximo en 2008. \u00a1El 13% y en menos de cuatro a\u00f1os! \u00bfEst\u00e1 claro quien est\u00e1 pagando, es decir, sufriendo, los costes sociales y existenciales de la acometida empresarial, del \u00e9xito exportador de nuestras empresas? Ni que decir tiene que seg\u00fan don Isidre el sendero antiobrero recorrido es el mismo sendero que debe seguir recorri\u00e9ndose. \u00a1Es esencial!<\/p>\n<p>Con el abyecto lenguaje neoliberal de todos los d\u00edas, don Isidre se\u00f1ala que las \u201cdificultades del mercado interno\u201d en el \u2013acaso para consolarnos- corto plazo, componen tambi\u00e9n \u201cuna palanca de impulso para que m\u00e1s empresas espa\u00f1olas se animen a salir al exterior\u201d. Aqu\u00ed, en Espa\u00f1a (incluida Catalu\u00f1a), est\u00e1 se\u00f1alando don Isidre, hay muy poco que pelar por el momento. Y durante \u201cun per\u00edodo prolongado\u201d y en el \u201ccorto plazo\u201d (sic), tampoco.<\/p>\n<p>Vienen luego los gritos empresariales de rigor, algunas consignas para una reuni\u00f3n agresiva de altos ejecutivos agresivos: \u201c\u00a1Nuestras empresas saben del enorme potencial que ofrece un mercado de alcance mundial!\u201d \u201c\u00a1En muchos puntos del mundo, est\u00e1n emergiendo econom\u00edas cuyas perspectivas de futuro son extremadamente halag\u00fce\u00f1as y donde surgen y seguir\u00e1n surgiendo grandes oportunidades\u201d. \u201c\u00a1Hay que buscarlas y aprovecharlas!\u201d \u201dLa clave est\u00e1 en la anticipaci\u00f3n y la innovaci\u00f3n\u201d. En s\u00edntesis: adelante, siempre adelante. Las vaciedades nada inocentes de siempre.<\/p>\n<p>Para que quede claro qui\u00e9nes son los protagonistas de esta historia, los que cuentan en las cuentas, don Isidre se\u00f1ala que si bien desde el \u00e1mbito institucional \u201ccabe emprender iniciativas que promuevan dicha labor y faciliten la internacionalizaci\u00f3n\u201d, el verdadero motor de la internacionalizaci\u00f3n \u201cest\u00e1 en la propia empresa y en sus directivos\u201d. En ellos, s\u00f3lo ellos. Para profundizar sobre su papel, la Confederaci\u00f3n Espa\u00f1ola de Directivos y Ejecutivos que \u00e9l preside, reunir\u00e1 en Madrid el 18 de octubre \u201ca un millar de dirigentes\u201d (es don Isidre o su secretario quien escribe) en su jornada anual. El lema \u201cLiderando sin fronteras\u201d. \u00a1Liderando otra vez! \u00bfQu\u00e9 les parece? \u00bfEst\u00e1 claro en qu\u00e9 consiste el gobierno de las \u00e9lites? El encuentro, se\u00f1ala don Isidre como si estuviera hablando de la conquista del oeste americano o globalizaci\u00f3n similar, \u201cpermitir\u00e1 tambi\u00e9n revitalizar la confianza necesaria para emprender el siempre dif\u00edcil camino de la conquista de nuevos mercados\u201d.<\/p>\n<p>Para finalizar, don Isidre asegura que \u201cpocos cuestionan el hecho de que la internacionalizaci\u00f3n impulsa el crecimiento econ\u00f3mico\u201d \u2013m\u00e1s madera, pues, m\u00e1s madera-, y repiti\u00e9ndose de nuevo (les encanta escucharse a s\u00ed mismos) \u201cdicho impulso pasa de ser beneficioso a esencial cuando el gasto interno no aporta el dinamismo suficiente\u201d.<\/p>\n<p>Luego, claro est\u00e1, viene el llamamiento final: Espa\u00f1a est\u00e1 en recesi\u00f3n, pero, no debemos tener ninguna duda, \u201csaldremos del trance y para ello es b\u00e1sico confiar plenamente\u201d en el sector exterior de la econom\u00eda espa\u00f1ola. Como ha ocurrido en otras ocasiones -ahora don Isidre, o su redactor en la sombra, se nos ponen po\u00e9ticos-, el sector exterior nos alumbrar\u00e1 \u201cel camino hasta esa preciada luz al final del t\u00fanel\u201d.<\/p>\n<p>En s\u00edntesis pues: exportaciones y m\u00e1s exportaciones; domesticaci\u00f3n y mayor explotaci\u00f3n de las clases trabajadoras espa\u00f1olas y que la suerte exterior nos acompa\u00f1e. Saldremos (con las contrarreformas sociales necesarias) porque tenemos que salir. \u00a1Y ol\u00e9 y ol\u00e9! Un ol\u00e9 que parece englobar en un grupo m\u00e1s o menos uniforme a los sectores dominantes de las clases empresariales espa\u00f1olas (las catalanas incluidas y en posici\u00f3n de liderazgo).<\/p>\n<p>Nota:<\/p>\n<p>[1]<a href=\"http:\/\/wmail13.movistar.es\/cp\/ps\/Mail\/ExternalURLProxy?d=telefonica.net&amp;u=nandozc&amp;url=872501370\" target=\"_blank\" rel=\"noopener noreferrer\">http:\/\/elpais.com\/elpais\/2012\/10\/13\/opinion\/1350149490_333538.html<\/a><\/p>\n","protected":false},"excerpt":{"rendered":"<p style='margin-top: 0.2cm; margin-bottom: 0cm;' lang='es-ES' align='JUSTIFY'>Isidre Fain\u00e9 es un miembro muy pero que muy representativo de esas 400 familias que seg\u00fan el senyor Millet-Palau-Converg\u00e8ncia (que sabe muy bien en este caso de qu\u00e9 habla) mandan en Catalunya, un \u201cgran se\u00f1or de Barcelona\u201d que suele formular mejor que bien sus intereses, sus posiciones y su concepci\u00f3n del mundo y de las clases que representa.<\/p>\n","protected":false},"author":9,"featured_media":2034,"comment_status":"open","ping_status":"open","sticky":false,"template":"","format":"standard","meta":{"footnotes":""},"categories":[3],"tags":[],"class_list":["post-2033","post","type-post","status-publish","format-standard","has-post-thumbnail","hentry","category-condiciones-de-vida"],"aioseo_notices":[],"_links":{"self":[{"href":"https:\/\/espai-marx.net\/index.php?rest_route=\/wp\/v2\/posts\/2033","targetHints":{"allow":["GET"]}}],"collection":[{"href":"https:\/\/espai-marx.net\/index.php?rest_route=\/wp\/v2\/posts"}],"about":[{"href":"https:\/\/espai-marx.net\/index.php?rest_route=\/wp\/v2\/types\/post"}],"author":[{"embeddable":true,"href":"https:\/\/espai-marx.net\/index.php?rest_route=\/wp\/v2\/users\/9"}],"replies":[{"embeddable":true,"href":"https:\/\/espai-marx.net\/index.php?rest_route=%2Fwp%2Fv2%2Fcomments&post=2033"}],"version-history":[{"count":0,"href":"https:\/\/espai-marx.net\/index.php?rest_route=\/wp\/v2\/posts\/2033\/revisions"}],"wp:featuredmedia":[{"embeddable":true,"href":"https:\/\/espai-marx.net\/index.php?rest_route=\/wp\/v2\/media\/2034"}],"wp:attachment":[{"href":"https:\/\/espai-marx.net\/index.php?rest_route=%2Fwp%2Fv2%2Fmedia&parent=2033"}],"wp:term":[{"taxonomy":"category","embeddable":true,"href":"https:\/\/espai-marx.net\/index.php?rest_route=%2Fwp%2Fv2%2Fcategories&post=2033"},{"taxonomy":"post_tag","embeddable":true,"href":"https:\/\/espai-marx.net\/index.php?rest_route=%2Fwp%2Fv2%2Ftags&post=2033"}],"curies":[{"name":"wp","href":"https:\/\/api.w.org\/{rel}","templated":true}]}}