{"id":2043,"date":"2012-10-27T00:00:00","date_gmt":"2012-10-27T00:00:00","guid":{"rendered":"https:\/\/espai-marx.net\/?p=2043"},"modified":"2020-02-20T12:19:03","modified_gmt":"2020-02-20T11:19:03","slug":"nuestro-sueno-la-paz-con-justicia-social-y-soberania","status":"publish","type":"post","link":"https:\/\/espai-marx.net\/?p=2043","title":{"rendered":"Nuestro sue\u00f1o, la paz con justicia social y soberan\u00eda"},"content":{"rendered":"<p style=\"font-weight: normal; line-height: 150%; widows: 2; orphans: 2;\" align=\"RIGHT\">\u201c<i>La paz que hemos querido nosotros, por la cual hemos luchado por mucho tiempo, ha sido siempre buscando que en este pa\u00eds se acaben las desigualdades que son tan poderosas\u2026\u201d<\/i><\/p>\n<p lang=\"es\" style=\"font-style: normal; font-weight: normal; line-height: 150%; widows: 2; orphans: 2;\" align=\"RIGHT\">Manuel Marulanda V\u00e9lez<\/p>\n<p style=\"line-height: 150%; widows: 2; orphans: 2;\" align=\"JUSTIFY\">\n<p style=\"font-weight: normal; line-height: 150%; widows: 2; orphans: 2;\" align=\"JUSTIFY\">Se\u00f1oras y se\u00f1ores<\/p>\n<p lang=\"es\" style=\"font-style: normal; font-weight: normal; line-height: 150%; widows: 2; orphans: 2;\" align=\"JUSTIFY\">Amigas y amigos de la paz de Colombia<\/p>\n<p lang=\"es\" style=\"font-style: normal; font-weight: normal; line-height: 150%; widows: 2; orphans: 2;\" align=\"JUSTIFY\">Compatriotas<\/p>\n<p style=\"line-height: 150%; widows: 2; orphans: 2;\" align=\"JUSTIFY\">Hemos venido hasta este paralelo 60, hasta esta ciudad de Oslo desde el tr\u00f3pico remoto, desde el Macondo de la injusticia, el tercer pa\u00eds m\u00e1s desigual del mundo, con un sue\u00f1o colectivo de paz, con un ramo de olivo en nuestras manos.<\/p>\n<p style=\"line-height: 150%; widows: 2; orphans: 2;\" align=\"JUSTIFY\">Venimos a esta Noruega septentrional a buscar la paz con justicia social para Colombia por medio del di\u00e1logo, donde el soberano, que es el pueblo, tendr\u00e1 que ser el protagonista principal. En \u00e9l reposa la fuerza irresistible de la paz. \u00c9sta no depende de un acuerdo entre voceros de las partes contendientes. Quien debe trazar la ruta de la soluci\u00f3n pol\u00edtica es el pueblo y a \u00e9l mismo le corresponder\u00e1 establecer los mecanismos que han de refrendar sus aspiraciones.<\/p>\n<p style=\"line-height: 150%; widows: 2; orphans: 2;\" align=\"JUSTIFY\">Tal emprendimiento estrat\u00e9gico no puede concebirse como un proceso contra reloj. La pretendida paz expr\u00e9s que algunos promocionan, por su vol\u00e1til subjetividad y por sus afanes, s\u00f3lo conducir\u00eda a los precipicios de la frustraci\u00f3n. Una paz que no aborde la soluci\u00f3n de los problemas econ\u00f3micos, pol\u00edticos y sociales generadores del conflicto, es una veleidad y equivaldr\u00eda a sembrar de quimeras el suelo de Colombia. Necesitamos edificar la convivencia sobre bases p\u00e9treas, como los inamovibles fiordos rocosos de estas tierras, para que la paz sea estable y duradera.<\/p>\n<p style=\"line-height: 150%; widows: 2; orphans: 2;\" align=\"JUSTIFY\">No somos los guerreristas que han querido pintar algunos medios de comunicaci\u00f3n, venimos a la mesa con propuestas y proyectos para alcanzar la paz definitiva, una paz que implique una profunda desmilitarizaci\u00f3n del Estado y reformas socioecon\u00f3micas radicales que funden la democracia, la justicia y la libertad verdaderas. Venimos aqu\u00ed con el acumulado de una lucha hist\u00f3rica por la paz, a buscar, codo a codo con nuestro pueblo, la victoria de la soluci\u00f3n pol\u00edtica sobre la guerra civil que destroza a Colombia. No obstante, nuestra determinaci\u00f3n tiene la fortaleza para enfrentar a los guerreristas que creen que con el estruendo de las bombas y de los ca\u00f1ones pueden doblegar la voluntad de quienes mantenemos en alto las banderas del cambio y la justicia social.<\/p>\n<p style=\"line-height: 150%; widows: 2; orphans: 2;\" align=\"JUSTIFY\">No se puede encadenar este proceso a una pol\u00edtica enfocada exclusivamente en la obtenci\u00f3n desaforada de ganancias para unos pocos capitalistas a los que no les importa para nada la pobreza que abate al 70% de la poblaci\u00f3n. Ellos s\u00f3lo piensan en el incremento de su bot\u00edn, no en la reducci\u00f3n de la miseria. M\u00e1s de 30 millones de colombianos viven en la pobreza, 12 millones en la indigencia, el 50% de la poblaci\u00f3n econ\u00f3micamente activa, agoniza entre el desempleo y el subempleo, casi 6 millones de campesinos deambulan por las calles v\u00edctimas del desplazamiento forzoso. De 114 millones de hect\u00e1reas que tiene el pa\u00eds, 38 est\u00e1n asignadas a la exploraci\u00f3n petrolera, 11 millones a la miner\u00eda, de las 750 mil hect\u00e1reas en explotaci\u00f3n forestal se proyecta pasar a 12 millones. La ganader\u00eda extensiva ocupa 39.2 millones. El \u00e1rea cultivable es de 21.5 millones de hect\u00e1reas, pero solamente 4.7 millones de ellas est\u00e1n dedicadas a la agricultura, guarismo en decadencia porque ya el pa\u00eds importa 10 millones de toneladas de alimentos al a\u00f1o. M\u00e1s de la mitad del territorio colombiano est\u00e1 en funci\u00f3n de los intereses de una econom\u00eda de enclave.<\/p>\n<p style=\"line-height: 150%; widows: 2; orphans: 2;\" align=\"JUSTIFY\">En nuestra visi\u00f3n, colocar sobre la mesa el asunto del desarrollo agrario integral como primer punto del acuerdo general remite a asumir el an\u00e1lisis de uno de los aspectos centrales del conflicto. El problema de la tierra es causa hist\u00f3rica de la confrontaci\u00f3n de clases en Colombia. En palabras del comandante Alfonso Cano \u201clas FARC nacimos resistiendo a la violencia olig\u00e1rquica que utiliza sistem\u00e1ticamente el crimen pol\u00edtico para liquidar a la oposici\u00f3n democr\u00e1tica y revolucionaria; tambi\u00e9n como respuesta campesina y popular a la agresi\u00f3n latifundista y terrateniente que inund\u00f3 de sangre los campos colombianos usurpando tierras de campesinos y colonos\u2026\u201d<\/p>\n<p style=\"line-height: 150%; widows: 2; orphans: 2;\" align=\"JUSTIFY\">Aquello que fue causa esencial del alzamiento armado y de una heroica resistencia campesina, a lo largo del tiempo se ha agudizado. La geofagia de los latifundistas acentu\u00f3 la desequilibrada e injusta estructura de la tenencia de la tierra. El coeficiente GINI en el campo alcanza el 0,89. \u00a1Espantosa desigualdad! Los mismos datos oficiales dan cuenta de que las fincas de m\u00e1s de 500 hect\u00e1reas corresponden al 0.4% de los propietarios que controlan el 61.2% de la superficie agr\u00edcola. Se trata de una acumulaci\u00f3n por desposesi\u00f3n, cuya m\u00e1s reciente referencia habla de 8 millones de hect\u00e1reas arrebatadas a sangre y fuego a trav\u00e9s de masacres paramilitares, fosas comunes, desapariciones y desplazamiento forzoso, cr\u00edmenes de lesa humanidad, acentuados durante los 8 a\u00f1os de gobierno de Uribe, todos ellos componentes del terrorismo de Estado en Colombia.<\/p>\n<p style=\"line-height: 150%; widows: 2; orphans: 2;\" align=\"JUSTIFY\">Para las FARC, Ej\u00e9rcito del Pueblo, el concepto TIERRA est\u00e1 indisolublemente ligado al territorio; son un todo indivisible que va m\u00e1s all\u00e1 del aspecto meramente agrario y que toca intereses estrat\u00e9gicos, vitales, de toda la naci\u00f3n. Por eso la lucha por el territorio est\u00e1 en el centro de las luchas que se libran hoy en Colombia. Hablar de tierra significa para nosotros hablar del territorio como una categor\u00eda que adem\u00e1s del subsuelo y el sobresuelo entra\u00f1a relaciones socio- hist\u00f3ricas de nuestras comunidades que llevan inmerso el sentimiento de patria, que concibe la tierra como abrigo, y el sentido del buen vivir. Al respecto debi\u00e9ramos interiorizar la profunda definici\u00f3n del Libertador Sim\u00f3n Bol\u00edvar sobre qu\u00e9 es la patria, nuestro suelo, nuestro territorio: \u201cPrimero el suelo nativo que nada -nos dice-, \u00e9l ha formado con sus elementos nuestro ser; nuestra vida no es otra cosa que la esencia de nuestro propio pa\u00eds; all\u00ed se encuentran los testigos de nuestro nacimiento, los creadores de nuestra existencia y los que nos han dado alma por la educaci\u00f3n; los sepulcros de nuestros padres yacen all\u00ed y nos reclaman seguridad y reposo; todo nos recuerda un deber, todo nos excita sentimientos tiernos y memorias deliciosas; all\u00ed fue el teatro de nuestra inocencia, de nuestros primeros amores, de nuestras primeras sensaciones y de cuanto nos ha formado. \u00bfQu\u00e9 t\u00edtulos m\u00e1s sagrados al amor y a la consagraci\u00f3n\u201d?<\/p>\n<p style=\"line-height: 150%; widows: 2; orphans: 2;\" align=\"JUSTIFY\">Partimos de esta visi\u00f3n para alertar a Colombia toda: la titulaci\u00f3n de tierras, tal como la ha dise\u00f1ado el actual gobierno, es una trampa; encarna una suerte de despojo legal a trav\u00e9s del cual se busca que el campesino, una vez con el t\u00edtulo de propiedad en sus manos, no tenga otra salida que la de vender o arrendar a las trasnacionales y conglomerados financieros, a los que s\u00f3lo les interesa el saqueo exacerbado de los recursos minero-energ\u00e9ticos que est\u00e1n debajo del suelo. Dentro de su estrategia est\u00e1 la utilizaci\u00f3n del suelo para extender las explotaciones forestales y las inmensas plantaciones, no para resolver el grave problema alimentario que padece nuestro pueblo, sino para producir agro-combustibles que alimentar\u00e1n autom\u00f3viles. En el mejor de los casos, la gente del campo quedar\u00e1 con una renta miserable, pero alejada del terru\u00f1o y confinada en los cinturones de miseria de las grandes ciudades. Al cabo de 20 o 30 a\u00f1os de contrato nadie se acordar\u00e1 del verdadero due\u00f1o de la tierra. Lo aseguramos sin vacilaci\u00f3n: la bancarizaci\u00f3n de la tierra derivada de la titulaci\u00f3n, acabar\u00e1 \u201ctumb\u00e1ndole\u201d la tierra al campesino. Nos est\u00e1n empujando a la extranjerizaci\u00f3n de la tierra y al desastre ambiental dinamizado brutalmente por la explotaci\u00f3n minero-energ\u00e9tica y forestal.La naturaleza como fuente de informaci\u00f3n gen\u00e9tica no puede ser convertida en bot\u00edn de las trasnacionales. Nos oponemos a la invasi\u00f3n de las semillas transg\u00e9nicas y a la privatizaci\u00f3n y destrucci\u00f3n de nuestra biodiversidad y a la pretensi\u00f3n de hacer de nuestros campesinos pieza del engranaje de los agro-negocios y sus cadenas agroindustriales. Est\u00e1n en juego la soberan\u00eda y la vida misma.<\/p>\n<p style=\"line-height: 150%; widows: 2; orphans: 2;\" align=\"JUSTIFY\">En estos t\u00e9rminos, la titulaci\u00f3n no es m\u00e1s que la legalidad que pretende lavar el rostro ensangrentado del despojo que durante d\u00e9cadas ha venido ejecutando el terrorismo de Estado. Para una trasnacional es m\u00e1s presentable decir \u201ctengo un t\u00edtulo minero\u201d a que se le sindique de haber financiado grupos paramilitares y desterrado a una poblaci\u00f3n para hacer viable su proyecto extractivo. Dentro de esta din\u00e1mica en Colombia el r\u00e9gimen asesina no s\u00f3lo con sus planes de guerra, con sus paramilitares y sicarios, sino tambi\u00e9n con sus pol\u00edticas econ\u00f3micas que matan de hambre. Hoy hemos venido a desenmascarar a ese asesino metaf\u00edsico que es el mercado, a denunciar la criminalidad del capital financiero, a sentar al neoliberalismo en el banquillo de los acusados, como verdugo de pueblos y fabricante de muerte.<\/p>\n<p style=\"line-height: 150%; widows: 2; orphans: 2;\" align=\"JUSTIFY\">No nos enga\u00f1emos: la pol\u00edtica agraria del r\u00e9gimen es retardataria y enga\u00f1osa. La verdad pura y limpia, como dice el Libertador Sim\u00f3n Bol\u00edvar, es el mejor modo de persuadir. La mentira s\u00f3lo conduce a la agudizaci\u00f3n del conflicto. El fin \u00faltimo de tales pol\u00edticas, en detrimento de la soberan\u00eda y del bienestar com\u00fan, es dar seguridad jur\u00eddica a los inversionistas, liberalizar el mercado de tierras y lanzar el territorio al campo de la especulaci\u00f3n financiera y mercados de futuro. Independientemente de que exista o no la insurgencia armada, \u00e9sta pol\u00edtica multiplicar\u00e1 los conflictos y la violencia.<\/p>\n<p style=\"line-height: 150%; widows: 2; orphans: 2;\" align=\"JUSTIFY\">Acumulaci\u00f3n por desposesi\u00f3n y nueva espacialidad capitalista, eh ah\u00ed la f\u00f3rmula del proyecto pol\u00edtico-econ\u00f3mico de las \u00e9lites neoliberales haciendo chorrear sangre a la patria de la cabeza a los pies.<\/p>\n<p style=\"line-height: 150%; widows: 2; orphans: 2;\" align=\"JUSTIFY\">Es a esto a lo que nos resistimos. Las FARC no se oponen a una verdadera restituci\u00f3n y titulaci\u00f3n de tierras. Por a\u00f1os hemos luchado, como pueblo en armas, por una reforma agraria eficaz y transparente, y es precisamente por ello que no se puede permitir que se implemente el despojo legal que el gobierno proyecta con su ley de tierras. Por medio de la violencia del Plan Colombia y el proyecto paramilitar, se prepar\u00f3 el territorio para el asalto de las trasnacionales. La ley general agraria y de desarrollo rural, es esencialmente un proyecto de reordenamiento territorial concebido para abrirle campo a la econom\u00eda extractiva en contra de la econom\u00eda campesina, en desmedro de la soberan\u00eda alimentaria y del mercado interno, al superponer el mapa minero-energ\u00e9tico sobre el espacio agr\u00edcola. Ni siquiera se tiene en cuenta la promoci\u00f3n de una agroecolog\u00eda que permita una interacci\u00f3n amigable con la naturaleza.<\/p>\n<p style=\"line-height: 150%; widows: 2; orphans: 2;\" align=\"JUSTIFY\">Por otro lado, la restituci\u00f3n de tierras tiene que aludir a las tierras que les arrebataron violentamente a los campesinos, ind\u00edgenas y afro descendientes, y no a bald\u00edos distantes de sus sitios raizales de existencia, tambi\u00e9n codiciados hoy por las multinacionales. Pero resulta que este es un problema que tiene que ver con todo el pueblo colombiano y que de hecho est\u00e1 salpicando de conflictos todo el territorio. Hay una profunda inconformidad del pa\u00eds nacional con el hampa financiera que se est\u00e1 apropiando de la Orinoqu\u00eda. Ahora han aparecido unos tales \u201cnuevos llaneros\u201d que de llaneros no tienen nada, como los magnates Sarmiento Angulo y Julio Mario Santodomingo (hijo), los terratenientes Eder del Valle del Cauca, el se\u00f1or Efromovich, el ex vicepresidente Francisco Santos (gestor del paramilitar Bloque Capital), los hijos de Uribe V\u00e9lez, entre otros filibusteros, que ning\u00fan derecho tienen sobre esas tierras y que s\u00f3lo quieren clavar sus garras en el petr\u00f3leo, el oro, el colt\u00e1n, el litio, explotar grandes proyectos agroindustriales y la biodiversidad de la altillanura. Abordar el asunto agrario es discutir con el pa\u00eds sobre estos problemas. Que hablen los verdaderos llaneros, esos de piel tostada por el sol de los bancos de sabana; esos que por siglos han convivido en armon\u00eda con los morichales y el vuelo de las garzas y de los alcaravanes; esos de pies descalzos que con su hist\u00f3rica bravura empu\u00f1aron las lanzas para darnos la libertad.<\/p>\n<p style=\"line-height: 150%; widows: 2; orphans: 2;\" align=\"JUSTIFY\">El pueblo tiene la palabra: Ah\u00ed est\u00e1 la patri\u00f3tica resistencia de los trabajadores petroleros contra la canadiense Pacific-Rubiales en Puerto Gait\u00e1n, cuyo escenario de saqueo fue preparado con sangre por los paramilitares de V\u00edctor Carranza. Diariamente el vampiro trasnacional se lleva m\u00e1s de 250 mil barriles de petr\u00f3leo, mientras le succiona la sangre a m\u00e1s de 12 mil 500 trabajadores tercerizados que como esclavos tienen que trabajar 16 horas diarias por 21 d\u00edas continuos por una semana de descanso. Su situaci\u00f3n laboral es m\u00e1s atroz que la impuesta por los enclaves bananeros de los a\u00f1os 20.<\/p>\n<p lang=\"es\" style=\"font-style: normal; font-weight: normal; line-height: 150%; widows: 2; orphans: 2;\" align=\"JUSTIFY\">Ah\u00ed est\u00e1 la resistencia de los pobladores del Quimbo, donde el gobierno pretende sacar a patadas a la gente que ha vivido all\u00e1 m\u00e1s de un siglo, destruyendo as\u00ed sus trayectorias culturales, de vida, y su entorno ambiental. \u00bfVamos a dejar acaso que se hiera de muerte al r\u00edo de la patria que es el R\u00edo Grande de la Magdalena, s\u00f3lo para construir una represa que generar\u00e1 energ\u00eda para la exportaci\u00f3n y no para resolver la demanda interna de millones de colombianos que no tienen acceso a la energ\u00eda el\u00e9ctrica? Para el gobierno est\u00e1n primero las ganancias de la trasnacional EMGESA que la suerte de las familias que quedar\u00e1n desarraigadas.<\/p>\n<p style=\"line-height: 150%; widows: 2; orphans: 2;\" align=\"JUSTIFY\">Ah\u00ed est\u00e1 la resistencia de los pobladores de Marmato (Caldas), gente humilde que siempre ha vivido de la explotaci\u00f3n artesanal aur\u00edfera y que ahora la trasnacional MEDORO RESOURCES quiere borrar del mapa para convertir esa aldea en la mina de oro a cielo abierto m\u00e1s grande del continente. Recordemos aqu\u00ed, que hasta la iglesia colombiana ha acompa\u00f1ado esa justa lucha en la que el <a href=\"http:\/\/wmail34.movistar.es\/cp\/ps\/Mail\/ExternalURLProxy?d=telefonica.net&amp;u=nandozc&amp;url=421606064\" target=\"_BLANK\" rel=\"noopener noreferrer\">sacerdote Jos\u00e9 Id\u00e1rraga<\/a>, l\u00edder del Comit\u00e9 C\u00edvico Pro defensa de Marmato, fue acribillado por los esbirros de las trasnacionales.<\/p>\n<p style=\"line-height: 150%; widows: 2; orphans: 2;\" align=\"JUSTIFY\">Ah\u00ed est\u00e1 la formidable resistencia ind\u00edgena y campesina en el Cauca en defensa de su territorio y de sus culturas ancestrales, y la de sus hermanos afrocolombianos, guardianes patri\u00f3ticos de la soberan\u00eda del pueblo sobre el Pac\u00edfico y nuestras selvas.<\/p>\n<p style=\"line-height: 150%; widows: 2; orphans: 2;\" align=\"JUSTIFY\">Insisten las castas dominantes en destrozar el p\u00e1ramo de Santurb\u00e1n, riqueza de biodiversidad y de aguas que sacian la sed de ciudades importantes como Bucaramanga y C\u00facuta. Por la codicia del oro pretenden destruir la alta monta\u00f1a y la pureza de las aguas del r\u00edo Surat\u00e1. La dignidad de los hijos de Jos\u00e9 Antonio Gal\u00e1n, el comunero, ha movilizado la resistencia, unificando incluso al pueblo llano con el empresariado local, que ha comenzado a entender, que esta es una lucha de toda Colombia.<\/p>\n<p style=\"line-height: 150%; widows: 2; orphans: 2;\" align=\"JUSTIFY\">\u00bfC\u00f3mo vamos a permitir que por complacer la voracidad por el oro de la ANGLO GOLD ASHANTI se le entregue a esta multinacional el 5% de nuestro territorio? El proyecto extractivo de esa empresa en La Colosa (Cajamarca) dejar\u00e1 una gran devastaci\u00f3n ecol\u00f3gica y privar\u00e1 de agua a 4 millones de colombianos que dependen de sus fuentes h\u00eddricas.<\/p>\n<p style=\"line-height: 150%; widows: 2; orphans: 2;\" align=\"JUSTIFY\">La locomotora minera es como un demonio de destrucci\u00f3n socio-ambiental que si el pueblo no la detiene, en menos de una d\u00e9cada convertir\u00e1 a Colombia en un pa\u00eds inviable. Frenemos ya las locomotoras f\u00edsicas del Cerrej\u00f3n y de la Drummond que durante las 24 horas del d\u00eda saquean nuestro carb\u00f3n, asperjan poluci\u00f3n al paso de sus interminables vagones, dej\u00e1ndonos, como dice el cantautor vallenato, Hernando Mar\u00edn, s\u00f3lo socav\u00f3n y miseria. Frenemos a la BHP BILLITON, a XSTRATA y la ANGLO AMERICAN, que para extraer 600 millones de toneladas de carb\u00f3n que yacen bajo el lecho del r\u00edo Rancher\u00eda, pretenden desviar su curso, lo que disminuir\u00e1 el caudal de sus aguas en un 40% generando devastaci\u00f3n ambiental y destrucci\u00f3n irreparable al tejido social de los pueblos Way\u00fau.<\/p>\n<p style=\"line-height: 150%; widows: 2; orphans: 2;\" align=\"JUSTIFY\">Qu\u00e9 asustadizo se ve al gobierno para defender la soberan\u00eda frente a la trasnacional BHP BILLITON que saquea en descarada actitud de lesa patria el ferron\u00edquel de Cerro Matoso (C\u00f3rdoba), y a la que sigue colmando de gabelas en detrimento de la soberan\u00eda, el bienestar social y el medio ambiente.<\/p>\n<p style=\"line-height: 150%; widows: 2; orphans: 2;\" align=\"JUSTIFY\">Hay que poner fin a esa monstruosidad que son los contratos a 20 y 30 a\u00f1os que privilegian los derechos del capital en menoscabo del inter\u00e9s com\u00fan.<\/p>\n<p style=\"line-height: 150%; widows: 2; orphans: 2;\" align=\"JUSTIFY\">Y claro, se escuchan a los portavoces del gobierno y la oligarqu\u00eda proclamando el crecimiento de la econom\u00eda nacional y sus exportaciones. Pero no, en Colombia no hay econom\u00eda nacional. Quienes exportan el petr\u00f3leo, el carb\u00f3n, el ferron\u00edquel, el oro y se benefician con ello, son las multinacionales. La prosperidad, entonces es de \u00e9stas y de los gobernantes vendidos, no del pa\u00eds.<\/p>\n<p style=\"line-height: 150%; widows: 2; orphans: 2;\" align=\"JUSTIFY\">Este no es un espacio para resolver los problemas particulares de los guerrilleros, sino los problemas del conjunto de la sociedad; y dado que uno de los factores que m\u00e1s impacta negativamente a la poblaci\u00f3n es la subscripci\u00f3n de los Tratados de Libre Comercio, \u00e9ste es un tema que tendr\u00e1 que abordarse indefectiblemente. Pobre Colombia obligada a competir con las trasnacionales con una infraestructura arruinada por la corrupci\u00f3n y la desidia.<\/p>\n<p style=\"line-height: 150%; widows: 2; orphans: 2;\" align=\"JUSTIFY\">Entonces la paz\u2026 s\u00ed. Sinceramente queremos la paz y nos identificamos con el clamor mayoritario de la naci\u00f3n por encontrarle una salida dialogada al conflicto abriendo espacios para la plena participaci\u00f3n ciudadana en los debates y decisiones.<\/p>\n<p style=\"line-height: 150%; widows: 2; orphans: 2;\" align=\"JUSTIFY\">Pero la paz no significa el silencio de los fusiles, sino que abarca la transformaci\u00f3n de la estructura del Estado y el cambio de las formas pol\u00edticas, econ\u00f3micas y militares. S\u00ed, la paz no es la simple desmovilizaci\u00f3n. Dec\u00eda el comandante Alfonso Cano: \u201cDesmovilizarse es sin\u00f3nimo de inercia, es entrega cobarde, es rendici\u00f3n y traici\u00f3n a la causa popular y al ideario revolucionario que cultivamos y luchamos por las transformaciones sociales, es una indignidad que lleva impl\u00edcito un mensaje de desesperanza al pueblo que conf\u00eda en nuestro compromiso y propuesta bolivariana\u201d. Necesariamente tendremos que abocar las causas generadoras del conflicto y sanear primero el cangro de la institucionalidad. Claro, desde el punto de vista estrictamente econ\u00f3mico, para una trasnacional es m\u00e1s f\u00e1cil saquear los recursos naturales del pa\u00eds sin la resistencia popular y guerrillera. Apoyados en ejercicios sencillos de matem\u00e1tica, podemos afirmar que la guerra es insostenible para el Estado, por las siguientes consideraciones:<\/p>\n<p style=\"line-height: 150%; widows: 2; orphans: 2;\" align=\"JUSTIFY\">El gasto militar en Colombia es de los m\u00e1s altos del mundo en proporci\u00f3n a su Producto Interno Bruto. Este alcanza el 6.4% cuando hace 20 a\u00f1os estaba por el orden del 2.4%; es decir, se ha triplicado, y eso es relevante. El gasto militar actualmente oscila entre 23 y 27 billones de pesos al a\u00f1o, descontando que Colombia es el tercer receptor de \u201cayuda\u201d militar estadounidense en el mundo y que por cuenta del Plan Colombia recibe una financiaci\u00f3n equivalente a 700 millones de d\u00f3lares al a\u00f1o.<\/p>\n<p style=\"line-height: 150%; widows: 2; orphans: 2;\" align=\"JUSTIFY\">En Colombia hay un r\u00e9gimen jur\u00eddico que se acompa\u00f1a con la protecci\u00f3n militar de las inversiones. De unos 330.000 efectivos de las Fuerzas Militares, 90 mil soldados son utilizados para cuidar la infraestructura y las ganancias de las multinacionales. El enorme gasto que esto representa, aunado al costo de la tecnolog\u00eda empleada, pone en evidencia los l\u00edmites de la sostenibilidad de la guerra. Nosotros hacemos un llamado sincero a los soldados de Colombia, a los oficiales y sub oficiales, a los altos mandos que aun sientan en su pecho el latir de la patria, a recobrar el decoro y la herencia del ideario bolivariano, que reclama a los militares emplear su espada en defensa de la soberan\u00eda y las garant\u00edas sociales. Qu\u00e9 bueno ser\u00eda protagonizar el surgimiento de unas nuevas Fuerzas Armadas. No m\u00e1s sumisi\u00f3n a Washington, no m\u00e1s subordinaci\u00f3n al Comando Sur y no m\u00e1s complacencia con la expansi\u00f3n de bases militares extranjeras en nuestro territorio.<\/p>\n<p style=\"line-height: 150%; widows: 2; orphans: 2;\" align=\"JUSTIFY\">Esa es la hoguera que arde en nuestro coraz\u00f3n; por eso no pueden ser m\u00e1s que un agravio los llamados instrumentos jur\u00eddicos de justicia transicional que apuntan a convertir a las v\u00edctimas en victimarios. Que se tenga presente, que el alzamiento armado contra la opresi\u00f3n es un derecho universal que asiste a todos los pueblos del mundo, que ha sido consagrado en el pre\u00e1mbulo de la declaraci\u00f3n de los derechos humanos aprobada por la ONU en 1948, y que adem\u00e1s es un derecho consignado en muchas constituciones de las naciones del mundo. No somos causa sino respuesta a la violencia del Estado, que es quien debe someterse a un marco jur\u00eddico para que responda por sus atrocidades y cr\u00edmenes de lesa humanidad como los 300 mil muertos de la denominada \u00e9poca de la violencia en los a\u00f1os 50, que responda por los 5 mil militantes y dirigentes de la Uni\u00f3n Patri\u00f3tica asesinados, por el paramilitarismo como estrategia contrainsurgente del Estado, por el desplazamiento de cerca de 6 millones de campesinos, por los m\u00e1s de 50 mil casos de desaparici\u00f3n forzada, por las masacres y los falsos positivos, por las torturas, por los abusos de poder que significan las detenciones masivas, por la dram\u00e1tica crisis social y humanitaria; en s\u00edntesis que responda por el terrorismo de Estado. Quien debe confesar la verdad y reparar a las v\u00edctimas son sus victimarios atrincherados en la espuria institucionalidad.<\/p>\n<p lang=\"es\" style=\"font-style: normal; line-height: 150%; widows: 2; orphans: 2;\" align=\"JUSTIFY\"><b>Somos una fuerza beligerante, una organizaci\u00f3n pol\u00edtica revolucionaria con un proyecto de pa\u00eds esbozado en la Plataforma Bolivariana por la Nueva Colombia, y nos anima la convicci\u00f3n de que nuestro puerto es la paz, pero no la paz de los vencidos, sino la paz con justicia social.<\/b><\/p>\n<p style=\"line-height: 150%; widows: 2; orphans: 2;\" align=\"JUSTIFY\">La insurgencia armada motivada en una lucha justa no podr\u00e1 ser derrotada con bombarderos ni tecnolog\u00edas, ni planes por muy sonoros y variados que sean sus denominaciones. La guerra de guerrillas m\u00f3viles es una t\u00e1ctica invencible. Se equivocan aquellos que embriagados de triunfalismo hablan del fin del fin de la guerrilla, de puntos de inflexi\u00f3n y de derrotas estrat\u00e9gicas, y confunden nuestra disposici\u00f3n al di\u00e1logo por la paz con una inexistente manifestaci\u00f3n de debilidad. Nos han golpeado y hemos golpeado, s\u00ed. Pero con el romancero espa\u00f1ol podemos decir: \u201cpor fortuna os vanaglori\u00e1is porque vuestras armas est\u00e1n bru\u00f1idas; en cambio mirad las m\u00edas, qu\u00e9 amelladas est\u00e1n, porque hieren y han sido heridas\u201d. As\u00ed son los avatares de la guerra. El Plan Patriota del Comando Sur de los Estados Unidos ha sido derrotado y la confrontaci\u00f3n b\u00e9lica se extiende hoy con intensidad por todo el territorio nacional. No obstante en nosotros palpita un sentimiento de paz fundado en el convencimiento de que la victoria siempre estar\u00e1 en manos de la voluntad y la movilizaci\u00f3n de nuestro pueblo. \u201cEste es un mensaje de decisi\u00f3n, dec\u00eda hace poco Alfonso Cano: aqu\u00ed en las FARC nadie est\u00e1 amilanado, \u00a1estamos absolutamente llenos de moral, de moral de combate!\u201d.<\/p>\n<p lang=\"es\" style=\"font-style: normal; line-height: 150%; widows: 2; orphans: 2;\" align=\"JUSTIFY\"><b>Presidente Santos, fundemos la paz tomando como base los anhelos de la naci\u00f3n.<\/b><\/p>\n<p style=\"line-height: 150%; widows: 2; orphans: 2;\" align=\"JUSTIFY\">Convocamos a todos los sectores sociales del pa\u00eds, al Ej\u00e9rcito de Liberaci\u00f3n Nacional, ELN, a los Directorios de los partidos pol\u00edticos, a Colombianas y Colombianos por la Paz, organizaci\u00f3n que liderada por Piedad C\u00f3rdoba trabaj\u00f3 denodadamente por abrir esta senda, a la Conferencia Episcopal y a las iglesias, a la Mesa Amplia Nacional Estudiantil (MANE), a la Coordinadora de Movimientos Sociales de Colombia (COMOSOCOL), a los promotores del Encuentro por la Paz de Barranca, a los ind\u00edgenas, a los afro-descendientes, a los campesinos, a las organizaciones de desplazados, a la ACVC, a la Asociaci\u00f3n Nacional de Zonas de Reserva Campesina (ANZORC), a las centrales obreras, a las mujeres, al movimiento juvenil colombiano, a la poblaci\u00f3n LGTBI, a los acad\u00e9micos, a los artistas y cultores, a los comunicadores alternativos, al pueblo en general, a los migrados y exiliados, a la Marcha Patri\u00f3tica, al Polo Democr\u00e1tico, al Congreso de los Pueblos, al Partido Comunista, al MOIR, a la Minga Ind\u00edgena, a los amantes de la paz en el mundo, para que llenen de esperanza este intento de soluci\u00f3n diplom\u00e1tica del conflicto.<\/p>\n<p lang=\"es\" style=\"font-style: normal; font-weight: normal; line-height: 150%; widows: 2; orphans: 2;\" align=\"JUSTIFY\">Sim\u00f3n Trinidad ya manifest\u00f3 desde la c\u00e1rcel imperial de Florence (Colorado), donde est\u00e1 condenado injustamente a 60 a\u00f1os de presidio, su total disposici\u00f3n para participar en los di\u00e1logos por la paz de Colombia. En un acto de sensatez la Fiscal\u00eda colombiana ha dicho que \u00e9l tiene todo el derecho a hacer parte de la delegaci\u00f3n de las FARC en la mesa de conversaciones y el Consejo Superior de la Judicatura ofreci\u00f3 la tecnolog\u00eda y la log\u00edstica para que eso sea posible. El gobierno de los Estados Unidos har\u00eda un gran aporte a la reconciliaci\u00f3n de la familia colombiana, facilitando la participaci\u00f3n de Sim\u00f3n, de cuerpo presente en esta mesa.<\/p>\n<p style=\"line-height: 150%; widows: 2; orphans: 2;\" align=\"JUSTIFY\">Finalmente queremos expresar nuestra eterna gratitud a los gobiernos y pueblos de Noruega, Cuba, Venezuela y Chile, que desplegaron sus esfuerzos mancomunados desde Escandinavia, desde el Caribe, desde la cuna de Sim\u00f3n Bol\u00edvar y desde el ind\u00f3mito Arauco de Neruda y Allende, para que el mundo pueda contemplar el prodigio de la nueva aurora boreal de la paz. Tambi\u00e9n resaltamos la contribuci\u00f3n del CICR como garante del traslado de voceros de las FARC desde agrestes regiones colombianas bajo el fuego.<\/p>\n<p lang=\"es\" style=\"font-style: normal; font-weight: normal; line-height: 150%; widows: 2; orphans: 2;\" align=\"JUSTIFY\">Rendimos homenaje a nuestros ca\u00eddos, a nuestros prisioneros de guerra, a nuestros lisiados, a la abnegaci\u00f3n de las Milicias Bolivarianas, al Partido Comunista Clandestino y al Movimiento Bolivariano por la Nueva Colombia, y junto a ellos al pueblo fiel que nutre y acompa\u00f1a nuestra lucha.<\/p>\n<p style=\"line-height: 150%; widows: 2; orphans: 2;\" align=\"JUSTIFY\">Sin a\u00fan comenzar la discusi\u00f3n, no coloquemos como espada de Damocles, a pender amenazas sobre la existencia de esta mesa. Sometamos las razones decada una de las partes contendientes al veredicto de la naci\u00f3n, a la veedur\u00eda ciudadana. No permitamos que los manipuladores de opini\u00f3n, desv\u00eden el rumbo de esta causa necesaria que es la reconciliaci\u00f3n y la paz de los colombianos en condiciones de justicia y dignidad. La gran prensa no puede seguir actuando como juez inicuo frente al conflicto, porque como dec\u00eda Cicer\u00f3n, \u201c<i>un juez inicuo es peor que un verdugo\u201d<\/i>. De los esfuerzos de todos y de la solidaridad del mundo, depende el destino de Colombia. Que la oraci\u00f3n por la paz de Jorge Eli\u00e9cer Gait\u00e1n ilumine nuestro camino:\u201c<i>Bienaventurados los que entienden que las palabras de concordia y de paz no deben servir para ocultar sentimientos de rencor y exterminio. \u00a1Malaventurados los que en el gobierno ocultan tras la bondad de las palabras la impiedad para los hombres del pueblo, porque ellos ser\u00e1n se\u00f1alados con el dedo de la ignominia en las p\u00e1ginas de la historia!\u201d<\/i>.<\/p>\n<p style=\"line-height: 150%; widows: 2; orphans: 2;\" align=\"JUSTIFY\">Damos la bienvenida a este nuevo emprendimiento por la paz con justicia social. Todos, por la soluci\u00f3n incruenta del conflicto colombiano.<\/p>\n","protected":false},"excerpt":{"rendered":"<p>\u00a0<\/p>\n<p> Texto completo del discurso del comandante Iv\u00e1n M\u00e1rquez de las FARC-EP en la instalaci\u00f3n la mesa de di\u00e1logo en Oslo <\/p>\n<p style='margin-bottom: 0cm; font-weight: normal;'>\u00a0<\/p>\n<p style='line-height: 150%; widows: 2; orphans: 2;' align='JUSTIFY'>\n","protected":false},"author":4,"featured_media":2044,"comment_status":"open","ping_status":"open","sticky":false,"template":"","format":"standard","meta":{"footnotes":""},"categories":[33],"tags":[],"class_list":["post-2043","post","type-post","status-publish","format-standard","has-post-thumbnail","hentry","category-america-latina-america-latina"],"aioseo_notices":[],"_links":{"self":[{"href":"https:\/\/espai-marx.net\/index.php?rest_route=\/wp\/v2\/posts\/2043","targetHints":{"allow":["GET"]}}],"collection":[{"href":"https:\/\/espai-marx.net\/index.php?rest_route=\/wp\/v2\/posts"}],"about":[{"href":"https:\/\/espai-marx.net\/index.php?rest_route=\/wp\/v2\/types\/post"}],"author":[{"embeddable":true,"href":"https:\/\/espai-marx.net\/index.php?rest_route=\/wp\/v2\/users\/4"}],"replies":[{"embeddable":true,"href":"https:\/\/espai-marx.net\/index.php?rest_route=%2Fwp%2Fv2%2Fcomments&post=2043"}],"version-history":[{"count":0,"href":"https:\/\/espai-marx.net\/index.php?rest_route=\/wp\/v2\/posts\/2043\/revisions"}],"wp:featuredmedia":[{"embeddable":true,"href":"https:\/\/espai-marx.net\/index.php?rest_route=\/wp\/v2\/media\/2044"}],"wp:attachment":[{"href":"https:\/\/espai-marx.net\/index.php?rest_route=%2Fwp%2Fv2%2Fmedia&parent=2043"}],"wp:term":[{"taxonomy":"category","embeddable":true,"href":"https:\/\/espai-marx.net\/index.php?rest_route=%2Fwp%2Fv2%2Fcategories&post=2043"},{"taxonomy":"post_tag","embeddable":true,"href":"https:\/\/espai-marx.net\/index.php?rest_route=%2Fwp%2Fv2%2Ftags&post=2043"}],"curies":[{"name":"wp","href":"https:\/\/api.w.org\/{rel}","templated":true}]}}