{"id":2064,"date":"2012-11-21T00:00:00","date_gmt":"2012-11-21T00:00:00","guid":{"rendered":"https:\/\/espai-marx.net\/?p=2064"},"modified":"2020-02-20T12:05:09","modified_gmt":"2020-02-20T11:05:09","slug":"hay-muchas-variantes-posibles-en-un-regimen-federal-pongamonos-a-estudiarlas-en-serio-sin-descalificaciones-ni-exigencias-previas","status":"publish","type":"post","link":"https:\/\/espai-marx.net\/?p=2064","title":{"rendered":"Hay muchas variantes posibles en un r\u00e9gimen federal. Pong\u00e1monos a estudiarlas en serio, sin descalificaciones ni exigencias previas."},"content":{"rendered":"<p>Luchador antifranquista de larga trayectoria, traductor de Arist\u00f3teles, Gramsci, Sokal, John Searle y de otros fil\u00f3sofos y ensayistas, cl\u00e1sicos y no tan cl\u00e1sicos, Miguel Candel, ex catedr\u00e1tico de griego del IES Puig Castellar de Santa Coloma de Gramenet (Barcelona) y ex-traductor de las Naciones Unidas y de la Comisi\u00f3n Europea, es actualmente profesor titular de la Facultad de Filosof\u00eda de la Universidad de Barcelona y autor, entre otras numerosas publicaciones, de Metaf\u00edsica de cercan\u00edas (Montesinos, Barcelona, 2004).<\/p>\n<p>***<\/p>\n<p><strong>Perm\u00edteme preguntarte inicialmente por algunos temas hist\u00f3ricos. \u00bfSe puede hablar en rigor, como suele hacerse, de la ocupaci\u00f3n de las tierras catalanas por parte de las tropas borb\u00f3nicas castellanas en 1714?<\/strong><\/p>\n<p>No soy historiador y mi conocimiento de esos hechos no es ni mucho menos el de un especialista. Pero, por lo que s\u00e9, la guerra que hoy sit\u00faan muchos como el origen de todas las calamidades para Catalu\u00f1a fue una guerra din\u00e1stica, como tantas otras que tuvieron lugar en Europa en el siglo XVIII. Se enfrentaron dos coaliciones internacionales que apoyaban, respectivamente, al pretendiente de la dinast\u00eda reinante en Francia, Felipe de Bourbon-Anjou, y al pretendiente de la dinast\u00eda imperial austriaca, el archiduque Carlos de Habsburgo (dinast\u00eda que hab\u00eda reinado hasta entonces en Espa\u00f1a, extingui\u00e9ndose tras morir Carlos II sin descendencia). Espa\u00f1a era entonces la segunda o tercera potencia mundial y todas las casas reinantes en Europa quer\u00edan tenerla bajo su influencia. Intervinieron tropas de diversas nacionalidades (Austria, Francia, Inglaterra, Holanda, Italia, Espa\u00f1a\u2026) y, por lo que hace a Catalu\u00f1a, ser\u00eda hora de reconocer que, si bien la Generalitat y la mayor\u00eda de los territorios del principado apoyaron al Habsburgo, tambi\u00e9n los hubo que apoyaron al Borb\u00f3n (por ejemplo, la zona de Cervera: de ah\u00ed que el vencedor trasladara la universidad de Barcelona a esa ciudad).<\/p>\n<p>Desde el punto de vista de lo que podr\u00edamos llamar la legitimidad pol\u00edtica de los cambios que el triunfo borb\u00f3nico supuso para Catalu\u00f1a creo que todo el mundo deber\u00eda tener claro que un principio de derecho internacional ampliamente reconocido en la \u00e9poca era el \u201cderecho de conquista\u201d. Felipe V ten\u00eda, pues, a partir del momento en que su victoria qued\u00f3 consolidada por el Tratado de Utrecht de 1713, v\u00eda libre para imponer su voluntad en los territorios que se le hab\u00edan resistido hasta el final (el reino de Arag\u00f3n, principalmente, aunque hay que se\u00f1alar que el \u00faltimo foco de resistencia fue Mallorca, que no cay\u00f3 hasta 1715, un a\u00f1o m\u00e1s tarde que Barcelona).<\/p>\n<p>Ahora bien, el verdadero agravio que sufri\u00f3 Catalu\u00f1a a manos de Felipe V fue la decisi\u00f3n de \u00e9ste de abolir, y la forma en que fueron abolidos, los fueros del reino de Arag\u00f3n.<\/p>\n<p><strong>Del que Catalu\u00f1a formaba parte\u2026<\/strong><\/p>\n<p>Exacto (porque Catalu\u00f1a nunca ha sido independiente como tal, sino que, ya antes de que se completara la reconquista de la llamada \u201cCatalunya nova\u201d, la \u201cCatalunya vella\u201d, bajo la \u00e9gida del conde de Barcelona, se hab\u00eda unido al reino de Arag\u00f3n). Pues bien, la abolici\u00f3n de los fueros de Arag\u00f3n-Catalu\u00f1a no se hizo simplemente por decreto real (el Decreto de Nueva Planta), sino -cosa inaudita desde el punto de vista jur\u00eddico- mediante la ratificaci\u00f3n de dicho decreto \u00a1por las cortes de Castilla!<\/p>\n<p>Este hecho sin precedentes sit\u00faa el Decreto de Nueva Planta, incluso en un contexto pol\u00edtico absolutista como el de la \u00e9poca, en la m\u00e1s absoluta ilegitimidad, y es seguramente el elemento que m\u00e1s verosimilitud da al mito popular de que la guerra fue una agresi\u00f3n castellana contra Catalu\u00f1a. Como hemos visto, fue algo mucho m\u00e1s complicado.<\/p>\n<p><strong>Lo fue, seg\u00fan cuentas.<\/strong><\/p>\n<p>De hecho, el grueso de la fuerza borb\u00f3nica eran, como es natural, tropas francesas, mal vistas por los catalanes desde la intervenci\u00f3n de 1640, mientras que la mayor contribuci\u00f3n militar al bando de Carlos fue la escuadra anglo-holandesa. Por otro lado, Carlos no contaba con las simpat\u00edas castellanas, en parte por su talante y en gran parte por el mal recuerdo de los \u00faltimos tiempos de reinado de los Habsburgo. Simpat\u00edas de las que s\u00ed gozaba, en cambio, Felipe, visto como una esperanza de regeneraci\u00f3n de la corrupta corte madrile\u00f1a. Por otro lado, la p\u00e9rdida de los fueros de Arag\u00f3n-Catalu\u00f1a corresponde perfectamente a la tendencia imperante en Europa, pero sobre todo en Francia tras la experiencia de las revueltas se\u00f1oriales contra Luis XIV, a reforzar la autoridad real por encima de los antiguos privilegios regionales o locales, herencia, por lo general, del feudalismo.<\/p>\n<p>Por \u00faltimo, a la hora de hacer balance de lo que supuso para Espa\u00f1a y Catalu\u00f1a la victoria borb\u00f3nica, no estar\u00e1 de m\u00e1s recordar que, como consecuencia del Tratado de Utrecht, Espa\u00f1a perdi\u00f3 en beneficio de Austria lo que le quedaba de los Pa\u00edses Bajos y, en beneficio de Inglaterra, Gibraltar y Menorca. Catalu\u00f1a, por su parte, conoci\u00f3 en los cien a\u00f1os subsiguientes un florecimiento econ\u00f3mico extraordinario: no hay m\u00e1s que ver el n\u00famero de mas\u00edas catalanas con inscripciones del siglo XVIII, testimonio de obras de reforma reveladoras de una mayor prosperidad, y el aumento espectacular de la poblaci\u00f3n de Barcelona, que al no poder crecer fuera de las murallas forz\u00f3 en much\u00edsimos casos la duplicaci\u00f3n de la altura de las casas, tal como se puede constatar hoy paseando por el casco antiguo; a esto contribuy\u00f3 en gran medida la autorizaci\u00f3n dada por Carlos III a los puertos del antiguo reino de Arag\u00f3n para comerciar con Am\u00e9rica, algo que los Habsburgo hab\u00edan reservado en exclusiva para los puertos del antiguo reino de Castilla.<\/p>\n<p><strong>\u00bfLas clases dominantes catalanas se han enfrentado siempre al uniformismo espa\u00f1olista del gobierno central? \u00bfNo han colaborado con esos gobiernos en algunas ocasiones?<\/strong><\/p>\n<p>Casi siempre han colaborado, al menos desde el despegue industrial de Catalu\u00f1a, para cuyas manufacturas era m\u00e1s que conveniente disponer del mercado espa\u00f1ol, protegido adem\u00e1s de la industria europea, generalmente m\u00e1s potente, mediante las oportunas barreras arancelarias. La historia moderna de Europa arrastra desde hace dos siglos esta paradoja: el nacionalismo es hijo de la burgues\u00eda industrial en su lucha por obtener mercados amplios y protegidos, pero la naci\u00f3n es hija del campesinado, depositario de la cultura tradicional y reacio a admitir la injerencia de poderes extra\u00f1os o lejanos. Por eso todo proyecto nacional adula y mitifica el campo y exacerba los rasgos culturales diferenciadores, eso que ahora se llama la \u201cidentidad nacional\u201d (no hay identidad sin diferencia). Creo que con lo dicho me he \u201cretratado\u201d en mi actitud de amante de las naciones y cr\u00edtico de los nacionalismos (de todos).<\/p>\n<p><strong>S\u00ed, creo que te has retratado muy bien.<\/strong><\/p>\n<p>Claro que la nueva y desp\u00f3tica burgues\u00eda internacional de las multinacionales de la industria y, sobre todo, de la banca hace posible una izquierda no propiamente nacionalista, pero s\u00ed defensora de las naciones entendidas como colectividades humanas expuestas a una explotaci\u00f3n cada vez m\u00e1s salvaje y, por cierto, objetivamente interesadas, para defenderse, en tejer amplias alianzas de naciones frente a un insaciable Leviat\u00e1n sin fronteras.<\/p>\n<p><strong>La II Rep\u00fablica espa\u00f1ola, \u00bfmaltrat\u00f3 a la ciudadan\u00eda catalana? \u00bfLe neg\u00f3 sus derechos?<\/strong><\/p>\n<p>Sostener eso s\u00f3lo dejar\u00eda en parte de ser un obsceno embuste si se redujera la historia de la II Rep\u00fablica espa\u00f1ola al llamado \u201cbienio negro\u201d.<\/p>\n<p><strong>Los intelectuales ib\u00e9ricos, no catalanes, incluyendo pol\u00edticos con peso y solidez, \u00bfsiempre han incomprendido el \u201checho diferencial catal\u00e1n\u201d, \u201cel fet nacional catal\u00e0\u201d?<\/strong><\/p>\n<p>Eso ser\u00eda una simplificaci\u00f3n enorme, que no resiste el m\u00e1s somero an\u00e1lisis. Es muy ilustrativo al respecto seguir la evoluci\u00f3n de la llamada \u201copini\u00f3n p\u00fablica\u201d madrile\u00f1a (que no es lo que opina el p\u00fablico de Madrid en general, sino lo que dicen aquellos madrile\u00f1os que tienen posibilidad de dirigirse al gran p\u00fablico: periodistas y pol\u00edticos, principalmente). En tiempos de la dictadura, cualquiera que viajara a Madrid pod\u00eda comprobar la sincera admiraci\u00f3n que los sectores que mencionas sent\u00edan por la pujanza cultural y la vitalidad pol\u00edtica de la sociedad catalana, independientemente de la orientaci\u00f3n ideol\u00f3gica de quienes as\u00ed se expresaban (sobre todo, dem\u00f3cratas, pero tambi\u00e9n no pocos franquistas). Para muchas de esas personas, Catalu\u00f1a, con todos sus rasgos diferenciales, era el espejo en el que pensaban que hab\u00eda de mirarse Espa\u00f1a para progresar. \u00bfQu\u00e9 ha pasado luego?<\/p>\n<p><strong>Eso mismo te pregunto.<\/strong><\/p>\n<p>En mi opini\u00f3n, y parad\u00f3jicamente, la imperfecta democracia lograda en la transici\u00f3n, basada en un \u201cmercadeo\u201d electoral que sustituye los programas complejos por los esl\u00f3ganes simplistas, ha acabado sacando lo peor de cada parte, y parece que cada vez son m\u00e1s los que se apuntan al ejercicio de una demagogia ramplona que exacerba los sentimientos de agravio de unos y otros, visto que da r\u00e9ditos electorales. Y, en medio, una poblaci\u00f3n a la que se intenta distraer (y a menudo se distrae) con esa carnaza para que no piense demasiado en los problemas m\u00e1s acuciantes, que son los de \u00edndole socioecon\u00f3mica. Como dice un proverbio del \u00c1frica ecuatorial, \u201ccuando los elefantes se pelean, quien sale perdiendo es la hierba\u201d.<\/p>\n<p><strong>\u00bfQui\u00e9n encabez\u00f3, dirigi\u00f3 y particip\u00f3 en la lucha por las libertades nacionales durante los a\u00f1os de represi\u00f3n, cr\u00edmenes y silencio? A los Puig, los Fain\u00e9, los Millet, los Mas incluso, no se les ve\u00eda mucho por aquellos territorios arriesgados si no recuerdo mal.<\/strong><\/p>\n<p>Ya casi has dado t\u00fa mismo la respuesta. Las manifestaciones ilegales del 11 de septiembre en torno a la esquina donde ahora se eleva la estatua de Rafael de Casanova, y no digamos las grandes manifestaciones de los primeros a\u00f1os de la transici\u00f3n, se nutr\u00edan fundamentalmente de trabajadores movilizados por las organizaciones antifranquistas de izquierda, destacadamente por el PSUC.<\/p>\n<p><strong>Me traslado a la situaci\u00f3n actual. \u00bfQu\u00e9 grupos sociales se manifestaron el pasado 11 de setiembre?<\/strong><\/p>\n<p>Fiel a mi lema de no participar en aquello en que quieren que participe los que habitualmente no me dejan participar, no asist\u00ed a esa manifestaci\u00f3n. Pero parece que hubo de todo. Fue, se dir\u00eda, una manifestaci\u00f3n socialmente \u201ctransversal\u201d. En la que confluyeron, tambi\u00e9n parece, todas las indignaciones actualmente vigentes en el pa\u00eds: desde los agraviados en sus sentimientos nacionales a los agraviados en sus derechos sociales, pasando (y eso es lo que hace, como m\u00ednimo, pol\u00edticamente confuso el significado de la gran marcha) por algunos significados agraviadores, como el inefable Boi Ruiz, adalid del desmantelamiento progresivo de la sanidad p\u00fablica catalana. Eso sin contar con el hecho (imputable a la profunda desmemoria hist\u00f3rica de este pa\u00eds) de que la se\u00f1era \u201cestelada\u201d abrumadoramente predominante era la de estrella blanca sobre tri\u00e1ngulo azul, introducida por un grupo pol\u00edtico filonazi de los a\u00f1os treinta: Estat Catal\u00e0. Claro que seguramente ninguno de sus portadores el d\u00eda 11 era nazi, pero los s\u00edmbolos tienen su historia y esa historia determina, en parte al menos, su significado.<\/p>\n<p><strong>\u00bfCu\u00e1l fue el objetivo central de la manifestaci\u00f3n en tu opini\u00f3n? \u00bfMostrar apoyo al derecho de autodeterminaci\u00f3n, a la independencia?<\/strong><\/p>\n<p>Lo dec\u00edan claramente las pancartas y esl\u00f3ganes de los organizadores: Independencia para hacer de Catalu\u00f1a un nuevo Estado de Europa. Claro que eso implica, en buena l\u00f3gica, ejercer el derecho de autodeterminaci\u00f3n mediante alg\u00fan tipo de consulta a la ciudadan\u00eda del territorio del Principado. Pero los organizadores no lo explicitaron. Cabr\u00eda, pues, suponer que acaso lo que ten\u00edan en mente era una declaraci\u00f3n unilateral de independencia hecha por el Govern de la Generalitat, quiz\u00e1 ratificada luego por el Parlament. Con posterioridad parece haberse ido despejando la duda y Esquerra Republicana, al menos, habla claramente de un refer\u00e9ndum como primer paso. Pero ya veremos, porque est\u00e1 claro que ese refer\u00e9ndum no podr\u00eda realizarse legalmente dentro del actual marco constitucional. No hay que descartar que un efecto positivo del pulso que se ha iniciado pueda ser precisamente la reforma de una constituci\u00f3n a todas luces superada (y deslegitimada por los mismos que la defienden a ultranza, que no tuvieron empacho en modificar por procedimiento de urgencia, sin consulta popular, su art\u00edculo 135 para adecuarlo a unas coyunturales exigencias de la UE, es decir, de la banca internacional). Pero las reformas no siempre son sin\u00f3nimo de mejoras, como bien sabemos.<\/p>\n<p><strong>\u00bfPor qu\u00e9 crees que asistieron a la manifestaci\u00f3n algunos sindicatos obreros y algunas fuerzas de izquierda como ICV o EUiA?<\/strong><\/p>\n<p>La respuesta est\u00e1 en una de las m\u00e1s c\u00e9lebres f\u00e1bulas del Hitopadeza, recogida en El conde Lucanor: la que lleva, aproximadamente, por t\u00edtulo \u201cEl vestido nuevo del emperador\u201d. Hay tambi\u00e9n otra respuesta menos pol\u00edticamente correcta, pero me la guardo.<\/p>\n<p>\u201c<strong>Tenemos lazos con Espa\u00f1a pero no seremos espa\u00f1oles si se nos exige que para serlo tenemos que dejar de ser catalanes\u201d, se ha se\u00f1alado por parte de algunos grupos independentistas. \u00bfQui\u00e9nes exigen actualmente a la ciudadan\u00eda catalana que deje de ser catalana?<\/strong><\/p>\n<p>Es una argumentaci\u00f3n claramente circular en la que se oculta la premisa clave: \u201cEntendemos por \u2018ser catalanes\u2019 no tener dependencia legal alguna respecto de Espa\u00f1a\u201d. Puesto as\u00ed el argumento, la consecuencia, haga Espa\u00f1a lo que haga, es que Catalu\u00f1a ha de ser independiente de Espa\u00f1a. Por supuesto, hay centralistas que restringen tanto el significado de \u201cser catalanes\u201d que, si se les toma en serio, propician, por rechazo, que se adopte aquella definici\u00f3n. Pero ni son la mayor\u00eda que ellos aparentan (y que algunos independentistas catalanes les ayudan a aparentar) ni, sobre todo, hay por qu\u00e9 tomarlos en serio. \u201cTigres de papel\u201d, como dir\u00eda Mao.<\/p>\n<p><strong>Te resumo un argumento que suele esgrimirse por fuerzas \u201csoberanistas\u201d: \u201cen cuesti\u00f3n de bienestar, el Estado espa\u00f1ol actual es perjudicial para las clases populares catalanas y, por tanto, si el Estado tiene que ser un instrumento para mejorar las condiciones de vida de la gente desfavorecida, necesitamos otro Estado para nosotros, para el pueblo catal\u00e1n. Necesitamos un nuevo Estado catal\u00e1n porque somos catalanes al margen de nuestro origen. El estado Espa\u00f1ol nos maltrata a todos como catalanes, tambi\u00e9n al margen de nuestro origen\u201d. \u00bfTe convence? \u00bfVes en \u00e9l alg\u00fan valor de izquierda?<\/strong><\/p>\n<p>Se juega, efectivamente, en ese argumento, con un se\u00f1uelo \u201cde izquierdas\u201d. Pero que es un simple se\u00f1uelo, al menos cuando lo utilizan \u201csoberanistas\u201d de la \u00f3rbita de CiU, lo demuestran las prioridades adoptadas por el gobierno de ese partido a la hora de hacer recortes presupuestarios.<\/p>\n<p><strong>La burgues\u00eda catalana, en tu opini\u00f3n, \u00bfest\u00e1 apostando realmente por la independencia? \u00bfPor qu\u00e9?<\/strong><\/p>\n<p>Creo que una parte, s\u00ed (sintom\u00e1ticamente, hace unas semanas apareci\u00f3 una gran \u201cestelada\u201d en los palcos del Liceo). Pero no toda, ni mucho menos. Ignoro, eso s\u00ed, los porcentajes (no creo que nadie los conozca). Las razones de los que s\u00ed apuestan pueden ser muy variadas, pero trat\u00e1ndose de esa clase social, avezada al c\u00e1lculo econ\u00f3mico, hay que descartar el predominio de \u201crazones sentimentales\u201d (perd\u00f3n por el ox\u00edmoron). Es posible que apuesten por una ruptura de la caja de la Seguridad Social espa\u00f1ola, lo que permitir\u00eda hacer borr\u00f3n y cuenta nueva (a favor de los empresarios, claro) en materia de cotizaciones y prestaciones. O por una extinci\u00f3n r\u00e1pida de los actuales cuerpos de funcionarios del Estado que a\u00fan dependen de la Administraci\u00f3n Central\u2026 Bueno, no s\u00e9 si la burgues\u00eda catalana es muy buena haciendo el amor, pero s\u00ed lo es haciendo la guerra\u2026 social (lo acredita su historial desde los tiempos de la \u201crosa de foc\u201d hasta hoy, pasando por la \u00e9poca de las \u201cperegrinaciones\u201d a Burgos).<\/p>\n<p><strong>\u00bfHay sectores obreros que est\u00e9n apoyando la independencia?<\/strong><\/p>\n<p>No hay que confundir obreros con representantes de obreros. Puede que haya un cierto porcentaje en unos y otros, pero menos en los primeros. Dicho sea sin ignorar el hecho de que, como siempre, los sectores m\u00e1s desfavorecidos, en su desesperada situaci\u00f3n, pueden mostrarse m\u00e1s receptivos a los cantos de sirena que se\u00f1alabas dos preguntas m\u00e1s arriba.<\/p>\n<p><strong>\u00bfNo sorprende que se hable tanto de soberanismo y apenas \u2013no digo nunca- se hable del poder desp\u00f3tico que ejercen las instituciones de la troika sobre muchos gobiernos europeos, el de Espa\u00f1a <\/strong>&#8211;<strong>y Catalunya<\/strong>&#8211;<strong> no excluido?<\/strong><\/p>\n<p>\u00c9sa es precisamente una de las claves que tendr\u00eda que haber hecho reflexionar y abstenerse de asistir a las personas de izquierdas (y no fueron pocas) que acudieron el 11-S a una manifestaci\u00f3n convocada pr\u00e1cticamente por el gobierno catal\u00e1n (tras la pantalla de una asociaci\u00f3n de la que nadie hab\u00eda o\u00eddo hablar hasta cuatro d\u00edas antes y que exhibi\u00f3 una colosal capacidad organizativa y financiera, por ejemplo fletando autocares desde los lugares m\u00e1s rec\u00f3nditos de Catalu\u00f1a). Gobierno que es disc\u00edpulo aventajado de la escuela econ\u00f3mica neoliberal y que defiende con ardor las recetas neoliberales para afrontar la crisis\u2026 profundiz\u00e1ndola m\u00e1s y m\u00e1s. Claro que mucha gente de izquierdas pens\u00f3 que hab\u00eda que estar donde estaban las masas y aprovechar la ocasi\u00f3n para airear las propias reivindicaciones. Pero el significado de los actos humanos no depende de las intenciones de quienes los hacen, sino -como c\u00ednicamente sostiene Humpty Dumpty en Alicia a trav\u00e9s del espejo- depende de \u201cqui\u00e9n es el que manda\u201d.<\/p>\n<p><strong>\u00bfHay expolio fiscal? \u00bfDe qu\u00e9 tipo? \u00bf\u201dEspa\u00f1a\u201d o \u201cMadrid\u201d son culpables de la situaci\u00f3n que estamos viviendo en Catalunya?<\/strong><\/p>\n<p>Seg\u00fan un informe oficial presentado recientemente al Parlament de Catalunya, y los comentarios al respecto de economistas de prestigio, como Xavier Vidal-Folch, entre otros, hay un diferencial de unos 6 puntos entre la aportaci\u00f3n fiscal de Catalu\u00f1a al Estado espa\u00f1ol y lo que el Estado gasta en Catalu\u00f1a. Este diferencial supera al menos en 2 puntos la media de los d\u00e9ficit que suelen darse, en otros pa\u00edses, en la balanza fiscal de ciertos estados o provincias federadas con respecto a la administraci\u00f3n federal central. Ese diferencial corresponde, naturalmente, a la aportaci\u00f3n que dichos estados o provincias, m\u00e1s ricos que el resto, hacen con fines redistributivos, es decir, en aras de la equidad social (pagan m\u00e1s al fondo com\u00fan los que m\u00e1s tienen). Es cierto, por tanto, que Catalu\u00f1a recibe un trato fiscal comparativamente peor que la media conocida en Estados federales o similares. Y parece justo tratar de corregir esa desviaci\u00f3n. Ahora bien, cuando se habla dram\u00e1ticamente de \u201cexpolio\u201d o \u201crobo\u201d parece que se quiere dar a entender que lo justo ser\u00eda que no hubiera ning\u00fan diferencial, como ocurre en el caso del \u201cconcierto\u201d vasco (no entrar\u00e9 aqu\u00ed a discutir las causas, motivos y, quiz\u00e1, razones de semejante situaci\u00f3n peculiar). Pensar as\u00ed es seguir la misma l\u00ednea de pensamiento que los republicanos estadounidenses cuando despotrican contra toda forma de ayuda p\u00fablica a los ciudadanos (incluido, por supuesto, el seguro de enfermedad; por cierto que as\u00ed piensa exactamente el siempre inefable conseller Boi Ruiz cuando afirma que \u201cla salud es un asunto privado\u201d). No por poner \u201ccomunidad aut\u00f3noma\u201d en lugar de \u201cciudadano individual\u201d cambia la concepci\u00f3n pol\u00edtica y moral subyacente, que puede resumirse en el castizo dicho \u201cCada palo, que aguante su vela\u201d, no por castizo menos miserable. Y f\u00edjate que no hablo de los flujos econ\u00f3micos distintos de los fiscales, porque si lo hiciera, tendr\u00eda que recordar que, tambi\u00e9n en el Parlament, se hizo p\u00fablica no ha mucho la cantidad a la que ascendi\u00f3 en el \u00faltimo a\u00f1o el super\u00e1vit de la balanza comercial de Catalu\u00f1a con Espa\u00f1a: 23.000 millones de euros a favor de Catalu\u00f1a. \u00bfQu\u00e9 son, comparados con eso, los centenares o pocos miles de millones de euros del d\u00e9ficit fiscal? \u00bfMantendr\u00eda ese super\u00e1vit frente a Espa\u00f1a una Catalu\u00f1a independiente?<\/p>\n<p><strong>Cuando escuchas a algunos portavoces del independentismo catal\u00e1n, \u00bfno piensas en las proclamas de Umberto Bossi de la Liga Norte sobre la Padania italiana?<\/strong><\/p>\n<p>Por mi respuesta a la pregunta anterior queda claro que s\u00ed. Y tambi\u00e9n pienso en la actitud del partido independentista flamenco de B\u00e9lgica. En esta cuesti\u00f3n, nuestros \u201cindepes\u201d son poco originales. Algo m\u00e1s elegantes en las formas, quiz\u00e1, pero nada m\u00e1s.<\/p>\n<p><strong>\u00bfQu\u00e9 debe apoyar la izquierda transformadora en estos momentos? \u00bfEl ejercicio del derecho de autodeterminaci\u00f3n? Si es as\u00ed, \u00bfqu\u00e9 hay que vindicar: una rep\u00fablica federal, una confederaci\u00f3n de Rep\u00fablicas\u2026? \u00bfLa opci\u00f3n federalista es una opci\u00f3n podrida como dec\u00eda no hace mucho un historiador independentista catal\u00e1n?<\/strong><\/p>\n<p>Lo podrido, en todo caso, ser\u00e1 el t\u00e9rmino, de tanto usarlo sin aplicarlo. \u00bfC\u00f3mo se puede haber podrido en este pa\u00eds una forma de Estado que nunca se ha ensayado de verdad?<\/p>\n<p><strong>Bueno, la primera Rep\u00fablica tuvo, en principio, un marcado car\u00e1cter federal. \u00bfO no fue \u00e9se el caso?<\/strong><\/p>\n<p>S\u00ed, pero todos sabemos cu\u00e1n poco dur\u00f3 aquella desdichada rep\u00fablica\u2026 Lo cierto es que hay muchas variantes posibles en un r\u00e9gimen federal. Pues pong\u00e1monos a estudiarlas en serio, sin descalificaciones ni exigencias previas en cuanto a grados de \u201csimetr\u00eda\u201d o \u201casimetr\u00eda\u201d. Y que hablen los votantes, previamente bien informados, en un proceso constituyente sin chantajes de \u201cpoderes f\u00e1cticos\u201d interiores ni exteriores.<\/p>\n<p><strong>\u00bfEs anecd\u00f3tico, en tu opini\u00f3n, que el gobierno de la derecha catalana haya sido, y por goleada, el que con m\u00e1s virulencia ha aplicado los recortes sociales?<\/strong><\/p>\n<p>No es nada anecd\u00f3tico, y creo que da la pista de por d\u00f3nde esa derecha ve las ventajas de una secesi\u00f3n, tal como he apuntado respondiendo a la pregunta de si la burgues\u00eda catalana quiere o no la independencia.<\/p>\n<p><strong>Para ir finalizando: \u00bfpor qu\u00e9 crees que hay tanto sentimiento independentista en la sociedad catalana actual?<\/strong><\/p>\n<p>Porque \u201cEspa\u00f1a no va bien\u201d, sino bastante mal en casi todos los \u00f3rdenes (menos en el tur\u00edstico y el futbol\u00edstico, de momento). A lo cual han contribuido por igual la burgues\u00eda y los pol\u00edticos de derechas o pseudoizquierdas de ambos lados del Ebro. Y a mucha gente le parece que hay que salir cuanto antes de una casa que se derrumba en vez de intentar apuntalarla. Cosa, en cambio, que no parece pensar esa misma gente cuando se discute si salir o no, por ejemplo, de la malhadada, p\u00e9simamente concebida y peor gestionada Uni\u00f3n Monetaria Europea. Lo dicho: el significado de las palabras depende de qui\u00e9n manda.<\/p>\n<p><strong>\u00bfSer\u00e1 posible votar en las pr\u00f3ximas elecciones catalanas a una fuerza que combata el neoliberalismo y no apoye el independentismo?<\/strong><\/p>\n<p>Si me dices cu\u00e1l es, la votar\u00e9. Veo que te quedas callado\u2026<\/p>\n<p><strong>S\u00ed, me he callado y sigo callado. \u00bfQuieres a\u00f1adir algo m\u00e1s?<\/strong><\/p>\n<p>Podr\u00edamos estar hablando del tema hasta el d\u00eda en que Catalu\u00f1a consiga la independencia\u2026 Pero me parece mucho m\u00e1s urgente dedicar todas las fuerzas disponibles a intentar independizarnos, no s\u00f3lo Catalu\u00f1a, sino todos los pueblos ib\u00e9ricos, it\u00e1licos y hel\u00e9nicos, como m\u00ednimo, de la infame dictadura del capital financiero internacional. Un economista semidocumentado ha publicado recientemente un libro-panfleto titulado \u201cHispania delenda est\u201d. Yo propongo que entre todas las v\u00edctimas del totalitarismo neoliberal lancemos el grito de guerra \u201cTroika delenda est!\u201d Y que surjan pronto muchos Escipiones.<\/p>\n<p>El Viejo Topo, noviembre de 2012<\/p>\n<p>14<\/p>\n<p>&nbsp;<\/p>\n","protected":false},"excerpt":{"rendered":"<p style='margin-top: 0.2cm; margin-bottom: 0cm; line-height: 150%; widows: 0; orphans: 0;' align='JUSTIFY'>Luchador antifranquista de larga trayectoria, traductor de Arist\u00f3teles, Gramsci, Sokal, John Searle y de otros fil\u00f3sofos y ensayistas, cl\u00e1sicos y no tan cl\u00e1sicos, Miguel Candel, ex catedr\u00e1tico de griego del IES Puig Castellar de Santa Coloma de Gramenet (Barcelona) y ex-traductor de las Naciones Unidas y de la Comisi\u00f3n Europea, es actualmente profesor titular de la Facultad de Filosof\u00eda de la Universidad de Barcelona y autor.<\/p>\n","protected":false},"author":9,"featured_media":2065,"comment_status":"open","ping_status":"open","sticky":false,"template":"","format":"standard","meta":{"footnotes":""},"categories":[13],"tags":[1146],"class_list":["post-2064","post","type-post","status-publish","format-standard","has-post-thumbnail","hentry","category-la-izquierda-a-debate","tag-miguel-candel"],"aioseo_notices":[],"_links":{"self":[{"href":"https:\/\/espai-marx.net\/index.php?rest_route=\/wp\/v2\/posts\/2064","targetHints":{"allow":["GET"]}}],"collection":[{"href":"https:\/\/espai-marx.net\/index.php?rest_route=\/wp\/v2\/posts"}],"about":[{"href":"https:\/\/espai-marx.net\/index.php?rest_route=\/wp\/v2\/types\/post"}],"author":[{"embeddable":true,"href":"https:\/\/espai-marx.net\/index.php?rest_route=\/wp\/v2\/users\/9"}],"replies":[{"embeddable":true,"href":"https:\/\/espai-marx.net\/index.php?rest_route=%2Fwp%2Fv2%2Fcomments&post=2064"}],"version-history":[{"count":0,"href":"https:\/\/espai-marx.net\/index.php?rest_route=\/wp\/v2\/posts\/2064\/revisions"}],"wp:featuredmedia":[{"embeddable":true,"href":"https:\/\/espai-marx.net\/index.php?rest_route=\/wp\/v2\/media\/2065"}],"wp:attachment":[{"href":"https:\/\/espai-marx.net\/index.php?rest_route=%2Fwp%2Fv2%2Fmedia&parent=2064"}],"wp:term":[{"taxonomy":"category","embeddable":true,"href":"https:\/\/espai-marx.net\/index.php?rest_route=%2Fwp%2Fv2%2Fcategories&post=2064"},{"taxonomy":"post_tag","embeddable":true,"href":"https:\/\/espai-marx.net\/index.php?rest_route=%2Fwp%2Fv2%2Ftags&post=2064"}],"curies":[{"name":"wp","href":"https:\/\/api.w.org\/{rel}","templated":true}]}}