{"id":2082,"date":"2012-12-11T00:00:00","date_gmt":"2012-12-11T00:00:00","guid":{"rendered":"https:\/\/espai-marx.net\/?p=2082"},"modified":"2020-02-20T11:31:22","modified_gmt":"2020-02-20T10:31:22","slug":"articulacion-en-la-base-una-necesidad-politica-en-la-espana-neoliberal","status":"publish","type":"post","link":"https:\/\/espai-marx.net\/?p=2082","title":{"rendered":"Articulaci\u00f3n en la base: una necesidad pol\u00edtica en la Espa\u00f1a neoliberal"},"content":{"rendered":"<p style=\"margin-top: 0.21cm; margin-bottom: 0.49cm; background: #ffffff; line-height: 150%;\" align=\"JUSTIFY\">En el marco de la Semana de Lucha contra Eurovegas <strong>[1]<\/strong>, realizada en Madrid, Alcorc\u00f3n y Villaviciosa de Od\u00f3n entre el 25 de noviembre y el 2 de diciembre de 2012, se celebr\u00f3 un debate abierto entre distintas plataformas ciudadanas de reciente constituci\u00f3n. El siguiente texto hace una reflexi\u00f3n sobre los or\u00edgenes de esta movilizaci\u00f3n y la necesidad de articulaci\u00f3n de estos nuevos movimientos ciudadanos nacidos en el territorio espa\u00f1ol a partir de la primavera de 2011.<\/p>\n<p style=\"margin-top: 0.21cm; margin-bottom: 0.49cm; background: #ffffff; line-height: 150%;\" align=\"JUSTIFY\"><strong>Muchas consecuencias, una causa<\/strong><\/p>\n<p lang=\"es-ES\" style=\"margin-top: 0.21cm; margin-bottom: 0.49cm; background: #ffffff; line-height: 150%;\" align=\"JUSTIFY\">Desde 2011, y espoleados por la gran movilizaci\u00f3n social del 15-M, fueron naciendo a lo largo y ancho del territorio espa\u00f1ol decenas de colectivos y plataformas ciudadanas. Grupos de marcado car\u00e1cter social y pol\u00edtico que pretenden dar respuesta a nuevas injusticias y necesidades que van quedando descubiertas con la implementaci\u00f3n del recetario de la Troika.<\/p>\n<p style=\"margin-top: 0.21cm; margin-bottom: 0.49cm; background: #ffffff; line-height: 150%;\" align=\"JUSTIFY\">Colectivos contra la privatizaci\u00f3n y el expolio de bienes comunes, por una banca p\u00fablica, de afectados por las hipotecas, por el impuesto de transacciones financieras y contra los para\u00edsos fiscales, por una auditoria ciudadana de la deuda, contra la implementaci\u00f3n de proyectos especulativos e in\u00fatiles <strong>[2]<\/strong> o el tribunal ciudadano de justicia, son algunos ejemplos de estos nuevos grupos que est\u00e1n dando una contestaci\u00f3n social a este contexto. Un contexto que supone nada menos que una radicalizaci\u00f3n del capitalismo, una vuelta de tuerca sobre la acumulaci\u00f3n y la desposesi\u00f3n; un salto adelante o, seguramente sea m\u00e1s preciso decir, un salto al vac\u00edo.<\/p>\n<p lang=\"es-ES\" style=\"margin-top: 0.21cm; margin-bottom: 0.49cm; background: #ffffff; line-height: 150%;\" align=\"JUSTIFY\">El activismo de estos nuevos colectivos se centra en aristas concretas de las consecuencias de esta radicalizaci\u00f3n del modelo, aunque el discurso cr\u00edtico que se construye en todos los casos pretende ir al fondo del asunto. Y es justamente esta profundizaci\u00f3n del modelo el fondo com\u00fan que tienen las luchas de estas plataformas nacidas al calor de la primavera de 2011: el avance de unas pol\u00edticas neoliberales que est\u00e1n agudizando la injusticia social, profundizando la desigualdad y garantizando la insostenibilidad medioambiental en el territorio, en el marco de una absoluta p\u00e9rdida de soberan\u00eda popular. Lo que tambi\u00e9n est\u00e1 suponiendo la creciente conculcaci\u00f3n de libertades fundamentales y de derechos sociales, econ\u00f3micos, culturales o pol\u00edticos para las amplias mayor\u00edas.<\/p>\n<p style=\"margin-top: 0.21cm; margin-bottom: 0.49cm; background: #ffffff; line-height: 150%;\" align=\"JUSTIFY\">Tambi\u00e9n en este contexto, el conglomerado del poder econ\u00f3mico y pol\u00edtico ha logrado dar con la clave: (crear y) encontrar un pretexto todopoderoso para intentar construir una relativa legitimidad y un consenso social, y minimizar de esa forma las protestas y resistencias frente a estas pol\u00edticas: la \u201ccrisis\u201d. En su nombre, en su honor, porque \u201ces el \u00fanico camino posible\u201d para poder salir de all\u00ed, se vienen acometiendo las \u201creformas\u201d m\u00e1s antisociales de la historia de la democracia espa\u00f1ola. \u201cNo hay alternativa\u201d y \u201ccualquier manera de pensar distinta (\u2026) es simplemente irracional\u201d son las ideas nucleares de un discurso que pretende imponerse, siguiendo la vieja estrategia de comunicaci\u00f3n de la Dama de Hierro Tatcher <strong>[3]<\/strong>.<\/p>\n<p lang=\"es-ES\" style=\"margin-top: 0.21cm; margin-bottom: 0.49cm; background: #ffffff; line-height: 150%;\" align=\"JUSTIFY\">Estas \u201creformas\u201d se reducen a que lo m\u00e1s importante y urgente que tiene que hacer el Estado es liberar recursos, reduciendo dr\u00e1sticamente la inversi\u00f3n p\u00fablica y afectando directamente a derechos fundamentales de las mayor\u00edas, para pagar una deuda ileg\u00edtima. Cambiar las reglas de juego para adaptarlas, a\u00fan m\u00e1s, a la conveniencia del poder econ\u00f3mico y financiero concentrado. Socializar las p\u00e9rdidas, privatizar las ganancias, nacionalizar la deuda del gran capital y \u201crescatar\u201d a la \u00e9lite financiera se han convertido en \u201casuntos de Estado\u201d de m\u00e1xima prioridad.<\/p>\n<p lang=\"es-ES\" style=\"margin-top: 0.21cm; margin-bottom: 0.49cm; background: #ffffff; line-height: 150%;\" align=\"JUSTIFY\">Sin duda, un gran subterfugio en esta embestida neoliberal es la insoportable situaci\u00f3n del (des) empleo. Un ej\u00e9rcito de reserva de m\u00e1s del 25% de la poblaci\u00f3n activa desempleada se convierte en un escenario propicio para que este poder pol\u00edtico-econ\u00f3mico pueda dar pasos, por una parte, en los mantras de la \u201cflexibilizaci\u00f3n\u201d y la \u201ccompetitividad\u201d, que se traducen en la creciente pauperizaci\u00f3n de las condiciones del empleo y de la contrataci\u00f3n, y por otra parte, realizar todo tipo de chantajes a una poblaci\u00f3n cada vez m\u00e1s desesperada, bajo la promesa de acceder en un futuro de incertidumbre creciente a un puesto de trabajo \u201ca cualquier precio y de cualquier calidad\u201d.<\/p>\n<p style=\"margin-top: 0.21cm; margin-bottom: 0.49cm; background: #ffffff; line-height: 150%;\" align=\"JUSTIFY\">Por \u00faltimo, y tambi\u00e9n como parte del recetario para salir de la \u201ccrisis\u201d, en materia medioambiental se est\u00e1 produciendo la relajaci\u00f3n o directamente la eliminaci\u00f3n de la legislaci\u00f3n para la protecci\u00f3n medioambiental <strong>[4]<\/strong>. As\u00ed, a partir de este pretexto se permite un avance sobre las condiciones naturales del territorio que a\u00fan no han sido sobreexplotadas o destruidas con fines de lucro.<\/p>\n<p lang=\"es-ES\" style=\"margin-top: 0.21cm; margin-bottom: 0.49cm; background: #ffffff; line-height: 150%;\" align=\"JUSTIFY\">En definitiva, estas medidas dan v\u00eda libre a una aceleraci\u00f3n de los procesos de acumulaci\u00f3n primaria y de acumulaci\u00f3n por desposesi\u00f3n, que se centran en los sectores m\u00e1s vulnerables de la poblaci\u00f3n, desposey\u00e9ndolos, todav\u00eda m\u00e1s, de sus casas, de sus recursos, de sus entornos naturales y bienes comunes, de sus derechos fundamentales, de sus ahorros, de sus libertades civiles, de sus empleos; y tambi\u00e9n son despose\u00eddos de la posibilidad de elegir qu\u00e9 rumbo quieren para las pol\u00edticas econ\u00f3mica, social y ambiental en el territorio.<\/p>\n<p style=\"margin-top: 0.21cm; margin-bottom: 0.49cm; background: #ffffff; line-height: 150%;\" align=\"JUSTIFY\">En este contexto, el laissez faire selectivo, la prioridad de pagar una deuda ileg\u00edtima, el avance de las tendencias de privatizaci\u00f3n y desregulaci\u00f3n, el aumento sensible de la pobreza y la desigualdad social, la centralidad del mercado en la vida cotidiana, la primac\u00eda de la econom\u00eda sobre la pol\u00edtica, el nivel r\u00e9cord de desempleo, la v\u00eda libre para el deterioro ambiental, el ataque a los bienes comunes o la democracia tutelada por el poder financiero son distintas caras de una misma realidad <strong>[5]<\/strong>.<\/p>\n<p lang=\"es-ES\" style=\"margin-top: 0.21cm; margin-bottom: 0.49cm; background: #ffffff; line-height: 150%;\" align=\"JUSTIFY\">A medida que los efectos de estas pol\u00edticas neoliberales son m\u00e1s evidentes y acuciantes, tambi\u00e9n se hace indudable que las luchas de estos nuevos movimientos sociales y ciudadanos tienen ra\u00edces comunes. Estos colectivos trabajan sobre sus consecuencias, centr\u00e1ndose en determinadas aristas de la problem\u00e1tica; aunque, en \u00faltima instancia, la causa que da sentido a sus luchas parece ser una sola.<\/p>\n<p style=\"margin-top: 0.21cm; margin-bottom: 0.49cm; background: #ffffff; line-height: 150%;\" align=\"JUSTIFY\"><strong>Avanzar en una articulaci\u00f3n estable: razones sobran<\/strong><\/p>\n<p lang=\"es-ES\" style=\"margin-top: 0.21cm; margin-bottom: 0.49cm; background: #ffffff; line-height: 150%;\" align=\"JUSTIFY\">Adem\u00e1s de la concurrencia de una causa nuclear que est\u00e1 movilizando a las nuevas plataformas, existen otros motivos que pueden explicar la necesidad de que se den pasos hacia una articulaci\u00f3n estable. En primer lugar, los grupos se\u00f1alados comparten un diagn\u00f3stico cr\u00edtico de la realidad que va m\u00e1s all\u00e1 del neoliberalismo (al menos parte esencial de \u00e9ste), y asumen en sus discursos que se trata de una problem\u00e1tica de orden sist\u00e9mico. Por lo que, en la mayor parte de los casos, tambi\u00e9n persiguen objetivos comunes, muchos de los cuales tienen ra\u00edces anticapitalistas.<\/p>\n<p lang=\"es-ES\" style=\"margin-top: 0.21cm; margin-bottom: 0.49cm; background: #ffffff; line-height: 150%;\" align=\"JUSTIFY\">Asimismo, la articulaci\u00f3n es una v\u00eda que permitir\u00e1 incrementar la eficacia pol\u00edtica en la acci\u00f3n de las distintas plataformas. La complejidad e interdependencia de este escenario requiere, adem\u00e1s de fuertes respuestas pol\u00edticas parciales y sectorizadas en determinados \u00e1mbitos de la realidad, tambi\u00e9n una respuesta unificada en la que los colectivos hablen con una misma voz.<\/p>\n<p style=\"margin-top: 0.21cm; margin-bottom: 0.49cm; background: #ffffff; line-height: 150%;\" align=\"JUSTIFY\">Otro aspecto central que justifica esta articulaci\u00f3n se relaciona con la necesidad de construir y transmitir una narrativa propia y com\u00fan, que permita desenmascarar las grietas de un relato dominante que, a base de la reproducci\u00f3n hasta el hartazgo, ha logrado interiorizarse en gran parte de la ciudadan\u00eda. Por eso, se trata de estructurar un contrarrelato (compuesto por premisas como que la \u201ccrisis\u201d es una estafa a gran escala y sin precedentes, o la amenaza que suponen estas medidas para las condiciones de vida de las futuras generaciones, entre otras), intentando acercar sus discursos a una mayor\u00eda social en el territorio que, bien por la interiorizaci\u00f3n del tan repetido \u201cno hay alternativa\u201d, bien por el miedo producido por la aplicaci\u00f3n de la \u201cdoctrina del shock\u201d, todav\u00eda no se moviliza. De esta manera, se puede ganar efectividad en hacer una pedagog\u00eda pol\u00edtica, para sensibilizar y aumentar los apoyos y la movilizaci\u00f3n social. Y, principalmente, lograr transmitir la idea de que \u201cs\u00ed hay alternativas\u201d (porque realmente s\u00ed existen alternativas justas, equitativas y sostenibles), a estas pol\u00edticas neoliberales <strong>[6]<\/strong>.<\/p>\n<p lang=\"es-ES\" style=\"margin-top: 0.21cm; margin-bottom: 0.49cm; background: #ffffff; line-height: 150%;\" align=\"JUSTIFY\">Un aspecto muy importante es que las distintas plataformas comparten horizontes deseados en materia econ\u00f3mica, pol\u00edtica, social y medioambiental; apuestan por un modelo m\u00e1s racional, humano y solidario, que ponga a la vida en el centro y a la econom\u00eda al servicio de la vida. En definitiva, estos colectivos sociales aspiran a un nuevo proyecto de sociedad fuera de las l\u00f3gicas del crecimiento, individualismo, consumismo, la competencia y el \u201cs\u00e1lvese quien pueda\u201d.<\/p>\n<p lang=\"es-ES\" style=\"margin-top: 0.21cm; margin-bottom: 0.49cm; background: #ffffff; line-height: 150%;\" align=\"JUSTIFY\">Se trata de que estas plataformas comiencen a transitar un camino de apoyo mutuo, de ajuste de las agendas de trabajo, de construcci\u00f3n de sinergias, y de planificaci\u00f3n y realizaci\u00f3n conjunta de actuaciones de denuncia, de movilizaci\u00f3n y de comunicaci\u00f3n externa. Un camino que permita el ensamblaje de un sujeto pol\u00edtico, un cauce unificado para la participaci\u00f3n ciudadana y un actor integrador en la resistencia social.<\/p>\n<p lang=\"es-ES\" style=\"margin-top: 0.21cm; margin-bottom: 0.49cm; background: #ffffff; line-height: 150%;\" align=\"JUSTIFY\">En el marco de una p\u00e9rdida creciente de legitimidad y credibilidad de esta democracia representativa cooptada por el poder econ\u00f3mico y financiero, la organizaci\u00f3n ciudadana y la participaci\u00f3n social (a trav\u00e9s de nuevos y preexistentes cauces, formas de organizaci\u00f3n y de protesta) parece ser un camino necesario para la construcci\u00f3n de una democracia real, participativa y radical, en la que las mayor\u00edas logren reapropiarse de la toma de decisiones que rigen sus vidas.<\/p>\n<p lang=\"es-ES\" style=\"margin-top: 0.21cm; margin-bottom: 0.49cm; background: #ffffff; line-height: 150%;\" align=\"JUSTIFY\">Los efectos socioambientales de la aplicaci\u00f3n del recetario de la Troika son de sobra conocidos, y no dejan lugar a dudas: basta con mirar un poco atr\u00e1s en el tiempo y hacia otros territorios del planeta para ver que lo que sucede en el Estado espa\u00f1ol es una consecuencia necesaria de estas pol\u00edticas, y los efectos negativos de este rumbo consumado (pero que no formaba parte de ninguna propuesta program\u00e1tica en las \u00faltimas elecciones generales) no han hecho m\u00e1s que comenzar a visibilizarse, aunque lo m\u00e1s grave a\u00fan est\u00e1 por venir. La historia de los impactos de las pol\u00edticas neoliberales implementadas desde los a\u00f1os 70 se puede contar y leer de mil maneras, pero no se puede reescribir.<\/p>\n<p style=\"margin-top: 0.21cm; margin-bottom: 0.49cm; background: #ffffff; line-height: 150%;\" align=\"JUSTIFY\"><strong>Andando el camino<\/strong><\/p>\n<p lang=\"es-ES\" style=\"margin-top: 0.21cm; margin-bottom: 0.49cm; background: #ffffff; line-height: 150%;\" align=\"JUSTIFY\">En esta direcci\u00f3n, varias de las plataformas ciudadanas que est\u00e1n trabajando en el Estado espa\u00f1ol han decidido recientemente intentar sumar fuerzas para la creaci\u00f3n de un espacio com\u00fan. Desde octubre de 2012 se est\u00e1 constituyendo un incipiente espacio interplataformas, precisamente para compartir trabajo, intercambiar informaci\u00f3n y experiencias, construir sinergias e integrar y potenciar su comunicaci\u00f3n.<\/p>\n<p lang=\"es-ES\" style=\"margin-top: 0.21cm; margin-bottom: 0.49cm; background: #ffffff; line-height: 150%;\" align=\"JUSTIFY\">Precisamente, la acci\u00f3n pol\u00edtica com\u00fan de estos colectivos persigue denunciar, por una parte, la creciente conculcaci\u00f3n de libertades fundamentales y de derechos sociales, econ\u00f3micos, culturales o pol\u00edticos. Por otra parte, busca impulsar la movilizaci\u00f3n social que permita conquistar de forma colectiva el reconocimiento de tales libertades y derechos. Asimismo, se plantea una coordinaci\u00f3n para la construcci\u00f3n de redes y acciones estructuradas, a la vez que se busca exigir a las Administraciones del Estado que rectifiquen de forma inmediata el rumbo de unas pol\u00edticas p\u00fablicas al servicio de los intereses del poder financiero, y de espaldas a los intereses de las mayor\u00edas, que no hacen m\u00e1s que deteriorar la vida de las personas y los entornos naturales, amenazando las posibilidades de desarrollo y la calidad de vida de las generaciones venideras.<\/p>\n<p lang=\"es-ES\" style=\"margin-top: 0.21cm; margin-bottom: 0.49cm; background: #ffffff; line-height: 150%;\" align=\"JUSTIFY\">Cuando el ataque es sist\u00e9mico, en lugar de tomar la parte por el todo, se hace imprescindible construir esta articulaci\u00f3n para esa lucha por el \u201ctodo\u201d, que permita tambi\u00e9n ganar eficacia, potenciar y profundizar la disputa por las \u201cpartes\u201d.<\/p>\n<p lang=\"es-ES\" style=\"margin-top: 0.21cm; margin-bottom: 0.49cm; background: #ffffff; line-height: 150%;\" align=\"JUSTIFY\">Estos avances hacia una articulaci\u00f3n de la base en la Espa\u00f1a neoliberal tambi\u00e9n es muestra de una sociedad cada vez m\u00e1s activa y movilizada que quiere dejar de ser testigo directo de las actitudes serviles de sus \u201crepresentantes\u201d ante el poder econ\u00f3mico y financiero, y tambi\u00e9n dejar de ser v\u00edctima pasiva del salto al vac\u00edo.<\/p>\n<p lang=\"es-ES\" style=\"margin-top: 0.21cm; margin-bottom: 0.49cm; background: #ffffff; line-height: 150%;\" align=\"JUSTIFY\">Ante la puesta a disposici\u00f3n de las vidas de las personas y las condiciones de los territorios para beneficiar a una \u00e9lite que se reparte los cada vez m\u00e1s escasos recursos, grupos sociopol\u00edticos cada vez menos minoritarios (que asumen su condici\u00f3n de v\u00edctimas o deciden su solidaridad con las v\u00edctimas), comparten la indignaci\u00f3n y el horizonte de una transformaci\u00f3n. Y eso, necesariamente, los une y los obliga a trabajar conjuntamente.<\/p>\n<p style=\"margin-top: 0.21cm; margin-bottom: 0.49cm; background: #ffffff; line-height: 150%;\" align=\"JUSTIFY\"><strong>Notas:<\/strong><\/p>\n<p style=\"margin-top: 0.21cm; margin-bottom: 0.49cm; background: #ffffff; line-height: 150%;\" align=\"JUSTIFY\">[1] Para m\u00e1s informaci\u00f3n, ver <u><a href=\"http:\/\/www.albasud.org\/blog\/es\/339\/parc-agrari-del-baix-llobregat-un-futuro-de-casinos-o-campesinos\"><b>Parc Agrari del Baix Llobregat, un futuro de casinos o campesinos<\/b><\/a><\/u> y <u><a href=\"http:\/\/www.albasud.org\/blog\/es\/342\/eurobarcevegas-barcelona-world-o-la-falacia-del-mal-menor\"><b>Eurobarcevegas, Barcelona World o la falacia del mal menor<\/b><\/a><\/u>.<\/p>\n<p style=\"margin-top: 0.21cm; margin-bottom: 0.49cm; background: #ffffff; line-height: 150%;\" align=\"JUSTIFY\">[2] Para m\u00e1s informaci\u00f3n sobre la cr\u00edtica contra Eurovegas y el activismo para detener su puesta en marcha, ver: <u><a href=\"http:\/\/www.albasud.org\/blog\/es\/340\/eurovegas-o-las-postales-de-una-crisis\"><b>Eurovegas o las postales de una crisis<\/b><\/a><\/u>, publicado en Alba Sud.<\/p>\n<p style=\"margin-top: 0.21cm; margin-bottom: 0.49cm; background: #ffffff; line-height: 150%;\" align=\"JUSTIFY\">[3] Ante la acometida de pol\u00edticas de fuertes ajustes en Inglaterra a principios de los 80, la entonces Primera Ministra inglesa repet\u00eda en cada una de sus apariciones p\u00fablicas la frase \u201cno hay alternativa. A tal punto que termin\u00f3 por usarse el acr\u00f3nimo TINA (There Is No Alternative) para resumir la frase tan trillada de esta pol\u00edtica.<\/p>\n<p style=\"margin-top: 0.21cm; margin-bottom: 0.49cm; background: #ffffff; line-height: 150%;\" align=\"JUSTIFY\">[4] Para m\u00e1s informaci\u00f3n, ver <u><a href=\"http:\/\/www.albasud.org\/blog\/es\/325\/el-ultimo-y-peor-temporal-conocido\"><b>El \u00faltimo y peor temporal conocido<\/b><\/a><\/u><\/p>\n<p style=\"margin-top: 0.21cm; margin-bottom: 0.49cm; background: #ffffff; line-height: 150%;\" align=\"JUSTIFY\">[5] Para m\u00e1s informaci\u00f3n, ver <u><a href=\"http:\/\/www.albasud.org\/blog\/es\/350\/democracia-tutelada-y-reapropiaci-n-de-la-pol-tica\"><b>Democracia tutelada y reapropiaci\u00f3n de la pol\u00edtica<\/b><\/a><\/u>, publicado recientemente en Alba Sud.<\/p>\n<p style=\"margin-top: 0.21cm; margin-bottom: 0.49cm; background: #ffffff; line-height: 150%;\" align=\"JUSTIFY\">[6] Una iniciativa que va en esta direcci\u00f3n es la campa\u00f1a <a href=\"http:\/\/desmontandomentiras.tomalaplaza.net\/\">Desmontando mentiras<\/a>, una iniciativa colaborativa en la que movimientos y organizaciones sociales trabajan en la deconstrucci\u00f3n de algunas de las ideas nucleares que componen el pensamiento \u00fanico.<\/p>\n<p style=\"margin-top: 0.21cm; margin-bottom: 0.49cm; background: #ffffff; line-height: 150%; widows: 2; orphans: 2;\" align=\"JUSTIFY\"><i>Publicado en Alba Sud: http:\/\/www.albasud.org\/blog\/es\/362\/articulaci-n-en-la-base-una-necesidad-pol-tica-en-la-espa-a-neoliberal#.UL51XOg1_zc.facebook<\/i><\/p>\n","protected":false},"excerpt":{"rendered":"<p><p style='margin-top: 0.21cm; margin-bottom: 0.49cm; background: #ffffff; line-height: 150%;' align='JUSTIFY'>Desde 2011, y espoleados por las movilizaciones del 15-M, nacieron en todo el territorio del Estado espa\u00f1ol decenas de colectivos y plataformas ciudadanas. Su articulaci\u00f3n por la base es una necesidad urgente y una posibilidad real.<\/p><\/p>\n","protected":false},"author":9,"featured_media":2083,"comment_status":"open","ping_status":"open","sticky":false,"template":"","format":"standard","meta":{"footnotes":""},"categories":[13],"tags":[],"class_list":["post-2082","post","type-post","status-publish","format-standard","has-post-thumbnail","hentry","category-la-izquierda-a-debate"],"aioseo_notices":[],"_links":{"self":[{"href":"https:\/\/espai-marx.net\/index.php?rest_route=\/wp\/v2\/posts\/2082","targetHints":{"allow":["GET"]}}],"collection":[{"href":"https:\/\/espai-marx.net\/index.php?rest_route=\/wp\/v2\/posts"}],"about":[{"href":"https:\/\/espai-marx.net\/index.php?rest_route=\/wp\/v2\/types\/post"}],"author":[{"embeddable":true,"href":"https:\/\/espai-marx.net\/index.php?rest_route=\/wp\/v2\/users\/9"}],"replies":[{"embeddable":true,"href":"https:\/\/espai-marx.net\/index.php?rest_route=%2Fwp%2Fv2%2Fcomments&post=2082"}],"version-history":[{"count":0,"href":"https:\/\/espai-marx.net\/index.php?rest_route=\/wp\/v2\/posts\/2082\/revisions"}],"wp:featuredmedia":[{"embeddable":true,"href":"https:\/\/espai-marx.net\/index.php?rest_route=\/wp\/v2\/media\/2083"}],"wp:attachment":[{"href":"https:\/\/espai-marx.net\/index.php?rest_route=%2Fwp%2Fv2%2Fmedia&parent=2082"}],"wp:term":[{"taxonomy":"category","embeddable":true,"href":"https:\/\/espai-marx.net\/index.php?rest_route=%2Fwp%2Fv2%2Fcategories&post=2082"},{"taxonomy":"post_tag","embeddable":true,"href":"https:\/\/espai-marx.net\/index.php?rest_route=%2Fwp%2Fv2%2Ftags&post=2082"}],"curies":[{"name":"wp","href":"https:\/\/api.w.org\/{rel}","templated":true}]}}