{"id":2168,"date":"2013-03-17T00:00:00","date_gmt":"2013-03-17T00:00:00","guid":{"rendered":"https:\/\/espai-marx.net\/?p=2168"},"modified":"2020-02-20T10:43:17","modified_gmt":"2020-02-20T09:43:17","slug":"pequena-sociologia-politica-del-estado-espanol","status":"publish","type":"post","link":"https:\/\/espai-marx.net\/?p=2168","title":{"rendered":"Peque\u00f1a sociolog\u00eda pol\u00edtica del Estado espa\u00f1ol"},"content":{"rendered":"<p style=\"margin-top: 0.2cm; margin-bottom: 0cm; line-height: 150%;\" align=\"JUSTIFY\">No hay ninguna posibilidad de transformaci\u00f3n social si no se tiene una visi\u00f3n, aunque sea rudimentaria, de la sociedad que se quiere cambiar, de los grupos y de las clases que la pueblan. No es suficiente con aplicar directamente categor\u00edas abstractas \u2013por ejemplo las desnudas categor\u00edas econ\u00f3micas- a la realidad contempor\u00e1nea de un pa\u00eds o de una regi\u00f3n. El material con el que opera la pol\u00edtica es la realidad <b>emp\u00edrica <\/b>y en ella coexisten factores estructurales poco visibles, como los econ\u00f3micos, con factores m\u00e1s evidentes y cambiantes como los modelos culturales, las formas de vida de las personas y las familias etc.. Ambos, los elementos m\u00e1s generales y los aspectos m\u00e1s particulares de la vida cotidiana, son los que luego provocan los, a veces, bastante enigm\u00e1ticos comportamientos y actitudes pol\u00edticas.<\/p>\n<p style=\"margin-top: 0.2cm; margin-bottom: 0cm; line-height: 150%;\" align=\"JUSTIFY\">Lo que sigue es un primer esbozo de los grupos y clases sociales que configuran la sociedad espa\u00f1ola tras quince a\u00f1os de capitalismo inmobiliarios, aquel que ahora se desploma de forma incontrolable. Ninguno de estos grupos son realmente compactos y uniformes, aunque algunos lo sean m\u00e1s que otros. Los cambios sociales provocan continuamente fracturas en su composici\u00f3n interna produciendo disidencias pero tambi\u00e9n creando fidelidades que antes no se daban, crecimientos y menguas de sus miembros. Las formas de acumulaci\u00f3n de capital, que cambian con cierta frecuencia, empujan a unos hacia la insignificancia al tiempo que multiplican el poder social, -el poder econ\u00f3mico, cultural, el poder simb\u00f3lico y social- de otros. Bajo todos ellos rugen las grandes tensiones del capitalismo, sobre todo la contracci\u00f3n entre capital y trabajo pero tambi\u00e9n las rivalidades y afinidades entre las diferentes fracciones del capital que hay que tener muy presentes: entre el capital productivo y el capital financiero o incluso entre las diferentes fracciones del capital productivo como es el orientado al consumo interno y aquel otro orientado a la exportaci\u00f3n Cuanta mayor sea la capacidad de un proyecto pol\u00edtico de explorar estas diferencias, anticiparse a ellas y encontrar respuestas a dichas fracturas, de hacerse con una imagen viva y real de todos estos grupos, mejor podr\u00e1 ejercer su hegemon\u00eda pol\u00edtica.<\/p>\n<p style=\"margin-top: 0.2cm; margin-bottom: 0cm; line-height: 150%;\" align=\"JUSTIFY\">\n<p style=\"margin-top: 0.2cm; margin-bottom: 0cm; font-style: normal; line-height: 150%;\" align=\"JUSTIFY\"><b>Las \u00e9lites hispanas<\/b><\/p>\n<p style=\"margin-top: 0.2cm; margin-bottom: 0cm; line-height: 150%;\" align=\"JUSTIFY\">Tienen una particularidad que no se da en la mayor\u00eda de los pa\u00edses europeos, aunque s\u00ed en muchas naciones latinoamericanas: la alta burgues\u00eda patrimonial, los que viven sin trabajar realmente, y la alta burgues\u00eda funcional, los que toman las grandes decisiones empresariales y pol\u00edticas, no han dejado nunca de estar fundidas. Esta fusi\u00f3n era la normalidad en todos los pa\u00edses capitalistas europeos antes de la Segunda Guerra Mundial, aunque no en los Estados Unidos. Los due\u00f1os de los paquetes mayoritarios de acciones de las empresas importantes, las grandes familias ten\u00edan a\u00fan reminiscencias tardose\u00f1oriales hasta que fueron sustituidas por una nueva clase sin tantas propiedades pero con competencias t\u00e9cnicas que pasaron a controlar las grandes sociedades an\u00f3nimas: la llamada \u201ctecnoestructura\u201d. La contrarrevoluci\u00f3n neoliberal y el surgimiento de nuevos sectores econ\u00f3micos volvi\u00f3 a unificar a propietarios y gestores: grandes millonarios implicados en el control de grandes empresas como Bill Gates. Pero en Espa\u00f1a nunca se vivi\u00f3 un desdoblamiento similar y la temprana llegada del neoliberalismo hacia 1985 reforz\u00f3 el poder de las grandes familias sobre todo de banqueros y promotores inmobiliarios, familias que nunca hab\u00edan dejado de controlar una parte sustancial de las grandes sociedades an\u00f3nimas del pa\u00eds: los Bot\u00edn sin el ejemplo m\u00e1s claro aunque no el \u00fanico. Son la clase en la que se asent\u00f3 la transici\u00f3n no rupturista pilotada por el Rey y Adolfo Su\u00e1rez, junto a los aparatos del Estado del r\u00e9gimen y los caciques locales.<\/p>\n<p style=\"margin-top: 0.2cm; margin-bottom: 0cm; line-height: 150%;\" align=\"JUSTIFY\">\n<p style=\"margin-top: 0.2cm; margin-bottom: 0cm; font-style: normal; line-height: 150%;\" align=\"JUSTIFY\"><b>Los asalariados vinculados al ladrillo y la playa<\/b><\/p>\n<p style=\"margin-top: 0.2cm; margin-bottom: 0cm; line-height: 150%;\" align=\"JUSTIFY\">En la costa se ha venido configurando desde los a\u00f1os sesenta una clase trabajadora vinculada a la construcci\u00f3n y el turismo. Procede en buena parte del interior de Castilla La Mancha y Andaluc\u00eda y ha votado tradicionalmente al centro-izquierda. Sus miembros tienen en com\u00fan que han convivido desde siempre con la temporalidad pues ambos sectores son esencialmente estacionales y se complementan en el tiempo. Trabajan de forma estacional en la agricultura familiar de la segunda l\u00ednea de playa cuando proceden de las comarcas mediterr\u00e1neas, o en la de sus regiones andaluzas de origen. El comunismo familiar \u2013cada cual seg\u00fan sus necesidades y no seg\u00fan su aportaci\u00f3n individual- es esencial para mantener sus econom\u00edas dom\u00e9sticas pues s\u00f3lo as\u00ed pueden hacer frente a dicha temporalidad, la m\u00e1s alta de todo el Estado despu\u00e9s de la que se da en la agricultura temporera. Esta situaci\u00f3n ha retrasado desde hace d\u00e9cadas la edad de emancipaci\u00f3n de los j\u00f3venes que conviven con sus padres con normalidad. Las condiciones de trabajo no tienen mucho que ver con las que se viven en las empresas industriales, el cliente final es muchas veces un turista que viene a descansar y divertirse, y la carga de trabajo puede ser enorme en unos meses para relajarse luego en la temporada de invierto. La intermitencia laboral no es vivida, por tanto, como un drama sino m\u00e1s bien todo lo contrario, como una interrupci\u00f3n saludable de prolongados per\u00edodos de sobreexplotaci\u00f3n.<\/p>\n<p style=\"margin-top: 0.2cm; margin-bottom: 0cm; line-height: 150%;\" align=\"JUSTIFY\">\n<p style=\"margin-top: 0.2cm; margin-bottom: 0cm; font-style: normal; line-height: 150%;\" align=\"JUSTIFY\"><b>Trabajadores de grandes empresas fordistas<\/b><\/p>\n<p style=\"margin-top: 0.2cm; margin-bottom: 0cm; line-height: 150%;\" align=\"JUSTIFY\">Son los asalariados cl\u00e1sicos de las grandes plantas industriales (autom\u00f3vil, qu\u00edmicas, astilleros etc.), los centros terciarios privados (bancos, aseguradoras) y p\u00fablicas (administraciones). Sus condiciones de trabajo est\u00e1n comparativamente bien reglamentadas en convenios colectivos, contratos temporales, horarios regulares y en una geograf\u00eda laboral estable. La izquierda y los sindicatos de clase siguen teniendo en este colectivo un apoyo m\u00e1s que proporcional. Protagoniz\u00f3 las movilizaciones decisivas contra el franquismo, pero siempre ha habido diferencias ideol\u00f3gicas importantes entre sus diferentes sub- grupos: los funcionarios se dividen entre un grupo que abraza valores conservadores herederos del continuismo institucional del R\u00e9gimen de Franco y aquellos incorporados en los a\u00f1os ochenta y noventa \u2013aqu\u00ed sobre todo mujeres- que tienden a votar al centro-izquierda o la izquierda; los trabajadores terciarios del sector de la banca que, por sus salarios y sus condiciones laborales privilegiadas pagados con las plusval\u00edas de la banca m\u00e1s rentable del mundo, son una especie de \u201caristocracia obrera\u201d espa\u00f1ola etc.. Este colectivo, no ha disminuido sino que ha crecido, si bien tiende a dispersarse en el espacio como es el caso de las centros de oficinas construidas en la periferia de las grandes ciudades. Sigue siendo fundamental para la izquierda. Por su nivel de organizaci\u00f3n comparativamente elevado, porque vive dentro de una relaci\u00f3n cl\u00e1sica capital-trabajo en el caso de las empresas privadas, y porque, como es el caso sobre todo de los empleados p\u00fablicos, tiene una visi\u00f3n \u201cde pa\u00eds\u201d. Muchos de los vinculados a las administraciones p\u00fablicas, han votado a Rosa D\u00edaz en las \u00faltimas elecciones.<\/p>\n<p style=\"margin-top: 0.2cm; margin-bottom: 0cm; line-height: 150%;\" align=\"JUSTIFY\">\n<p style=\"margin-top: 0.2cm; margin-bottom: 0cm; font-style: normal; line-height: 150%;\" align=\"JUSTIFY\"><b>Los profesionales urbanos<\/b><\/p>\n<p style=\"margin-top: 0.2cm; margin-bottom: 0cm; line-height: 150%;\" align=\"JUSTIFY\">Son los que venden ideas, conocimientos, creatividad antes que manos y operaciones repetitivas. Est\u00e1s muy concentrados en las (grandes) ciudades aunque en todas, por peque\u00f1as que sean, hay abogados, m\u00e9dicos, profesores de secundaria o t\u00e9cnicos superiores vinculados a una (gran) empresa. En este grupo tambi\u00e9n est\u00e1n incluidos los creadores \u201cpuros\u201d: periodistas, artistas, actores, escritores: unos 150.000 censados. La mayor\u00eda de estos \u00faltimos no tienen trabajo fijo y no viven en la abundancia, pero disponen de recursos sociales importantes \u2013relaciones, conexiones, amistades- que les colocan en lugares estrat\u00e9gicos de la sociedad. Naturalmente hay diferencias entre ellos: los profesionales con un despacho profesional de renombre tienen un estatus social muy distinto a los peque\u00f1os abogados de provincias o barriadas o los fisioterapeutas con gabinete propio, los profesionales vinculados a una multinacional tienen formas muy distintas de ver el mundo que los \u2013altos- cargos de la administraci\u00f3n local o estatal. Pero su posicionamiento ideol\u00f3gico tambi\u00e9n es vital para la izquierda. En los a\u00f1os setenta se acercaron a las clases populares \u2013las \u201cfuerzas del trabajo y de la cultura\u201d-, hoy se alejan de ellas por diferentes razones provocando una p\u00e9rdida de hegemon\u00eda de la izquierda.<\/p>\n<p style=\"margin-top: 0.2cm; margin-bottom: 0cm; line-height: 150%;\" align=\"JUSTIFY\">\n<p style=\"margin-top: 0.2cm; margin-bottom: 0cm; font-style: normal; line-height: 150%;\" align=\"JUSTIFY\"><b>Las \u201cclases intermedias\u201d desvinculadas del Estado<\/b><\/p>\n<p style=\"margin-top: 0.2cm; margin-bottom: 0cm; line-height: 150%;\" align=\"JUSTIFY\">Son los asalariados y peque\u00f1os empresarios vinculadas a aquellas empresas que apenas sufrieron cambios durante la Guerra Civil y que se concentran en Guipuzcoa, el interior de Vizcaya \u2013no en la margen izquierda- y el norte de las provincias pirenaicas catalanas as\u00ed como en ciertas manchas en el interior de la Comunidad Valenciana, de las islas etc.. Es un tejido muy vinculado al territorio y a su gesti\u00f3n, con niveles de renta media bastante elevados y menos diferencias sociales, donde el conflicto entre capital y trabajo queda suavizado y est\u00e1 mediatizado por el conflicto nacional o la cultura local, que son muy fuertes. A diferencia del resto del Estado no dependieron del desarrollismo franquista para consolidar su tejido social e institucional lo cual les ha alejado y sigue alejando de Madrid. El proyecto no rupturista de la transici\u00f3n fracas\u00f3 en su intento de incorporarlos a la nueva andadura constitucional. En proyecto de refundaci\u00f3n republicana del Estado podr\u00eda desvincular a muchos de ellos del nacionalismo y aproximarlos a la izquierda.<\/p>\n<p style=\"margin-top: 0.2cm; margin-bottom: 0cm; line-height: 150%;\" align=\"JUSTIFY\">\n<p style=\"margin-top: 0.2cm; margin-bottom: 0cm; font-style: normal; line-height: 150%;\" align=\"JUSTIFY\"><b>Los aut\u00f3nomos<\/b><\/p>\n<p style=\"margin-top: 0.2cm; margin-bottom: 0cm; line-height: 150%;\" align=\"JUSTIFY\">Son hacia el 20% de toda la poblaci\u00f3n activa. Se pueden dividir en tres grandes grupos: los aut\u00f3nomos tradicionales (peque\u00f1o comercio, peluqueros, quiosqueros, peque\u00f1os talleres etc.), los aut\u00f3nomos dependientes o \u201cfalsos aut\u00f3nomos\u201d que pr\u00e1cticamente trabajan para un sola empresa y, por tanto, son aut\u00f3nomos s\u00f3lo en la forma, y los \u201cnuevos aut\u00f3nomos\u201d vinculados al ladrillo y que realizan trabajo de instalaciones, montajes, fontaner\u00eda etc. Tienen las jornadas de trabajo m\u00e1s largas del pa\u00eds y la ayuda familiar es fundamental para su subsistencia -la mayor\u00eda est\u00e1n casados- aunque las relaciones de g\u00e9nero son altamente asim\u00e9tricas. El primero tiende a ser conservador, el segundo est\u00e1 compuesto por viejos obreros forzados a hacerse aut\u00f3nomos, el tercero pas\u00f3 del desempleo al capitalismo inmobiliario y apoya incondicionalmente al Partido Popular, versi\u00f3n modernizadora. Su hundimiento, especialmente en las provincias donde m\u00e1s lejos a llegado el capitalismo inmobiliario (Alicante, M\u00e1laga, Almer\u00eda) es un hecho al que habr\u00eda que estar muy pendientes. Odian a los bancos que les ofrecen bajas remuneraciones por sus ahorros y les piden altos tipo de inter\u00e9s por sus cr\u00e9ditos. La nacionalizaci\u00f3n de la banca podr\u00eda hacerles cambiar de bando antes de lo que se piensa.<\/p>\n<p style=\"margin-top: 0.2cm; margin-bottom: 0cm; font-style: normal; font-weight: normal; line-height: 150%;\" align=\"JUSTIFY\">Nota tras las elecciones andaluzas de 2012: la erosi\u00f3n del apoyo al Partido Popular en Almer\u00eda y sobre todo M\u00e1laga se debe a la erosi\u00f3n de este partido de fidelizar a estos grupos sociales que resultaron decisivos para el cambio de ciclo pol\u00edtico en 1996.<\/p>\n<p style=\"margin-top: 0.2cm; margin-bottom: 0cm; line-height: 150%;\" align=\"JUSTIFY\">\n<p style=\"margin-top: 0.2cm; margin-bottom: 0cm; font-style: normal; line-height: 150%;\" align=\"JUSTIFY\"><b>Los asalariados y (empresarios) de las PYMES<\/b><\/p>\n<p style=\"margin-top: 0.2cm; margin-bottom: 0cm; line-height: 150%;\" align=\"JUSTIFY\">Son la mayor\u00eda de los asalariados y muchos empresarios son viejos asalariados por lo que conviene no separarlos anal\u00edticamente. Est\u00e1n repartidos por toda la geograf\u00eda aunque las PYMES se pueden dividir en dos grandes grupos: las sociedades an\u00f3nimas (empresas profesionalizadas, muchas compradas por capital extranjero y con gestores que nada o poco tienen que ver con la propiedad) y PYMES familiares, que son la mayor\u00eda, con relaciones de tipo m\u00e1s tradicional utilizadas como fuente de empleo para parientes y amigos poco productivos. Estas \u00faltimas son otro basti\u00f3n de la derecha, si bien muchas empresas familiares profesionalizadas \u2013como las que forman parte del mundo de las clases \u201cintermedias\u201d desvinculadas del Estado- tienen mucho inter\u00e9s para la izquierda pues resultar\u00edan decisivas para una futura reconversi\u00f3n sectorial y empresarial. El nivel de organizaci\u00f3n sindical de sus asalariados es muy bajo, especialmente en el segundo grupo.<\/p>\n<p style=\"margin-top: 0.2cm; margin-bottom: 0cm; line-height: 150%;\" align=\"JUSTIFY\">\n<p style=\"margin-top: 0.2cm; margin-bottom: 0cm; font-style: normal; line-height: 150%;\" align=\"JUSTIFY\"><b>Los aut\u00f3nomos rurales<\/b><\/p>\n<p style=\"margin-top: 0.2cm; margin-bottom: 0cm; line-height: 150%;\" align=\"JUSTIFY\">Ahora ya no son muchos (unas 200.000 familias) y casi todos viven en la Espa\u00f1a h\u00fameda no industrializada (norte de Castilla-Le\u00f3n, Galicia, Asturias y Cantabria). Son el basti\u00f3n hist\u00f3rico de la cruzada de Franco y est\u00e1n fuertemente representados pol\u00edticamente debido al sistema electoral impuesto por las fuerzas postfranquistas y que no ha sido modificado despu\u00e9s. El propio Adolfo Su\u00e1rez procede de este ambiente y su poder en los a\u00f1os decisivos de la transici\u00f3n se debe a su capacidad de pilotar su conversi\u00f3n ideol\u00f3gica a trav\u00e9s de la instituci\u00f3n franquista del Movimiento, de la que era el m\u00e1ximo responsable. Son familias que viven dispersas, est\u00e1n muy poco interesadas por la pol\u00edtica, son mucho m\u00e1s clericales que el resto del pa\u00eds y muy recelosas de los profesionales urbanos en busca de parajes lo m\u00e1s rec\u00f3nditos y ecol\u00f3gicos posible. Son los grandes olvidados tanto de la modernizaci\u00f3n franquista como la de los ochenta inspirada por las pol\u00edticas de la Uni\u00f3n Europea, pero el capitalismo inmobiliario les ha permitido ahora hacer negocios vendiendo terrenos sin valor econ\u00f3mico ninguno a promotores locales o estatales que les han ofrecido una fortuna. La Pol\u00edtica Agracia Com\u00fan de la Uni\u00f3n Europea les ha hecho mucho da\u00f1o aunque los que quedan subsisten gracias a sus ayudas. Un modelo agr\u00edcola basado en espacios locales de suficiencia alimentaria podr\u00eda darles un nuevo protagonismo. Son bastante pragm\u00e1ticos de forma que la izquierda no deber\u00eda darles por perdidos.<\/p>\n<p style=\"margin-top: 0.2cm; margin-bottom: 0cm; line-height: 150%;\" align=\"JUSTIFY\">\n<p style=\"margin-top: 0.2cm; margin-bottom: 0cm; font-style: normal; line-height: 150%;\" align=\"JUSTIFY\"><b>Los trabajadores agr\u00edcolas<\/b><\/p>\n<p style=\"margin-top: 0.2cm; margin-bottom: 0cm; line-height: 150%;\" align=\"JUSTIFY\">S\u00f3lo quedan unos 300.000 censados \u2013la mitad inmigrantes- pero dada la enorme irregularidad que reina en estos ambientes, probablemente haya el doble de personas vinculadas de una forma o de otra al trabajo agr\u00edcola asalariados. Su geograf\u00eda es la vieja geograf\u00eda del latifundio \u2013sobre todo el l\u00edmite entre Castilla-La Mancha, Andaluc\u00eda y Extremadura- a la que habr\u00eda que sumar la de la agricultura intensiva del pl\u00e1stico \u2013comarcas de Almer\u00eda, Murcia y Huelva preferentemente, adem\u00e1s de otras zonas como la rivera de Navarra-. Es la geograf\u00eda de la mayor temporalidad del Estado, de la menor renta per c\u00e1pita, con el \u00edndice de analfabetismo y la tasa de natalidad m\u00e1s elevados. Los a\u00f1os del capataz ya han pasado a la historia y el plan de empleo rural ha dignificado las condiciones de vida de muchos de ellos. Pero no as\u00ed las de los trabajadores inmigrantes del pl\u00e1stico de Almer\u00eda donde reinan condiciones similares a las del capitalismo manchesteriano. La izquierda ha conseguido mantener bastiones electoral en su geograf\u00eda, especialmente en aquellas comarcas donde se combina el gran latifundio con la peque\u00f1a propiedad agraria (comarcas de Moriles, Carmona, Castro del R\u00edo, Chiclana etc.).<\/p>\n<p style=\"margin-top: 0.2cm; margin-bottom: 0cm; font-weight: normal; line-height: 150%;\" align=\"JUSTIFY\">\n<p style=\"margin-top: 0.2cm; margin-bottom: 0cm; font-style: normal; line-height: 150%;\" align=\"JUSTIFY\"><b>Los emigrantes<\/b><\/p>\n<p style=\"margin-top: 0.2cm; margin-bottom: 0cm; line-height: 150%;\" align=\"JUSTIFY\">Sus formas de vida y de trabajo son muy variadas dependiendo del grupo o r\u00e9gimen al que pertenezcan: la mujer ecuatoriana de clase media que cuida a una se\u00f1ora de la burgues\u00eda madrile\u00f1a ciertamente tiene poco que ver con el emigrante sin papeles sobreexplotado hasta el suicidio en el Ejido. Pero todos ellos tienen una cosa en com\u00fan: son esenciales para la reproducci\u00f3n econ\u00f3mica y social del pa\u00eds a pesar de lo cual no tienen derechos pol\u00edticos o los tienen muy recortados. La emigraci\u00f3n procedente del Este de Europa vota opciones conservadoras, la procedente de Am\u00e9rica Latina es m\u00e1s de izquierdas. Esto explica que los partidos de centro apoyen su derecho al voto municipal para as\u00ed ganar apoyos electorales. Son los principales perdedores de la crisis y muchos espa\u00f1oles est\u00e1n desplaz\u00e1ndolos de los trabajos que ven\u00edan siendo menos lucrativos como el trabajo agr\u00edcola o los trabajo menos valorados en las PYMES. La izquierda deber\u00eda apostar por acercarse m\u00e1s a ellos, a sus redes de socializaci\u00f3n, a su cotidianidad.<\/p>\n<p style=\"margin-top: 0.2cm; margin-bottom: 0cm; line-height: 150%;\" align=\"JUSTIFY\">\n<p style=\"margin-top: 0.2cm; margin-bottom: 0cm; font-style: normal; line-height: 150%;\" align=\"JUSTIFY\"><b>Los excluidos<\/b><\/p>\n<p style=\"margin-top: 0.2cm; margin-bottom: 0cm; line-height: 150%;\" align=\"JUSTIFY\">Es el grupo de los que no cuentan, ni pol\u00edtica ni tampoco econ\u00f3micamente. Son aquellos cuyo horizonte vital consiste en levantarse por la ma\u00f1ana, conseguir comida, superar problemas de movilidad o combatir una enfermedad cr\u00f3nica. Mendigos, poblaci\u00f3n carcelaria con largas condenas, mayores abandonados a su suerte, madres solteras sin ayuda, drogodependientes etc. Estas completamente alejados de la pol\u00edtica y son m\u00e1s bien aliados de la derecha y de su cultura de las limosnas y la caridad. Siempre han existido pero las crisis como las actuales los tiende a multiplicar. Son las principales v\u00edctimas de la ausencia de servicios de bienestar y muchos compiten por recursos escasos con los emigrantes a los que se la tienen jugada. Su \u00abindividualismo negativo\u00bb (R. Castel) exaspera a muchos izquierdistas que no acaban de entender la complejidad de la pol\u00edtica.<\/p>\n<p style=\"margin-top: 0.2cm; margin-bottom: 0cm; line-height: 150%;\" align=\"JUSTIFY\">\n<p style=\"margin-top: 0.2cm; margin-bottom: 0cm; line-height: 150%;\" align=\"JUSTIFY\"><b>Conclusi\u00f3n<\/b><\/p>\n<p style=\"margin-top: 0.2cm; margin-bottom: 0cm; font-weight: normal; line-height: 150%;\" align=\"JUSTIFY\">La izquierda deber\u00eda estar haciendo continuamente mapas de este tipo tanto a nivel local como estatal. Es aqu\u00ed donde se esconde la sabia de la pol\u00edtica y no en los apoyos cosechados en reuniones internas, en resultados electorales cambiantes o en la vida de unas organizaciones minoritarias. Las fracturas, fidelidades, repulsiones y atracciones que ejercen unos reg\u00edmenes de vida y de trabajo sobre otro son el momento en el que se producen los corrimientos ideol\u00f3gicos: los hijos de un aut\u00f3nomo que no deja de trabajar y que enga\u00f1a a su mujer, una mujer profesional que vive una discriminaci\u00f3n laboral en su trabajo, el obrero de una gran empresa que pierde su estabilidad profesional etc.<\/p>\n<p style=\"margin-top: 0.2cm; margin-bottom: 0cm; line-height: 150%;\" align=\"JUSTIFY\">Estar atentos a estos mapas y a sus movimientos es evitar quedar al remolque de los acontecimientos, tomar la iniciativa. Una izquierda refundada tiene que buscar nuevas f\u00f3rmulas organizativas destinadas a movilizar a la ciudadan\u00eda, pero no dar\u00e1 con ellas si no parte de las formas de vida y de trabajo reales y diversas que se cuecen en estos reg\u00edmenes o en otros que podamos observar. Es la \u00fanica forma de huir del voluntarismo pol\u00edtico: enlazar con el pa\u00eds real que se quiere transformar, un pa\u00eds que a veces no es el que desear\u00eda la izquierda pero que contiene infinitas semillas potencialmente sensibles a un discurso solidario y tendencialmente anticapitalista.<\/p>\n<p style=\"margin-top: 0.2cm; margin-bottom: 0cm; line-height: 150%;\" align=\"JUSTIFY\">\n<p style=\"margin-top: 0.2cm; margin-bottom: 0cm; font-weight: normal; line-height: 150%;\" align=\"JUSTIFY\"><i>Fuente: <a href=\"http:\/\/asteinko.blogspot.com.es\/2012\/01\/pequena-sociologia-politica-del-estado.html\">http:\/\/asteinko.blogspot.com.es\/2012\/01\/pequena-sociologia-politica-del-estado.html<\/a><\/i><\/p>\n<p style=\"margin-top: 0.2cm; margin-bottom: 0cm; font-weight: normal; line-height: 150%;\" align=\"JUSTIFY\"><i>M\u00e1s informaci\u00f3n: A. Fern\u00e1ndez Steinko: Izquierda y republicanismo. Madrid, Akal 2010<\/i><\/p>\n<p style=\"margin-top: 0.2cm; margin-bottom: 0cm; font-style: normal; font-weight: normal; line-height: 150%;\">\n<p style=\"margin-bottom: 0cm;\">\n","protected":false},"excerpt":{"rendered":"<p>\u00a0<\/p>\n<p style='margin-top: 0.2cm; margin-bottom: 0cm; line-height: 150%;' align='JUSTIFY'>No hay ninguna posibilidad de transformaci\u00f3n social si no se tiene una visi\u00f3n, aunque sea rudimentaria, de la sociedad que se quiere cambiar, de los grupos y de las clases que la pueblan. No es suficiente con aplicar directamente categor\u00edas abstractas.<\/p>\n","protected":false},"author":9,"featured_media":2169,"comment_status":"open","ping_status":"open","sticky":false,"template":"","format":"standard","meta":{"footnotes":""},"categories":[13],"tags":[],"class_list":["post-2168","post","type-post","status-publish","format-standard","has-post-thumbnail","hentry","category-la-izquierda-a-debate"],"aioseo_notices":[],"_links":{"self":[{"href":"https:\/\/espai-marx.net\/index.php?rest_route=\/wp\/v2\/posts\/2168","targetHints":{"allow":["GET"]}}],"collection":[{"href":"https:\/\/espai-marx.net\/index.php?rest_route=\/wp\/v2\/posts"}],"about":[{"href":"https:\/\/espai-marx.net\/index.php?rest_route=\/wp\/v2\/types\/post"}],"author":[{"embeddable":true,"href":"https:\/\/espai-marx.net\/index.php?rest_route=\/wp\/v2\/users\/9"}],"replies":[{"embeddable":true,"href":"https:\/\/espai-marx.net\/index.php?rest_route=%2Fwp%2Fv2%2Fcomments&post=2168"}],"version-history":[{"count":0,"href":"https:\/\/espai-marx.net\/index.php?rest_route=\/wp\/v2\/posts\/2168\/revisions"}],"wp:featuredmedia":[{"embeddable":true,"href":"https:\/\/espai-marx.net\/index.php?rest_route=\/wp\/v2\/media\/2169"}],"wp:attachment":[{"href":"https:\/\/espai-marx.net\/index.php?rest_route=%2Fwp%2Fv2%2Fmedia&parent=2168"}],"wp:term":[{"taxonomy":"category","embeddable":true,"href":"https:\/\/espai-marx.net\/index.php?rest_route=%2Fwp%2Fv2%2Fcategories&post=2168"},{"taxonomy":"post_tag","embeddable":true,"href":"https:\/\/espai-marx.net\/index.php?rest_route=%2Fwp%2Fv2%2Ftags&post=2168"}],"curies":[{"name":"wp","href":"https:\/\/api.w.org\/{rel}","templated":true}]}}