{"id":2204,"date":"2013-04-23T00:00:00","date_gmt":"2013-04-23T00:00:00","guid":{"rendered":"https:\/\/espai-marx.net\/?p=2204"},"modified":"2020-02-19T17:25:09","modified_gmt":"2020-02-19T16:25:09","slug":"la-deriba-nazi-del-partido-popular","status":"publish","type":"post","link":"https:\/\/espai-marx.net\/?p=2204","title":{"rendered":"La deriva nazi del Partido Popular"},"content":{"rendered":"<p lang=\"es-ES\" style=\"margin-top: 0.2cm; margin-bottom: 0cm; font-style: normal; font-weight: normal; line-height: 150%;\" align=\"JUSTIFY\">Entiendo que este t\u00edtulo pueda parecer provocativo, porque est\u00e1 claro que hay grandes diferencias entre la Espa\u00f1a del 2013 y la Alemania de 1933. Pero aquello sobre lo cual quiero llamar la atenci\u00f3n es la semejanza que tienen, en sus objetivos, la actual pol\u00edtica centralizadora del Partido Popular y la actuaci\u00f3n del NSDAP (el partido nazi alem\u00e1n) en 1933, en su lucha por hacerse con el poder absoluto.<\/p>\n<p lang=\"es-ES\" style=\"margin-top: 0.2cm; margin-bottom: 0cm; border: none; padding: 0cm; font-style: normal; font-weight: normal; line-height: 150%;\" align=\"JUSTIFY\">La mayor de las diferencias reside en que los nazis debieron valerse de la violencia para implantar su pol\u00edtica de <i>Gleichschaltung <\/i>o \u00abcoordinaci\u00f3n\u00bb, mientras que al Partido Popular le basta su mayor\u00eda absoluta en las c\u00e1maras, algo que no ten\u00eda <b>Hitler <\/b>al llegar al poder, para imponerla sin resistencia.<\/p>\n<p lang=\"es-ES\" style=\"margin-top: 0.2cm; margin-bottom: 0cm; border: none; padding: 0cm; font-style: normal; font-weight: normal; line-height: 150%;\" align=\"JUSTIFY\">Los nazis comenzaron adue\u00f1\u00e1ndose del poder en los <i>l\u00e4nder <\/i>(los estados, equivalentes a nuestras comunidades aut\u00f3nomas) con una ley de coordinaci\u00f3n de los <i>l\u00e4nder <\/i>con el Reich de 30 de marzo de 1933, y procedieron gradualmente a controlar o eliminar todas las organizaciones que pudieran alentar alguna forma de resistencia.<\/p>\n<p lang=\"es-ES\" style=\"margin-top: 0.2cm; margin-bottom: 0cm; border: none; padding: 0cm; font-style: normal; font-weight: normal; line-height: 150%;\" align=\"JUSTIFY\">El Partido Popular ha seguido un camino parecido a partir de la reforma laboral de febrero del 2012, que merm\u00f3 la influencia de los sindicatos y la capacidad de resistencia de los trabajadores, y ha continuado despu\u00e9s debilitando las comunidades aut\u00f3nomas con imposiciones legales y con el estrangulamiento econ\u00f3mico, a la vez que proced\u00eda a vaciar de capacidad pol\u00edtica a diputaciones y ayuntamientos, reducidos a funciones administrativas, y se preparaba para controlar la ense\u00f1anza con la reforma educativa de <b>Wert.<\/b><\/p>\n<p lang=\"es-ES\" style=\"margin-top: 0.2cm; margin-bottom: 0cm; border: none; padding: 0cm; font-style: normal; font-weight: normal; line-height: 150%;\" align=\"JUSTIFY\">A medida que iba neutralizando a quienes pudieran asumir la direcci\u00f3n del rechazo social, el Gobierno se ha dedicado a desmantelar y privatizar los servicios sociales, en un camino por el que puede seguir todav\u00eda m\u00e1s lejos, sin tomar en cuenta la oleada creciente de las protestas colectivas contra el aumento incesante del paro, la disminuci\u00f3n de los salarios, la multiplicaci\u00f3n de los desahucios (una firma de abogados ofrece \u00abdesahucios expr\u00e9s a 530 euros\u00bb), la congelaci\u00f3n de las pensiones. Unas protestas que se limita ahora a contener con la polic\u00eda, mientras se prepara para criminizarlas y prohibirlas.<\/p>\n<p lang=\"es-ES\" style=\"margin-top: 0.2cm; margin-bottom: 0cm; border: none; padding: 0cm; font-style: normal; font-weight: normal; line-height: 150%;\" align=\"JUSTIFY\">Los ciudadanos est\u00e1n hoy alarmados ante los signos de corrupci\u00f3n que afectan al PP. A decir verdad, la corrupci\u00f3n no es un problema de hoy, ni afecta tan solo al PP, sino a todo el proceso desarrollado en nuestro pa\u00eds desde la transici\u00f3n, que facilit\u00f3 los negocios turbios de las instituciones financieras y las empresas constructoras, cuyos costes se nos obliga ahora a pagar entre todos. Lo \u00fanico que tiene de particular el caso del PP es que le han pillado con las manos en la masa en unos momentos en que los ciudadanos son m\u00e1s sensibles al problema.<\/p>\n<p lang=\"es-ES\" style=\"margin-top: 0.2cm; margin-bottom: 0cm; border: none; padding: 0cm; font-style: normal; font-weight: normal; line-height: 150%;\" align=\"JUSTIFY\">Lo que deber\u00eda preocuparnos m\u00e1s, sin embargo, es la deriva autoritaria que, al ir eliminando toda posibilidad de protesta y resistencia, refuerza la capacidad del Partido Popular para llevarnos por el camino de un desastre anunciado. Porque si, como dice <b>Hans Werner Sinn, <\/b>presidente del IFO alem\u00e1n, le esperan a Espa\u00f1a \u00ab10 a\u00f1os m\u00e1s de crisis y una devaluaci\u00f3n interna del 30%\u00bb, \u00bfqu\u00e9 quedar\u00e1 del pa\u00eds al cabo de este tiempo? \u00bfA qu\u00e9 extremos habr\u00e1 llegado el paro juvenil, que el propio PP eval\u00faa en el 50%? \u00bfQuedar\u00e1n hospitales, escuelas y universidades p\u00fablicas, y si se han privatizado, d\u00f3nde se educar\u00e1 y atender\u00e1 a una poblaci\u00f3n empobrecida? <b>Sinn <\/b>opina que hay que seguir con la austeridad y que \u00ab<b>Rajoy <\/b>debe volver a bajar los salarios\u00bb, lo cual me parece una excelente receta para la continuidad de los negocios de Alemania, pero suicida para este pa\u00eds.<\/p>\n<p lang=\"es-ES\" style=\"margin-top: 0.2cm; margin-bottom: 0cm; border: none; padding: 0cm; font-style: normal; font-weight: normal; line-height: 150%;\" align=\"JUSTIFY\">Lo m\u00e1s grave resulta, adem\u00e1s, ver en qu\u00e9 manos ha reca\u00eddo este poder irresponsable. En momentos como estos ser\u00eda de la mayor importancia poder confiar en un Gobierno al que los ciudadanos viesen con la capacidad suficiente para no someterse mansamente a las instrucciones de la troika para que nos dirija al matadero. Y est\u00e1 claro que este no es el Gobierno actual del PP. Dejando a un lado a <b>Rajoy, <\/b>sobre cuya existencia real hay dudas fundadas, el poder est\u00e1 en manos de los <b>Montoro, Mar\u00eda Dolores de Cospedal, F\u00e1tima B\u00e1\u00f1ez, Ruiz-Gallard\u00f3n, Ana Mato<\/b>, que se pueden permitir incluso disparatar en p\u00fablico, imp\u00e1vidos ante la cr\u00edtica y la protesta. (Los historiadores del futuro podr\u00e1n entretener a sus lectores con una divertida colecci\u00f3n de chascarrillos, comenzando con la disertaci\u00f3n de la se\u00f1ora <b>Cospedal <\/b>sobre el \u00abfiniquito diferido\u00bb y acabando con la afirmaci\u00f3n de la se\u00f1ora <b>B\u00e1\u00f1ez <\/b>de que la Virgen del Roc\u00edo resolver\u00e1 el problema del empleo).<\/p>\n<p lang=\"es-ES\" style=\"margin-top: 0.2cm; margin-bottom: 0cm; border: none; padding: 0cm; font-style: normal; font-weight: normal; line-height: 150%;\" align=\"JUSTIFY\">De ah\u00ed la necesidad de resistirnos a una deriva autoritaria que amenaza con dejarnos impotentes y sin capacidad de reacci\u00f3n mientras nos conducen al abismo.<\/p>\n","protected":false},"excerpt":{"rendered":"<p>\u00a0<\/p>\n<p style='margin-top: 0.2cm; margin-bottom: 0cm; line-height: 150%;' lang='es-ES' align='JUSTIFY'>Entiendo que este t\u00edtulo pueda parecer provocativo, porque est\u00e1 claro que hay grandes diferencias entre la Espa\u00f1a del 2013 y la Alemania de 1933. Pero quiero llamar la atenci\u00f3n sobre la semejanza que tienen, en sus objetivos, la actual pol\u00edtica centralizadora del Partido Popular y la actuaci\u00f3n del NSDAP (el partido nazi alem\u00e1n) en 1933, en su lucha por hacerse con el poder absoluto.<\/p>\n<p>\u00a0<\/p>\n","protected":false},"author":9,"featured_media":2205,"comment_status":"open","ping_status":"open","sticky":false,"template":"","format":"standard","meta":{"footnotes":""},"categories":[3],"tags":[],"class_list":["post-2204","post","type-post","status-publish","format-standard","has-post-thumbnail","hentry","category-condiciones-de-vida"],"aioseo_notices":[],"_links":{"self":[{"href":"https:\/\/espai-marx.net\/index.php?rest_route=\/wp\/v2\/posts\/2204","targetHints":{"allow":["GET"]}}],"collection":[{"href":"https:\/\/espai-marx.net\/index.php?rest_route=\/wp\/v2\/posts"}],"about":[{"href":"https:\/\/espai-marx.net\/index.php?rest_route=\/wp\/v2\/types\/post"}],"author":[{"embeddable":true,"href":"https:\/\/espai-marx.net\/index.php?rest_route=\/wp\/v2\/users\/9"}],"replies":[{"embeddable":true,"href":"https:\/\/espai-marx.net\/index.php?rest_route=%2Fwp%2Fv2%2Fcomments&post=2204"}],"version-history":[{"count":0,"href":"https:\/\/espai-marx.net\/index.php?rest_route=\/wp\/v2\/posts\/2204\/revisions"}],"wp:featuredmedia":[{"embeddable":true,"href":"https:\/\/espai-marx.net\/index.php?rest_route=\/wp\/v2\/media\/2205"}],"wp:attachment":[{"href":"https:\/\/espai-marx.net\/index.php?rest_route=%2Fwp%2Fv2%2Fmedia&parent=2204"}],"wp:term":[{"taxonomy":"category","embeddable":true,"href":"https:\/\/espai-marx.net\/index.php?rest_route=%2Fwp%2Fv2%2Fcategories&post=2204"},{"taxonomy":"post_tag","embeddable":true,"href":"https:\/\/espai-marx.net\/index.php?rest_route=%2Fwp%2Fv2%2Ftags&post=2204"}],"curies":[{"name":"wp","href":"https:\/\/api.w.org\/{rel}","templated":true}]}}