{"id":2221,"date":"2013-05-07T00:00:00","date_gmt":"2013-05-07T00:00:00","guid":{"rendered":"https:\/\/espai-marx.net\/?p=2221"},"modified":"2020-02-19T17:15:01","modified_gmt":"2020-02-19T16:15:01","slug":"70-anos-del-levantamiento-del-ghetto-de-varsovia","status":"publish","type":"post","link":"https:\/\/espai-marx.net\/?p=2221","title":{"rendered":"70 a\u00f1os del levantamiento del ghetto de Varsovia"},"content":{"rendered":"<p><strong>E<\/strong>l pasado 19 de abril se cumplieron 70 a\u00f1os del levantamiento del <a href=\"http:\/\/yad-vashem.org.il\/exhibitions\/warsaw_ghetto\/home_warsaw.html\">ghetto de Varsovia<\/a>, <a href=\"http:\/\/fcit.usf.edu\/Holocaust\/resource\/gallery\/G1941WGU.htm\">salvajemente reprimido<\/a> por destacamentos especiales de las SS. Se realizaron <a href=\"http:\/\/www.spiegel.de\/international\/europe\/poland-commemorates-70th-anniversary-of-warsaw-ghetto-uprising-a-895375.html\">conmovedores homenajes y actos de memoria hist\u00f3rica<\/a> en el lugar arrasado donde se erig\u00eda el ignominioso lugar de concentraci\u00f3n. Se ha aprovechado la ocasi\u00f3n para inaugurar un Museo sobre Historia de los jud\u00edos polacos. Al exterminio que los nazis iniciaron en 1940, rodeando con un muro de 2,5 metros <a href=\"http:\/\/fcit.usf.edu\/Holocaust\/MAPS\/map007.htm\">800 manzanas<\/a> en las que viv\u00edan hacinados 380 mil jud\u00edos, le sigui\u00f3 la aniquilaci\u00f3n sistem\u00e1tica llamada eufem\u00edsticamente Grossaktion en la sofisticada <a href=\"http:\/\/www.amazon.de\/exec\/obidos\/ASIN\/3379001252\/302-6814080-3166429\">&#8216;Lingua Tertii Imperii&#8217;<\/a> del Nacionalsocialismo. Se inici\u00f3 el 19 de abril de 1943, comandada por un nuevo comandante, <a href=\"http:\/\/www.deathcamps.org\/occupation\/stroop\/index.html\">J\u00fcrgen Stroop<\/a> (su nombre era Josef, pero como muchos alemanes se lo cambi\u00f3 por uno m\u00e1s ario). Seg\u00fan su informe minucioso, la operaci\u00f3n se realiz\u00f3 con un n\u00facleo duro de 85o comandos, penetrando el ghetto en dos secciones, que fueron reforzadas por <a href=\"http:\/\/www.panzertruppen.org\/ss\/grenadier\/ssgrenadier.html\">SS Panzergrenadier<\/a>, tropas de caballer\u00eda, SS y regimientos de polic\u00eda, tropas de apoyo t\u00e9cnico, <a href=\"http:\/\/www.deathcamps.org\/reinhard\/policestate_de.html\">SD<\/a>, ingenieros de la <a href=\"http:\/\/es.wikipedia.org\/wiki\/Wehrmacht\">Wehrmacht<\/a>, incluso Trawniki-M\u00e4nner del campo de entrenamiento <a href=\"http:\/\/www.deathcamps.org\/occupation\/trawniki.html\">Trawniki<\/a>, adem\u00e1s de polic\u00eda polaca. Hasta el 16 de mayo arrasaron una veintena de manzanas, matando a m\u00e1s de 65 mil personas. La mecha que encendi\u00f3 la rebeli\u00f3n fueron las deportaciones masivas del a\u00f1o anterior y el estado cada vez m\u00e1s cr\u00edtico de la poblaci\u00f3n m\u00e1s d\u00e9bil. Heroica rebeli\u00f3n, digna como ninguna, los pobres y fam\u00e9licos soldados jud\u00edos del <a href=\"http:\/\/yad-vashem.org.il\/about_holocaust\/chronology\/1942-1945\/1942\/chronology_1942_28.html\">ZOB<\/a> (no pasban de 750 hombres y mujeres con disparatado armamento) resistieron m\u00e1s tiempo que la gloriosa Francia en <a href=\"http:\/\/juin1940.free.fr\/somme.htm\">1940<\/a>. Recordemos que las primeras acciones militares fueron contra la propia <a href=\"http:\/\/www.deathcamps.org\/occupation\/pic\/u12.jpg\">polic\u00eda jud\u00eda<\/a> del ghetto, dependiente del \u201cJudenrat\u201d. La \u00faltima acci\u00f3n \u00e9pica de las tropas de Stroop el 16 de mayo fue la demolici\u00f3n de la hist\u00f3rica <a href=\"http:\/\/fcit.usf.edu\/Holocaust\/gallery\/p341.htm\">gran sinagoga<\/a> de Varsovia, la damnatio memorae es una especialidad fascista. En su informe final en frio lenguaje de bur\u00f3crata, confirma que de un total de 56,065 jud\u00edos prisioneros, 22,000 fueron deportados a <a href=\"http:\/\/www.deathcamps.org\/lublin\/majdanek.html\"><strong>Majdanek<\/strong><\/a>, 16,000 a<a href=\"http:\/\/www.deathcamps.org\/occupation\/poniatowa.html\"> <strong>Poniatowa<\/strong><\/a>, 5,000 &#8211; 6,000 a <a href=\"http:\/\/www.deathcamps.org\/occupation\/trawniki.html\"><strong>Trawniki<\/strong><\/a>, y 7,000 a <a href=\"http:\/\/www.deathcamps.org\/treblinka\/labourcamp.html\"><strong>Treblinka<\/strong><\/a>. 5,000-6,000 perdieron sus vidas por explosiones e incendios. Las p\u00e9rdidas propias, alrededor de 300 muertos, fueron disminuidas. Ilustrando su burocr\u00e1tico informe con un <a href=\"http:\/\/www.deathcamps.org\/occupation\/stroop\/photos01.html\">\u00e1lbum de fotos<\/a>, Stroop recomienda crear, &#8216;ah\u00ed mismo&#8217;, en las ruinas humeantes de los barrios, un &#8216;KZ&#8217;, un campo de concentraci\u00f3n ad hoc, para limpiar y refaccionar hasta la muerte el pasaje urbano arrasado y aprovechar ladrillos, acero y hierro para la sedienta industria b\u00e9lica. Su racional idea germ\u00e1nica ser\u00e1 llevada a cabo con gran \u00e9xito con el nombre de <a href=\"http:\/\/www.deathcamps.org\/occupation\/kzwarsaw.html\">&#8216;KZ Warschau&#8217;<\/a>. El valiente Stroop se rindi\u00f3 a las tropas americanas en el Rhin, pensando en escapar a la justicia sovi\u00e9tica, un tribunal militar lo sentenci\u00f3 a muerte en <a href=\"http:\/\/www1.jur.uva.nl\/junsv\/JUNSVEng\/DTRR\/files\/us173.htm\">Dachau<\/a>, se le extradit\u00f3 a Polonia donde fue juzgado, condenado a muerte y ahorcado el 6 de mayo de 1952. Algunos testimonios de <a href=\"http:\/\/www.clarin.com\/diario\/2006\/04\/19\/sociedad\/s-03201.htm\">sobrevivientes<\/a> nos permiten atisbar el infierno del racismo nacionalista y el terror desatado por los destacamentos en la Grossaktion. Tambi\u00e9n en libros <a href=\"http:\/\/www.amazon.com\/gp\/product\/0395901308\/sr=8-1\/qid=1145458482\/ref=pd_bbs_1\/002-2107764-3259219?%5Fencoding=UTF8\">recientes<\/a>, o en pel\u00edculas donde la resistencia es un tel\u00f3n de fondo terrible, como <a href=\"http:\/\/www.thepianist-themovie.com\/\">&#8216;El Pianista&#8217;<\/a>, <a href=\"http:\/\/www.imdb.com\/title\/tt0062038\/\">&#8216;La noche de los tres generales&#8217;<\/a> y el documental &#8216;The Warsaw Ghetto Urprising&#8217;, con testimonio de un sobreviviente, <a href=\"http:\/\/www.writing.upenn.edu\/%7Eafilreis\/Holocaust\/warsaw-uprising.html\">Marek Edelman<\/a>. Hay p\u00e1ginas escalofriantes donde puede verse la \u00e9pica y desigual lucha <a href=\"http:\/\/www.aufstand-im-ghetto.warschau.info.pl\/\">&#8216;then and now&#8217;<\/a>. Pero la historia se repite y ya no como farsa. Al parecer el ej\u00e9rcito israel\u00ed, <a href=\"http:\/\/www1.idf.il\/DOVER\/site\/mainpage.asp?sl=EN&amp;srch=&amp;id=5&amp;clr=1\">Tsahal<\/a>, en una vuelta de tuerca impensable, <a href=\"http:\/\/www.rebelion.org\/sociales\/haneghi270202.htm\">estudia y aplica<\/a> los <a href=\"http:\/\/www.deathcamps.org\/occupation\/stroop\/telexes01.html\">m\u00e9todos<\/a> de Stroop para combatir a la resistencia palestina dentro de los centros urbanos.<\/p>\n<p>El manifiesto de febrero de 1943 tiene la misma actualidad hoy que ayer:<\/p>\n<p>&#8216;\u00a1Pueblo, despierta, y lucha por tu vida!<\/p>\n<p>\u00a1Que cada madre se convierta en una leona que defiende a sus hijos!<\/p>\n<p>\u00a1Que ning\u00fan padre se quede viendo morir a sus hijos sin hacer nada! [&#8230;]<\/p>\n<p>\u00a1Que cada casa se convierta en una fortaleza!<\/p>\n<p>\u00a1Pueblo, despierta y lucha! Tu salvaci\u00f3n est\u00e1 en la lucha.<\/p>\n<p>Quien lucha por su vida puede salvarse. Nos levantamos en el nombre de la lucha por la vida de los indefensos, a quienes deseamos salvar.&#8217;<\/p>\n","protected":false},"excerpt":{"rendered":"<p>\u00a0<\/p>\n<p class='MsoNormal' style='text-align: justify;'>El pasado 19 de abril se cumplieron 70 a\u00f1os del levantamiento del ghetto de Varsovia, salvajemente reprimido por destacamentos especiales de las SS.<\/p>\n<p>\u00a0<\/p>\n","protected":false},"author":9,"featured_media":2222,"comment_status":"open","ping_status":"open","sticky":false,"template":"","format":"standard","meta":{"footnotes":""},"categories":[21,46],"tags":[],"class_list":["post-2221","post","type-post","status-publish","format-standard","has-post-thumbnail","hentry","category-historia-general","category-memoria-historica"],"aioseo_notices":[],"_links":{"self":[{"href":"https:\/\/espai-marx.net\/index.php?rest_route=\/wp\/v2\/posts\/2221","targetHints":{"allow":["GET"]}}],"collection":[{"href":"https:\/\/espai-marx.net\/index.php?rest_route=\/wp\/v2\/posts"}],"about":[{"href":"https:\/\/espai-marx.net\/index.php?rest_route=\/wp\/v2\/types\/post"}],"author":[{"embeddable":true,"href":"https:\/\/espai-marx.net\/index.php?rest_route=\/wp\/v2\/users\/9"}],"replies":[{"embeddable":true,"href":"https:\/\/espai-marx.net\/index.php?rest_route=%2Fwp%2Fv2%2Fcomments&post=2221"}],"version-history":[{"count":0,"href":"https:\/\/espai-marx.net\/index.php?rest_route=\/wp\/v2\/posts\/2221\/revisions"}],"wp:featuredmedia":[{"embeddable":true,"href":"https:\/\/espai-marx.net\/index.php?rest_route=\/wp\/v2\/media\/2222"}],"wp:attachment":[{"href":"https:\/\/espai-marx.net\/index.php?rest_route=%2Fwp%2Fv2%2Fmedia&parent=2221"}],"wp:term":[{"taxonomy":"category","embeddable":true,"href":"https:\/\/espai-marx.net\/index.php?rest_route=%2Fwp%2Fv2%2Fcategories&post=2221"},{"taxonomy":"post_tag","embeddable":true,"href":"https:\/\/espai-marx.net\/index.php?rest_route=%2Fwp%2Fv2%2Ftags&post=2221"}],"curies":[{"name":"wp","href":"https:\/\/api.w.org\/{rel}","templated":true}]}}