{"id":2244,"date":"2013-06-02T00:00:00","date_gmt":"2013-06-02T00:00:00","guid":{"rendered":"https:\/\/espai-marx.net\/?p=2244"},"modified":"2020-02-19T16:55:23","modified_gmt":"2020-02-19T15:55:23","slug":"sobre-el-anteproyecto-de-ley-de-emprendedores","status":"publish","type":"post","link":"https:\/\/espai-marx.net\/?p=2244","title":{"rendered":"Sobre el anteproyecto de ley de emprendedores"},"content":{"rendered":"<p>El ejecutivo espa\u00f1ol pretende allanar el camino para la creaci\u00f3n de nuevas empresas [1]. La repetida y sobada consigna de la hora. La vicepresidenta S\u00e1enz de Santamar\u00eda present\u00f3 el pasado viernes 24 de mayo el anteproyecto de la Ley de Emprendedores. Algunas de sus perlas. Se crea la figura del empresario de responsabilidad limitada: \u201cel emprendedor no tendr\u00e1 que responder de las deudas derivadas de su actividad con su vivienda habitual, con un valor m\u00e1ximo de 300.000 euros\u201d y quedan excluidas \u201clas deudas con Hacienda o la Seguridad Social. Se crear\u00e1n las sociedades limitadas de formaci\u00f3n sucesiva \u201cpara abaratar el coste de constituci\u00f3n\u201d. El Gobierno establecer\u00e1 un \u201cmecanismo de negociaci\u00f3n extrajudicial de deudas\u201d, es decir, \u201cun procedimiento extrajudicial flexible y r\u00e1pido que se solucionar\u00e1 ante un registrador o un notario\u201d [2]. Los empresarios no pagar\u00e1n el IVA hasta que cobren la factura. \u201cLas pymes que facturen menos de dos millones de euros se podr\u00e1n acoger a este nuevo r\u00e9gimen, de forma voluntaria\u201d.<\/p>\n<p>Hay m\u00e1s medidas desde luego. Una de ellas, esencial, es la del nuevo r\u00e9gimen de visados y autorizaciones de residencia, una de las medidas que acompa\u00f1a al anteproyecto [3]. Advertencia: traguen saliva y respiren hondo. Con la nueva norma podr\u00e1n obtener el permiso de residencia los \u201cinversores que realicen una inversi\u00f3n econ\u00f3mica significativa o destinada a proyectos empresariales considerados como de inter\u00e9s general\u201d. Aunque parece un chiste de muy mal gusto, el megacasino de juego, droga y prostituci\u00f3n del sionista de derecha extrema Sheldon Adelson estar\u00eda incluido en ese tipo de inversiones. El camino sesgadamente clasista, la lucha de clases hegemonizada por esa \u00ednfima minor\u00eda del 1% de la que ya nos habl\u00f3 Mister Buffett, est\u00e1 abierto \u201cpara los inversores que compren m\u00e1s de dos millones de euros en deuda p\u00fablica o los que adquieran un inmueble valorado en m\u00e1s de 500.000 euros\u201d (el umbral contemplado inicialmente establec\u00eda el precio de la vivienda en 160.000 euros). La abyecta puerta se abre tambi\u00e9n de par en par para \u201clos emprendedores de una actividad de car\u00e1cter innovador con especial inter\u00e9s econ\u00f3mico\u201d. La medida afectar\u00e1 tambi\u00e9n al \u201cpersonal directivo, altamente cualificado o que forme parte de un proyecto de inter\u00e9s general\u201d, al igual que a \u201clos posgraduados de universidades\u201d, pero s\u00f3lo, eso s\u00ed, s\u00f3lo aquellas universidades que sean de \u201creconocido prestigio\u201d.<\/p>\n<p>La justificaci\u00f3n gubernamental no tiene desperdicio. Est\u00e1n hechos de esta delicada pasta argumentativa. Los cambios no son ni m\u00e1s ni menos que lo que \u201chacen los pa\u00edses del entorno para fomentar inversiones de forma ordenada y disciplinada\u201d. Ejemplos de esos pa\u00edses: Portugal, Irlanda y Chipre. \u201cEl sistema se ha generalizado\u201d, a\u00f1adi\u00f3 la hija del general. Ya est\u00e1, a otra cosa, maldita mariposa. La mayor\u00eda de asociaciones de inmigrantes -\u00bfcu\u00e1les no por cierto?- considera que la medida es discriminatoria. Lo es evidentemente. Pero no s\u00f3lo es eso: es una demostraci\u00f3n m\u00e1s de la degradaci\u00f3n social a la quieren conducirnos, un claro ejemplo de la descomposici\u00f3n poli\u00e9tica de este r\u00e9gimen clasista y elitista que no merece ninguna consideraci\u00f3n. Ninguna.<\/p>\n<p>El ejecutivo de don Mariano lleva trabajando aproximadamente un a\u00f1o en la medida, con los ministerios de Empleo, Fomento, Interior y Asuntos Exteriores a la cabeza [4]. El anteproyecto, adem\u00e1s, est\u00e1 encaminado a reducir el &#8216;stock&#8217; de pisos que existe en Espa\u00f1a (\u00a1bancos y constructoras son nuestros comandantes en plaza!), en un momento en el que la demanda interior est\u00e1 paralizada y la externa comienza a recuperarse (ciudadanos y empresas extranjeras compraron durante el primer trimestre de 2013 el 15% del total de viviendas que se vendieron en Espa\u00f1a).<\/p>\n<p>De este modo, un inmenso y visible cartel figura en puestos fronterizos, mesetas, valles y paisajes costeros: \u201cSe vende, Espa\u00f1a toda ella est\u00e1 en venta\u201d. Los mejores postores tienen premio (\u00bfpremio?) de residencia. Mientras tanto, por supuesto, trabajadores y trabajadoras que intentan seguir adelante en condiciones m\u00e1s que dif\u00edciles no encuentran trabajo, se les niega toda documentaci\u00f3n, se les condena a la ilegalidad programada, se les explota sin protecci\u00f3n cuando el empresario y listillo de turno as\u00ed lo estima conveniente para \u00e9l y se les niega de paso atenci\u00f3n m\u00e9dica o instituciones escolares p\u00fablicas por carecer de la documentaci\u00f3n en regla. La ley es la ley se les dice. \u00bfQu\u00e9 ley?<\/p>\n<p>En s\u00edntesis: casi todo lo real es injusto e irracional y todo lo irracional e injusto est\u00e1 en la agenda de un gobierno que pretende conducirnos aceleradamente al peor de los mundos posibles, el regido por el color sin olor del dinero.<\/p>\n<p><strong>Notas:<\/strong> [1] <a href=\"http:\/\/economia.elpais.com\/economia\/2013\/05\/24\/actualidad\/1369384326_099817.html\">http:\/\/economia.elpais.com\/economia\/2013\/05\/24\/actualidad\/1369384326_099817.html<\/a><\/p>\n<p>[2] Se prev\u00e9 que puedan pactarse quitas de hasta el 25% de las deudas. De igual modo, ampliar los plazos de devoluci\u00f3n hasta 3 a\u00f1os<\/p>\n<p>[3] <a href=\"http:\/\/economia.elpais.com\/economia\/2013\/05\/24\/actualidad\/1369399295_013369.html\" target=\"_blank\" rel=\"noopener noreferrer\">http:\/\/economia.elpais.com\/economia\/2013\/05\/24\/actualidad\/1369399295_013369.html<\/a><br \/>\n[4] <a href=\"http:\/\/www.elconfidencial.com\/vivienda\/2013\/05\/24\/los-extranjeros-tendran-permiso-de-residencia-si-compran-viviendas-de-mas-de-500000-euros-121638\/\">http:\/\/www.elconfidencial.com\/vivienda\/2013\/05\/24\/los-extranjeros-tendran-permiso-de-residencia-si-compran-viviendas-de-mas-de-500000-euros-121638\/<\/a><\/p>\n<p>Salvador L\u00f3pez Arnal es miembro del Frente C\u00edvico Somos Mayor\u00eda y del CEMS (Centre d\u2019Estudis sobre els Movimients Socials de la Universitat Pompeu Fabra de Barcelona; director Jordi Mir Garcia)<\/p>\n","protected":false},"excerpt":{"rendered":"<p>\u201cSe vende, Espa\u00f1a toda ella est\u00e1 en venta\u201d. Los mejores postores tienen premio (\u00bfpremio?) de residencia. Mientras tanto, por supuesto, trabajadores y trabajadoras que intentan seguir adelante en condiciones m\u00e1s que dif\u00edciles<\/p>\n","protected":false},"author":9,"featured_media":2245,"comment_status":"open","ping_status":"open","sticky":false,"template":"","format":"standard","meta":{"footnotes":""},"categories":[3],"tags":[],"class_list":["post-2244","post","type-post","status-publish","format-standard","has-post-thumbnail","hentry","category-condiciones-de-vida"],"aioseo_notices":[],"_links":{"self":[{"href":"https:\/\/espai-marx.net\/index.php?rest_route=\/wp\/v2\/posts\/2244","targetHints":{"allow":["GET"]}}],"collection":[{"href":"https:\/\/espai-marx.net\/index.php?rest_route=\/wp\/v2\/posts"}],"about":[{"href":"https:\/\/espai-marx.net\/index.php?rest_route=\/wp\/v2\/types\/post"}],"author":[{"embeddable":true,"href":"https:\/\/espai-marx.net\/index.php?rest_route=\/wp\/v2\/users\/9"}],"replies":[{"embeddable":true,"href":"https:\/\/espai-marx.net\/index.php?rest_route=%2Fwp%2Fv2%2Fcomments&post=2244"}],"version-history":[{"count":0,"href":"https:\/\/espai-marx.net\/index.php?rest_route=\/wp\/v2\/posts\/2244\/revisions"}],"wp:featuredmedia":[{"embeddable":true,"href":"https:\/\/espai-marx.net\/index.php?rest_route=\/wp\/v2\/media\/2245"}],"wp:attachment":[{"href":"https:\/\/espai-marx.net\/index.php?rest_route=%2Fwp%2Fv2%2Fmedia&parent=2244"}],"wp:term":[{"taxonomy":"category","embeddable":true,"href":"https:\/\/espai-marx.net\/index.php?rest_route=%2Fwp%2Fv2%2Fcategories&post=2244"},{"taxonomy":"post_tag","embeddable":true,"href":"https:\/\/espai-marx.net\/index.php?rest_route=%2Fwp%2Fv2%2Ftags&post=2244"}],"curies":[{"name":"wp","href":"https:\/\/api.w.org\/{rel}","templated":true}]}}