{"id":2253,"date":"2013-06-13T00:00:00","date_gmt":"2013-06-13T00:00:00","guid":{"rendered":"https:\/\/espai-marx.net\/?p=2253"},"modified":"2020-02-19T16:41:32","modified_gmt":"2020-02-19T15:41:32","slug":"esbozos-sobre-la-condicion-de-la-clase-obrera-en-turquia","status":"publish","type":"post","link":"https:\/\/espai-marx.net\/?p=2253","title":{"rendered":"Esbozos sobre la Condici\u00f3n de la Clase Obrera en Turqu\u00eda"},"content":{"rendered":"<p class=\"western\" style=\"margin-top: 0.64cm; margin-bottom: 0cm; line-height: 150%;\" align=\"JUSTIFY\">En el Marzo de 1885, Federico Engels escribi\u00f3 un art\u00edculo para el London Commonweal bajo el t\u00edtulo \u00abInglaterra en 1845 y en 1885\u00bb como una secuela a su obra seminal La Condici\u00f3n de la Clase Obrera en Inglaterra. En este art\u00edculo, Engels dibuj\u00f3 la condici\u00f3n del movimiento de la clase en 40 a\u00f1os despu\u00e9s escribir La Condici\u00f3n de la Clase Obrera en Inglaterra v\u00edvidamente como as\u00ed:<\/p>\n<p class=\"western\" style=\"margin-top: 0.64cm; margin-bottom: 0cm; line-height: 150%;\" align=\"JUSTIFY\"><i>\u00abEl Cartismo se extingu\u00eda. La reactivaci\u00f3n de la prosperidad comercial, natural despu\u00e9s de que la repulsi\u00f3n de 1847 se gast\u00f3, se dej\u00f3 totalmente al cr\u00e9dito del Comercio Libre. Ambas de estas condiciones transformaron la clase obrera inglesa, pol\u00edticamente, en la cola del \u00abPartido Liberal grande\u00bb, el partido dirigi\u00e9ndose por los fabricantes. Esta ventaja, ya ganada, ten\u00eda que perpetuarse. Y los capitalistas fabricantes, de la oposici\u00f3n Cartista, no al Comercio Libre, pero a la transformaci\u00f3n del Comercio Libre en una cuesti\u00f3n nacional vital, hab\u00edan aprendido, y aprend\u00edan cada vez m\u00e1s, que la clase media nunca puede obtener el poder social y pol\u00edtico completo sobre la naci\u00f3n salvo con la ayuda de la clase obrera. Por lo tanto lleg\u00f3 un cambio gradual en las relaciones de ambas clases. Los Factory Acts<\/i><i> (Leyes de F\u00e1brica), una vez la tormenta de todos los fabricantes, no solo se sometieron, pero tambi\u00e9n su expansi\u00f3n a todos las leyes que regulan casi todos los comercios era tolerada. Uniones de Comercio (Trades&#8217; Unions), hasta ahora consideradas como invenciones del Sat\u00e1n mismo, ya se acariciaron y patrocinaron como instituciones perfectamente leg\u00edtimas, y como medios \u00fatiles de difundir doctrinas s\u00f3lidas econ\u00f3micas entre los trabajadores. Hasta las huelgas, m\u00e1s que cuales nada era infames hasta 1848, ya gradualmente se descubr\u00edan muy \u00fatiles en ocasionalmente, especialmente cuando se provocasen por los mismos due\u00f1os, en su propio tiempo. De las leyes establecidas, poner el trabajador en un nivel m\u00e1s bajo a en desventaja en cuanto al due\u00f1o, al menos los m\u00e1s repugnantes se abrogaron.\u00bb<\/i><u><a href=\"http:\/\/www.iccr.gr\/site\/issue3\/sketches-on-the-condition-of-the-working-class-in-turkey.html#sdfootnote2sym\">2<\/a><\/u><\/p>\n<p class=\"western\" lang=\"es-ES\" style=\"margin-top: 0.64cm; margin-bottom: 0cm; line-height: 150%;\" align=\"JUSTIFY\">Bastante interesantemente, la esencia de esta declaraci\u00f3n v\u00edvida sobre el movimiento de clase obrera 40 a\u00f1os despu\u00e9s de la obra seminal de Engels, describe la condici\u00f3n de la clase obrera en Turqu\u00eda bastante bien. Quiero decir, en esencia pro no en la forma, que voy a elaborar en algunas frases.<\/p>\n<p class=\"western\" style=\"margin-top: 0.64cm; margin-bottom: 0cm; line-height: 150%;\" align=\"JUSTIFY\">Como que la clase obrera no pudo avanzar el movimiento al tomar el poder pol\u00edtico en 1847 -es otra cosa si era hist\u00f3ricamente posible o no para la clase obrera tomar el poder pol\u00edtico- se esclaviz\u00f3 por el sistema pol\u00edtico burguesa y la ideolog\u00eda dominante del \u00abComercio Libre\u00bb. Entonces Engels estaba hablando de la muerte del Cartismo y el movimiento de la clase obrera convirti\u00e9ndose en la cola del Partido Liberal. En su descripci\u00f3n de la situaci\u00f3n en 1885, Engels se refiere a la asimilaci\u00f3n del movimiento sindicalista entre la ideolog\u00eda burguesa y la formaci\u00f3n de una aristocracia obrera. En su pr\u00f3logo de la edici\u00f3n inglesa de este libro, elabora como los capitalistas recurren a los sindicatos en diferentes ocasiones como otro medio para posponer los impactos de las crisis capitalistas de superproducci\u00f3n. Estos, por supuesto, son hechos todos sabemos muy bien de las experiencias ya de m\u00e1s que un siglo. Todav\u00eda, la descripci\u00f3n breve de Engels de la condici\u00f3n de la clase obrera en Inglaterra en 1885 ofrece los din\u00e1micos de la lucha de clase en pocas palabras.<\/p>\n<p class=\"western\" lang=\"es-ES\" style=\"margin-top: 0.64cm; margin-bottom: 0cm; line-height: 150%;\" align=\"JUSTIFY\">En esencia, como que la clase obrera no puede caminar hacia mayor unidad y militancia en la direcci\u00f3n de orientaci\u00f3n de clase, es asimilada y derrotada por la clase opositora, y de ese modo, secciones extensivas de la clase obrera se convierten en ap\u00e9ndices del sistema pol\u00edtico y ideolog\u00eda burguesas. El contrario de la unificaci\u00f3n y mejor militancia se convierten en el lema del d\u00eda, que es fragmentaci\u00f3n, desorganizaci\u00f3n, asimilaci\u00f3n y subyugaci\u00f3n.<\/p>\n<p class=\"western\" lang=\"es-ES\" style=\"margin-top: 0.64cm; margin-bottom: 0cm; line-height: 150%;\" align=\"JUSTIFY\">Estos son puntos esenciales de referencia que podemos dibujar paralelos con la descripci\u00f3n de Engels y la condici\u00f3n de la clase obrera en Turqu\u00eda en las \u00faltimas tres d\u00e9cadas. Por supuesto, el dibujo v\u00edvido de Engels tambi\u00e9n se puede aplicar bien a las clases obreras de otros pa\u00edses en l\u00edneas generales. Por lo tanto, necesitamos discutir las peculiaridades de la condici\u00f3n de la clase obrera en Turqu\u00eda para hacer nuestro argumento m\u00e1s comprensible y plausible.<\/p>\n<p class=\"western\" style=\"margin-top: 0.64cm; margin-bottom: 0cm; line-height: 150%;\" align=\"JUSTIFY\">Engels escribi\u00f3 un libro de casi 250 p\u00e1ginas, tratando diferentes secciones de la clase obrera en Inglaterra para describir sus condiciones. Por supuesto, en un art\u00edculo tan breve, no tenemos bastante espacio para discutir la condici\u00f3n de cada secci\u00f3n de la clase obrera en Turqu\u00eda, ni para indicar todos los factores que tiene un poder explicativo en describir esta condici\u00f3n. Adem\u00e1s, yo no tengo la genialidad de Engels, pero yo solamente recurro a la herencia de los grandes maestros. Todav\u00eda, creo que podemos se\u00f1alar unos factores importantes, quiz\u00e1s los m\u00e1s importantes como nosotros los vemos, que tienen una ancha influencia sobre la clase obrera en Turqu\u00eda. En general, solo trato de proporcionar un esbozo de los factores que dirigen a fragmentaci\u00f3n, desorganizaci\u00f3n, asimilaci\u00f3n y sujeci\u00f3n de la clase obrera en Turqu\u00eda. Sin embargo, la cuesti\u00f3n m\u00e1s importante, o sea la estrategia y las t\u00e1cticos de los comunistas para abordar con estas fuerzas queda sin respuesta en este art\u00edculo, porque eso se puede tratar solamente en otro.<\/p>\n<p class=\"western\" lang=\"es-ES\" style=\"margin-top: 0.64cm; margin-bottom: 0cm; line-height: 150%;\" align=\"JUSTIFY\"><b>Desempleo como un factor deshumanizador<\/b><\/p>\n<p class=\"western\" lang=\"es-ES\" style=\"margin-top: 0.64cm; margin-bottom: 0cm; line-height: 150%;\" align=\"JUSTIFY\">Antes de sacar conclusiones sobre los efectos de niveles altos y persistentes de desempleo para la clase obrera en Turqu\u00eda, me gustar\u00eda hablar de unos datos de este tema. Pero, antes de todo, debo explicar brevemente porque empiezo un art\u00edculo sobre la situaci\u00f3n de la clase obrera en Turqu\u00eda con \u00abel desempleo\u00bb. La raz\u00f3n es simple y clara: no es solo que la amenaza de desempleo afecta grand\u00edsimos segmentos de la clase obrera, sino tambi\u00e9n es que los desempleados constituyen una de las secciones m\u00e1s grandes de la clase obrera en Turqu\u00eda.<\/p>\n<p class=\"western\" style=\"margin-top: 0.64cm; margin-bottom: 0cm; line-height: 150%;\" align=\"JUSTIFY\">Seg\u00fan las estad\u00edsticas laborales presentadas por el Instituto Estad\u00edstico Turco (TSI), la tasa de desempleo en Turqu\u00eda el Noviembre 2011 es 9.1 por ciento y la cifra de los desempleados es 2.5 millones de personas. Sin embargo, en cuanto a la definici\u00f3n m\u00e1s amplia y verdadera del desempleo<u><a href=\"http:\/\/www.iccr.gr\/site\/issue3\/sketches-on-the-condition-of-the-working-class-in-turkey.html#sdfootnote3sym\">3<\/a><\/u>, la cifra alcanza a 4.5 millones y la tasa a 16.2 por ciento aproximadamente. La tasa oficial de desempleo entre los j\u00f3venes (los que tienen entre 15 y 24 a\u00f1os de edad) es unos 17 por ciento, mientras que la tasa real de desempleo entre los j\u00f3venes es aproximadamente 30 por ciento y la cifra de j\u00f3venes desempleados es 1.438 millones. En \u00e1reas urbanas y entre los j\u00f3venes con mejores niveles de educaci\u00f3n, estas tasas son todav\u00eda m\u00e1s altas.<\/p>\n<p class=\"western\" lang=\"es-ES\" style=\"margin-top: 0.64cm; margin-bottom: 0cm; line-height: 150%;\" align=\"JUSTIFY\">La cifra de los que no buscan por un trabajo activamente pero que est\u00e1n listos para empezar uno ha aumentado gradualmente, hasta 1.2 millones. Aproximadamente 700 miles de estos son trabajadores desalentados, o sea los que perdieron sus esperanzas de tener un trabajo. Es perfectamente plausible asumir que la subsistencia de estas personas depende de beneficios de bienestar social y otros recursos como lazos rurales y fondos de solidaridad etc. Tabla 1abajo resume las estad\u00edsticas de desempleo que hemos mencionado hasta aqu\u00ed.<\/p>\n<p class=\"western\" lang=\"es-ES\" style=\"margin-top: 0.64cm; margin-bottom: 0cm;\" align=\"JUSTIFY\"><i>Tabla 1. Desempleo y las estad\u00edsticas de la fuerza laboral<\/i><\/p>\n<table border=\"0\" width=\"650\" cellspacing=\"0\" cellpadding=\"4\">\n<tbody>\n<tr valign=\"TOP\">\n<td bgcolor=\"#dedede\" width=\"316\">\n<p class=\"western\" lang=\"es-ES\" style=\"margin-top: 0.64cm;\" align=\"JUSTIFY\">(miles de personas)<\/p>\n<\/td>\n<td bgcolor=\"#dedede\" width=\"158\">\n<p class=\"western\" lang=\"es-ES\" style=\"margin-top: 0.64cm;\" align=\"JUSTIFY\">Noviembre 2010<\/p>\n<\/td>\n<td bgcolor=\"#dedede\" width=\"152\">\n<p class=\"western\" lang=\"es-ES\" style=\"margin-top: 0.64cm;\" align=\"JUSTIFY\">Noviembre 2011<\/p>\n<\/td>\n<\/tr>\n<tr valign=\"TOP\">\n<td bgcolor=\"#dedede\" width=\"316\">\n<p class=\"western\" lang=\"es-ES\" style=\"margin-top: 0.64cm;\" align=\"JUSTIFY\">Fuerza laboral<\/p>\n<\/td>\n<td bgcolor=\"#dedede\" width=\"158\">\n<p class=\"western\" lang=\"es-ES\" style=\"margin-top: 0.64cm;\" align=\"JUSTIFY\">25,665<\/p>\n<\/td>\n<td bgcolor=\"#dedede\" width=\"152\">\n<p class=\"western\" lang=\"es-ES\" style=\"margin-top: 0.64cm;\" align=\"JUSTIFY\">26,696<\/p>\n<\/td>\n<\/tr>\n<tr valign=\"TOP\">\n<td bgcolor=\"#dedede\" width=\"316\">\n<p class=\"western\" lang=\"es-ES\" style=\"margin-top: 0.64cm;\" align=\"JUSTIFY\">Empleado<\/p>\n<\/td>\n<td bgcolor=\"#dedede\" width=\"158\">\n<p class=\"western\" lang=\"es-ES\" style=\"margin-top: 0.64cm;\" align=\"JUSTIFY\">22,854<\/p>\n<\/td>\n<td bgcolor=\"#dedede\" width=\"152\">\n<p class=\"western\" lang=\"es-ES\" style=\"margin-top: 0.64cm;\" align=\"JUSTIFY\">24,267<\/p>\n<\/td>\n<\/tr>\n<tr valign=\"TOP\">\n<td bgcolor=\"#dedede\" width=\"316\">\n<p class=\"western\" lang=\"es-ES\" style=\"margin-top: 0.64cm;\" align=\"JUSTIFY\">Desempleado<\/p>\n<\/td>\n<td bgcolor=\"#dedede\" width=\"158\">\n<p class=\"western\" lang=\"es-ES\" style=\"margin-top: 0.64cm;\" align=\"JUSTIFY\">2,811<\/p>\n<\/td>\n<td bgcolor=\"#dedede\" width=\"152\">\n<p class=\"western\" lang=\"es-ES\" style=\"margin-top: 0.64cm;\" align=\"JUSTIFY\">2,429<\/p>\n<\/td>\n<\/tr>\n<tr valign=\"TOP\">\n<td bgcolor=\"#dedede\" width=\"316\">\n<p class=\"western\" lang=\"es-ES\" style=\"margin-top: 0.64cm;\" align=\"JUSTIFY\">Tasa de participaci\u00f3n de fuerza laboral (%)<\/p>\n<\/td>\n<td bgcolor=\"#dedede\" width=\"158\">\n<p class=\"western\" lang=\"es-ES\" style=\"margin-top: 0.64cm;\" align=\"JUSTIFY\">48.6<\/p>\n<\/td>\n<td bgcolor=\"#dedede\" width=\"152\">\n<p class=\"western\" lang=\"es-ES\" style=\"margin-top: 0.64cm;\" align=\"JUSTIFY\">49.4<\/p>\n<\/td>\n<\/tr>\n<tr valign=\"TOP\">\n<td bgcolor=\"#dedede\" width=\"316\">\n<p class=\"western\" lang=\"es-ES\" style=\"margin-top: 0.64cm;\" align=\"JUSTIFY\">Tasa de empleo (%)<\/p>\n<\/td>\n<td bgcolor=\"#dedede\" width=\"158\">\n<p class=\"western\" lang=\"es-ES\" style=\"margin-top: 0.64cm;\" align=\"JUSTIFY\">43.2<\/p>\n<\/td>\n<td bgcolor=\"#dedede\" width=\"152\">\n<p class=\"western\" lang=\"es-ES\" style=\"margin-top: 0.64cm;\" align=\"JUSTIFY\">44.9<\/p>\n<\/td>\n<\/tr>\n<tr valign=\"TOP\">\n<td bgcolor=\"#dedede\" width=\"316\">\n<p class=\"western\" lang=\"es-ES\" style=\"margin-top: 0.64cm;\" align=\"JUSTIFY\">Tasa de desempleo (%)<\/p>\n<\/td>\n<td bgcolor=\"#dedede\" width=\"158\">\n<p class=\"western\" lang=\"es-ES\" style=\"margin-top: 0.64cm;\" align=\"JUSTIFY\">11.0<\/p>\n<\/td>\n<td bgcolor=\"#dedede\" width=\"152\">\n<p class=\"western\" lang=\"es-ES\" style=\"margin-top: 0.64cm;\" align=\"JUSTIFY\">9.1<\/p>\n<\/td>\n<\/tr>\n<tr valign=\"TOP\">\n<td bgcolor=\"#dedede\" width=\"316\">\n<p class=\"western\" lang=\"es-ES\" style=\"margin-top: 0.64cm;\" align=\"JUSTIFY\">Tasa de desempleo no agr\u00edcola (%)<\/p>\n<\/td>\n<td bgcolor=\"#dedede\" width=\"158\">\n<p class=\"western\" lang=\"es-ES\" style=\"margin-top: 0.64cm;\" align=\"JUSTIFY\">13.7<\/p>\n<\/td>\n<td bgcolor=\"#dedede\" width=\"152\">\n<p class=\"western\" lang=\"es-ES\" style=\"margin-top: 0.64cm;\" align=\"JUSTIFY\">11.4<\/p>\n<\/td>\n<\/tr>\n<tr valign=\"TOP\">\n<td bgcolor=\"#dedede\" width=\"316\">\n<p class=\"western\" lang=\"es-ES\" style=\"margin-top: 0.64cm;\" align=\"JUSTIFY\">Tasa de desempleo entre la juventud (%)<\/p>\n<\/td>\n<td bgcolor=\"#dedede\" width=\"158\">\n<p class=\"western\" lang=\"es-ES\" style=\"margin-top: 0.64cm;\" align=\"JUSTIFY\">20.8<\/p>\n<\/td>\n<td bgcolor=\"#dedede\" width=\"152\">\n<p class=\"western\" lang=\"es-ES\" style=\"margin-top: 0.64cm;\" align=\"JUSTIFY\">17.0<\/p>\n<\/td>\n<\/tr>\n<tr valign=\"TOP\">\n<td bgcolor=\"#dedede\" width=\"316\">\n<p class=\"western\" lang=\"es-ES\" style=\"margin-top: 0.64cm;\" align=\"JUSTIFY\">Personas que no est\u00e1n en la fuerza laboral<\/p>\n<\/td>\n<td bgcolor=\"#dedede\" width=\"158\">\n<p class=\"western\" lang=\"es-ES\" style=\"margin-top: 0.64cm;\" align=\"JUSTIFY\">27,195<\/p>\n<\/td>\n<td bgcolor=\"#dedede\" width=\"152\">\n<p class=\"western\" lang=\"es-ES\" style=\"margin-top: 0.64cm;\" align=\"JUSTIFY\">27,331<\/p>\n<\/td>\n<\/tr>\n<tr valign=\"TOP\">\n<td bgcolor=\"#dedede\" width=\"316\">\n<p class=\"western\" lang=\"es-ES\" style=\"margin-top: 0.64cm;\" align=\"JUSTIFY\">Desempleo seg\u00fan la definici\u00f3n amplia<\/p>\n<\/td>\n<td bgcolor=\"#dedede\" width=\"158\">\n<p class=\"western\" lang=\"es-ES\" style=\"margin-top: 0.64cm;\" align=\"JUSTIFY\">5,126<\/p>\n<\/td>\n<td bgcolor=\"#dedede\" width=\"152\">\n<p class=\"western\" lang=\"es-ES\" style=\"margin-top: 0.64cm;\" align=\"JUSTIFY\">4,508<\/p>\n<\/td>\n<\/tr>\n<tr valign=\"TOP\">\n<td bgcolor=\"#dedede\" width=\"316\">\n<p class=\"western\" lang=\"es-ES\" style=\"margin-top: 0.64cm;\" align=\"JUSTIFY\">Tasa de desempleo m\u00e1s amplio (real) (%)<\/p>\n<\/td>\n<td bgcolor=\"#dedede\" width=\"158\">\n<p class=\"western\" lang=\"es-ES\" style=\"margin-top: 0.64cm;\" align=\"JUSTIFY\">19,0<\/p>\n<\/td>\n<td bgcolor=\"#dedede\" width=\"152\">\n<p class=\"western\" lang=\"es-ES\" style=\"margin-top: 0.64cm;\" align=\"JUSTIFY\">16.2<\/p>\n<\/td>\n<\/tr>\n<\/tbody>\n<\/table>\n<p class=\"western\" style=\"margin-top: 0.64cm; margin-bottom: 0cm; line-height: 150%;\" align=\"JUSTIFY\">Otra cosa importante que debemos subrayar es la magnitud grande de personas que no son clasificadas en la fuerza de trabajo<u><a href=\"http:\/\/www.iccr.gr\/site\/issue3\/sketches-on-the-condition-of-the-working-class-in-turkey.html#sdfootnote4sym\">4<\/a><\/u> en Turqu\u00eda. Las personas que no est\u00e1n buscando un trabajo pero que est\u00e1n listos para empezar a uno tambi\u00e9n est\u00e1n parte de esta categor\u00eda.12.2 millones de esta poblaci\u00f3n, que supera 27 millones de personas en total, son amas de casa, 4.4 millones son personas en educaci\u00f3n y entrenamiento, y el resto son los retirados, discapacitados, enfermos y ancianos. Estas secciones de la clase obrera, que se pueden considerar como poblaci\u00f3n inactiva, ofrece todav\u00eda otra reserva potencial de fuerza laboral para los capitalistas aparte de los desempleados. El deseo de los \u00faltimos pasos que se realizar\u00e1n en Turqu\u00eda hacia imponer m\u00e1s flexibilidad en la r\u00e9gimen de trabajo en Turqu\u00eda es crear una mano de obra grande en la que estas secciones de la clase obrera puede movilizar cuando se necesite. Po supuesto, con la pol\u00edticas con el prop\u00f3sito de afiliar esta poblaci\u00f3n al mercado laboral v\u00eda trabajo at\u00edpico, el gobierno busca incrementar la circulaci\u00f3n de la fuerza de trabajo y tambi\u00e9n ejercer presi\u00f3n hacia abajo sobre el salario medio, derechos y condiciones de trabajo de los obreros.<\/p>\n<p class=\"western\" style=\"margin-top: 0.64cm; margin-bottom: 0cm; line-height: 150%;\" align=\"JUSTIFY\">La supuesta poblaci\u00f3n inactiva, que incluye los subempleos<u><a href=\"http:\/\/www.iccr.gr\/site\/issue3\/sketches-on-the-condition-of-the-working-class-in-turkey.html#sdfootnote5sym\">5<\/a><\/u>, los trabajadores temporales y personas que no est\u00e1n buscando un trabajo pero est\u00e1n listos para empezar a uno tambi\u00e9n, es un apalancamiento importante para la clase capitalista. Similarmente, los que participan en la vida laboral despu\u00e9s de ser una parte de la gran mano de obra de poblaci\u00f3n inactiva ser\u00e1n proletarizados bajo la influencia ideol\u00f3gica de esta misma parte de la poblaci\u00f3n. Por lo tanto, podemos decir que despu\u00e9s de que el asalto de imponer flexibilidad este completo, la nueva clase obrera ser\u00e1 a\u00fan m\u00e1s extranjera a los ideas de organizaci\u00f3n y lucha por factores objetivos y subjetivos.<\/p>\n<p class=\"western\" lang=\"es-ES\" style=\"margin-top: 0.64cm; margin-bottom: 0cm; line-height: 150%;\" align=\"JUSTIFY\">Un tema crucial que merece mencionarse es que la poblaci\u00f3n inactiva que espera ser incluida en la mano fuerza de trabajo, los desempleados y los trabajadores con niveles de salario bajo subsistencia gradualmente han sido m\u00e1s dependientes a los beneficios de bienestar social y redes informales de solidaridad como comunidades y sectas religiosas durante los t\u00e9rminos de los gobiernos del Partido de Justicia y Desarrollo (AKP). Con respecto a este, podemos argumentar que la deformaci\u00f3n ideol\u00f3gica causada por los v\u00ednculos duraderos de la clase obrera urbanizada en Turqu\u00eda con el campo finalmente se ha sustituido por la deformaci\u00f3n causada por los beneficios de bienestar social y redes comunales de solidaridad y caridad, porque el primero se hab\u00eda eliminado con las supuestas \u00abreformas\u00bb que se realizaron despu\u00e9s de la crisis de 2001 en Turqu\u00eda.<\/p>\n<p class=\"western\" style=\"margin-top: 0.64cm; margin-bottom: 0cm; line-height: 150%;\" align=\"JUSTIFY\">El dato m\u00e1s actual sobre los beneficios de bienestar social suministrados por el gobierno pertenece a los finales de 2009. Pero, la tendencia del dato proporciona informaci\u00f3n suficiente para resumir la situaci\u00f3n. Seg\u00fan las estad\u00edsticas oficiales, el tama\u00f1o de ayuda de comida concedida por el gobierno a las administraciones locales para ser distribuida v\u00eda Las Fundaciones de Asistencia Social y Solidaridad era 35 millones de TL (aproximadamente 23 millones de USD) en 2003, 55 millones de TL (aproximadamente 34 millones de USD) en 2004, 90 millones de TL (aproximadamente 60 millones de USD) en 2005, 150 millones de TL (aproximadamente 100 millones de USD) en 2006, 140 millones de TL (aproximadamente 93 millones de USD) en 2007, 213.7 millones de TL (aproximadamente 142 millones de USD) en 2008 y 382.4 millones de TL (aproximadamente 255 millones de USD) en 2009. Observamos una tendencia similar y r\u00e1pidamente creciente en la provisi\u00f3n de ayuda de carb\u00f3n como en la provisi\u00f3n de la ayuda de comida durante los t\u00e9rminos del gobierno de AKP. La cifra de hogares que reciben beneficios de la ayuda de carb\u00f3n supera 2.2 millones en 2009. Porque esta figura ha incrementado a\u00fan m\u00e1s en 2010, podemos decir que hablamos un art\u00edculo de bienestar con respecto a aproximadamente 12 millones de personas o casi 7 millones de electores. Tabla 2 muestra la tendencia de la provisi\u00f3n de la ayuda de carb\u00f3n desde 2003 hasta 2009.<\/p>\n<p class=\"western\" lang=\"es-ES\" style=\"margin-top: 0.64cm; margin-bottom: 0cm;\" align=\"JUSTIFY\"><i>Tabla 2. Cifra de familias que aprovechan de la ayuda de carb\u00f3n, 2003-2009<\/i><\/p>\n<table border=\"0\" width=\"548\" cellspacing=\"0\" cellpadding=\"4\">\n<tbody>\n<tr valign=\"TOP\">\n<td bgcolor=\"#dedede\" width=\"65\">\n<p class=\"western\" lang=\"es-ES\" style=\"margin-top: 0.64cm;\" align=\"JUSTIFY\">A\u00f1o<\/p>\n<\/td>\n<td bgcolor=\"#dedede\" width=\"209\">\n<p class=\"western\" lang=\"es-ES\" style=\"margin-top: 0.64cm;\" align=\"JUSTIFY\">Cantitad de carb\u00f3n distribuido (en toneladas)<\/p>\n<\/td>\n<td bgcolor=\"#dedede\" width=\"251\">\n<p class=\"western\" lang=\"es-ES\" style=\"margin-top: 0.64cm;\" align=\"JUSTIFY\">Cifra de beneficiarios (hogar)<\/p>\n<\/td>\n<\/tr>\n<tr valign=\"TOP\">\n<td bgcolor=\"#dedede\" width=\"65\">\n<p class=\"western\" lang=\"es-ES\" style=\"margin-top: 0.64cm;\" align=\"JUSTIFY\">2003<\/p>\n<\/td>\n<td bgcolor=\"#dedede\" width=\"209\">\n<p class=\"western\" lang=\"es-ES\" style=\"margin-top: 0.64cm;\" align=\"JUSTIFY\">649,82<\/p>\n<\/td>\n<td bgcolor=\"#dedede\" width=\"251\">\n<p class=\"western\" lang=\"es-ES\" style=\"margin-top: 0.64cm;\" align=\"JUSTIFY\">1,096,488<\/p>\n<\/td>\n<\/tr>\n<tr valign=\"TOP\">\n<td bgcolor=\"#dedede\" width=\"65\">\n<p class=\"western\" lang=\"es-ES\" style=\"margin-top: 0.64cm;\" align=\"JUSTIFY\">2004<\/p>\n<\/td>\n<td bgcolor=\"#dedede\" width=\"209\">\n<p class=\"western\" lang=\"es-ES\" style=\"margin-top: 0.64cm;\" align=\"JUSTIFY\">1,052,379<\/p>\n<\/td>\n<td bgcolor=\"#dedede\" width=\"251\">\n<p class=\"western\" lang=\"es-ES\" style=\"margin-top: 0.64cm;\" align=\"JUSTIFY\">1,610,170<\/p>\n<\/td>\n<\/tr>\n<tr valign=\"TOP\">\n<td bgcolor=\"#dedede\" width=\"65\">\n<p class=\"western\" lang=\"es-ES\" style=\"margin-top: 0.64cm;\" align=\"JUSTIFY\">2005<\/p>\n<\/td>\n<td bgcolor=\"#dedede\" width=\"209\">\n<p class=\"western\" lang=\"es-ES\" style=\"margin-top: 0.64cm;\" align=\"JUSTIFY\">1,329,676<\/p>\n<\/td>\n<td bgcolor=\"#dedede\" width=\"251\">\n<p class=\"western\" lang=\"es-ES\" style=\"margin-top: 0.64cm;\" align=\"JUSTIFY\">1,831,234<\/p>\n<\/td>\n<\/tr>\n<tr valign=\"TOP\">\n<td bgcolor=\"#dedede\" width=\"65\">\n<p class=\"western\" lang=\"es-ES\" style=\"margin-top: 0.64cm;\" align=\"JUSTIFY\">2006<\/p>\n<\/td>\n<td bgcolor=\"#dedede\" width=\"209\">\n<p class=\"western\" lang=\"es-ES\" style=\"margin-top: 0.64cm;\" align=\"JUSTIFY\">1,363,288<\/p>\n<\/td>\n<td bgcolor=\"#dedede\" width=\"251\">\n<p class=\"western\" lang=\"es-ES\" style=\"margin-top: 0.64cm;\" align=\"JUSTIFY\">1,797,083<\/p>\n<\/td>\n<\/tr>\n<tr valign=\"TOP\">\n<td bgcolor=\"#dedede\" width=\"65\">\n<p class=\"western\" lang=\"es-ES\" style=\"margin-top: 0.64cm;\" align=\"JUSTIFY\">2007<\/p>\n<\/td>\n<td bgcolor=\"#dedede\" width=\"209\">\n<p class=\"western\" lang=\"es-ES\" style=\"margin-top: 0.64cm;\" align=\"JUSTIFY\">1,494,163<\/p>\n<\/td>\n<td bgcolor=\"#dedede\" width=\"251\">\n<p class=\"western\" lang=\"es-ES\" style=\"margin-top: 0.64cm;\" align=\"JUSTIFY\">1,894,555<\/p>\n<\/td>\n<\/tr>\n<tr valign=\"TOP\">\n<td bgcolor=\"#dedede\" width=\"65\">\n<p class=\"western\" lang=\"es-ES\" style=\"margin-top: 0.64cm;\" align=\"JUSTIFY\">2008<\/p>\n<\/td>\n<td bgcolor=\"#dedede\" width=\"209\">\n<p class=\"western\" lang=\"es-ES\" style=\"margin-top: 0.64cm;\" align=\"JUSTIFY\">1,827,131<\/p>\n<\/td>\n<td bgcolor=\"#dedede\" width=\"251\">\n<p class=\"western\" lang=\"es-ES\" style=\"margin-top: 0.64cm;\" align=\"JUSTIFY\">2,246,280<\/p>\n<\/td>\n<\/tr>\n<\/tbody>\n<\/table>\n<p class=\"western\" lang=\"es-ES\" style=\"margin-top: 0.64cm; margin-bottom: 0cm; line-height: 150%;\" align=\"JUSTIFY\">En cuanto a subsidios para el pago de casas, el gobierno suministr\u00f3 919,900 TL (aproximadamente 612,000 USD) a 415 personas en 2006, 2,503,950 TL (aproximadamente 1,669,300 USD) a 642 personas en 2007, 40,461,955 TL (aproximadamente 26,974,637 USD) a 27,906 personas en 2008 y 74,430,494 TL (aproximadamente 49,620,329 USD) e 72,304 personas en 2009.<\/p>\n<p class=\"western\" style=\"margin-top: 0.64cm; margin-bottom: 0cm; line-height: 150%;\" align=\"JUSTIFY\">Como que este dato sugiere, el gobierno de AKP organiza una red ancha de bienestar social en la que una secci\u00f3n larga de la poblaci\u00f3n se incluye. Al parecer, en la percepci\u00f3n de estas secciones grandes de la poblaci\u00f3n, que tambi\u00e9n incluye los trabajadores pobres, los desempleados y la poblaci\u00f3n inactiva, el car\u00e1cter del gobierno como \u00abproveedor de servicios\u00bb se ha sustituido con un gobierno como \u00abproveedor de ayuda\u00bb. Este es un factor importante porque se coloca bien en el cuadro grande de las percepciones cambiantes de explotaci\u00f3n y desigualdades. En este marco, los derechos de la clase obrera no se perciben como algo logrado v\u00eda lucha, pero como algo concedido por el poderoso. Por tanto, el espacio p\u00fablico est\u00e1 totalmente abierta para las organizaciones religiosas y reaccionarias porque la cultura da \u00abcaridad\u00bb est\u00e1 \u00edntimamente relacionada con la ideolog\u00eda religiosa.<\/p>\n<p class=\"western\" lang=\"es-ES\" style=\"margin-top: 0.64cm; margin-bottom: 0cm; line-height: 150%;\" align=\"JUSTIFY\">A parte de los beneficios de bienestar social y redes de caridad, prestar se convirti\u00f3 en un medio importante de subsistencia por una parte grande de la clase obrera y la poblaci\u00f3n mencionada que la rodea. Las reformas bancarias y la coyuntura econ\u00f3mica despu\u00e9s de la crisis de 2001 facilitaron el acceso a cr\u00e9ditos personales de consumo y las cartas de cr\u00e9dito se convirtieron en un medio principal de pagamiento. Especialmente para los trabajadores que no reciben sus salarios regularmente, las cartas de cr\u00e9dito son esenciales. La clase obrera altamente endeudada se puede subyugar a la ideolog\u00eda burguesa mucho m\u00e1s f\u00e1cilmente y fuertemente, y los intereses se mueven a sostener la \u00abestabilidad econ\u00f3mica\u00bb y las demandas de la clase capitalista para estar capaz de pagar sus deudas. En otras palabras, a los trabajadores altamente endeudados, las demandas de sus enemigos de clase les parecen m\u00e1s relevantes que sus propios intereses.<\/p>\n<p class=\"western\" lang=\"es-ES\" style=\"margin-top: 0.64cm; margin-bottom: 0cm; line-height: 150%;\" align=\"JUSTIFY\">Para tener una idea tosca sobre el nivel de endeudamiento, me referir\u00eda a algunas estad\u00edsticas. En 2002, el total de los cr\u00e9ditos de consumo era aproximadamente 2 mil millones de d\u00f3lares, mientras que esto era m\u00e1s que 80 mil millones de d\u00f3lares en 2010, y m\u00e1s que 90 mil millones de d\u00f3lares por el Junio 2011. Las deudas totales de los hogares era 129 mil millones de TL en 2008, 147 mil millones de TL en 2009 y 191 mil millones de TL en 2010. Durante el mismo per\u00edodo, la proporci\u00f3n de las deudas totales de los hogares a sus ingresos disponibles ha aumentado de 36 a 41 por ciento. Sin embargo, la proporci\u00f3n de los pagamientos de intereses al ingreso disponible ha disminuido de 6.2 por ciento a 4.4 por ciento por las tasas de inter\u00e9s que disminuyen. En otras palabras, los consumidores son mucho m\u00e1s endeudados, pero asignan una parte menor de sus ingresos a los pagamientos de intereses. Por tanto, es plausible argumentar que su sensibilidad a los cambios en las tasas de intereses ha aumentado. Casi la mitad de los cr\u00e9ditos de consumo son pr\u00e9stamos para la vivienda, mientras que el 45 por ciento consiste de los cr\u00e9ditos financieros personales y el 5 por ciento consiste de los cr\u00e9ditos para los veh\u00edculos. La cifra de las personas con pr\u00e9stamos de cartas inactivas de cr\u00e9dito ha aumentado de aproximadamente 1.1 millones en 2008 a 1.6 millones en Marzo de 2011.<\/p>\n<p class=\"western\" lang=\"es-ES\" style=\"margin-top: 0.64cm; margin-bottom: 0cm; line-height: 150%;\" align=\"JUSTIFY\">Todo desarrollo que interrumpe el flujo de los beneficios de bienestar social, caridad y pr\u00e9stamos significar\u00eda un cat\u00e1strofe para los trabajadores que gradualmente se convierten cada vez m\u00e1s dependientes a estos factores. Por lo tanto, la estabilidad de la pol\u00edtica burguesa y la vida abstinente se han convertido sus solas expectaciones del futuro. Estas circunstancias son m\u00e1s arraigadas por la distancia relativa de las generaciones j\u00f3venes de trabajadores a la idea de organizaci\u00f3n y lucha.<\/p>\n<p class=\"western\" lang=\"es-ES\" style=\"margin-top: 0.64cm; margin-bottom: 0cm; line-height: 150%;\" align=\"JUSTIFY\">La desesperaci\u00f3n de las masas desempleadas y la b\u00fasqueda de un refugio seguro dirigida pos estas han jugado un papel significante para el sistema predominante para construir las bases de masa del reaccionismo.<\/p>\n<p class=\"western\" lang=\"es-ES\" style=\"margin-top: 0.64cm; margin-bottom: 0cm; line-height: 150%;\" align=\"JUSTIFY\">Un tercer factor que tiene una parte importante en la fragmentaci\u00f3n, desorganizaci\u00f3n, asimilaci\u00f3n y subyugaci\u00f3n de la clase obrera en Turqu\u00eda es la expansi\u00f3n del trabajo informal en todos los sectores. Es imposible hablar de alg\u00fan tipo de libertad para los trabajadores informales, menos a\u00fan la libertad de organizarse. Aparte del desempleo, una raz\u00f3n importante de las masas trabajadores en Turqu\u00eda para estar trabajando en trabajos informales es el nivel alto de endeudamiento. En Turqu\u00eda, el gobierno juega un papel decisivo en colectar los pr\u00e9stamos, mientras que los pr\u00e9stamos inactivos se fuerzan pagarse v\u00eda confiscaci\u00f3n. El gobierno regula el r\u00e9gimen de los pagamientos de pr\u00e9stamos, por tanto los trabajadores que o tratan de escapar de la posibilidad de que sus salarios se agarre o mantenerse con dificultades dan consentimiento a trabajo informal sin ning\u00fan derecho.<\/p>\n<p class=\"western\" lang=\"es-ES\" style=\"margin-top: 0.64cm; margin-bottom: 0cm; line-height: 150%;\" align=\"JUSTIFY\"><b>Or\u00edgenes de la fragmentaci\u00f3n de la clase obrera en la historia reciente<\/b><\/p>\n<p class=\"western\" lang=\"es-ES\" style=\"margin-top: 0.64cm; margin-bottom: 0cm; line-height: 150%;\" align=\"JUSTIFY\">El r\u00e9gimen fascista establecida despu\u00e9s del golpe en 12 Septiembre, 1980 allan\u00f3 el camino para la burgues\u00eda turca para incrementar sus ataques sistem\u00e1ticas sobre la clase obrera en una escala masiva, y la ventaja lograda por la clase capitalista se ha reproducido fuertemente en cada esfera de la vida contra la clase obrera. El r\u00e9gimen fascista no solo consisti\u00f3 de acuerdos legales o pr\u00e1cticas que se llevaron a cabo contra las organizaciones de la clase obrera. Adem\u00e1s, era un asalto ideol\u00f3gico total contra la clase obrera.<\/p>\n<p class=\"western\" lang=\"es-ES\" style=\"margin-top: 0.64cm; margin-bottom: 0cm; line-height: 150%;\" align=\"JUSTIFY\">Si uno de los pilares fundamentales del asalto ideol\u00f3gico de la burgues\u00eda era las pol\u00edticas que refuerzan el imperialismo fuertemente en nuestro pa\u00eds y en la regi\u00f3n, otro era la creciente distancia entre el movimiento comunista y la clase obrera. La distancia finalmente result\u00f3 en el aislamiento de la clase obrera.<\/p>\n<p class=\"western\" lang=\"es-ES\" style=\"margin-top: 0.64cm; margin-bottom: 0cm; line-height: 150%;\" align=\"JUSTIFY\">Despu\u00e9s del golpe de 12 de Septiembre, los partidos pol\u00edticos, que deben representar la clase obrera y las organizaciones econ\u00f3micas de la clase obrera, los sindicatos, se han debilitado. Mientras que la cifra de los trabajadores organizados en los sindicatos disminu\u00eda r\u00e1pidamente, los sindicatos asistieron los esfuerzos para aislar la clase obrera de la pol\u00edtica socialista. Se debe acordar que en el movimiento sindicalista turco de hoy, quedan solamente pocos cuadros con orientaci\u00f3n de clase, que generalmente se afiliaron con el movimiento antes del 1980 cuando los sindicatos no se describ\u00edan como organizaciones \u00absupra-pol\u00edticas\u00bb. Adem\u00e1s, incluso esos cuadros se fuerzan a una posici\u00f3n en la cual no pueden tomar ning\u00fan iniciativa para protegerse a s\u00ed en los sindicatos que se empujaron a una l\u00ednea comprometedora despu\u00e9s del golpe de estado.<\/p>\n<p class=\"western\" lang=\"es-ES\" style=\"margin-top: 0.64cm; margin-bottom: 0cm; line-height: 150%;\" align=\"JUSTIFY\">Vale decir que las resistencias y acciones de los trabajadores, que ocasionalmente determina la agenda del pa\u00eds despu\u00e9s del 1980, se llevaron a cabo v\u00eda los sindicatos. La proletarizaci\u00f3n de la agenda del pa\u00eds por estas acciones dur\u00f3 por d\u00edas limitados. Aunque las logras de la clase obrera despu\u00e9s de estas concentraciones han sido limitadas, se deben considerar como experiencias importantes. Sin embargo, todas estas experiencias estaban condenadas a la falta de persistencia; ni la izquierda turca ni los sindicatos pod\u00edan lograr terminar este sitio. Adem\u00e1s, los trabajadores que luchaban no pod\u00edan prevenir sindicatos sumisos de dejarlos en las astas del toro. En el \u00faltimo an\u00e1lisis, como que los sindicatos no dejar\u00edan a los levantamientos obreros politizar, y por tanto no los pod\u00edan llevar a cabo, estas acciones no dejaron marcas profundas en la memoria colectiva del proletario como momentos de ir m\u00e1s all\u00e1 de la fragmentaci\u00f3n y de solidaridad.<\/p>\n<p class=\"western\" style=\"margin-top: 0.64cm; margin-bottom: 0cm; line-height: 150%;\" align=\"JUSTIFY\">Por ejemplo, el reciente levantamiento de los trabajadores de tabaco en TEKEL empez\u00f3 con la decisi\u00f3n del sindicato (Tek G\u0131da-\u0130\u015f) de actuar. Mientras que los trabajadores siguieron la decisi\u00f3n hasta m\u00e1s all\u00e1 del sindicato mismo y su concentraci\u00f3n se afili\u00f3 con el movimiento comunista, este se politiz\u00f3, gan\u00f3 aprobaci\u00f3n del amplio p\u00fablico, y consigui\u00f3 la capacidad de organizar la sociedad. Sin embargo, debemos mencionar que, cuando se considera en todos los aspectos, la intervenci\u00f3n del Partido Comunista de Turqu\u00eda para establecer v\u00ednculos entre el movimiento comunista y la resistencia de los trabajadores de TEKEL era insuficiente, y la representaci\u00f3n de la resistencia no se materializ\u00f3 en la persona del TKP a pesar de la intervenci\u00f3n fuerte.<\/p>\n<p class=\"western\" style=\"margin-top: 0.64cm; margin-bottom: 0cm; line-height: 150%;\" align=\"JUSTIFY\">La inconexi\u00f3n entre la clase obrera y el movimiento comunista es impedimento para la acta de dejar marcas profundas en la memoria colectiva de la clase obrera. Hay una conexi\u00f3n clara entre la ambici\u00f3n del sindicato de aislar los trabajadores del pol\u00edtica comunista y el hecho de que todas las resistencias y acciones significativas de los trabajadores que se llevaron a cabo espont\u00e1neamente y con el esfuerzo de los sindicatos no se gestionaron para ganar nuevas fronteras en la lucha de clase, sino para mantener los logros existentes. Tal acciones no pueden organizar la sociedad ampliamente. Una l\u00ednea de lucha de clase con reclamaciones m\u00e1s amplias, que servir\u00e1n a la clase obrera para lograr nuevos derechos, solamente se puede organizar por el movimiento comunista que representa las afirmaciones pol\u00edticas sobre el futuro del pa\u00eds.<\/p>\n<p class=\"western\" style=\"margin-top: 0.64cm; margin-bottom: 0cm; line-height: 150%;\" align=\"JUSTIFY\">Antes de continuar con otros aspectos de la condici\u00f3n de la clase obrera en Turqu\u00eda, debo decir algunas palabras m\u00e1s sobre la situaci\u00f3n del supuesto movimiento \u00abprogresista\u00bb de sindicalismo y la liquidaci\u00f3n gradual de la l\u00ednea con orientaci\u00f3n de clase en esta secci\u00f3n.<\/p>\n<p class=\"western\" style=\"margin-top: 0.64cm; margin-bottom: 0cm; line-height: 150%;\" align=\"JUSTIFY\">Cuando la Confederaci\u00f3n de Sindicatos Revolucionarios (D\u0130SK)<u><a href=\"http:\/\/www.iccr.gr\/site\/issue3\/sketches-on-the-condition-of-the-working-class-in-turkey.html#sdfootnote6sym\">6<\/a><\/u> se declar\u00f3 inocente de todas las acusaciones contra ella en 1991, el nuevo liderazgo de D\u0130SK adopt\u00f3 la l\u00ednea pol\u00edtica dominante de legitimizar la derrota del socialismo predominante en los sindicatos. Esta aptitud ciertamente jug\u00f3 un papel importante en la alienaci\u00f3n de la clase obrera a la lucha econ\u00f3mica y pol\u00edtica. Tan pronto como que la confederaci\u00f3n se restableci\u00f3, el nuevo liderazgo socialdem\u00f3crata de D\u0130SK conden\u00f3 el sindicalismo con orientaci\u00f3n de clase y adopt\u00f3 la ideolog\u00eda del supuesto sindicalismo \u00abcontempor\u00e1neo\u00bb. Como que interpretaron la desaparici\u00f3n del socialismo en la Uni\u00f3n Sovi\u00e9tica y Europa del Este como el final de la lucha de clase, expresaron su disposici\u00f3n para llegar a aceptar la clase capitalista en cada plataforma; por tanto perdieron gran parte de sus miembros. Porque D\u0130SK neg\u00f3 el hecho de que es una organizaci\u00f3n de lucha de clase, empez\u00f3 a identificarse a s\u00ed como una organizaci\u00f3n no gubernamental necesaria para establecer compromiso y di\u00e1logo social. Sobre esta premisa, la nueva D\u0130SK se podr\u00eda acercar t\u00edmidamente a las organizaciones de la clase capitalista m\u00e1s f\u00e1cilmente.<\/p>\n<p class=\"western\" style=\"margin-top: 0.64cm; margin-bottom: 0cm; line-height: 150%;\" align=\"JUSTIFY\">Despu\u00e9s del 1980, la distancia entre la izquierda socialista y la clase obrera ha incrementado a\u00fan m\u00e1s cuando una parte grande de la izquierda se liberaliz\u00f3 y renunciaron seguir objetivas revolucionarias. Le liberalizaci\u00f3n de la izquierda turca y la transformaci\u00f3n de D\u0130SK en una \u00aborganizaci\u00f3n no gubernamental\u00bb estaban asociados.<\/p>\n<p class=\"western\" style=\"margin-top: 0.64cm; margin-bottom: 0cm; line-height: 150%;\" align=\"JUSTIFY\">En l\u00ednea con la supuesta concepci\u00f3n del sindicalismo contempor\u00e1neo, que renuncia el hecho de que sindicatos son organizaciones de clase, D\u0130SK prefiri\u00f3 \u00abpol\u00edticas de identidad\u00bb en lugar de la pol\u00edtica de clase. De este modo, no desafi\u00f3 con constancia las pol\u00edticas de privatizaci\u00f3n, y atribuy\u00f3 caracter\u00edsticas positivas al supuesto \u00abNuevo Orden Mundial\u00bb. Como se convirti\u00f3 cada vez m\u00e1s alienada de la lucha de clase, empez\u00f3 a apelar cada vez m\u00e1s a las organizaciones imperialistas como la Uni\u00f3n Europea y sus ramas en el movimiento sindicalista.<\/p>\n<p class=\"western\" style=\"margin-top: 0.64cm; margin-bottom: 0cm; line-height: 150%;\" align=\"JUSTIFY\">Alienaci\u00f3n de las objetivas revolucionarias y liberalizaci\u00f3n le caus\u00f3 a D\u0130SK perder la una parte importante de sus miembros. D\u0130SK pierde miembros hoy todav\u00eda, y el n\u00famero de los sindicatos afiliados con D\u0130SK que organizan luchas sinceras es desafortunadamente muy bajo. Hoy d\u00eda, D\u0130SK y la confederaci\u00f3n sindical izquierdista de los trabajadores p\u00fablicos, KESK, no llenan un espacio izquierdista en el movimiento sindical. Las voces libertar\u00edas de la coalici\u00f3n liberal-reaccionaria en nuestro pa\u00eds son lejos de dar esperanza a la clase obrera. Estas confederaciones se fuerzan para retirarse en tal nivel que, a pesar de los ataques grandiosos contra la clase obrera, prometen hacer nada m\u00e1s que demandar una nueva, democr\u00e1tica constituci\u00f3n.<\/p>\n<p class=\"western\" style=\"margin-top: 0.64cm; margin-bottom: 0cm; line-height: 150%;\" align=\"JUSTIFY\"><b>La segregaci\u00f3n sector<\/b><b>ial de la clase obrera<\/b><\/p>\n<p class=\"western\" style=\"margin-top: 0.64cm; margin-bottom: 0cm; line-height: 150%;\" align=\"JUSTIFY\">Ahora, podemos continuar con los cambios en la composici\u00f3n de la clase obrera en Turqu\u00eda en t\u00e9rminos de los sectores econ\u00f3micos. Esto no es solamente importante porque tiene que ver con los cambios sectoriales en el empleo de los trabajadores, sino tambi\u00e9n en t\u00e9rminos de los cambios en las formas de empleo.<\/p>\n<p class=\"western\" style=\"margin-top: 0.64cm; margin-bottom: 0cm; line-height: 150%;\" align=\"JUSTIFY\">Seg\u00fan el dato de TS\u0130, en 2010, 25 por ciento del empleo era en agricultura, 20 por ciento en industria, 6 por ciento en construcci\u00f3n y 49 por ciento en servicios. Mayor\u00eda de los trabajadores que est\u00e1n en trabajos industriales trabajan en industrias manufacturas, mientras que 15 por ciento son empleados en el sector comercial y 5 por ciento en restaurantes y el entretenimiento.<\/p>\n<p class=\"western\" style=\"margin-top: 0.64cm; margin-bottom: 0cm; line-height: 150%;\" align=\"JUSTIFY\">Las tendencias del cambio sectorial en desempleo en nuestro pa\u00eds se\u00f1ala al cambio dram\u00e1tico de la econom\u00eda y la sociedad turcas. Dos d\u00e9cadas atr\u00e1s, i.e. en 1990, 46.5 por ciento de los trabajadores se empleaban en agricultura, 15.8 por ciento en industria, 5.7 por ciento en construcci\u00f3n y 32 por ciento en servicios. En otras palabras, en un per\u00edodo de tiempo relativamente corto, el porcentaje de los que se emplean en agricultura se disminuy\u00f3 casi un medio, mientras que la cifra de los que trabajan en servicios aument\u00f3 dr\u00e1sticamente. Aunque el sector de construcci\u00f3n creci\u00f3 mucho en a\u00f1os, su parte en el empleo casi no ha cambiado en los \u00faltimos veinte a\u00f1os.<\/p>\n<p class=\"western\" style=\"margin-top: 0.64cm; margin-bottom: 0cm; line-height: 150%;\" align=\"JUSTIFY\">Trabajo informal se convirti\u00f3 una estrategia de reducci\u00f3n de costos para los capitalistas turcos. Seg\u00fan las cifras oficiales, hay 3 millones 535 miles de asalariados bajo trabajo informal en 2010, mientras que la cantidad total de de los asalariados es 13 millones 762 miles. En otras palabras, uno de los cuatro asalariados trabaja bajo contratos informales, sin ninguna seguridad de trabajo.<\/p>\n<p class=\"western\" style=\"margin-top: 0.64cm; margin-bottom: 0cm; line-height: 150%;\" align=\"JUSTIFY\">Otra vez, seg\u00fan las estad\u00edsticas oficiales, hay 3 millones 37 mil 447 obreros que se emplean en el sector p\u00fablico en Marzo 2011. Esta cifra corresponde al 13.31 por ciento del empleo total y 4.1 por ciento de la poblaci\u00f3n total. En t\u00e9rminos hist\u00f3ricos, durante los per\u00edodos del gobierno de AKP, la parte del sector p\u00fablico en el empleo se redujo de 15.2 por ciento en 2002 a 13.31 por ciento en 2011.<\/p>\n<p class=\"western\" style=\"margin-top: 0.64cm; margin-bottom: 0cm; line-height: 150%;\" align=\"JUSTIFY\">En general, trabajadores en el sector p\u00fablico se emplean bajo cinco estatutos diferentes: personal titular, personal contratado, personal temporal, trabajador permanente y trabajador temporal. Alrededor de 70 por ciento de los empleados p\u00fablicos (aproximadamente 2 millones) son empleados bajo la categor\u00eda de titularidad. Sin embargo, con la llamada \u00abReforma de Empleados P\u00fablicos\u00bb que se ha estado en la agenda por bastante tiempo ya, el gobierno tiene la intenci\u00f3n de mover la mayor\u00eda de estos personales titulares a la categor\u00eda de personal contratado. De hecho, la cifra de los empleados que trabajan con contrato se ha incrementado casi 100 por ciento desde Marzo 2007, a pesar del hecho de que su parte en el empleo total en el sector p\u00fablico es todav\u00eda baja (10.93 por ciento).<\/p>\n<p class=\"western\" lang=\"es-ES\" style=\"margin-top: 0.64cm; margin-bottom: 0cm; line-height: 150%;\" align=\"JUSTIFY\"><b>La condici\u00f3n de los trabajadores kurdos<\/b><\/p>\n<p class=\"western\" lang=\"es-ES\" style=\"margin-top: 0.64cm; margin-bottom: 0cm; line-height: 150%;\" align=\"JUSTIFY\">Desde los 1960, la migraci\u00f3n de las ciudades kurdas hacia especialmente las ciudades grandes en las regiones Egeo, Marmara y Mediterr\u00e1neo ha continuado. Antes de 1985, la mayor raz\u00f3n de la migraci\u00f3n era econ\u00f3mica, pero desde entonces las razones pol\u00edticas como la \u00abmigraci\u00f3n forzada\u00bb por la guerra se a\u00f1adieron a esto. Por lo tanto, a pesar de que la migraci\u00f3n de las ciudades kurdas al oeste es un fen\u00f3meno que ha continuado por las \u00faltimas cinco d\u00e9cadas, se aceler\u00f3 considerablemente desde los inicios de los 90. El cambio en los factores que causan migraci\u00f3n no han afectado mucho las consecuencias. La diferencia principal para la poblaci\u00f3n kurda tiene que ver mucho m\u00e1s con los cambios r\u00e1pidos en las condiciones de vida y trabajo en las ciudades a las cuales emigran.<\/p>\n<p class=\"western\" style=\"margin-top: 0.64cm; margin-bottom: 0cm; line-height: 150%;\" align=\"JUSTIFY\">Se debe subrayar que el car\u00e1cter de los trabajos que los emigrantes kurdos pueden encontrar est\u00e1 cambiando, como las condiciones de trabajar en las ciudades occidentales. Durante los a\u00f1os anteriores del movimiento de migraci\u00f3n, cuando los resultados de las polic\u00edas y pr\u00e1cticas neoliberales no hab\u00edan surgido en rienda suelta todav\u00eda, el trabajador kurdo emigrante generalmente podr\u00eda encontrar la oportunidad de empezar un trabajo aut\u00f3nomo, sin embargo informal, un trabajo como buhoner\u00eda o producci\u00f3n peque\u00f1a. Esta oportunidad o se ha eliminado casi totalmente o ha sido bastante marginal desde los 1980 hasta el per\u00edodo de AKP. Como informal, inseguro, subcontratado o temporal, en otras palabras at\u00edpico, el trabajo se convirti\u00f3 en la regla del d\u00eda, y tal formas de empleo ha sido el tipo dominante desde los primeros a\u00f1os de los 1990, los tipos de trabajo que los emigrantes kurdos pod\u00edan encontrar tambi\u00e9n han cambiado. Es decir, en lugar de localizarse en empleos urbanos marginales, los trabajadores kurdos se convirtieron una parte inseparable de la clase obrera en Turqu\u00eda. Por esta misma raz\u00f3n, los kurdos emigrantes se proletariariz\u00e1n mucho m\u00e1s r\u00e1pidamente comparado al ritmo de proletarizaci\u00f3n de los a\u00f1os anteriores de migraci\u00f3n. Sin embargo, esto no es un fen\u00f3meno completamente nuevo y peculiar, pero es una parte del cambio total de la clase obrera en Turqu\u00eda. Sin embargo, la diferencia cualitativa de las formas nuevas de proletarizaci\u00f3n de los procesos cl\u00e1sicos es otro tema de discusi\u00f3n.<\/p>\n<p class=\"western\" style=\"margin-top: 0.64cm; margin-bottom: 0cm; line-height: 150%;\" align=\"JUSTIFY\">La expansi\u00f3n de formas at\u00edpicas de empleo, el incremento gradual en la cantidad de los trabajadores en empleo informal, inseguro, subcontratado y temporal, es un fen\u00f3meno general. Mientras las secciones m\u00e1s din\u00e1micas de la clase obrera, que trata de diferentes maneras de lucha, son los que trabajan bajo tal condiciones de empleo y tambi\u00e9n los que afrontan la amenaza de inseguridad, los trabajadores kurdos tambi\u00e9n se han sido m\u00e1s visibles en varias experiencias de organizaci\u00f3n y lucha.<\/p>\n<p class=\"western\" style=\"margin-top: 0.64cm; margin-bottom: 0cm; line-height: 150%;\" align=\"JUSTIFY\">La cifra creciente de los trabajadores kurdos por migraci\u00f3n a las ciudades metropolitanas en el oeste o en ciudades grandes kurdas como Diyarbak\u0131r no se debilita, pero al rev\u00e9s; fortalece las ra\u00edces de clase del problema kurdo. Comparado con el per\u00edodo anterior, los kurdos proletarizados se convirtieron en personas m\u00e1s abiertas a la pol\u00edtica de clase aparte de las pol\u00edticas de identidad.<\/p>\n<p class=\"western\" lang=\"es-ES\" style=\"margin-top: 0.64cm; margin-bottom: 0cm; line-height: 150%;\" align=\"JUSTIFY\">Una especificaci\u00f3n importante que se debe anotar en relaci\u00f3n a los trabajadores kurdos es que los procesos de proletarizaci\u00f3n entre los pobres kurdos se aceleren &#8211; esto est\u00e1 por oposici\u00f3n con el tesis que reclama que la clase obrera en Turqu\u00eda \u00abse ha kurdizado\u00bb. Asimismo, una tierra de lucha nueva y com\u00fan de los trabajadores turcos y kurdos, que m\u00e1s y m\u00e1s son sujetos de formas informales, inseguras, subcontratadas y temporarias de empleo, se ha madurado a pesar de la debilidad relativa de las oportunidades de organizaci\u00f3n.<\/p>\n<p class=\"western\" style=\"margin-top: 0.64cm; margin-bottom: 0cm; line-height: 150%;\" align=\"JUSTIFY\">El autor es Miembro del Comit\u00e9 Central del Partido Comunista de Turqu\u00eda<\/p>\n<p class=\"western\" style=\"margin-top: 0.64cm; margin-bottom: 0cm; line-height: 150%;\" align=\"JUSTIFY\"><u><a href=\"http:\/\/www.iccr.gr\/site\/issue3\/sketches-on-the-condition-of-the-working-class-in-turkey.html#sdfootnote2anc\">2<\/a><\/u> Engels, F., \u201cThe Condition of the Working Class in England\u201d, en Collected Works, vol.4, Progress Publishers, Mosc\u00fa, 1975, p.297.<\/p>\n<p class=\"western\" style=\"margin-top: 0.64cm; margin-bottom: 0cm; line-height: 150%;\" align=\"JUSTIFY\"><u><a href=\"http:\/\/www.iccr.gr\/site\/issue3\/sketches-on-the-condition-of-the-working-class-in-turkey.html#sdfootnote3anc\">3<\/a><\/u> La definici\u00f3n amplia del desempleo tambi\u00e9n tiene que ver con los siguientes: los subempleados, los que no est\u00e1n activamente buscando un trabajo pero capaz de empezar a un trabajo y los trabajadores temporales. La tasa real de desempleo se calcula seg\u00fan la f\u00f3rmula siguiente: (el desempleado + el subempleado+ los que no est\u00e1n activamente buscando un trabajo pero que est\u00e1n capaz de empezar un trabajo + trabajadores temporales) \/ (la fuerza laboral + los que no est\u00e1n activamente buscando un trabajo pero capaz de empezar a un trabajo + trabajadores temporales.<\/p>\n<p class=\"western\" style=\"margin-top: 0.64cm; margin-bottom: 0cm; line-height: 150%;\" align=\"JUSTIFY\"><u><a href=\"http:\/\/www.iccr.gr\/site\/issue3\/sketches-on-the-condition-of-the-working-class-in-turkey.html#sdfootnote4anc\">4<\/a><\/u> Esta categor\u00eda incluye personas qeu est\u00e1n en la edad de trabajar, i.e. 15 a\u00f1os o m\u00e1s.<\/p>\n<p class=\"western\" style=\"margin-top: 0.64cm; margin-bottom: 0cm; line-height: 150%;\" align=\"JUSTIFY\"><u><a href=\"http:\/\/www.iccr.gr\/site\/issue3\/sketches-on-the-condition-of-the-working-class-in-turkey.html#sdfootnote5anc\">5<\/a><\/u> La categor\u00eda de subempleo incluye \u201cel subempleo relacionado al tiemp\u201d y \u201csubempleo inadecuado\u201d. El primero se describe como personas empleadas en la semana de referencia que han trabajado menos que 40 horas en total, a pesar de su buena disposici\u00f3n para trabajar m\u00e1s. El segundo se describe como personas empleadas en la semana de referencia pero que tambi\u00e9n est\u00e1n buscando otro trabajo para cambiar el presente o para un trabajo adicional en las \u00faltimas 4 semanas y que est\u00e1n disponibles para trabajar si encuentran.<\/p>\n<p class=\"western\" style=\"margin-top: 0.64cm; margin-bottom: 0cm; line-height: 150%;\" align=\"JUSTIFY\"><u><a href=\"http:\/\/www.iccr.gr\/site\/issue3\/sketches-on-the-condition-of-the-working-class-in-turkey.html#sdfootnote6anc\">6<\/a><\/u> Bastante interesante, los documentos oficiales de D\u0130SK en ingl\u00e9s se refieren a la organizaci\u00f3n como la Confederaci\u00f3n de Sindicatos \u201cProgresistas\u201d, a pesar del hecho de que su nombre es \u201cLa Confederaci\u00f3n de Sindicatos Revolucionarios\u201d en turco, que se puede traducir literalmente a ingl\u00e9s como la Confederaci\u00f3n de Sindicatos \u201cRevolucionarios\u201d.<\/p>\n<p class=\"western\" lang=\"es-ES\" style=\"margin-top: 0.64cm; margin-bottom: 0cm; line-height: 150%;\" align=\"JUSTIFY\">\n","protected":false},"excerpt":{"rendered":"<p class='MsoNormal' style='text-align: justify; text-justify: inter-ideograph;'>El autor, miembro del Partido Comunista de Turqu\u00eda, trata de proporcionar un esbozo sobre la clase obrera turca.<\/p>\n","protected":false},"author":9,"featured_media":2254,"comment_status":"open","ping_status":"open","sticky":false,"template":"","format":"standard","meta":{"footnotes":""},"categories":[3,29],"tags":[1124],"class_list":["post-2253","post","type-post","status-publish","format-standard","has-post-thumbnail","hentry","category-condiciones-de-vida","category-internacional","tag-turquia"],"aioseo_notices":[],"_links":{"self":[{"href":"https:\/\/espai-marx.net\/index.php?rest_route=\/wp\/v2\/posts\/2253","targetHints":{"allow":["GET"]}}],"collection":[{"href":"https:\/\/espai-marx.net\/index.php?rest_route=\/wp\/v2\/posts"}],"about":[{"href":"https:\/\/espai-marx.net\/index.php?rest_route=\/wp\/v2\/types\/post"}],"author":[{"embeddable":true,"href":"https:\/\/espai-marx.net\/index.php?rest_route=\/wp\/v2\/users\/9"}],"replies":[{"embeddable":true,"href":"https:\/\/espai-marx.net\/index.php?rest_route=%2Fwp%2Fv2%2Fcomments&post=2253"}],"version-history":[{"count":0,"href":"https:\/\/espai-marx.net\/index.php?rest_route=\/wp\/v2\/posts\/2253\/revisions"}],"wp:featuredmedia":[{"embeddable":true,"href":"https:\/\/espai-marx.net\/index.php?rest_route=\/wp\/v2\/media\/2254"}],"wp:attachment":[{"href":"https:\/\/espai-marx.net\/index.php?rest_route=%2Fwp%2Fv2%2Fmedia&parent=2253"}],"wp:term":[{"taxonomy":"category","embeddable":true,"href":"https:\/\/espai-marx.net\/index.php?rest_route=%2Fwp%2Fv2%2Fcategories&post=2253"},{"taxonomy":"post_tag","embeddable":true,"href":"https:\/\/espai-marx.net\/index.php?rest_route=%2Fwp%2Fv2%2Ftags&post=2253"}],"curies":[{"name":"wp","href":"https:\/\/api.w.org\/{rel}","templated":true}]}}