{"id":2260,"date":"2013-06-18T00:00:00","date_gmt":"2013-06-18T00:00:00","guid":{"rendered":"https:\/\/espai-marx.net\/?p=2260"},"modified":"2020-02-19T16:35:51","modified_gmt":"2020-02-19T15:35:51","slug":"entrevista-a-alejandro-andreassi-y-jose-luis-martin-ramos-sobre-la-pagina-web-construir-republica","status":"publish","type":"post","link":"https:\/\/espai-marx.net\/?p=2260","title":{"rendered":"Entrevista a Alejandro Andreassi y Jos\u00e9 Luis Mart\u00edn Ramos sobre la p\u00e1gina web \u201cConstruir Rep\u00fablica\u201d"},"content":{"rendered":"<p>Entrevistar a dos grandes historiadores siempre es un privilegio. Si estos, adem\u00e1s, son miembros de Espai Marx e impulsores, entre otros compa\u00f1eros y amigos, de una p\u00e1gina republicana-democr\u00e1tica que pinta mejor que bien el privilegio se convierte en un gran honor.<\/p>\n<p>***<\/p>\n<p><strong>Primero lo esencial: felicidades, una gran idea. Por ah\u00ed quer\u00eda empezar. Luego, algo no menos esencial y tan importante. \u00bfQu\u00e9 p\u00e1gina republicana es esa de la que se habla en corrillos comprometidos? \u00bfPor qu\u00e9 la hab\u00e9is levantado?<\/strong><\/p>\n<p>La p\u00e1gina surge como una iniciativa m\u00e1s de las muchas que se est\u00e1n produciendo actualmente en nuestro pa\u00eds para intentar debatir, reflexionar y contribuir a dar una respuesta a la profunda crisis, que no es s\u00f3lo econ\u00f3mica sino tambi\u00e9n claramente pol\u00edtica. Esa crisis ha desatado un cuestionamiento del sistema pol\u00edtico construido durante la Transici\u00f3n, y por lo tanto crece la necesidad de reflexionar sobre un nuevo proceso constituyente como las mismas p\u00e1ginas de Rebeli\u00f3n no muestran con frecuencia.<\/p>\n<p><strong>\u00bfQui\u00e9nes pueden o podr\u00e1n escribir en ella? \u00bfEn qu\u00e9 idiomas?<\/strong><\/p>\n<p>Todos aquellos interesados en participar en el debate que intentamos promover.<\/p>\n<p>En todas las lenguas oficiales peninsulares. Sin embargo, en aras de la solidaridad internacional, aceptar\u00edamos otras lenguas siempre y cuando dispongamos de la posibilidad de traducirlas a alguna de aquellas lenguas.<\/p>\n<p><strong>\u00bfC\u00f3mo se pueden incorporar los materiales en la p\u00e1gina? \u00bfEn qu\u00e9 materiales pens\u00e1is?<\/strong><\/p>\n<p>Pensamos en materiales que aborden la cuesti\u00f3n de la construcci\u00f3n republicana de los pueblos y naciones de Espa\u00f1a desde todos los \u00e1ngulos imaginables, ya que s\u00f3lo desde una amplia transversalidad podremos enriquecernos y enriquecer un debate que tambi\u00e9n puede ser propositivo, dependiendo de la coyuntura pol\u00edtica. Por lo tanto, y sin pretensi\u00f3n de exhaustividad, los aspectos de la econom\u00eda, la sociolog\u00eda, la ciencia pol\u00edtica, la geograf\u00eda y por supuesto la reflexi\u00f3n hist\u00f3rica y filos\u00f3fica, tanto desde la perspectiva del estudio especializado como desde el \u00e1ngulo ensay\u00edstico.<\/p>\n<p><strong>\u00bfQui\u00e9nes sois los promotores de esta interesante idea? \u00bfRecib\u00eds alguna ayuda institucional?<\/strong><\/p>\n<p>No recibimos ninguna ayuda institucional. Formamos parte de las m\u00faltiples iniciativas desde abajo que se est\u00e1n produciendo felizmente en la actualidad.<\/p>\n<p><strong>Hablando en serio, tocando realidad, con los m\u00ednimos idealismos posibles. Con la que est\u00e1 cayendo, \u00bfpens\u00e1is que tal como est\u00e1 el patio es posible una alternativa republicana en la Espa\u00f1a de hoy?<\/strong><\/p>\n<p>No s\u00f3lo posible sino necesaria, imprescindible. La crisis del r\u00e9gimen pol\u00edtico que sucede a la dictadura franquista, implica no s\u00f3lo la del bipartidismo de hecho que caracteriz\u00f3 a la Transici\u00f3n, sino tambi\u00e9n de la forma mon\u00e1rquica que preside al estado espa\u00f1ol. Es una crisis de legitimidad y representatividad, que la movilizaci\u00f3n popular actual contra las medidas del gobierno del PP en toda Espa\u00f1a, y el de CiU, en el caso de Catalu\u00f1a, se\u00f1ala en cada una de ellas, y que las diversas encuestas muestran como una tendencia sostenida, en la cual, ambos partidos PP y PSOE pierden votantes en una tendencia que no muestra inflexi\u00f3n alguna. La ciudadan\u00eda advierte que el sistema pol\u00edtico actual es incapaz de superar la crisis, ya que la acci\u00f3n de los dos grandes partidos ha consistido desde el comienzo de la misma en satisfacer los intereses m\u00e1s concentrados del capital multinacional y financiero, una crisis que en realidad ha sido vista por la elites dominantes como una oportunidad para eliminar conquistas sociales fundamentales para el bienestar de las clases subalternas. En esta coyuntura, la ciudadan\u00eda progresivamente visualiza que la instituci\u00f3n mon\u00e1rquica es inseparable del sistema que actualmente intenta gestionar la crisis. No s\u00f3lo por los esc\u00e1ndalos de corrupci\u00f3n que actualmente la salpican, sino tambi\u00e9n por su naturaleza b\u00e1sicamente antidemocr\u00e1tica.<\/p>\n<p><strong>Para vosotros, \u00bfqu\u00e9 significa ser republicano hoy?<\/strong><\/p>\n<p>En primer lugar, lo que siempre signific\u00f3: que nadie que detente poder no lo sea por otra raz\u00f3n que su elecci\u00f3n democr\u00e1tica y finita. Adem\u00e1s, ser hoy republicano significa defender un sistema pol\u00edtico en el cual sus ciudadanos no s\u00f3lo son depositarios de la soberan\u00eda sino que la ejercen permanentemente. Interviniendo cada uno de ellos equipotencialmente en los procesos de elaboraci\u00f3n y toma de decisiones, en los \u00e1mbitos de inter\u00e9s social, sobre todos los aspectos relacionados con la sociedad de la que forman parte. Cuya ejecuci\u00f3n es encargada a unos representantes obligados a dar cuenta de manera regular de sus acciones a sus representados, y revocables en cualquier momento por una mayor\u00eda de los miembros de la asamblea ciudadana. Resumiendo, hoy en d\u00eda ser republicano es declararse partidario de la democracia, as\u00ed sin m\u00e1s aditamentos.<\/p>\n<p><strong>La \u00faltima: \u00bfpens\u00e1is que es un posible alg\u00fan marco pol\u00edtico que permita una convivencia razonable de los diversos pueblos de Sefarad?<\/strong><\/p>\n<p>Identificar los marcos pol\u00edticos que permitan esa convivencia razonable forman parte de los objetivos del debate en esta p\u00e1gina. Decidir ahora cu\u00e1l es el m\u00e1s adecuado es, al menos, condicionar el mismo. S\u00f3lo se puede afirmar que entre los promotores de esta p\u00e1gina predominan quienes se manifiestan partidarios de una reorganizaci\u00f3n federal o confederal de los pueblos que integran el estado espa\u00f1ol, siempre en un marco republicano.<\/p>\n<p><strong>\u00bfQuer\u00e9is a\u00f1adir algo m\u00e1s?<\/strong><\/p>\n<p>Invitar a todos a participar en el blog <a href=\"http:\/\/www.constituirrepublica.org\/\">http:\/\/www.constituirrepublica.org\/<\/a><\/p>\n<p><strong>Gracias, aceptamos el reto. All\u00ed nos volvemos a ver.<\/strong><\/p>\n<p><strong>Fuente: <\/strong><a href=\"http:\/\/www.rebelion.org\/noticia.php?id=168941\">http:\/\/www.rebelion.org\/noticia.php?id=168941<\/a><\/p>\n<p>Salvador L\u00f3pez Arnal es miembro del Frente C\u00edvico Somos Mayor\u00eda y del CEMS (Centre d\u2019Estudis sobre els Movimients Socials de la Universitat Pompeu Fabra de Barcelona; director Jordi Mir Garcia)<\/p>\n","protected":false},"excerpt":{"rendered":"<p>La crisis del r\u00e9gimen sucesor de la dictadura franquista implica no s\u00f3lo al bipartidismo sino tambi\u00e9n a la forma mon\u00e1rquica<\/p>\n","protected":false},"author":9,"featured_media":2261,"comment_status":"open","ping_status":"open","sticky":false,"template":"","format":"standard","meta":{"footnotes":""},"categories":[14,13],"tags":[1033,1034],"class_list":["post-2260","post","type-post","status-publish","format-standard","has-post-thumbnail","hentry","category-democracia-republica","category-la-izquierda-a-debate","tag-alejandro-andreassi","tag-jose-luis-martin-ramos"],"aioseo_notices":[],"_links":{"self":[{"href":"https:\/\/espai-marx.net\/index.php?rest_route=\/wp\/v2\/posts\/2260","targetHints":{"allow":["GET"]}}],"collection":[{"href":"https:\/\/espai-marx.net\/index.php?rest_route=\/wp\/v2\/posts"}],"about":[{"href":"https:\/\/espai-marx.net\/index.php?rest_route=\/wp\/v2\/types\/post"}],"author":[{"embeddable":true,"href":"https:\/\/espai-marx.net\/index.php?rest_route=\/wp\/v2\/users\/9"}],"replies":[{"embeddable":true,"href":"https:\/\/espai-marx.net\/index.php?rest_route=%2Fwp%2Fv2%2Fcomments&post=2260"}],"version-history":[{"count":0,"href":"https:\/\/espai-marx.net\/index.php?rest_route=\/wp\/v2\/posts\/2260\/revisions"}],"wp:featuredmedia":[{"embeddable":true,"href":"https:\/\/espai-marx.net\/index.php?rest_route=\/wp\/v2\/media\/2261"}],"wp:attachment":[{"href":"https:\/\/espai-marx.net\/index.php?rest_route=%2Fwp%2Fv2%2Fmedia&parent=2260"}],"wp:term":[{"taxonomy":"category","embeddable":true,"href":"https:\/\/espai-marx.net\/index.php?rest_route=%2Fwp%2Fv2%2Fcategories&post=2260"},{"taxonomy":"post_tag","embeddable":true,"href":"https:\/\/espai-marx.net\/index.php?rest_route=%2Fwp%2Fv2%2Ftags&post=2260"}],"curies":[{"name":"wp","href":"https:\/\/api.w.org\/{rel}","templated":true}]}}