{"id":2270,"date":"2013-06-26T00:00:00","date_gmt":"2013-06-26T00:00:00","guid":{"rendered":"https:\/\/espai-marx.net\/?p=2270"},"modified":"2020-02-19T16:28:36","modified_gmt":"2020-02-19T15:28:36","slug":"discurso-de-nelson-mandela-el-26-de-julio-de-1991-en-el-38-aniversario-del-asalto-al-cuartel-moncada","status":"publish","type":"post","link":"https:\/\/espai-marx.net\/?p=2270","title":{"rendered":"Discurso de Nelson Mandela el 26 de julio de 1991 en el 38\u00ba aniversario del asalto al Cuartel Moncada."},"content":{"rendered":"<p lang=\"es-ES\" style=\"margin-top: 0.2cm; margin-bottom: 0cm; line-height: 150%;\" align=\"JUSTIFY\">\n<p lang=\"es-ES\" style=\"margin-top: 0.2cm; margin-bottom: 0cm; line-height: 150%;\" align=\"JUSTIFY\">Primer secretario del Partido Comunista, presidente del Consejo de Estado y del gobierno de Cuba, presidente de la rep\u00fablica socialista de Cuba, comandante en jefe Fidel Castro; Internacionalistas cubanos que tanto han hecho por la liberaci\u00f3n de nuestro continente; Pueblo cubano; camaradas y amigos:<\/p>\n<p lang=\"es-ES\" style=\"margin-top: 0.2cm; margin-bottom: 0cm; line-height: 150%;\" align=\"JUSTIFY\">Para m\u00ed es un gran placer y un honor encontrarme hoy aqu\u00ed, especialmente en un d\u00eda tan importante en la historia revolucionaria del pueblo cubano. Hoy Cuba conmemora el trig\u00e9simo octavo aniversario del asalto al cuartel Moncada. Sin el Moncada la expedici\u00f3n del Granma, la lucha en la Sierra Maestra y la extraordinaria victoria del 1ro de Enero de 1959 nunca habr\u00edan tenido lugar.<\/p>\n<p lang=\"es-ES\" style=\"margin-top: 0.2cm; margin-bottom: 0cm; line-height: 150%;\" align=\"JUSTIFY\">Hoy esta es la Cuba revolucionaria, la Cuba internacionalista, el pa\u00eds que tanto ha hecho por los pueblos de \u00c1frica.<\/p>\n<p lang=\"es-ES\" style=\"margin-top: 0.2cm; margin-bottom: 0cm; line-height: 150%;\" align=\"JUSTIFY\">Hace mucho tiempo que quer\u00edamos visitar su pa\u00eds y expresarles nuestros sentimientos acerca de la Revoluci\u00f3n. Cubana, y el papel desempe\u00f1ado por Cuba en \u00c1frica, en el \u00c1frica austral y en el mundo.<\/p>\n<p lang=\"es-ES\" style=\"margin-top: 0.2cm; margin-bottom: 0cm; line-height: 150%;\" align=\"JUSTIFY\">El pueblo cubano ocupa un lugar especial en el coraz\u00f3n de los pueblos de \u00c1frica. Los internacionalistas cubanos hicieron una contribuci\u00f3n a la independencia, la libertad y la justicia en \u00c1frica que no tiene paralelo por los principios y el desinter\u00e9s que la caracterizan.<\/p>\n<p lang=\"es-ES\" style=\"margin-top: 0.2cm; margin-bottom: 0cm; line-height: 150%;\" align=\"JUSTIFY\">Desde sus d\u00edas in\u00edciales la Revoluci\u00f3n Cubana ha sido una fuente de inspiraci\u00f3n para todos los pueblos amantes de la libertad.<\/p>\n<p lang=\"es-ES\" style=\"margin-top: 0.2cm; margin-bottom: 0cm; line-height: 150%;\" align=\"JUSTIFY\">Admiramos los sacrificios del pueblo cubano por mantener su independencia y soberan\u00eda ante la p\u00e9rfida campa\u00f1a imperialista orquestada para destruir los impresionantes logros alcanzados por la Revoluci\u00f3n Cubana.<\/p>\n<p lang=\"es-ES\" style=\"margin-top: 0.2cm; margin-bottom: 0cm; line-height: 150%;\" align=\"JUSTIFY\">Nosotros tambi\u00e9n queremos ser due\u00f1os de nuestro propio destino. Estamos decididos a lograr que el pueblo de Sud\u00e1frica forje su futuro y que contin\u00fae ejerciendo sus derechos democr\u00e1ticos a plenitud despu\u00e9s de la liberaci\u00f3n del apartheid. No queremos que la participaci\u00f3n popular cese cuando el apartheid haya desaparecido. Queremos que el momento mismo de la liberaci\u00f3n abra el camino a una democracia cada vez mayor.<\/p>\n<p lang=\"es-ES\" style=\"margin-top: 0.2cm; margin-bottom: 0cm; line-height: 150%;\" align=\"JUSTIFY\">Admiramos los logros de la Revoluci\u00f3n Cubana en la esfera de la asistencia social. Apreciamos c\u00f3mo se ha transformado de un pa\u00eds al que se le hab\u00eda impuesto el atraso a uno de cultura universal. Reconocemos los avances en los campos de la salud, la educaci\u00f3n y la ciencia.<\/p>\n<p lang=\"es-ES\" style=\"margin-top: 0.2cm; margin-bottom: 0cm; line-height: 150%;\" align=\"JUSTIFY\">Es mucho lo que podemos aprender de su experiencia. De modo particular nos conmueve la afirmaci\u00f3n del v\u00ednculo hist\u00f3rico con el continente africano y sus pueblos. Su invariable compromiso con la erradicaci\u00f3n sistem\u00e1tica del racismo no tiene paralelo.<\/p>\n<p lang=\"es-ES\" style=\"margin-top: 0.2cm; margin-bottom: 0cm; line-height: 150%;\" align=\"JUSTIFY\">Pero la lecci\u00f3n m\u00e1s importante que ustedes pueden ofrecemos es que no importa cu\u00e1les sean las adversidades, no importa cu\u00e1les sean las dificultades contra las que haya que luchar, \u00a1no puede haber jam\u00e1s claudicaci\u00f3n!<\/p>\n<p lang=\"es-ES\" style=\"margin-top: 0.2cm; margin-bottom: 0cm; line-height: 150%;\" align=\"JUSTIFY\">\u00a1Es un caso de libertad o muerte!<\/p>\n<p lang=\"es-ES\" style=\"margin-top: 0.2cm; margin-bottom: 0cm; line-height: 150%;\" align=\"JUSTIFY\">Yo s\u00e9 que su pa\u00eds atraviesa actualmente muchas dificultades, pero tenemos confianza en que el indoblegable pueblo cubano las vencer\u00e1 en la misma forma en que ha ayudado a otros pueblos a vencer las que afrontaban.<\/p>\n<p lang=\"es-ES\" style=\"margin-top: 0.2cm; margin-bottom: 0cm; line-height: 150%;\" align=\"JUSTIFY\">Sabemos que el esp\u00edritu revolucionario de hoy se inici\u00f3 hace mucho, y que ese esp\u00edritu se fue nutriendo del esfuerzo de los primeros combatientes por la libertad de Cuba y de hecho por la libertad de todos aquellos que sufren bajo el dominio imperialista.<\/p>\n<p lang=\"es-ES\" style=\"margin-top: 0.2cm; margin-bottom: 0cm; line-height: 150%;\" align=\"JUSTIFY\">Nosotros tambi\u00e9n hallamos inspiraci\u00f3n en la vida y ejemplo de Jos\u00e9 Mart\u00ed, quien no es solo un h\u00e9roe cubano y latinoamericano sino una figura justamente venerada por todos los que luchan por la libertad.<\/p>\n<p lang=\"es-ES\" style=\"margin-top: 0.2cm; margin-bottom: 0cm; line-height: 150%;\" align=\"JUSTIFY\">Tambi\u00e9n honramos al gran Che Guevara, cuyas haza\u00f1as revolucionarias \u2039incluso en nuestro continente\u2039 fueron de tal magnitud que ning\u00fan encargado de censura en la prisi\u00f3n nos las pudo ocultar. La vida del Che es una inspiraci\u00f3n para todo ser humano que ame la libertad. Siempre honraremos su memoria.<\/p>\n<p lang=\"es-ES\" style=\"margin-top: 0.2cm; margin-bottom: 0cm; line-height: 150%;\" align=\"JUSTIFY\">Hemos venido aqu\u00ed con gran humildad. Hemos venido aqu\u00ed con gran emoci\u00f3n. Hemos venido aqu\u00ed conscientes de la gran deuda que hay con el pueblo de Cuba. \u00bfQu\u00e9 otro pa\u00eds puede mostrar una historia de mayor desinter\u00e9s que la que ha exhibido Cuba en sus relaciones con \u00c1frica?<\/p>\n<p lang=\"es-ES\" style=\"margin-top: 0.2cm; margin-bottom: 0cm; line-height: 150%;\" align=\"JUSTIFY\">\u00bfCu\u00e1ntos pa\u00edses del mundo se benefician de la obra de los trabajadores de la salud y los educadores cubanos?<\/p>\n<p lang=\"es-ES\" style=\"margin-top: 0.2cm; margin-bottom: 0cm; line-height: 150%;\" align=\"JUSTIFY\">\u00bfCu\u00e1ntos de ellos se encuentran en \u00c1frica?<\/p>\n<p lang=\"es-ES\" style=\"margin-top: 0.2cm; margin-bottom: 0cm; line-height: 150%;\" align=\"JUSTIFY\">\u00bfD\u00f3nde est\u00e1 el pa\u00eds que haya solicitado la ayuda de Cuba y que le haya sido negada?<\/p>\n<p lang=\"es-ES\" style=\"margin-top: 0.2cm; margin-bottom: 0cm; line-height: 150%;\" align=\"JUSTIFY\">\u00bfCu\u00e1ntos pa\u00edses amenazados por el imperialismo o que luchan por su liberaci\u00f3n nacional han podido contar con el apoyo de Cuba?<\/p>\n<p lang=\"es-ES\" style=\"margin-top: 0.2cm; margin-bottom: 0cm; line-height: 150%;\" align=\"JUSTIFY\">Yo me encontraba en prisi\u00f3n cuando por primera vez me enter\u00e9 de la ayuda masiva que las fuerzas internacionalistas cubanas le estaban dando al pueblo de Angola, en una escala tal que nos era dif\u00edcil creerlo, cuando los angolanos se vieron atacados en forma combinada por las tropas sudafricanas, el FNLA financiado por la CIA, los mercenarios y las fuerzas de la UNITA y de Zaire en 1975.<\/p>\n<p lang=\"es-ES\" style=\"margin-top: 0.2cm; margin-bottom: 0cm; line-height: 150%;\" align=\"JUSTIFY\">Nosotros en \u00c1frica estamos acostumbrados a ser v\u00edctimas de otros pa\u00edses que quieren desgajar nuestro territorio o subvertir nuestra soberan\u00eda. En la historia de \u00c1frica no existe otro caso de un pueblo que se haya alzado en defensa de uno de nosotros.<\/p>\n<p lang=\"es-ES\" style=\"margin-top: 0.2cm; margin-bottom: 0cm; line-height: 150%;\" align=\"JUSTIFY\">Sabemos tambi\u00e9n que esta fue una acci\u00f3n popular en Cuba. Sabemos que aquellos que lucharon y murieron en Angola fueron solo una peque\u00f1a parte de los que se ofrecieron como voluntarios. Para el pueblo cubano, el internacionalismo no es simplemente una palabra, sino algo que hemos visto puesto en pr\u00e1ctica en beneficio de grandes sectores de la humanidad.<\/p>\n<p lang=\"es-ES\" style=\"margin-top: 0.2cm; margin-bottom: 0cm; line-height: 150%;\" align=\"JUSTIFY\">Sabemos que las fuerzas cubanas estaban dispuestas a retirarse poco despu\u00e9s de repeler la invasi\u00f3n de 1975, pero las continuas agresiones de Pretoria hicieron que esto fuera imposible.<\/p>\n<p lang=\"es-ES\" style=\"margin-top: 0.2cm; margin-bottom: 0cm; line-height: 150%;\" align=\"JUSTIFY\">La presencia de ustedes y el refuerzo enviado para la batalla de Cuito Cuanavale tienen una importancia verdaderamente hist\u00f3rica.<\/p>\n<p lang=\"es-ES\" style=\"margin-top: 0.2cm; margin-bottom: 0cm; line-height: 150%;\" align=\"JUSTIFY\">\u00a1La aplastante derrota del ej\u00e9rcito racista en Cuito Cuanavale constituy\u00f3 una victoria para toda \u00c1frica!<\/p>\n<p lang=\"es-ES\" style=\"margin-top: 0.2cm; margin-bottom: 0cm; line-height: 150%;\" align=\"JUSTIFY\">\u00a1Esa contundente derrota del ej\u00e9rcito racista en Cuito Cuanavale dio la posibilidad a Angola de disfrutar de la paz y consolidar su propia soberan\u00eda!<\/p>\n<p lang=\"es-ES\" style=\"margin-top: 0.2cm; margin-bottom: 0cm; line-height: 150%;\" align=\"JUSTIFY\">\u00a1La derrota del ej\u00e9rcito racista le permiti\u00f3 al pueblo combatiente de Namibia alcanzar finalmente su independencia!<\/p>\n<p lang=\"es-ES\" style=\"margin-top: 0.2cm; margin-bottom: 0cm; line-height: 150%;\" align=\"JUSTIFY\">\u00a1La decisiva derrota de las fuerzas agresoras del apartheid destruy\u00f3 el mito de la invencibilidad del opresor blanco!<\/p>\n<p lang=\"es-ES\" style=\"margin-top: 0.2cm; margin-bottom: 0cm; line-height: 150%;\" align=\"JUSTIFY\">\u00a1La derrota del ej\u00e9rcito del apartheid sirvi\u00f3 de inspiraci\u00f3n al pueblo combatiente de Sud\u00e1frica!<\/p>\n<p lang=\"es-ES\" style=\"margin-top: 0.2cm; margin-bottom: 0cm; line-height: 150%;\" align=\"JUSTIFY\">\u00a1Sin la derrota infligida en Cuito Cuanavale nuestras organizaciones no hubieran sido legalizadas!<\/p>\n<p lang=\"es-ES\" style=\"margin-top: 0.2cm; margin-bottom: 0cm; line-height: 150%;\" align=\"JUSTIFY\">\u00a1La derrota del ej\u00e9rcito racista en Cuito Cuanavale hizo posible que hoy yo pueda estar aqu\u00ed con ustedes!<\/p>\n<p lang=\"es-ES\" style=\"margin-top: 0.2cm; margin-bottom: 0cm; line-height: 150%;\" align=\"JUSTIFY\">\u00a1Cuito Cuanavale marca un hito en la historia de la lucha por la liberaci\u00f3n del \u00c1frica austral!<\/p>\n<p lang=\"es-ES\" style=\"margin-top: 0.2cm; margin-bottom: 0cm; line-height: 150%;\" align=\"JUSTIFY\">\u00a1Cuito Cuanavale marca un viraje en la lucha por librar al continente y a nuestro pa\u00eds del azote del apartheid!<\/p>\n<p lang=\"es-ES\" style=\"margin-top: 0.2cm; margin-bottom: 0cm; line-height: 150%;\" align=\"JUSTIFY\">El apartheid no es algo que haya comenzado ayer. Los or\u00edgenes de la dominaci\u00f3n racista blanca se remontan tres siglos y medio, al momento en que los primeros colonos blancos iniciaron el proceso de divisi\u00f3n y posterior conquista de los Khoi, los San y otros pueblos africanos: los habitantes originarios de nuestro pa\u00eds.<\/p>\n<p lang=\"es-ES\" style=\"margin-top: 0.2cm; margin-bottom: 0cm; line-height: 150%;\" align=\"JUSTIFY\">El proceso de conquista, desde su comienzo, engendr\u00f3 una serie de guerras de resistencia, las que a su vez generaron nuestra guerra de liberaci\u00f3n nacional. Luchando con grandes desventajas, los pueblos africanos trataron de defender sus tierras. Pero la base material y la resultante fuerza militar de los agresores coloniales llevaron a los divididos reinos y jefes tribales a la derrota.<\/p>\n<p lang=\"es-ES\" style=\"margin-top: 0.2cm; margin-bottom: 0cm; line-height: 150%;\" align=\"JUSTIFY\">Esta tradici\u00f3n de resistencia a\u00fan pervive y sirve de inspiraci\u00f3n a nuestra lucha actual. Nosotros honramos la figura del gran profeta y guerrero Makana, que muri\u00f3 tratando de escapar de la prisi\u00f3n de la Isla Robben en 1819; de Hintsa, Sekhukhune, Dingane, Moshoeshoe, Bambatha y otros h\u00e9roes de la resistencia ante la conquista colonial.<\/p>\n<p lang=\"es-ES\" style=\"margin-top: 0.2cm; margin-bottom: 0cm; line-height: 150%;\" align=\"JUSTIFY\">Fue con estos antecedentes de captura de territorios y conquistas que se cre\u00f3 la Uni\u00f3n Sudafricana en 1910. Para apariencias externas, Sud\u00e1frica se convirti\u00f3 en un estado independiente, pero en realidad los conquistadores brit\u00e1nicos entregaron el poder a los blancos que se hab\u00edan establecido en el pa\u00eds. As\u00ed la nueva Uni\u00f3n Sudafricana pudo formalizar la opresi\u00f3n racial y la explotaci\u00f3n econ\u00f3mica de los negros.<\/p>\n<p lang=\"es-ES\" style=\"margin-top: 0.2cm; margin-bottom: 0cm; line-height: 150%;\" align=\"JUSTIFY\">Despu\u00e9s de creada la Uni\u00f3n, la adopci\u00f3n de la Ley de Territorios \u2039encaminada a legalizar las apropiaciones del siglo XIX\u2039 aceler\u00f3 el proceso que conducir\u00eda a la constituci\u00f3n del Congreso Nacional africano el 8 de junio de 1912.<\/p>\n<p lang=\"es-ES\" style=\"margin-top: 0.2cm; margin-bottom: 0cm; line-height: 150%;\" align=\"JUSTIFY\">No voy a recontarles la historia del ANC. Baste decir que los 80 a\u00f1os de nuestra existencia han sido testigos de la evoluci\u00f3n del ANC desde sus inicios, cuando procuraba unir a los pueblos africanos, hasta convertirse en la fuerza principal en la lucha de las masas oprimidas por acabar con el racismo y fundar un estado no racial, no sexista y democr\u00e1tico.<\/p>\n<p lang=\"es-ES\" style=\"margin-top: 0.2cm; margin-bottom: 0cm; line-height: 150%;\" align=\"JUSTIFY\">Su militancia se ha transformado de un peque\u00f1o grupo inicial de profesionales y jefes, etc\u00e9tera, a una verdadera organizaci\u00f3n de masas populares.<\/p>\n<p lang=\"es-ES\" style=\"margin-top: 0.2cm; margin-bottom: 0cm; line-height: 150%;\" align=\"JUSTIFY\">Sus objetivos han evolucionado de la simple b\u00fasqueda de mejoras para la poblaci\u00f3n africana, a buscar en cambio la transformaci\u00f3n fundamental de toda Sud\u00e1frica en un estado democr\u00e1tico para todas.<\/p>\n<p lang=\"es-ES\" style=\"margin-top: 0.2cm; margin-bottom: 0cm; line-height: 150%;\" align=\"JUSTIFY\">Los m\u00e9todos para lograr sus objetivos de mayor alcance han adquirido a trav\u00e9s de los a\u00f1os un mayor car\u00e1cter de masas, lo que se refleja en la creciente participaci\u00f3n popular dentro del ANC y en las campa\u00f1as encabezadas por el ANC.<\/p>\n<p lang=\"es-ES\" style=\"margin-top: 0.2cm; margin-bottom: 0cm; line-height: 150%;\" align=\"JUSTIFY\">En ocasiones, algunos se\u00f1alan que los prop\u00f3sitos iniciales del ANC y su composici\u00f3n original eran los de una organizaci\u00f3n reformista. La verdad es que desde su nacimiento el ANC era portador de profundas implicaciones revolucionarias. La formaci\u00f3n del ANC fue el primer paso hacia la creaci\u00f3n de una nueva naci\u00f3n sudafricana. Con el tiempo ese concepto se desarroll\u00f3 hasta encontrar una clara expresi\u00f3n \u2039hace 36 a\u00f1os\u2039 en la declaraci\u00f3n de la Carta de la Libertad, donde se expresa que \u201cSud\u00e1frica pertenece a todas los que en ella viven, tanto negros como blancos\u201d. Esta constituy\u00f3 un rechazo inequ\u00edvoco al estado racista que exist\u00eda y la afirmaci\u00f3n de la \u00fanica alternativa que nos resulta aceptable, una donde el racismo y sus estructuras sean finalmente liquidados.<\/p>\n<p lang=\"es-ES\" style=\"margin-top: 0.2cm; margin-bottom: 0cm; line-height: 150%;\" align=\"JUSTIFY\">Es bien sabido que la respuesta del estado a nuestras leg\u00edtimas demandas democr\u00e1ticas fue, entre otras, la de acusar a nuestra dirigencia de traici\u00f3n y realizar a comienzos de los a\u00f1os 60 masacres indiscriminadas. Estos hechos y la proscripci\u00f3n de nuestra organizaci\u00f3n nos dej\u00f3 sin otro camino que el de hacer lo que ha hecho cualquier pueblo que se respete a s\u00ed mismo \u2039incluido el cubano-, es decir, levantarnos en armas para reconquistar nuestro pa\u00eds de manos de los racistas.<\/p>\n<p lang=\"es-ES\" style=\"margin-top: 0.2cm; margin-bottom: 0cm; line-height: 150%;\" align=\"JUSTIFY\">Debo decir que cuando quisimos alzamos en armas nos acercamos a numerosos gobiernos occidentales en busca de ayuda y solo obtuvimos audiencia con ministros de muy bajo rango. Cuando visitamos Cuba fuimos recibidos por los m\u00e1s altos funcionarios, quienes de inmediato nos ofrecieron todo lo que quer\u00edamos y necesit\u00e1bamos. Esa fue nuestra primera experiencia con el internacionalismo de Cuba.<\/p>\n<p lang=\"es-ES\" style=\"margin-top: 0.2cm; margin-bottom: 0cm; line-height: 150%;\" align=\"JUSTIFY\">Aunque nos alzamos en armas, no fue esa la opci\u00f3n de nuestra preferencia. Fue el r\u00e9gimen del apartheid el que nos oblig\u00f3 a tomar las armas. Nuestra opci\u00f3n preferida siempre ha sido la de encontrar una soluci\u00f3n pac\u00edfica al conflicto del apartheid.<\/p>\n<p lang=\"es-ES\" style=\"margin-top: 0.2cm; margin-bottom: 0cm; line-height: 150%;\" align=\"JUSTIFY\">La lucha combinada de nuestro pueblo dentro del pa\u00eds, as\u00ed como la creciente batalla internacional contra el apartheid durante la d\u00e9cada del 80 abrieron la posibilidad de una soluci\u00f3n negociada a dicho conflicto. La decisiva derrota infligida en Cuito Cuanavale alter\u00f3 la correlaci\u00f3n de fuerzas en la regi\u00f3n y redujo considerablemente la capacidad del r\u00e9gimen de Pretoria de desestabilizar a sus vecinos. Este hecho, conjuntamente con la lucha de nuestro pueblo dentro del pa\u00eds, fue crucial para hacer entender a Pretoria que ten\u00eda que sentarse a la mesa de negociaciones.<\/p>\n<p lang=\"es-ES\" style=\"margin-top: 0.2cm; margin-bottom: 0cm; line-height: 150%;\" align=\"JUSTIFY\">Fue el ANC el que inici\u00f3 el actual proceso de paz que esperamos conduzca a una transferencia negociada del poder al pueblo.<\/p>\n<p lang=\"es-ES\" style=\"margin-top: 0.2cm; margin-bottom: 0cm; line-height: 150%;\" align=\"JUSTIFY\">No hemos iniciado este proceso con objetivos distintos de los que busc\u00e1bamos obtener mediante la lucha armada. Nuestras metas contin\u00faan siendo las de alcanzar las demandas contenidas en la Carta de la Libertad y no nos vamos a conformar con menos.<\/p>\n<p lang=\"es-ES\" style=\"margin-top: 0.2cm; margin-bottom: 0cm; line-height: 150%;\" align=\"JUSTIFY\">Ning\u00fan proceso de negociaci\u00f3n puede tener \u00e9xito hasta que el r\u00e9gimen del apartheid comprenda que no habr\u00e1 paz a menos que haya libertad y que no vamos a ceder en una sola de nuestras justas demandas. Deben comprender que no aceptaremos ning\u00fan proyecto constitucional que pretenda mantener los privilegios de los blancos.<\/p>\n<p lang=\"es-ES\" style=\"margin-top: 0.2cm; margin-bottom: 0cm; line-height: 150%;\" align=\"JUSTIFY\">Tenemos motivos para pensar que a\u00fan no hemos logrado que el gobierno entienda esta posici\u00f3n y les advertimos que si no escuchan tendremos que usar nuestra fuerza para convencerlos.<\/p>\n<p lang=\"es-ES\" style=\"margin-top: 0.2cm; margin-bottom: 0cm; line-height: 150%;\" align=\"JUSTIFY\">Esa fuerza es la fuerza del pueblo y en \u00faltima instancia sabemos que las masas no solo exigir\u00e1n sino que ganar\u00e1n sus plenos derechos en una Sud\u00e1frica no racista, no sexista y democr\u00e1tica.<\/p>\n<p lang=\"es-ES\" style=\"margin-top: 0.2cm; margin-bottom: 0cm; line-height: 150%;\" align=\"JUSTIFY\">Pero nosotros no buscamos solamente una meta en particular, proponemos una v\u00eda espec\u00edfica para lograr esa meta, una v\u00eda que supone la participaci\u00f3n del pueblo en todo momento. No queremos un proceso que conduzca a un acuerdo ajeno al pueblo y donde su papel sea meramente el de aplaudir.<\/p>\n<p lang=\"es-ES\" style=\"margin-top: 0.2cm; margin-bottom: 0cm; line-height: 150%;\" align=\"JUSTIFY\">El gobierno resiste esto a toda costa porque la cuesti\u00f3n de c\u00f3mo se hace una constituci\u00f3n y c\u00f3mo se llevan a cabo las negociaciones est\u00e1 \u00edntimamente vinculada a si el resultado es o no es democr\u00e1tico.<\/p>\n<p lang=\"es-ES\" style=\"margin-top: 0.2cm; margin-bottom: 0cm; line-height: 150%;\" align=\"JUSTIFY\">El actual gobierno quiere permanecer en el poder durante todo el proceso de transici\u00f3n. Nuestra opini\u00f3n es que eso es inaceptable. Los prop\u00f3sitos del gobierno en las negociaciones son claros. No podemos permitirle que utilice sus poderes como gobierno para favorecer su propia causa y la de sus aliados ni que utilice esos mismos poderes para debilitar al ANC.<\/p>\n<p lang=\"es-ES\" style=\"margin-top: 0.2cm; margin-bottom: 0cm; line-height: 150%;\" align=\"JUSTIFY\">Y esto es exactamente lo que est\u00e1n haciendo. Legalizaron al ANC, pero tenemos que trabajar en condiciones muy diferentes a las de otras organizaciones. No disfrutamos de la misma libertad de organizaci\u00f3n como el Inkatha y otras organizaciones aliadas al r\u00e9gimen del apartheid. Nuestros miembros se ven hostigados y son incluso asesinados. A menudo se nos impide efectuar reuniones y manifestaciones.<\/p>\n<p lang=\"es-ES\" style=\"margin-top: 0.2cm; margin-bottom: 0cm; line-height: 150%;\" align=\"JUSTIFY\">Creemos que el proceso de transici\u00f3n debe ser controlado por un gobierno capaz y que tenga adem\u00e1s la voluntad de crear y mantener las condiciones propicias para la libre actividad pol\u00edtica. Un gobierno que act\u00fae con vistas a asegurar que la transici\u00f3n sea para crear una verdadera democracia y nada menos.<\/p>\n<p lang=\"es-ES\" style=\"margin-top: 0.2cm; margin-bottom: 0cm; line-height: 150%;\" align=\"JUSTIFY\">El actual gobierno se ha mostrado bastante renuente o incapaz de crear un clima propicio para las negociaciones. Se retracta de los acuerdos tomados para la liberaci\u00f3n de los prisioneros pol\u00edticos y para permitir el regreso de los exiliados. Recientemente ha permitido que se d\u00e9 una situaci\u00f3n en la que un verdadero reino de terror y violencia se desata contra las comunidades africanas y contra el ANC como organizaci\u00f3n.<\/p>\n<p lang=\"es-ES\" style=\"margin-top: 0.2cm; margin-bottom: 0cm; line-height: 150%;\" align=\"JUSTIFY\">En esa ola de violencia han sido asesinadas 10 mil personas desde 1984, 2 mil de ellas solo en lo que va del a\u00f1o. Siempre hemos dicho que este gobierno que se vanagloria de sus fuerzas policiales profesionales es perfectamente capaz de poner fin a la violencia y juzgar a los culpables. Pero no solo no muestra ninguna voluntad de hacerlo sino que ahora tenemos pruebas irrefutables \u2039que han sido publicadas en la prensa independiente\u2039 de su complicidad con la violencia.<\/p>\n<p lang=\"es-ES\" style=\"margin-top: 0.2cm; margin-bottom: 0cm; line-height: 150%;\" align=\"JUSTIFY\">La violencia se ha utilizado en un intento sistem\u00e1tico de fortalecer a Inkatha como un aliado potencial del Partido Nacional. Ahora contamos con pruebas que evidencian la entrega de fondos por el gobierno a Inkatha, dinero que proviene de los contribuyentes.<\/p>\n<p lang=\"es-ES\" style=\"margin-top: 0.2cm; margin-bottom: 0cm; line-height: 150%;\" align=\"JUSTIFY\">Todo esto indica la necesidad de crear un gobierno interino de unidad nacional que presida la transici\u00f3n. Necesitamos un gobierno que goce de la confianza de amplios sectores populares para que gobierne durante ese delicado per\u00edodo, para asegurar que los contrarrevolucionarios no puedan alterar el proceso y garantizar que la elaboraci\u00f3n de la constituci\u00f3n se lleve adelante en un clima libre de represi\u00f3n, intimidaci\u00f3n y miedo.<\/p>\n<p lang=\"es-ES\" style=\"margin-top: 0.2cm; margin-bottom: 0cm; line-height: 150%;\" align=\"JUSTIFY\">Creemos que la constituci\u00f3n misma debe ser elaborada en la forma m\u00e1s democr\u00e1tica posible. En nuestra opini\u00f3n la mejor forma de lograrlo es a trav\u00e9s de la elecci\u00f3n de representantes a una asamblea constituyente con mandato para elaborar un proyecto de constituci\u00f3n. Hay organizaciones que retan al ANC cuando afirma ser la organizaci\u00f3n m\u00e1s representativa del pa\u00eds. Si no es cierto, que demuestren su apoyo popular en las urnas electorales.<\/p>\n<p lang=\"es-ES\" style=\"margin-top: 0.2cm; margin-bottom: 0cm; line-height: 150%;\" align=\"JUSTIFY\">Para asegurar que las masas populares queden incluidas en este proceso estamos distribuyendo y discutiendo nuestras propias propuestas constitucionales y un proyecto de carta de derechos. Queremos que estas sean discutidas en todas las estructuras de nuestra alianza, es decir, el ANC, el Partido Comunista Sudafricano y el Congreso de Sindicatos Sudafricanos, as\u00ed como por el pueblo en general. De ese modo cuando el pueblo vote por el ANC para que la represente en una asamblea constituyente, sabr\u00e1 no solo lo que el ANC defiende en l\u00edneas generales, sino qu\u00e9 tipo de constituci\u00f3n queremos. Naturalmente estas propuestas constitucionales est\u00e1n sujetas a revisi\u00f3n sobre la base de consultas con nuestros miembros, con el resto de la alianza y con el pueblo en general. Queremos lograr una constituci\u00f3n que reciba amplio apoyo, lealtad y respeto. Eso solo puede lograrse si vamos realmente a las masas populares.<\/p>\n<p lang=\"es-ES\" style=\"margin-top: 0.2cm; margin-bottom: 0cm; line-height: 150%;\" align=\"JUSTIFY\">A fin de impedir estas justas demandas, se han hecho varios intentos para minar y desestabilizar al ANC. La violencia es el m\u00e1s grave de esos intentos, pero hay otros m\u00e9todos m\u00e1s insidiosos. En la actualidad, tanto en la prensa como entre nuestros adversarios pol\u00edticos y muchos gobiernos occidentales, existe una obsesi\u00f3n con nuestra alianza al Partido Comunista Sudafricano.<\/p>\n<p lang=\"es-ES\" style=\"margin-top: 0.2cm; margin-bottom: 0cm; line-height: 150%;\" align=\"JUSTIFY\">La prensa constantemente publica especulaciones sobre el n\u00famero de comunistas que integran nuestro ejecutiva nacional y aducen, que estamos, siendo dirigidos por el Partido Comunista.<\/p>\n<p lang=\"es-ES\" style=\"margin-top: 0.2cm; margin-bottom: 0cm; line-height: 150%;\" align=\"JUSTIFY\">El ANC no es un partido comunista sino un amplio movimiento de liberaci\u00f3n que entre sus miembros incluye a comunistas y a otros que no lo son. Cualquier persona que sea miembro leal del ANC, y que acepte la disciplina y los principios de la organizaci\u00f3n, tiene el derecho de pertenecer a sus filas.<\/p>\n<p lang=\"es-ES\" style=\"margin-top: 0.2cm; margin-bottom: 0cm; line-height: 150%;\" align=\"JUSTIFY\">Nuestra relaci\u00f3n con el Partido Comunista Sudafricano como organizaci\u00f3n se basa en el respeto mutuo. Nos unimos con el Partido Comunista Sudafricano en torno a aquellos objetivos que nos son comunes, pero respetamos la independencia de cada uno y su identidad individual. No ha habido intento alguno por parte del Partido Comunista Sudafricano de subvertir al ANC. Por el contrario, derivamos fuerza de esa alianza.<\/p>\n<p lang=\"es-ES\" style=\"margin-top: 0.2cm; margin-bottom: 0cm; line-height: 150%;\" align=\"JUSTIFY\">No tenemos la m\u00e1s m\u00ednima intenci\u00f3n de hacerles caso a aquellos que nos sugieren y aconsejan que rompamos esa alianza. \u00bfQui\u00e9nes son los que ofrecen estos consejos no solicitados? Provienen mayormente de los que nunca nos han dado ayuda alguna. Ninguno de esos consejeros ha hecho jam\u00e1s los sacrificios que han hecho los comunistas por nuestra lucha. Esa alianza nos ha fortalecido y la haremos a\u00fan m\u00e1s estrecha.<\/p>\n<p lang=\"es-ES\" style=\"margin-top: 0.2cm; margin-bottom: 0cm; line-height: 150%;\" align=\"JUSTIFY\">Nos encontramos en una fase de nuestra lucha en la que ya se avizora la victoria. Pero tenemos que asegurar que esa victoria no nos sea arrebatada. Tenemos que asegurar que el r\u00e9gimen racista sienta el m\u00e1ximo de presi\u00f3n hasta el final para que comprenda que tiene que ceder, que el camino hacia la paz, la libertad y la democracia es irresistible.<\/p>\n<p lang=\"es-ES\" style=\"margin-top: 0.2cm; margin-bottom: 0cm; line-height: 150%;\" align=\"JUSTIFY\">Por eso deben mantenerse las sanciones. No es este el momento de premiar al r\u00e9gimen del apartheid. \u00bfPor qu\u00e9 habr\u00eda de premi\u00e1rsele por derogar leyes reconocidas como un delito internacional? El apartheid a\u00fan existe. Hay que obligar al r\u00e9gimen a que lo elimine. Y solo cuando ese proceso sea irreversible podremos comenzar a pensar en disminuir las presiones.<\/p>\n<p lang=\"es-ES\" style=\"margin-top: 0.2cm; margin-bottom: 0cm; line-height: 150%;\" align=\"JUSTIFY\">Estamos hondamente preocupados por la actitud que la administraci\u00f3n Bush ha adoptado con respecto a este asunto. Ese fue uno de los pocos gobiernos que estuvo en contacto habitual con nosotros para examinar la cuesti\u00f3n de las sanciones y le hicimos ver claramente que eliminar las sanciones ser\u00eda prematuro. Sin embargo esa administraci\u00f3n, sin siquiera consultarnos, sencillamente nos inform\u00f3 que las sanciones norteamericanas iban a ser anuladas. Consideramos que eso es totalmente inaceptable.<\/p>\n<p lang=\"es-ES\" style=\"margin-top: 0.2cm; margin-bottom: 0cm; line-height: 150%;\" align=\"JUSTIFY\">Es en este contexto que valoramos muy, muy hondamente nuestra amistad con Cuba. Cuando usted, compa\u00f1ero Fidel, dijo ayer que nuestra causa es la causa de ustedes, yo s\u00e9 que ese sentimiento surge del fondo de su coraz\u00f3n y que es el sentimiento de todo el pueblo de Cuba revolucionaria.<\/p>\n<p lang=\"es-ES\" style=\"margin-top: 0.2cm; margin-bottom: 0cm; line-height: 150%;\" align=\"JUSTIFY\">Estamos unidos porque nuestras organizaciones, el Partido Comunista de Cuba y el ANC, luchan en defensa de las masas oprimidas, para que aquellos que crean las riquezas obtengan sus frutos. Su gran ap\u00f3stol Jos\u00e9 Mart\u00ed dijo: \u201cCon los pobres de la tierra quiero yo mi suerte echar\u201d.<\/p>\n<p lang=\"es-ES\" style=\"margin-top: 0.2cm; margin-bottom: 0cm; line-height: 150%;\" align=\"JUSTIFY\">Nosotros en el ANC siempre estaremos del lado de los pobres y sin derechos.<\/p>\n<p lang=\"es-ES\" style=\"margin-top: 0.2cm; margin-bottom: 0cm; line-height: 150%;\" align=\"JUSTIFY\">No solamente estaremos junto a ellos. Vamos a asegurarnos de que m\u00e1s temprano que tarde los pobres y sin derechos rijan la tierra en que nacieron y que \u2039como expresa la Carta de la Libertad\u2039 sea el pueblo el que gobierne. Y cuando ese momento llegue, habr\u00e1 llegado no solamente por nuestros propios esfuerzos, sino tambi\u00e9n gracias a la solidaridad, al apoyo y al est\u00edmulo del gran pueblo cubano.<\/p>\n<p lang=\"es-ES\" style=\"margin-top: 0.2cm; margin-bottom: 0cm; line-height: 150%;\" align=\"JUSTIFY\">Debo concluir mis palabras refiri\u00e9ndome a un hecho del cual todos ustedes son testigos. El comandante Fidel Castro me impuso a m\u00ed la orden m\u00e1s alta que este pa\u00eds puede conceder. Me siento indigno de esta condecoraci\u00f3n porque pienso que no la merezco.<\/p>\n<p lang=\"es-ES\" style=\"margin-top: 0.2cm; margin-bottom: 0cm; line-height: 150%;\" align=\"JUSTIFY\">Es un premio que debe otorg\u00e1rsele a aquellos que ya han logrado la independencia de su pueblo. Pero es fuente de inspiraci\u00f3n y de renovada fuerza el ver que esta condecoraci\u00f3n se confiere al pueblo de Sud\u00e1frica como reconocimiento de que est\u00e1 erguido y lucha por su libertad.<\/p>\n<p lang=\"es-ES\" style=\"margin-top: 0.2cm; margin-bottom: 0cm; line-height: 150%;\" align=\"JUSTIFY\">Esperamos sinceramente que en los d\u00edas venideros seamos dignos de la confianza en nosotros que se ve expresada en esta condecoraci\u00f3n.<\/p>\n<p lang=\"es-ES\" style=\"margin-top: 0.2cm; margin-bottom: 0cm; line-height: 150%;\" align=\"JUSTIFY\">\u00a1Viva la Revoluci\u00f3n Cubana!<\/p>\n<p lang=\"es-ES\" style=\"margin-top: 0.2cm; margin-bottom: 0cm; line-height: 150%;\" align=\"JUSTIFY\">\u00a1Viva el compa\u00f1ero Fidel Castro!<\/p>\n","protected":false},"excerpt":{"rendered":"<p style='margin-bottom: 0cm;' align='JUSTIFY'>Discurso de Nelson Mandela pronunciado el 26 de julio de 1991 en el acto central por el 38 Aniversario del asalto a los cuarteles Moncada y Carlos Manuel de C\u00e9spedes, celebrado en la provincia de Matanzas <\/p>\n","protected":false},"author":9,"featured_media":2271,"comment_status":"open","ping_status":"open","sticky":false,"template":"","format":"standard","meta":{"footnotes":""},"categories":[22],"tags":[],"class_list":["post-2270","post","type-post","status-publish","format-standard","has-post-thumbnail","hentry","category-historia-del-movimiento-y-de-la-clase-obrera"],"aioseo_notices":[],"_links":{"self":[{"href":"https:\/\/espai-marx.net\/index.php?rest_route=\/wp\/v2\/posts\/2270","targetHints":{"allow":["GET"]}}],"collection":[{"href":"https:\/\/espai-marx.net\/index.php?rest_route=\/wp\/v2\/posts"}],"about":[{"href":"https:\/\/espai-marx.net\/index.php?rest_route=\/wp\/v2\/types\/post"}],"author":[{"embeddable":true,"href":"https:\/\/espai-marx.net\/index.php?rest_route=\/wp\/v2\/users\/9"}],"replies":[{"embeddable":true,"href":"https:\/\/espai-marx.net\/index.php?rest_route=%2Fwp%2Fv2%2Fcomments&post=2270"}],"version-history":[{"count":0,"href":"https:\/\/espai-marx.net\/index.php?rest_route=\/wp\/v2\/posts\/2270\/revisions"}],"wp:featuredmedia":[{"embeddable":true,"href":"https:\/\/espai-marx.net\/index.php?rest_route=\/wp\/v2\/media\/2271"}],"wp:attachment":[{"href":"https:\/\/espai-marx.net\/index.php?rest_route=%2Fwp%2Fv2%2Fmedia&parent=2270"}],"wp:term":[{"taxonomy":"category","embeddable":true,"href":"https:\/\/espai-marx.net\/index.php?rest_route=%2Fwp%2Fv2%2Fcategories&post=2270"},{"taxonomy":"post_tag","embeddable":true,"href":"https:\/\/espai-marx.net\/index.php?rest_route=%2Fwp%2Fv2%2Ftags&post=2270"}],"curies":[{"name":"wp","href":"https:\/\/api.w.org\/{rel}","templated":true}]}}