{"id":2280,"date":"2013-07-04T00:00:00","date_gmt":"2013-07-04T00:00:00","guid":{"rendered":"https:\/\/espai-marx.net\/?p=2280"},"modified":"2020-02-19T16:24:53","modified_gmt":"2020-02-19T15:24:53","slug":"en-un-universo-extrano","status":"publish","type":"post","link":"https:\/\/espai-marx.net\/?p=2280","title":{"rendered":"En un universo extra\u00f1o"},"content":{"rendered":"<p>\u201cEl futuro es un pa\u00eds extra\u00f1o\u201d. As\u00ed titul\u00f3 su \u00faltimo libro-ep\u00edlogo de una historia mundial del pasado medio siglo el historiador Josep Fontana. Confieso que ese t\u00edtulo me desconcert\u00f3 un poco. Ahora, examinando la actualidad, no podr\u00eda encontrar otro mejor.<\/p>\n<p>Hubo un momento en el que parec\u00eda que la sociedad europea, por lo menos aquella m\u00e1s azotada por la estafa neoliberal, despertaba. Islandia, Indignados, Bepe Grillo, Ocuppy, Portugal\u2026 En Francia parec\u00eda que el Front de Gauche disputaba cierto espacio de malestar y de reacci\u00f3n nacional republicana al Front National. Ahora la sensaci\u00f3n es que todo aquello fue poco; en algunos casos d\u00e9bil y disperso, en otros demasiado despolitizado, y en todos insuficiente.<\/p>\n<p>Solo Grecia con sus 17 huelgas generales en dos a\u00f1os, mientras Sirias ascend\u00eda hacia posiciones cercanas a las de primera fuerza pol\u00edtica, ha dado la talla, sin desmerecer la alargada e inquietante sombra del \u201cAmanecer Dorado\u201d. Pero solo Grecia no alcanza para que Bruselas, Berl\u00edn y el establishment global que determina la gran pol\u00edtica, tengan miedo y aflojen. Hac\u00edan falta tres o cuatro Grecias para empezar. Mucha m\u00e1s desobediencia y leg\u00edtima ilegalidad. No se ha llegado a ello, ni hay, de momento, perspectiva.<\/p>\n<p>\u00bfQu\u00e9 es lo que falla? \u00bfPor qu\u00e9 una juventud sin futuro se limita a gesticular? Esta involuci\u00f3n ha venido para quedarse y tiene consecuencias y tendencias pol\u00edticas muy claras, porque un mundo tan desigual, unas sociedades tan injustas y desesperanzadas solo pueden ser gobernadas con m\u00e9todos e ideolog\u00edas en sinton\u00eda con ello. Y eso es lo que asoma.<\/p>\n<p>En Francia la muerte del joven Cl\u00e9ment M\u00e9ric, el 5 de junio a manos de un mamporrero de extrema derecha, ha evidenciado que ya hay que pelear hasta por el consenso antifascista que fue firme en la segunda mitad del siglo anterior. Se ha presentado al valiente adolescente de 18 a\u00f1os, un alumno brillante admirado por sus profesores, una persona fr\u00e1gil que acababa de superar un c\u00e1ncer, como un \u201cextremista\u201d. Se ha explicado que fue \u00e9l quien empez\u00f3 la bagarre. Se reduce a mera bronca, a \u201cpelea entre bandas\u201d una reacci\u00f3n que se cre\u00eda rodeada de una elemental legitimidad: reaccionar y no tolerar que gente violenta con esv\u00e1sticas tatuadas en el cuello se paseen por una ciudad que deport\u00f3 a decenas de miles de jud\u00edos y que se cre\u00eda vacunada por aquella verg\u00fcenza contra ese tipo de s\u00edmbolos. Eso ya no es as\u00ed.<\/p>\n<p>La Rep\u00fablica est\u00e1 en horas bajas, confusa y postrada en todos aquellos valores que la hicieron grande e importante para Europa, con su derecha empresarial loando el \u201cmodelo alem\u00e1n\u201d y su extrema derecha -que podr\u00eda barrer pronto a la derecha tout court- explotando el descontento nacional y el rampante euroescepticismo sin que nadie le tosa. El timorato presidente Hollande se ha mostrado completamente incapaz de abanderar una v\u00eda alternativa a la medicina de Bruselas\/Berl\u00edn y se limita a esperar los intrascendentes cambios de acento que, eventualmente, resulten de las elecciones alemanas del 22 de septiembre.<\/p>\n<p>S\u00ed, es un buen momento para releer La Agon\u00eda de Francia que Manuel Chaves Nogales (para quien comunismo y fascismo eran equidistantes, una idea que hasta los ochenta era vista como reaccionaria y que hoy vuelve a ser celebrada) dedic\u00f3 a la naci\u00f3n colaboracionista de 1940. S\u00ed, en el fen\u00f3meno act\u00faa una prensa t\u00f3xica (hay que hacer un gran esfuerzo para recordar que hace unos 30 a\u00f1os Le Monde todav\u00eda era un gran peri\u00f3dico con una visi\u00f3n del mundo diferente a la anglosajona), pero lo fundamental es otra cosa: que el antifascismo ha perdido el apoyo mayoritario que tuvo en la sociedad francesa. Lo alarmante es ese cambio de sentido com\u00fan. Un claro aviso de que a Europa le est\u00e1n asomando las viejas orejas pardas.<\/p>\n<p>Esa degeneraci\u00f3n es parte del legado que treinta a\u00f1os de disciplina neoliberal abrazada por la socialdemocracia deja al continente: una sociedad desorientada que no distingue ya los valores humanistas y de solidaridad de la basura retr\u00f3grada, que adopta el lenguaje de los fachas (ese \u201cbuenismo\u201d, acu\u00f1ado por Goebbels y desempolvado por neocons, que hoy forma parte del vocabulario habitual de los tertulianos) contra la emigraci\u00f3n, contra los sindicatos y contra la izquierda, perd\u00f3n, contra \u201cel populismo\u201d. Treinta a\u00f1os de penetraci\u00f3n reaccionaria en un terreno de juego que no conoce el vac\u00edo y que la izquierda institucional abandon\u00f3 por rendici\u00f3n incondicional. El resultado es esa extra\u00f1a amorf\u00eda social.<\/p>\n<p>Es tambi\u00e9n el legado de esa \u201cEuropa\u201d y sus instituciones (el euro y el Banco Central Europeo entre ellas, antes \u201cla Comisi\u00f3n\u201d, \u201cBruselas\u201d) con la que el establishment, siempre con el apoyo de la misma socialdemocracia, ha colado en el viejo continente la mundializaci\u00f3n portadora de involuci\u00f3n socio-laboral, retroceso de los Estados, privatizaci\u00f3n y avance de los monopolios, por la puerta trasera y superior de la \u201cconstrucci\u00f3n europea\u201d, eludiendo as\u00ed los obst\u00e1culos nacionales arraigados en los diferentes pa\u00edses. El resultado: sociedades a\u00fan m\u00e1s capitalistas, gente a\u00fan m\u00e1s colonizada en sus vidas por la l\u00f3gica y la anti\u00e9tica depredadora del capitalismo.<\/p>\n<p>Todos los actos a los que he asistido en los \u00faltimos dos meses como observador, sea en Alemania o en Espa\u00f1a, relacionados con la crisis y sus respuestas, han estado claramente dominados por un p\u00fablico de m\u00e1s de cuarenta a\u00f1os. \u00bfD\u00f3nde est\u00e1n los j\u00f3venes?<\/p>\n<p>J\u00f3venes sin trabajo ni perspectiva de tenerlo que adoptan el discurso de su enemigo con una naturalidad escalofriante. Sociedades de marcianos compuestas por generaciones de pelados y tatuados a\u00fan m\u00e1s vitalmente colonizadas, despolitizadas y embrutecidas por el compulsivo consumismo low cost, idiotizadas por el narcisismo y el exhibicionismo individualista, imbuidas en ese tambi\u00e9n extra\u00f1o encierro de masas alrededor del ordenador, con su pasiva socializaci\u00f3n de encadenados intercambios on line y tesis de 140 caracteres, a trav\u00e9s de redes controladas por la NSA o cualquiera de sus versiones nacionales. R\u00edase usted de la generaci\u00f3n de la televisi\u00f3n. Esto s\u00ed que es un universo nuevo y extra\u00f1o.<\/p>\n<p>Confrontado a las virtudes de esta gran liberaci\u00f3n tecnol\u00f3gica, retengo, sobre todo, que en este maravilloso mundo de comunicaciones virtuales, las ventanas f\u00edsicas y reales, por las que circula el aire y los espacios se ventilan, est\u00e1n cerradas en est\u00e1ticas inmovilidades de hecho que favorecen cierta obesidad, f\u00edsica e intelectual. Transformar todo este mundo nuevo en un movimiento social, coloca al observador en un universo extra\u00f1o y en una larga perspectiva en el mejor de los casos. Parece que no va a haber reacci\u00f3n social a la 1848, sino un largo e incierto proceso en el que se recoger\u00e1 lo que se siembre, lo que se consiga arrebatar y ganar. De momento es obvio que la oligarqu\u00eda se r\u00ede de la calle. Su goleada es total. Le basta y sobra con la guardia urbana. Por eso sus trucos y discursos se repiten con una desverg\u00fcenza insultante. Y esa desverg\u00fcenza dice mucho de lo sobrada que va.<\/p>\n<p>En Espa\u00f1a un \u201ccomit\u00e9 de sabios\u201d dictamina sobre las v\u00edas para reducir las prestaciones de las pensiones. Como en Alemania, ocho de estos doce \u201csabios\u201d resultan estar inocentemente vinculados al sector bancario y de los seguros que se est\u00e1 forrando en todo el mundo con el desarrollo del seguro privado en el que las cotizaciones de las pensiones se colocan en la bolsa. En la bolsa del mismo casino que quebr\u00f3 en 2008 y ante cuyo altar se sacrifica el Estado del bienestar. Estamos ante un sistema ladr\u00f3n con estructura de c\u00edrculo vicioso. Su desverg\u00fcenza se asienta sobre la pasividad de la mayor\u00eda que consiente y no ejerce su leg\u00edtimo derecho a desobedecer al robo.<\/p>\n<p>En consecuencia, las mentiras no se renuevan, ni siquiera necesitan ser repintadas para volver a ser vendidas: en Siria el gas Sarin toma el relevo a las \u201carmas de destrucci\u00f3n masiva\u201d de Sadam para justificar mayores intervencionismos militares. El mundo se entera con sorpresa de que el derecho fundamental al secreto de las comunicaciones no existe, pero el tipo que denuncia ese enorme delito pasa a engrosar la lista de los h\u00e9roes de nuestro tiempo, los Assange, Manning y dem\u00e1s, perseguidos o encarcelados por ello. Un periodismo t\u00f3xico se pregunta si estos personajes son h\u00e9roes o villanos, lo que nos regresa al tema de la bagarre parisina y del cambio de sentido com\u00fan que hay detr\u00e1s del \u00bfqui\u00e9n empez\u00f3? Las mismas preguntas son s\u00edntoma del gran retroceso de la consciencia social experimentado en las \u00faltimas d\u00e9cadas.<\/p>\n<p>A un nivel superior, ahora con llamadas de tel\u00e9fono, emails, Facebook y dem\u00e1s redes \u201csociales\u201d de nuestro nuevo sujeto, se repite la mentira de la guerra fr\u00eda, cuando en el \u201cmundo libre\u201d se controlaba, por ejemplo en Alemania, todo lo que iba y ven\u00eda hacia y desde el Este, en nombre de la misma \u201cseguridad nacional\u201d, mientras se denunciaban los intolerables controles de aquellas Stasi y Kgb. Como ahora, aquellos controles era completamente ilegales e inconstitucionales, pero la exclusividad de la maldad la ten\u00edan los otros. Ahora el p\u00fablico desinformado cre\u00eda que el l\u00edder del control de las redes sociales era\u2026 China. Cuantas veces nos arrullaron con su \u201cGran Muralla de fuego\u201d y sus polic\u00edas dedicados a censurar el Internet, sus pleitos con Google etc. Mientras tanto, ellos iban perfeccionando el verdadero big brother de orejas globales. No es una cuesti\u00f3n de maldad, sino de capacidad tecnol\u00f3gica y en ello Washington Londres y Bonn\/Berl\u00edn, siempre fueron por delante de Mosc\u00fa, Pek\u00edn o Teher\u00e1n.<\/p>\n<p>Al plantearse las sensaciones del momento, esa confusi\u00f3n en distinguir los puntos cardinales, la dificultad de separar lo provechoso de lo negativo, lo rebelde del m\u00e1s est\u00e9ril exhibicionismo, se acaba aterrizando sobre esa idea de que el futuro es un pa\u00eds extra\u00f1o, que da t\u00edtulo al libro de Fontana. Perplejos ante el nuevo sentido com\u00fan, perdemos hasta los contornos de lo que nos espera, ignoramos lo que el sistema nos tiene preparado para los pr\u00f3ximos a\u00f1os y d\u00e9cadas. Y nos preguntamos, \u00bfpero qu\u00e9 est\u00e1 pasando?<\/p>\n","protected":false},"excerpt":{"rendered":"<p class='MsoNormal' style='margin-top: 18.0pt; text-align: justify; text-justify: inter-ideograph; line-height: 150%; background: white;'>Hubo un momento en el que parec\u00eda que la sociedad europea, por lo menos aquella m\u00e1s azotada por la estafa neoliberal, despertaba. Ahora la sensaci\u00f3n es que todo aquello fue poco; en algunos casos d\u00e9bil y disperso, en otros demasiado despolitizado, y en todos insuficiente.<\/p>\n","protected":false},"author":9,"featured_media":2281,"comment_status":"open","ping_status":"open","sticky":false,"template":"","format":"standard","meta":{"footnotes":""},"categories":[3],"tags":[],"class_list":["post-2280","post","type-post","status-publish","format-standard","has-post-thumbnail","hentry","category-condiciones-de-vida"],"aioseo_notices":[],"_links":{"self":[{"href":"https:\/\/espai-marx.net\/index.php?rest_route=\/wp\/v2\/posts\/2280","targetHints":{"allow":["GET"]}}],"collection":[{"href":"https:\/\/espai-marx.net\/index.php?rest_route=\/wp\/v2\/posts"}],"about":[{"href":"https:\/\/espai-marx.net\/index.php?rest_route=\/wp\/v2\/types\/post"}],"author":[{"embeddable":true,"href":"https:\/\/espai-marx.net\/index.php?rest_route=\/wp\/v2\/users\/9"}],"replies":[{"embeddable":true,"href":"https:\/\/espai-marx.net\/index.php?rest_route=%2Fwp%2Fv2%2Fcomments&post=2280"}],"version-history":[{"count":0,"href":"https:\/\/espai-marx.net\/index.php?rest_route=\/wp\/v2\/posts\/2280\/revisions"}],"wp:featuredmedia":[{"embeddable":true,"href":"https:\/\/espai-marx.net\/index.php?rest_route=\/wp\/v2\/media\/2281"}],"wp:attachment":[{"href":"https:\/\/espai-marx.net\/index.php?rest_route=%2Fwp%2Fv2%2Fmedia&parent=2280"}],"wp:term":[{"taxonomy":"category","embeddable":true,"href":"https:\/\/espai-marx.net\/index.php?rest_route=%2Fwp%2Fv2%2Fcategories&post=2280"},{"taxonomy":"post_tag","embeddable":true,"href":"https:\/\/espai-marx.net\/index.php?rest_route=%2Fwp%2Fv2%2Ftags&post=2280"}],"curies":[{"name":"wp","href":"https:\/\/api.w.org\/{rel}","templated":true}]}}