{"id":2288,"date":"2013-07-20T00:00:00","date_gmt":"2013-07-20T00:00:00","guid":{"rendered":"https:\/\/espai-marx.net\/?p=2288"},"modified":"2020-02-19T16:17:39","modified_gmt":"2020-02-19T15:17:39","slug":"otra-europa-con-otra-moneda","status":"publish","type":"post","link":"https:\/\/espai-marx.net\/?p=2288","title":{"rendered":"Otra Europa con otra moneda"},"content":{"rendered":"<p style=\"margin-top: 0.2cm; margin-bottom: 0cm; background: #ffffff; line-height: 150%;\" align=\"JUSTIFY\">El pasado 22 de junio, Izquierda Unida celebr\u00f3 una Conferencia estatal sobre Pol\u00edtica Europea, que aprob\u00f3 por gran mayor\u00eda el <a href=\"http:\/\/www.izquierda-unida.es\/sites\/default\/files\/doc\/DocumentoDebate_ConferenciaEuropa_Junio_2013.pdf\"><u>documento presentado por la direcci\u00f3n federal<\/u><\/a>. El n\u00facleo central de ese documento es apostar por otra Europa, la de los pueblos y los trabajadores, y no por la del capital financiero. Ese objetivo se define por otra arquitectura europea desde sus cimientos que debe concretarse en un proceso constituyente, cuyos resultados sean ampliamente respaldados por la ciudan\u00eda.<\/p>\n<p style=\"margin-top: 0.2cm; margin-bottom: 0cm; background: #ffffff; line-height: 150%;\" align=\"JUSTIFY\">En lo que respecta a la econom\u00eda pol\u00edtica, esa nueva constituci\u00f3n europea deber\u00e1 dotarse de los instrumentos econ\u00f3micos, fiscales, financieros y monetarios para que se cumplan sus contenidos y no pase lo que ocurre con la Constituci\u00f3n espa\u00f1ola de 1978. Instrumentos que deber\u00e1n ser bien diferentes a los actuales. Dicho con estructura de titular period\u00edstico, se trata de \u201cotra Europa con otra moneda\u201d. Lamento, pues, no dar satisfacci\u00f3n a quienes plantean las cosas en t\u00e9rminos de euro, s\u00ed; euro, no.<\/p>\n<p style=\"margin-top: 0.2cm; margin-bottom: 0cm; background: #ffffff; line-height: 150%;\" align=\"JUSTIFY\">Cierto que el euro es la expresi\u00f3n monetaria del proyecto europeo del gran capital financiero y las trasnacionales. Tal vez, por eso mismo no haya sido nunca una aut\u00e9ntica moneda \u00fanica, en sentido pleno, sino un medio de pago unificado. Para ser moneda \u00fanica faltar\u00eda, entre otras cosas, una pol\u00edtica fiscal homog\u00e9nea, un Tesoro p\u00fablico y un Banco p\u00fablico emisor (BCE) con competencias semejantes a la Reserva Federal o al Banco de Inglaterra, es decir, tambi\u00e9n como prestamista de \u00faltimo recurso.<\/p>\n<p style=\"margin-top: 0.2cm; margin-bottom: 0cm; background: #ffffff; line-height: 150%;\" align=\"JUSTIFY\">Esa condici\u00f3n ha hecho que el euro sea una catalizador de las contradicciones entre las econom\u00edas del centro de Europa y la de los pa\u00edses perif\u00e9ricos, entre ellos Espa\u00f1a. Pero no es causa de las pol\u00edticas de ajuste que han llevado al <i>austericidio<\/i>. La raz\u00f3n de \u00e9stas \u00faltimas es esencialmente pol\u00edtica y se han dado en pa\u00edses que no est\u00e1n en el euro.<\/p>\n<p style=\"margin-top: 0.2cm; margin-bottom: 0cm; background: #ffffff; line-height: 150%;\" align=\"JUSTIFY\">La moneda es una herramienta cuyo papel en la sociedad est\u00e1 determinado por el tipo de relaciones de propiedad y el grado de desarrollo de las fuerzas productivas. El euro ha estimulado el desarrollo econ\u00f3mico en la medida en que ha facilitado el comercio entre las naciones integrantes de la moneda \u00fanica, eliminando los costes derivados de los tipos de cambio, tras la eliminaci\u00f3n de las barreras aduaneras. Hoy, como consecuencia de la crisis, de las pol\u00edticas del fundamentalismo neoliberal y de sus insuficiencias iniciales, el euro es un agravante de la crisis. Por tanto, ninguna complacencia.<\/p>\n<p style=\"margin-top: 0.2cm; margin-bottom: 0cm; background: #ffffff; line-height: 150%;\" align=\"JUSTIFY\">Pero el euro no es la causa de la crisis. Estamos ante una crisis profunda del sistema, que se da dentro y fuera de la eurozona.<\/p>\n<p style=\"margin-top: 0.2cm; margin-bottom: 0cm; background: #ffffff; line-height: 150%;\" align=\"JUSTIFY\">Esa confusi\u00f3n entre causas y consecuencias <a href=\"http:\/\/www.cuartopoder.es\/direccioncontraria\/anguita-y-dirigentes-del-frente-civico-y-de-iu-lanzan-el-manifiesto-salir-del-euro\/596\"><u>ha llevado a algunos a plantear la salida del euro<\/u><\/a> como el remedio. Es una posici\u00f3n argumentada y respetable, cuya discusi\u00f3n no puede sino enriquecer el debate, aunque no se est\u00e9 de acuerdo con los t\u00e9rminos en que se plantea. La recuperaci\u00f3n de la soberan\u00eda monetaria no puede resolver ninguno de los aspectos esenciales de esta crisis, que no tiene las mismas caracter\u00edsticas de las que justificaron las \u00faltimas devaluaciones en nuestro pa\u00eds (en la crisis del 92, la peseta se devalu\u00f3 en varias ocasiones hasta un total del 25%).<\/p>\n<p style=\"margin-top: 0.2cm; margin-bottom: 0cm; background: #ffffff; line-height: 150%;\" align=\"JUSTIFY\">No es lo mismo devaluar una moneda que pasar de una a otra, del euro a una peseta devaluada en este caso. Para evitar la fuga de dep\u00f3sitos, habr\u00eda que hacer un corralito que permitiera una conversi\u00f3n ordenada de los activos en euros a los activos en pesetas.<\/p>\n<p style=\"margin-top: 0.2cm; margin-bottom: 0cm; background: #ffffff; line-height: 150%;\" align=\"JUSTIFY\">Por otra parte, todas las deudas a partir de cr\u00e9ditos que est\u00e1n denominados en euros, ser\u00edan exigibles en la nueva relaci\u00f3n de cambio euro\/pesetas. Mientras que los nuevos ingresos por salarios, ventas, etc. vendr\u00edan en pesetas devaluadas. Por tanto, en el contexto de enorme endeudamiento privado esto ser\u00eda letal para familias y empresas y extremadamente gravoso para los sectores populares de la poblaci\u00f3n. Quien hoy tiene un cr\u00e9dito, supongamos que hipotecario, si le cuesta 100 salarios mensuales liquidar la hipoteca, le costar\u00eda, por ejemplo, 130. En cuanto a la deuda externa, 600.000 millones corresponden a familias y empresas y, adem\u00e1s, el cr\u00e9dito futuro estar\u00eda condicionado por una fuerte subida de los tipos de inter\u00e9s.<\/p>\n<p style=\"margin-top: 0.2cm; margin-bottom: 0cm; background: #ffffff; line-height: 150%;\" align=\"JUSTIFY\">Se argumenta que esa recuperaci\u00f3n de la soberan\u00eda econ\u00f3mica permitir\u00eda hacer una devaluaci\u00f3n competitiva que, sobre la base de la expansi\u00f3n del comercio exterior, permitiera la recuperaci\u00f3n econ\u00f3mica y el empleo. En una econom\u00eda tan internacionalizada y globalizada como la espa\u00f1ola, los efectos de una devaluaci\u00f3n competitiva son muy discutibles. En primer lugar, ya tenemos cierta experiencia. En la devaluaci\u00f3n antes referida de <b>Solchaga<\/b>, tuvimos el 24,5% de paro en 1994, y se produjo la reconversi\u00f3n industrial. No hab\u00eda euro<\/p>\n<p style=\"margin-top: 0.2cm; margin-bottom: 0cm; background: #ffffff; line-height: 150%;\" align=\"JUSTIFY\">Adem\u00e1s, conviene detenerse en algunos rasgos estructurales del comercio exterior espa\u00f1ol. Las importaciones energ\u00e9ticas representan el 24,4% de nuestras importaciones y habr\u00e1 que pagarlas m\u00e1s caras en la misma proporci\u00f3n que se produzca la devaluaci\u00f3n. No insisto, dada la enorme dependencia energ\u00e9tica de nuestra econom\u00eda, en la repercusi\u00f3n que esto tendr\u00e1 sobre los precios de los productos.<\/p>\n<p style=\"margin-top: 0.2cm; margin-bottom: 0cm; background: #ffffff; line-height: 150%;\" align=\"JUSTIFY\">En cuanto a otros productos industriales, los autom\u00f3viles son el primer rubro de nuestra exportaci\u00f3n industrial. Pero esas exportaciones son completamente dependientes de las importaciones de componentes de automoci\u00f3n. Las exportaciones del sector representan el 13,7% del total de nuestras exportaciones, pero el coste de los componentes importados se elevar\u00eda y no est\u00e1 claro que la producci\u00f3n dom\u00e9stica pueda reemplazar esos productos en el mercado (habr\u00eda que considerar la relaci\u00f3n matriz\/filial). La desindustrializaci\u00f3n ha hecho su trabajo.<\/p>\n<p style=\"margin-top: 0.2cm; margin-bottom: 0cm; background: #ffffff; line-height: 150%;\" align=\"JUSTIFY\"><a name=\"_GoBack\"><\/a> Pero tampoco una fuerza de la izquierda alternativa puede aceptar el enfoque de ganar ventajas comparativas en el comercio internacional sobre la base de reducir costes (porque se trata, sobre todo, de bajar salarios reales), y adem\u00e1s se estanca la modernizaci\u00f3n de la estructura productiva y la aplicaci\u00f3n de la sostenibilidad medioambiental a los procesos de producci\u00f3n. Adem\u00e1s, la competencia por costes traslada el problema a los trabajadores de otros pa\u00edses y genera una espiral de dif\u00edcil soluci\u00f3n.<\/p>\n<p style=\"margin-top: 0.2cm; margin-bottom: 0cm; background: #ffffff; line-height: 150%;\" align=\"JUSTIFY\">Por ello, creemos que hay que situar el debate en un nuevo nivel, en el que se resuelven las cosas decisivas: la crisis del capitalismo, la del modelo actual de construcci\u00f3n europea y sus alternativas. Ah\u00ed podremos hablar de qu\u00e9 Europa y qu\u00e9 moneda y contar con todas las aportaciones que tienen que decantarse en la discusi\u00f3n.<\/p>\n<p style=\"margin-top: 0.2cm; margin-bottom: 0cm; background: #ffffff; line-height: 150%;\" align=\"JUSTIFY\">Nos montaron en el avi\u00f3n, sin contar con nosotros para el destino, en clase turista, sin derecho a comida en el vuelo y con las rodillas encogidas, pero no parece razonable tirarse del avi\u00f3n en marcha.<\/p>\n<p style=\"margin-top: 0.2cm; margin-bottom: 0cm; background: #ffffff; line-height: 150%;\" align=\"JUSTIFY\">Por tanto, se trata de cambiar el destino del avi\u00f3n<\/p>\n<p style=\"margin-top: 0.2cm; margin-bottom: 0cm; background: #ffffff; line-height: 150%;\" align=\"JUSTIFY\"><i><b>Jos\u00e9 Antonio Garc\u00eda Rubio es secretario ejecutivo de Econom\u00eda y Empleo de Izquierda Unida.<\/b><\/i><\/p>\n","protected":false},"excerpt":{"rendered":"\n<p><p class='MsoNormal' style='mso-margin-top-alt: auto; mso-margin-bottom-alt: auto; text-align: justify; line-height: 15.75pt; background: white;'>Nos montaron en el avi\u00f3n, sin contar con nosotros para el destino, en clase turista, sin derecho a comida en el vuelo y con las rodillas encogidas, pero no parece razonable tirarse del avi\u00f3n en marcha.<\/p><\/p>\n","protected":false},"author":9,"featured_media":2289,"comment_status":"open","ping_status":"open","sticky":false,"template":"","format":"standard","meta":{"footnotes":""},"categories":[13],"tags":[],"class_list":["post-2288","post","type-post","status-publish","format-standard","has-post-thumbnail","hentry","category-la-izquierda-a-debate"],"aioseo_notices":[],"_links":{"self":[{"href":"https:\/\/espai-marx.net\/index.php?rest_route=\/wp\/v2\/posts\/2288","targetHints":{"allow":["GET"]}}],"collection":[{"href":"https:\/\/espai-marx.net\/index.php?rest_route=\/wp\/v2\/posts"}],"about":[{"href":"https:\/\/espai-marx.net\/index.php?rest_route=\/wp\/v2\/types\/post"}],"author":[{"embeddable":true,"href":"https:\/\/espai-marx.net\/index.php?rest_route=\/wp\/v2\/users\/9"}],"replies":[{"embeddable":true,"href":"https:\/\/espai-marx.net\/index.php?rest_route=%2Fwp%2Fv2%2Fcomments&post=2288"}],"version-history":[{"count":0,"href":"https:\/\/espai-marx.net\/index.php?rest_route=\/wp\/v2\/posts\/2288\/revisions"}],"wp:featuredmedia":[{"embeddable":true,"href":"https:\/\/espai-marx.net\/index.php?rest_route=\/wp\/v2\/media\/2289"}],"wp:attachment":[{"href":"https:\/\/espai-marx.net\/index.php?rest_route=%2Fwp%2Fv2%2Fmedia&parent=2288"}],"wp:term":[{"taxonomy":"category","embeddable":true,"href":"https:\/\/espai-marx.net\/index.php?rest_route=%2Fwp%2Fv2%2Fcategories&post=2288"},{"taxonomy":"post_tag","embeddable":true,"href":"https:\/\/espai-marx.net\/index.php?rest_route=%2Fwp%2Fv2%2Ftags&post=2288"}],"curies":[{"name":"wp","href":"https:\/\/api.w.org\/{rel}","templated":true}]}}