{"id":2290,"date":"2013-07-21T00:00:00","date_gmt":"2013-07-21T00:00:00","guid":{"rendered":"https:\/\/espai-marx.net\/?p=2290"},"modified":"2020-02-19T16:13:55","modified_gmt":"2020-02-19T15:13:55","slug":"otra-europa-pero-salir-del-euro","status":"publish","type":"post","link":"https:\/\/espai-marx.net\/?p=2290","title":{"rendered":"Otra Europa, pero salir del euro"},"content":{"rendered":"<p>He le\u00eddo con sumo inter\u00e9s el art\u00edculo de Jos\u00e9 Antonio Garc\u00eda Rubio, Secretario Ejecutivo de econom\u00eda y empleo de IU, con el t\u00edtulo \u201c<a href=\"..\/..\/ca?id=8077\">Otra Europa con otra moneda<\/a>\u201d, demasiado rotundo para los tiempos que corren.<\/p>\n<p>Conozco sus posiciones en el tema europeo y, a riesgo de simplificar, se puede afirmar que dentro de IU es uno de los defensores m\u00e1s inamovibles de mantenerse en el euro. Yo podr\u00eda representar el otro extremo: el de los que est\u00e1n firmemente convencidos de que la salida del euro es una cuesti\u00f3n vital e ineludible. Como tambi\u00e9n pertenezco a la Secretar\u00eda Federal de econom\u00eda de IU, se puede decir que estamos al cabo de la calle de los argumentos a favor o en contra del euro de uno y otro. Se trata de opciones pol\u00edticas y cada uno, con toda legitimidad, mantiene la suya. Y en efecto, perteneciendo al grupo promotor del Manifiesto \u201cPor la recuperaci\u00f3n de la soberan\u00eda econ\u00f3mica, monetaria y ciudadana. Salir del euro\u201d <a href=\"http:\/\/salirdeleuro.org\/\">http:\/\/salirdeleuro.org\/<\/a>, para m\u00ed, y supongo que para la mayor\u00eda de los firmantes, el debate est\u00e1 cerrado. Llevamos mucho tiempo lidiando y argumentando sobre la necesidad de salir del euro y no conducir\u00eda a nada nuevo tiranos los trastos a la cabeza: ser\u00e1 el tiempo el que dirima esta cuesti\u00f3n.<\/p>\n<p>Empezar otra vez sobre si el euro es una moneda plena o no, o si su existencia es motivo crucial de la crisis econ\u00f3mica espa\u00f1ola, si las devaluaciones son operativas para corregir el d\u00e9ficit exterior, si son equivalentes a un ajuste interno, si nuestra econom\u00eda es muy dependiente de la energ\u00eda, si el sector del autom\u00f3vil\u2026.<\/p>\n<p>Como el argumento manido y siempre tra\u00eddo a colaci\u00f3n por la derecha de que una devaluaci\u00f3n significa un empobrecimiento general por el l\u00f3gico encarecimiento de las importaciones. Todo eso ya ha entrado en las consideraciones de los que proponemos salir del euro, no como soluci\u00f3n a los tenebrosos problemas que arrastra nuestro pa\u00eds, sino como condici\u00f3n imprescindible para intentar darles soluci\u00f3n.<\/p>\n<p>Como se sabe, en la Conferencia del pasado s\u00e1bado 22 de IU sobre la Uni\u00f3n Europea se avanz\u00f3 hacia un cierto acuerdo pol\u00edtico (v\u00e9ase el art\u00edculo <a href=\"http:\/\/www.cronicapopular.es\/2013\/06\/conferencia-de-iu-sobre-la-union-europeauna-faena-de-alino\/\">http:\/\/www.cronicapopular.es\/2013\/06\/conferencia-de-iu-sobre-la-union-europeauna-faena-de-alino\/<\/a> del que fui autor, aunque se publicase err\u00f3neamente como opini\u00f3n de Cr\u00f3nica Popular). IU no deja de reclamar y proponer un proceso constituyente que cambie la naturaleza neoliberal de la Uni\u00f3n Europea (nada menos, comentar\u00eda yo) y se deja de anatemizar la propuesta de salir del euro, porque a lo mejor no es tan disparatada y porque posiblemente tiene cierto respaldo social, es decir electoral.<\/p>\n<p>El caso es que la posici\u00f3n extrema de Jos\u00e9 Antonio fue descartada, apartada de la primera l\u00ednea. Ahora posiblemente en su art\u00edculo trata de reivindicarla, porque, en efecto, sin dejar de reconocer que los del euro tienen argumentos razonables, lo que defiende IU no pasa por abandonarlo sino por elevar el debate y trasladarlo al proyecto de la construcci\u00f3n europea. Como se dice al final el art\u00edculo, se trata de desviar el destino del avi\u00f3n y no, una vez que somos pasajeros, arrojarnos fuera de \u00e9l. Un ejemplo que ser\u00eda contundente si no es porque el avi\u00f3n se est\u00e1 estrellando.<\/p>\n<p><strong>Error t\u00e9cnico<\/strong><\/p>\n<p>Pero, y este es el motivo principal de mi respuesta, en el art\u00edculo Jos\u00e9 Antonio Garc\u00eda Rubio hay error t\u00e9cnico importante, que cobra todo su significado pol\u00edtico teniendo en cuenta la angustia, el miedo y la resignaci\u00f3n en que est\u00e1 atrapada la sociedad espa\u00f1ola. El autor escribe lo siguiente:<\/p>\n<p>\u201cPor otra parte, todas las deudas a partir de cr\u00e9ditos que est\u00e1n denominados en euros, ser\u00edan exigibles en la nueva relaci\u00f3n de cambio euro\/pesetas. Mientras que los nuevos ingresos por salarios, ventas, etc. vendr\u00edan en pesetas devaluadas. Por tanto, en el contexto de enorme endeudamiento privado esto ser\u00eda letal para familias y empresas y extremadamente gravoso para los sectores populares de la poblaci\u00f3n. Quien hoy tiene un cr\u00e9dito, supongamos que hipotecario, si le cuesta 100 salarios mensuales liquidar la hipoteca, le costar\u00eda, por ejemplo, 130.\u201d<\/p>\n<p>Terrible ejemplo. Como argumento para mantenerse en el euro ser\u00eda irrebatible, con el toque social adem\u00e1s de lo extremadamente gravoso que ser\u00eda abandonarlo para los sectores populares de la poblaci\u00f3n. Pero es falso, rotundamente falso.<\/p>\n<p>En el momento en que se saliera del euro y se devaluase la nueva peseta, las deudas de los hipotecados espa\u00f1oles con los bancos espa\u00f1oles permanecer\u00edan intactas en pesetas, y por tanto el esfuerzo por pagarlas no se modificar\u00eda. Las combinaciones del contexto en que se produjera esa salida (desmantelamiento de la moneda \u00fanica o abandono unilateral) no alteran esa conclusi\u00f3n.<\/p>\n<p>Un ejemplo sencillo para disipar cualquier duda. Si un hipotecado tuviera una deuda de 100.000 \u20ac en un banco espa\u00f1ol el d\u00eda antes de salirse del euro y pagara 1000 \u20ac al mes de amortizaci\u00f3n de los 2.000 que cobra de salario al mes, esto es, si tuviera una deuda de las antiguas pesetas por 16.638.600 y pagara 166.386 pesetas al mes de un salario de 332. 772 pesetas, al d\u00eda siguiente de la salida del euro y la devaluaci\u00f3n de la nueva peseta tendr\u00eda una deuda en pesetas de 16.638.600, por la que pagar\u00eda 166.386 pesetas al mes de su salario de 332.772 pesetas.<\/p>\n<p>Nada habr\u00eda cambiado en su situaci\u00f3n, ni en su deuda ni en el esfuerzo a realizar para amortizarla. Otra cosa es que si la deuda tras la depreciaci\u00f3n de la peseta se valorase en euros, si perviviera como una moneda ya extrajera, el equivalente no ser\u00edan 100.000 euros sino s\u00f3lo de 70,000, si se acepta el 30% de devaluaci\u00f3nque se sugiere en el art\u00edculo comentado.<\/p>\n<p>No s\u00e9 si la posici\u00f3n sobre el euro del responsable de econom\u00eda de IU se ha basado en este error, pero si as\u00ed fuera, los defensores de abandonarlo posiblemente habr\u00edan logrado un nuevo aliado.<\/p>\n","protected":false},"excerpt":{"rendered":"\n<p class='MsoNormal' style='margin-top: 5.65pt; margin-right: 0cm; margin-bottom: .0001pt; margin-left: 0cm; text-align: justify; line-height: 150%;'>He le\u00eddo con sumo inter\u00e9s el art\u00edculo de Jos\u00e9 Antonio Garc\u00eda Rubio, Secretario Ejecutivo de econom\u00eda y empleo de IU, con el t\u00edtulo \u201cOtra Europa con otra moneda\u201d, demasiado rotundo para los tiempos que corren. <\/p>\n<p>\u00a0<\/p>\n","protected":false},"author":9,"featured_media":2291,"comment_status":"open","ping_status":"open","sticky":false,"template":"","format":"standard","meta":{"footnotes":""},"categories":[13],"tags":[],"class_list":["post-2290","post","type-post","status-publish","format-standard","has-post-thumbnail","hentry","category-la-izquierda-a-debate"],"aioseo_notices":[],"_links":{"self":[{"href":"https:\/\/espai-marx.net\/index.php?rest_route=\/wp\/v2\/posts\/2290","targetHints":{"allow":["GET"]}}],"collection":[{"href":"https:\/\/espai-marx.net\/index.php?rest_route=\/wp\/v2\/posts"}],"about":[{"href":"https:\/\/espai-marx.net\/index.php?rest_route=\/wp\/v2\/types\/post"}],"author":[{"embeddable":true,"href":"https:\/\/espai-marx.net\/index.php?rest_route=\/wp\/v2\/users\/9"}],"replies":[{"embeddable":true,"href":"https:\/\/espai-marx.net\/index.php?rest_route=%2Fwp%2Fv2%2Fcomments&post=2290"}],"version-history":[{"count":0,"href":"https:\/\/espai-marx.net\/index.php?rest_route=\/wp\/v2\/posts\/2290\/revisions"}],"wp:featuredmedia":[{"embeddable":true,"href":"https:\/\/espai-marx.net\/index.php?rest_route=\/wp\/v2\/media\/2291"}],"wp:attachment":[{"href":"https:\/\/espai-marx.net\/index.php?rest_route=%2Fwp%2Fv2%2Fmedia&parent=2290"}],"wp:term":[{"taxonomy":"category","embeddable":true,"href":"https:\/\/espai-marx.net\/index.php?rest_route=%2Fwp%2Fv2%2Fcategories&post=2290"},{"taxonomy":"post_tag","embeddable":true,"href":"https:\/\/espai-marx.net\/index.php?rest_route=%2Fwp%2Fv2%2Ftags&post=2290"}],"curies":[{"name":"wp","href":"https:\/\/api.w.org\/{rel}","templated":true}]}}