{"id":2295,"date":"2013-07-25T00:00:00","date_gmt":"2013-07-25T00:00:00","guid":{"rendered":"https:\/\/espai-marx.net\/?p=2295"},"modified":"2020-02-19T16:12:41","modified_gmt":"2020-02-19T15:12:41","slug":"una-europa-alemana-vichy-para-todos","status":"publish","type":"post","link":"https:\/\/espai-marx.net\/?p=2295","title":{"rendered":"Una Europa alemana: Vichy para todos"},"content":{"rendered":"<p style=\"margin-top: 0.49cm; margin-bottom: 0.49cm; background: #ffffff; line-height: 0.56cm;\" align=\"JUSTIFY\">Leyendo el \u00faltimo libro de <strong>Rafael Poch<\/strong> \u2013<em>La quinta Alemania <\/em>(Icaria, 2013), escrito junto con <strong>\u00c1ngel<\/strong> <strong>Ferrero<\/strong> y <strong>Carmela<\/strong> <strong>Negrete<\/strong>\u2013 las cosas se entienden mejor y podemos verlas con perspectiva. El dato central: la reunificaci\u00f3n alemana, en el contexto de la disoluci\u00f3n del Pacto de Varsovia y de la desintegraci\u00f3n de la URRS, cambi\u00f3 la naturaleza de la Uni\u00f3n Europea. Al principio, no se not\u00f3 demasiado: hab\u00eda que pagar la enorme factura de la anexi\u00f3n de la RDA y hacerlo en condiciones que no pusieran en peligro lo delicados equilibrios de poder en una Europa y un mundo que cambiaba aceleradamente. Lo que vino despu\u00e9s es conocido: la Agenda 2010 del gobierno socialdem\u00f3crata-verde (lo de rojo-verde me parece excesivo) presidido por <strong>Schr\u00f6der<\/strong>.<\/p>\n<p lang=\"es-ES\" style=\"margin-top: 0.49cm; margin-bottom: 0.49cm; background: #ffffff; line-height: 0.56cm;\" align=\"JUSTIFY\">Los autores lo analizan detalladamente: un gobierno te\u00f3ricamente de izquierdas realiza un sistem\u00e1tico desmontaje del Estado social alem\u00e1n con el objetivo expl\u00edcito de devaluar los salarios y debilitar el poder de los sindicatos. Una vez m\u00e1s, haciendo lo que la derecha no se atrever\u00eda a realizar y practicando eso que los medios suelen denominar el \u201ccoraje reformista\u201d de los pol\u00edticos que responsablemente gobiernan m\u00e1s all\u00e1 de las ideolog\u00edas de derecha e izquierda. Estos son los famosos \u201cdeberes\u201d que ya hicieron los alemanes y que ahora nos toca realizar a nosotros, los holgazanes del sur de la UE. Se suele olvidar que el ajuste en estos pa\u00edses ha sido mucho m\u00e1s duro y en menos tiempo y, lo fundamental, que las respectivas bases de partida eran muy diferentes, es decir, que los derechos sociales eran mucho m\u00e1s significativos en el centro que en la periferia.<\/p>\n<p style=\"margin-top: 0.49cm; margin-bottom: 0.49cm; background: #ffffff; line-height: 0.56cm;\" align=\"JUSTIFY\">Lo que la llamada Agenda 2010 pon\u00eda de manifiesto era claro y preciso. El Estado alem\u00e1n (es decir, la alianza entre la patronal, el gobierno, la clase pol\u00edtica, con la complicidad de una parte de la direcci\u00f3n sindical) dise\u00f1\u00f3 una estrategia de<b> <\/b><strong>desarrollo nacional neo-mercantilista<\/strong> con el objetivo de ganar mercados de los dem\u00e1s pa\u00edses de la Uni\u00f3n en base a su superioridad tecnol\u00f3gica, a una brutal devaluaci\u00f3n salarial y a las nuevas reglas del \u201csistema euro\u201d. Al final, lo que se ha ido consolidando es un \u201cn\u00facleo\u201d exportador-acreedor en torno a Alemania y una periferia subalterna importadora-deudora, condenada a transitar r\u00e1pidamente hacia el subdesarrollo. Como <strong>Anguita<\/strong> dijo en los noventa, la Uni\u00f3n Europea en gestaci\u00f3n liquidar\u00eda el Estado social, los derechos laborales y sindicales y terminar\u00eda por dividir duraderamente a Europa, a la de verdad, que es mucho m\u00e1s que la UE.<\/p>\n<p style=\"margin-top: 0.49cm; margin-bottom: 0.49cm; background: #ffffff; line-height: 0.56cm;\" align=\"JUSTIFY\">Situadas as\u00ed las cosas, se podr\u00e1 entender sin demasiadas dificultades que estamos ante un cambio de naturaleza de la integraci\u00f3n europea que, m\u00e1s temprano que tarde, la har\u00e1 inviable en el futuro. \u00bfPor qu\u00e9? Porque la integraci\u00f3n es incompatible con estrategias estatales basadas en disputar mercados, empleos y beneficios a costa de los dem\u00e1s pa\u00edses, sobre todo cuando estos son m\u00e1s d\u00e9biles. Las pol\u00edticas de \u201carruinar al vecino\u201d son siempre inaceptables, mucho m\u00e1s cuando, te\u00f3ricamente, se est\u00e1 en proceso de integraci\u00f3n europea en base a una moneda \u00fanica que impide, entre otras cosas, devaluar y controlar la pol\u00edtica monetaria. Este es el verdadero problema del euro: una moneda extranjera para todos los Estados miembros al servicio de la estrategia nacional de Alemania.<\/p>\n<p style=\"margin-top: 0.49cm; margin-bottom: 0.49cm; background: #ffffff; line-height: 0.56cm;\" align=\"JUSTIFY\">Si esto es as\u00ed \u00bfpor qu\u00e9 los dem\u00e1s gobiernos, sobre todo del sur, lo aceptan? Una primera respuesta parece evidente: los fundamentos jur\u00eddico-pol\u00edticos de la UE constitucionalizan el ordoliberalismo alem\u00e1n convirtiendo en obligatorias las pol\u00edticas que sirven a los intereses de los poderes econ\u00f3micos dominantes. Toda la llamada construcci\u00f3n europea es un perfecto \u201csistemas de cierres\u201d que la convierten en (casi) irreversible, no dejando otro resquicio que acatarla (aceptar las pol\u00edticas neoliberales como las \u00fanicas posibles) o romper abiertamente con ella. Una ratonera, como dir\u00eda <strong>Mart\u00edn Seco<\/strong>.<\/p>\n<p style=\"margin-top: 0.49cm; margin-bottom: 0.49cm; background: #ffffff; line-height: 0.56cm;\" align=\"JUSTIFY\">Sin embargo, creo que hay otra raz\u00f3n m\u00e1s de peso, m\u00e1s de clase, con un car\u00e1cter \u201cfundador de un Nuevo Orden Europeo\u201d. Una met\u00e1fora podr\u00eda explicarlo mejor. Me refiero a la Francia de Vichy y es debida (ampliada y redefinida) a <strong>Miguel Herrero<\/strong>. Como es sabido, Vichy hace referencia a la ciudad-balneario donde resid\u00eda el gobierno t\u00edtere impuesto por las tropas alemanas tras la derrota de Francia en la Segunda Guerra Mundial. Lo caracter\u00edstico de dicho gobierno fue una tercera entidad (la Alemania hitleriana) vino a resolver el conflicto existente en la rep\u00fablica francesa entre el movimiento popular democr\u00e1tico y de izquierdas y las clases conservadoras y de derechas. Los tanques alemanes dieron la victoria a las clases dominantes y condenaron a la c\u00e1rcel, a la tortura, al exilio y a la muerte a los patriotas republicanos que unieron r\u00e1pidamente liberaci\u00f3n nacional con emancipaci\u00f3n social.<\/p>\n<p style=\"margin-top: 0.49cm; margin-bottom: 0.49cm; background: #ffffff; line-height: 0.56cm;\" align=\"JUSTIFY\">Las clases dominantes de la zona sur del euro est\u00e1n resolviendo sus problemas al modo franc\u00e9s de Vichy: aprovechar el poder de las fuerzas econ\u00f3micas-financieras alemanas (las finanzas siempre han sido la continuaci\u00f3n de la guerra por otros medios) para liquidar los derechos sociales y laborales, cambiar, en sentido reaccionario, el modelo social y convertir nuestro d\u00e9bil sistema pol\u00edtico en una democracia \u201climitada y olig\u00e1rquica\u201d. Hay una alianza entre las clases dominantes de los pa\u00edses del sur en torno a la burgues\u00eda alemana, para legitimar el Estado de excepci\u00f3n global e imponer un nuevo orden social y econ\u00f3mico europeo.<\/p>\n<p lang=\"es-ES\" style=\"margin-top: 0.49cm; margin-bottom: 0.49cm; background: #ffffff; line-height: 0.56cm;\" align=\"JUSTIFY\">El problema es que a los espa\u00f1olitos y espa\u00f1olitas nos toca la periferia, es decir, una estructura productiva d\u00e9bil y dependiente, con una industria poco significativa y controlada por las trasnacionales, mucho turismo de masas y una agricultura y pesca residual. En un espacio econ\u00f3mico as\u00ed configurado no caben derechos sociales y sindicales, trabajo decente y pensiones dignas. Ser\u00e1 el Reino de la desigualdad y se provocar\u00e1 una enorme concentraci\u00f3n de renta, riqueza y poder en manos de una restringida y maciza oligarqu\u00eda y una clase pol\u00edtica subalterna y corrupta.<\/p>\n<p style=\"margin-top: 0.49cm; margin-bottom: 0.49cm; background: #ffffff; line-height: 0.56cm;\" align=\"JUSTIFY\">\u00bfPesimismo? Para nada: realismo bien informado. Miremos a nuestro alrededor y reflexionemos \u00bfAlguien nos hubiera dicho hace apenas cuatro a\u00f1os que nos encontrar\u00edamos ante esta involuci\u00f3n que solo cabe calificar de civilizatoria? \u00bfAlguien cree que esta deriva no va a continuar para peor? Lo que se est\u00e1 produciendo es la crisis del R\u00e9gimen constitucional del 78 y la transici\u00f3n hacia otra cosa que est\u00e1 reci\u00e9n comenzando. Las clases dominantes espa\u00f1olas (incluidas las burgues\u00edas vasca y catalana, siempre ha sido as\u00ed) a lo suyo y a lo de siempre: aliados subalternos de los que mandan y dispuestos a vender, una vez m\u00e1s, a las gentes de este pa\u00eds. Su \u00fanico proyecto: mandar, repartirse las migajas de la explotaci\u00f3n y poner fin a esa fechor\u00eda hist\u00f3rica de una democracia basada en la igualdad, la justicia y la emancipaci\u00f3n social.<\/p>\n<p lang=\"es-ES\" style=\"margin-top: 0.49cm; margin-bottom: 0.49cm; background: #ffffff; line-height: 0.56cm;\" align=\"JUSTIFY\">\u00bfQu\u00e9 har\u00e1 la plebe y que har\u00e1n las izquierdas despu\u00e9s de tantos desenga\u00f1os y est\u00fapidas ilusiones?<\/p>\n","protected":false},"excerpt":{"rendered":"<p style='text-align: justify; line-height: 15.75pt; background: white;'>Las clases dominantes de la zona sur del euro est\u00e1n resolviendo sus problemas al modo franc\u00e9s de Vichy: aprovechar el poder de las fuerzas econ\u00f3micas-financieras alemanas para liquidar los derechos sociales y laborales, cambiar, en sentido reaccionario, el modelo social y convertir nuestro d\u00e9bil sistema pol\u00edtico en una democracia \u201climitada y olig\u00e1rquica\u201d. <\/p>\n","protected":false},"author":9,"featured_media":2296,"comment_status":"open","ping_status":"open","sticky":false,"template":"","format":"standard","meta":{"footnotes":""},"categories":[13],"tags":[],"class_list":["post-2295","post","type-post","status-publish","format-standard","has-post-thumbnail","hentry","category-la-izquierda-a-debate"],"aioseo_notices":[],"_links":{"self":[{"href":"https:\/\/espai-marx.net\/index.php?rest_route=\/wp\/v2\/posts\/2295","targetHints":{"allow":["GET"]}}],"collection":[{"href":"https:\/\/espai-marx.net\/index.php?rest_route=\/wp\/v2\/posts"}],"about":[{"href":"https:\/\/espai-marx.net\/index.php?rest_route=\/wp\/v2\/types\/post"}],"author":[{"embeddable":true,"href":"https:\/\/espai-marx.net\/index.php?rest_route=\/wp\/v2\/users\/9"}],"replies":[{"embeddable":true,"href":"https:\/\/espai-marx.net\/index.php?rest_route=%2Fwp%2Fv2%2Fcomments&post=2295"}],"version-history":[{"count":0,"href":"https:\/\/espai-marx.net\/index.php?rest_route=\/wp\/v2\/posts\/2295\/revisions"}],"wp:featuredmedia":[{"embeddable":true,"href":"https:\/\/espai-marx.net\/index.php?rest_route=\/wp\/v2\/media\/2296"}],"wp:attachment":[{"href":"https:\/\/espai-marx.net\/index.php?rest_route=%2Fwp%2Fv2%2Fmedia&parent=2295"}],"wp:term":[{"taxonomy":"category","embeddable":true,"href":"https:\/\/espai-marx.net\/index.php?rest_route=%2Fwp%2Fv2%2Fcategories&post=2295"},{"taxonomy":"post_tag","embeddable":true,"href":"https:\/\/espai-marx.net\/index.php?rest_route=%2Fwp%2Fv2%2Ftags&post=2295"}],"curies":[{"name":"wp","href":"https:\/\/api.w.org\/{rel}","templated":true}]}}