{"id":2312,"date":"2013-08-13T00:00:00","date_gmt":"2013-08-13T00:00:00","guid":{"rendered":"https:\/\/espai-marx.net\/?p=2312"},"modified":"2020-02-19T16:00:59","modified_gmt":"2020-02-19T15:00:59","slug":"solidaridad-con-el-sindicato-de-los-obreros-del-campo-sindicato-andaluz-de-trabajadores","status":"publish","type":"post","link":"https:\/\/espai-marx.net\/?p=2312","title":{"rendered":"Solidaridad con el Sindicato de los Obreros del Campo\/ Sindicato Andaluz de Trabajadores."},"content":{"rendered":"<p>Queridos compa\u00f1eros:<\/p>\n<p>La burgues\u00eda, los terratenientes, el neoliberalismo, y sus fieles pol\u00edticos, les persiguen por &#8216;bandoleros&#8217;, &#8216;ladrones&#8217;, &#8216;subversivos&#8217;, &#8216;terroristas&#8217;&#8230; As\u00ed llamaban en Francia a los que tomaron las armas contra los nazis para liberar el pa\u00eds, entre los cuales muchos republicanos espa\u00f1oles exiliados&#8230;.Hoy d\u00eda son esos &#8216;guerrilleros&#8217; que figuran en los monumentos, en los libros de historia, en el pante\u00f3n nacional, y a sus perseguidores se les considera como &#8216;vendepatrias&#8217;, &#8216;traidores&#8217;, &#8216;colaboracionistas&#8217;&#8230;<\/p>\n<p>Tarde o temprano la historia pone las cosas en su sitio y los &#8216;criminalizados&#8217; de hoy se vuelven &#8216;h\u00e9roes&#8217; para las generaciones venideras. As\u00ed ser\u00e9is ma\u00f1ana, referentes, ejemplos de \u00e9tica y justicia verdadera, de bien com\u00fan.<\/p>\n<p>Por haber ocupado pac\u00edficamente tierras improductivas de grandes terratenientes, una de ellas del Ministerio de Defensa (Las Turquillas), y socializado unos cuantos alimentos en dos supermercados, para denunciar el hambre de miles de familia andaluzas, les amenazan con<br \/>\npenas de c\u00e1rcel, con multas enormes, sin fundamento&#8230;<\/p>\n<p>\u00bfQui\u00e9nes son esos: &#8216;les&#8217;? Los mismos, los de hoy y de ayer, los que prefirieron sumir a Espa\u00f1a en un r\u00edo de sangre en vez de aceptar las limitadas reformas de la Rep\u00fablica, los que condenaron a miles de padres, de mujeres, de ni\u00f1os, al exilio, esa forma de invisibilidad, de negaci\u00f3n, de muerte lenta y sumamente dolorosa,.<\/p>\n<p>Cuando la Rep\u00fablica en 1931 gan\u00f3 las elecciones hab\u00eda dos millones de jornaleros sin tierra; ESCLAVIZADOS, condenados a la miseria, al paro&#8230; Nada ha cambiado en lo fundamental,<br \/>\no muy poco. Un dos por ciento de terratenientes (incluso Ministerios) poseen m\u00e1s del 50% de la tierra cultivable en Andaluc\u00eda, y la malgastan. Eso se sabe en Francia y en muchos pa\u00edses.<\/p>\n<p>No puede haber libertad aut\u00e9ntica, igualdad, sin reforma agraria, sin que se repartan los panes,<br \/>\ncomo rezan los Evangelios&#8230; Compa\u00f1eros Juan Manuel, Diego, y dem\u00e1s militantes el SOC-SAT, les persiguen por continuar una lucha de muchos a\u00f1os, por querer concretar los sue\u00f1os de millones de parias: la tierra tiene que ser de todos y para todos; cada cual tiene que comer para poder vivir. Son derechos universales.<\/p>\n<p>Compa\u00f1eros, os hab\u00e9is &#8216;alzado&#8217;, a mucha honra, como imprescindibles y generosos rebeldes. La Declaraci\u00f3n de Derechos humanos de la ONU de 1948, reconoce el derecho a la rebeld\u00eda<br \/>\ny a desobedecer cuando las circunstancias lo exigen; as\u00ed lo hicieron Mandela, Gandhi, Che, Ch\u00e1vez, De Gaulle&#8230; Las formas de lucha pac\u00edficas que hab\u00e9is utilizado pueden parecer &#8216;ilegales&#8217; en una \u00f3ptica burguesa, pero son totalmente leg\u00edtimas en una situaci\u00f3n donde crecen<br \/>\ndisparatadamente las desigualdades, el desempleo, y donde &#8216;la tro\u00efka europea&#8217; desangra a Espa\u00f1a.<\/p>\n<p>Ilegales pues son los sacrificios exigidos siempre a &#8216;los de abajo&#8217;, los chanchullos, los esc\u00e1ndalos, el enriquecimiento il\u00edcito de unos cuantos, los inhumanos &#8216;recortes&#8217; para<br \/>\nla salud, la ense\u00f1anza, el robo del dinero p\u00fablico organizado por un pu\u00f1ado de delincuentes con corbata, la corrupci\u00f3n generalizada&#8230; En todas esas ilegalidades (esas si que lo son) est\u00e1n metidos hasta las cachas muchos dirigentes el PP y del PSOE, as\u00ed como la supuestamente &#8216;inmaculada y mod\u00e9lica&#8217; Casa Real.<\/p>\n<p>Compa\u00f1eros, &#8216;sois un &#8216;mal ejemplo&#8217; para el sistema, para &#8216;el mercado&#8217;, para don Dinero, para los ricos, pero un buen ejemplo, un est\u00edmulo, una referencia, para todos los que<br \/>\nluchan creyendo en un mundo m\u00e1s humano, m\u00e1s justo, m\u00e1s solidario. Y \u00a1es posible conseguirlo!<\/p>\n<p>Desde Francia, nos sentimos todos &#8216;Gordillos&#8217; y &#8216;Ca\u00f1ameros&#8217;. Deseamos que la Justicia andaluza se honre al no condenarles&#8230; Condenarles ser\u00eda una injusticia m\u00e1s, y la denunciar\u00edamos en Francia.<\/p>\n<p>Resistir es vencer no se cansaban de repetir los Republicanos, los antifranquistas. As\u00ed tiene que ser.<\/p>\n<p>Abrazo solidario desde Francia.<\/p>\n<p>Jean Ortiz, profesor de Universidad (Francia)<\/p>\n<p>Jean Fabbri, profesor de Universidad (Francia)<\/p>\n<p>Xavier Lambert, profesor de Universidad (Francia)<\/p>\n<p>Jean Claude Garric, profesor de Universidad (Francia)<\/p>\n<p>Marielle Nicolas, profesor de Universidad (Francia)<\/p>\n<p>Francis Desvois ,profesor de Universidad, (Francia)<\/p>\n<p>Corinne Ferrero, profesor de Universidad (Francia)<\/p>\n<p>Carole Hoffman , profesor de Universidad (Francia)<\/p>\n<p>Para firmar: dirigirse a jEAN.ORTIZ@UNIV-PAU.FR<\/p>\n","protected":false},"excerpt":{"rendered":"<p>Por haber ocupado pac\u00edficamente tierras improductivas de grandes terratenientes, una de ellas del Ministerio de Defensa (Las Turquillas), y socializado unos cuantos alimentos en dos supermercados, para denunciar el hambre de miles de familia andaluzas, les amenazan con penas de c\u00e1rcel, con multas enormes, sin fundamento&#8230; \u00bfQui\u00e9nes son esos: &#8216;les&#8217;? Los mismos, los de hoy y de ayer, los que prefirieron sumir a Espa\u00f1a en un r\u00edo de sangre en vez de aceptar las limitadas reformas de la Rep\u00fablica, los que condenaron a miles de padres, de mujeres, de ni\u00f1os, al exilio, esa forma de invisibilidad, de negaci\u00f3n, de muerte lenta y sumamente dolorosa,.   <\/p>\n","protected":false},"author":9,"featured_media":2313,"comment_status":"open","ping_status":"open","sticky":false,"template":"","format":"standard","meta":{"footnotes":""},"categories":[3],"tags":[],"class_list":["post-2312","post","type-post","status-publish","format-standard","has-post-thumbnail","hentry","category-condiciones-de-vida"],"aioseo_notices":[],"_links":{"self":[{"href":"https:\/\/espai-marx.net\/index.php?rest_route=\/wp\/v2\/posts\/2312","targetHints":{"allow":["GET"]}}],"collection":[{"href":"https:\/\/espai-marx.net\/index.php?rest_route=\/wp\/v2\/posts"}],"about":[{"href":"https:\/\/espai-marx.net\/index.php?rest_route=\/wp\/v2\/types\/post"}],"author":[{"embeddable":true,"href":"https:\/\/espai-marx.net\/index.php?rest_route=\/wp\/v2\/users\/9"}],"replies":[{"embeddable":true,"href":"https:\/\/espai-marx.net\/index.php?rest_route=%2Fwp%2Fv2%2Fcomments&post=2312"}],"version-history":[{"count":0,"href":"https:\/\/espai-marx.net\/index.php?rest_route=\/wp\/v2\/posts\/2312\/revisions"}],"wp:featuredmedia":[{"embeddable":true,"href":"https:\/\/espai-marx.net\/index.php?rest_route=\/wp\/v2\/media\/2313"}],"wp:attachment":[{"href":"https:\/\/espai-marx.net\/index.php?rest_route=%2Fwp%2Fv2%2Fmedia&parent=2312"}],"wp:term":[{"taxonomy":"category","embeddable":true,"href":"https:\/\/espai-marx.net\/index.php?rest_route=%2Fwp%2Fv2%2Fcategories&post=2312"},{"taxonomy":"post_tag","embeddable":true,"href":"https:\/\/espai-marx.net\/index.php?rest_route=%2Fwp%2Fv2%2Ftags&post=2312"}],"curies":[{"name":"wp","href":"https:\/\/api.w.org\/{rel}","templated":true}]}}