{"id":2381,"date":"2013-10-07T00:00:00","date_gmt":"2013-10-07T00:00:00","guid":{"rendered":"https:\/\/espai-marx.net\/?p=2381"},"modified":"2020-02-19T12:15:01","modified_gmt":"2020-02-19T11:15:01","slug":"a-proposit-de-chavs-d-owen-jones","status":"publish","type":"post","link":"https:\/\/espai-marx.net\/?p=2381","title":{"rendered":"A prop\u00f2sit de \u201cChavs\u201d, d\u2019Owen Jones"},"content":{"rendered":"<p style=\"margin-top: 0.2cm; margin-bottom: 0cm; background: #ffffff; line-height: 150%;\" align=\"JUSTIFY\">El 1984 vaig ser el primer de tota la meva fam\u00edlia que accedia a la Universitat. Pel meu pare, treballador del Mercat del Peix de Barcelona, aquest fet que pot semblar avui quotidi\u00e0 tenia un valor incalculable, que anava m\u00e9s enll\u00e0 d\u2019una fita personal i familiar. Hi havia tamb\u00e9 un component del que podr\u00edem anomenar \u201corgull de classe\u201d. Que el fill d\u2019un treballador, sindicalista i simpatitzant del PSUC, entr\u00e9s en aquell magne recinte representava un triomf d\u2019uns sectors socials tradicionalment apartats del coneixement i de les seves institucions m\u00e9s representatives. Aquesta vict\u00f2ria encara s\u2019eixamplava m\u00e9s quan el fill de l\u2019amo de la seva empresa, i enemic de classe declarat, ni tan sols era capa\u00e7 d\u2019aprovar la te\u00f2rica per aconseguir el carnet de conduir. Tot plegat, per a ell, era la demostraci\u00f3 fefaent que el proc\u00e9s iniciat amb elManifest Comunista, que continuava despr\u00e9s amb la Revoluci\u00f3 d\u2019Octubre i la vict\u00f2ria sobre el feixisme el 1945 no tenia aturador. Cada cop que un pa\u00eds es passava al b\u00e0ndol del socialisme o dels pa\u00efsos no alineats (Vietnam al 1975, Nicaragua al 1979, etc.) sentia com si aquella l\u00f2gica implacable de la for\u00e7a hist\u00f2rica condu\u00eds a la vict\u00f2ria definitiva del socialisme a tot el planeta. Pel meu pare, aquell acc\u00e9s al \u201ctemple del coneixement\u201d i els sat\u00e8l\u00b7lits sovi\u00e8tics voltant per l\u2019espai formaven part, cadascun de la seva manera, del mateix proc\u00e9s triomfal de la classe obrera. Per a ell i per a molts d\u2019altres treballadors, aquest sentit de la hist\u00f2ria, malgrat les coses no fossin exactament com pensaven, els donava la for\u00e7a per continuar lluitar i combatre el feixisme local, el que havien de suportar dia a dia.<\/p>\n<p style=\"margin-top: 0.2cm; margin-bottom: 0cm; background: #ffffff; font-style: normal; font-weight: normal; line-height: 150%;\" align=\"JUSTIFY\">Fou aquest orgull, aquesta dignitat i sentit de superioritat moral d\u2019una classe social que es creia destinada a governar el m\u00f3n i a instaurar-hi l\u2019amabilitat i la igualtat universals el que va ser destru\u00eft durant els anys 80. Tot plegat havia estat ordit des de principis dels 70. Els \u201cChicago Boys\u201d de Milton Friedmann, els experiments neoliberals al Xile de Pinochet (1973) i finalment l\u2019arribada al poder de Margaret Thatcher a Gran Bretanya (1979) i Ronald Reagan als EEUU (1980) van obrir un altre proc\u00e9s, inesperat per aquells que creien, ing\u00e8nuament, en la inevitable vict\u00f2ria del socialisme. La d\u00e8cada que hav\u00edem acabat amb l\u2019entusiasme del triomf de la Revoluci\u00f3 Sandinista donava peu a una altre que finalitzaria amb la caiguda del mur de Berl\u00edn el 1989 i la desfeta del anomenat \u201cBloc Socialista\u201d totalment esmicolat en menys de dos anys. La derrota dels miners brit\u00e0nics a la vaga de 1984-85 va ser un trist presagi de la desfeta que se\u2019ns venia al damunt.<\/p>\n<p style=\"margin-top: 0.2cm; margin-bottom: 0cm; background: #ffffff; line-height: 150%;\" align=\"JUSTIFY\"><strong>Owen Jones<\/strong>, en el seu l\u00facid llibre, <a href=\"http:\/\/www.capitanswinglibros.com\/catalogo.php\/chavs-la-demonizacion-de-la-clase-obrera\" target=\"_blank\" rel=\"noopener noreferrer\"><b>Chavs. La demonizaci\u00f3n de la clase obrera<\/b><\/a> (publicat en castell\u00e0 per l\u2019editorial Capit\u00e1n Swing el 2012), ens situa, com b\u00e9 diu en la lamentable her\u00e8ncia d\u2019aquesta derrota hist\u00f2rica del moviment obrer. \u201cTots som classe mitja\u201d proclamava cofoi el laborista Tony Blair, enterrant d\u00e8cades de tradici\u00f3 socialista i d\u2019identitat treballadora. Els obrers ja no s\u00f3n l\u2019heroica classe alliberadora de tota la Humanitat, sin\u00f3 que han degenerat segons el discurs dominant en una subclasse marginal i dependent. A la derrota de les seves organitzacions, la destrucci\u00f3 dels llocs de treball que els hi conferien dignitat i valor social, ha seguit la burla constant i les campanyes calumniadores. L\u2019estereotip del chav (choni, can\u00ed, garrulo, a les nostres contrades) esdev\u00e9 l\u2019espantall contra el que dispara una classe benestant enriquida i segura de la seva vict\u00f2ria definitiva. La culpabilitzaci\u00f3 personal \u00e9s la darrera frontera. Unes campanyes dissenyades pels think tanks neoliberals i ben dirigides per la premsa burgesa han convertit la persona en l\u2019\u00fanica responsable del seu dest\u00ed. Poc importa que les ind\u00fastries i les mines hagin estat destru\u00efdes i no s\u2019hagin buscat noves alternatives productives, poc importa que l\u2019educaci\u00f3 i la salut hagin estat privatitzades, poc importa que les organitzacions de la classe obrera hagin estat escombrades del panorama social i les comunitats obreres posades sota els peus dels cavalls de l\u2019atur, la marginaci\u00f3 i la droga. Pels guanyadors de la guerra de classes i pels pensadors neoliberals no existeix una societat que genera problemes i margina a les persones, sin\u00f3 individus que se\u2019ls busquen o no els saben resoldre. Es cerquen sistem\u00e0ticament exemples de picaresca que fan apar\u00e8ixer com a par\u00e0sits els habitants de barris populars sencers i que justifiquen aix\u00ed les retallades en mat\u00e8ria social.<\/p>\n<p style=\"margin-top: 0.2cm; margin-bottom: 0cm; background: #ffffff; line-height: 150%;\" align=\"JUSTIFY\">Tot plegat la lamentable historia d\u2019una terrible revenja. La por a perdre els seus privilegis i el seu poder va obligar a la classe dominant a cedir davant un moviment obrer refor\u00e7at despr\u00e9s de la derrota del feixisme. Com molt b\u00e9 ens explica <strong>Ken Loach<\/strong> a <a href=\"http:\/\/www.thespiritof45.com\/\" target=\"_blank\" rel=\"noopener noreferrer\"><b>The spirit of \u201845<\/b><\/a>, si l\u2019esfor\u00e7 i el sacrifici col\u00b7lectiu durant els anys de la guerra van servir per aconseguir la vict\u00f2ria sobre la barb\u00e0rie, perqu\u00e8 no havien de permetre tamb\u00e9 construir una pau m\u00e9s justa i igualit\u00e0ria per a aquells que tornaven de la guerra? Les nacionalitzacions i pol\u00edtiques socials, com l\u2019emblem\u00e0tica construcci\u00f3 d\u2019habitatges protegits, dels anys posteriors a la Segona Guerra Mundial van crear les bases de l\u2019anomenada \u201csocietat del benestar\u201d. La mortalitat infantil, las cases insalubres, la manca de drets laborals, l\u2019atur sense protecci\u00f3, van cedir el pas a unes condicions de vida que cap generaci\u00f3 treballadora havia conegut fins aquell moment. La classe obrera havia guanyat una important batalla ideol\u00f2gica i la burgesia es va retirar ferida, per\u00f2 no derrotada, com es va poder comprovar anys despr\u00e9s. I a la revenja havia de seguir la dissoluci\u00f3 de les idees i valors que havien motivat l\u2019hegemonia moment\u00e0nia de la classe treballadora. El concepte de classe havia de ser superat i desapar\u00e8ixer de l\u2019imaginari popular. En una mena de consens global (ontorys i neolaboristes coincidien) es proclamava l\u2019entronitzaci\u00f3 d\u2019una suposada \u201cclasse mitjana\u201d envoltada per baix per una subclasse par\u00e0sita i degenerada i per dalt per una capa h\u00edperprivilegiada, per\u00f2 cada cop m\u00e9s ociosa i menys influent. Owen Jones desmunta un a un aquests \u201cmantres\u201d neoliberals i ens proposa la necessitat d\u2019una nova pol\u00edtica de classe que ajudi a la gent treballadora a recuperar la iniciativa dins la societat.<\/p>\n<p style=\"margin-top: 0.2cm; margin-bottom: 0cm; background: #ffffff; font-style: normal; font-weight: normal; line-height: 150%;\" align=\"JUSTIFY\">M\u00e9s enll\u00e0 ens queda la preguntar del perqu\u00e8 d\u2019aquesta vulnerabilitat. \u00c9s evident que les conquestes i concessions socials no havien posat en q\u00fcesti\u00f3 l\u2019estructura b\u00e0sica de la propietat. El poder dins les empreses continuava en mans dels propietaris, i per tant el control seguia sent exercit per la mateixa classe social.<\/p>\n<p style=\"margin-top: 0.2cm; margin-bottom: 0cm; background: #ffffff; font-style: normal; font-weight: normal; line-height: 150%;\" align=\"JUSTIFY\">Per altra banda l\u2019Estat del Benestar va c\u00f3rrer paral\u00b7lel a un creixement econ\u00f2mic \u00fanic a la historia de la humanitat i un acc\u00e9s extraordinari a un consum mai conegut. La constataci\u00f3 d\u2019haver assolit un nivell de vida que les generacions precedents ni tan sol havien somiat va provocar una anestesia generalitzada i un relaxament pol\u00edtic de conseq\u00fc\u00e8ncies nefastes. Durant les d\u00e8cades de bonan\u00e7a els sindicats i les organitzacions pol\u00edtiques representatives de la classe obrera es van conv\u00e8ncer que era possible un capitalisme amb rostre hum\u00e0 i van centrar la lluita exclusivament en els aspectes econ\u00f2mics que els permetessin un major acc\u00e9s al consum i en la defensa de les conquestes socials assolides que garantien certa seguretat, oblidant els objectius pol\u00edtics del moviment: la lluita per la superaci\u00f3 de la societat de classes. Semblava suficient que, muntat dalt d\u2019una energia abundant i barata, les classes socials en conflicte s\u2019agermanessin en la nova religi\u00f3 de l\u2019h\u00edperconsumisme. Res va ser tan corrosiu per la moral de la classe obrera que pensar que nedava a favor de la corrent d\u2019un proc\u00e9s mal ent\u00e8s per un capitalisme moment\u00e0niament apaivagat i que avui ens mostra la seva aut\u00e8ntica fa\u00e7ana.<\/p>\n<p style=\"margin-top: 0.2cm; margin-bottom: 0cm; line-height: 150%;\">\n","protected":false},"excerpt":{"rendered":"<p>\u00a0<\/p>\n<p style='margin-top: 0.2cm; margin-bottom: 0cm; background: #ffffff; font-style: normal; font-weight: normal; line-height: 150%;' align='JUSTIFY'>La demonitzaci\u00f3 de la classe obrera, analitzada per al cas angl\u00e8s al llibre publicat per Capit\u00e1n Swing, \u00e9s el correlat final d&#8217;una ofensiva que va impulsar el neoliberalisme durant els anys 80. Com va ser possible aquesta derrota? Qu\u00e8 explica la vulnerabilitat de les classes treballadores? Qu\u00e8 ha significat?<\/p>\n","protected":false},"author":9,"featured_media":2382,"comment_status":"open","ping_status":"open","sticky":false,"template":"","format":"standard","meta":{"footnotes":""},"categories":[3,45],"tags":[1101,943,1102],"class_list":["post-2381","post","type-post","status-publish","format-standard","has-post-thumbnail","hentry","category-condiciones-de-vida","category-proletariado-demos-multidud","tag-chavs","tag-estudios","tag-owen-jones"],"aioseo_notices":[],"_links":{"self":[{"href":"https:\/\/espai-marx.net\/index.php?rest_route=\/wp\/v2\/posts\/2381","targetHints":{"allow":["GET"]}}],"collection":[{"href":"https:\/\/espai-marx.net\/index.php?rest_route=\/wp\/v2\/posts"}],"about":[{"href":"https:\/\/espai-marx.net\/index.php?rest_route=\/wp\/v2\/types\/post"}],"author":[{"embeddable":true,"href":"https:\/\/espai-marx.net\/index.php?rest_route=\/wp\/v2\/users\/9"}],"replies":[{"embeddable":true,"href":"https:\/\/espai-marx.net\/index.php?rest_route=%2Fwp%2Fv2%2Fcomments&post=2381"}],"version-history":[{"count":0,"href":"https:\/\/espai-marx.net\/index.php?rest_route=\/wp\/v2\/posts\/2381\/revisions"}],"wp:featuredmedia":[{"embeddable":true,"href":"https:\/\/espai-marx.net\/index.php?rest_route=\/wp\/v2\/media\/2382"}],"wp:attachment":[{"href":"https:\/\/espai-marx.net\/index.php?rest_route=%2Fwp%2Fv2%2Fmedia&parent=2381"}],"wp:term":[{"taxonomy":"category","embeddable":true,"href":"https:\/\/espai-marx.net\/index.php?rest_route=%2Fwp%2Fv2%2Fcategories&post=2381"},{"taxonomy":"post_tag","embeddable":true,"href":"https:\/\/espai-marx.net\/index.php?rest_route=%2Fwp%2Fv2%2Ftags&post=2381"}],"curies":[{"name":"wp","href":"https:\/\/api.w.org\/{rel}","templated":true}]}}