{"id":2411,"date":"2013-10-21T00:00:00","date_gmt":"2013-10-21T00:00:00","guid":{"rendered":"https:\/\/espai-marx.net\/?p=2411"},"modified":"2020-02-19T12:00:52","modified_gmt":"2020-02-19T11:00:52","slug":"la-necessitat-genera-l-organitzacio","status":"publish","type":"post","link":"https:\/\/espai-marx.net\/?p=2411","title":{"rendered":"La necessitat genera l\u2019organitzaci\u00f3"},"content":{"rendered":"<p class=\"western\" style=\"margin-top: 0.21cm; line-height: 150%;\" align=\"JUSTIFY\">Per a crear el poder popular el que cal \u00e9s caminar des de tots els \u00e0mbits i des d&#8217;a baix. I aix\u00f2 \u00e9s en el que estem, m\u00e9s ben fet o m\u00e9s malament per\u00f2 aprenent.<\/p>\n<p class=\"western\" style=\"margin-top: 0.21cm; line-height: 150%;\" align=\"JUSTIFY\">Certament no iniciarem del no-res un moviment popular. El moviment popular creix ell per si sol des del treball de base on es pateixen les contradiccions del sistema i on es cou la lluita de classes.<\/p>\n<p class=\"western\" style=\"margin-top: 0.21cm; line-height: 150%;\" align=\"JUSTIFY\">Ni partits, ni fronts c\u00edvics, ni processos constituents, ni esquerres unides, ni cups aixecaran la bandera del poder popular. Cap organitzaci\u00f3 liderar\u00e0 per si mateixa l&#8217;alternativa al sistema capitalista. \u00c9s ben segur que totes aquestes iniciatives fan un paper necessari i som peces del trencaclosques i van fent la seva feina, i si ho fem des de la humilitat i la sinceritat de no tenir formules m\u00e0giques, tindrem molta feina avan\u00e7ada.<\/p>\n<p class=\"western\" style=\"margin-top: 0.21cm; line-height: 150%;\" align=\"JUSTIFY\">Per\u00f2 el Poder Popular es va gestant lentament, sectorialment amb l&#8217;organitzaci\u00f3 immediata i conseq\u00fc\u00e8ncia dels problemes concrets, aix\u00f2 s\u00f3n els Moviments Socials, tenen el seu ritme, el seu temps, com les hortalisses i fruits creixen en l&#8217;hort respectant els seus temps de creixement i maduraci\u00f3&#8230; Aix\u00f2 s\u00ed, cal estar en l&#8217;hort i cuidar-ho, moure la terra, abonar-la, netejar les fulles d&#8217;insectes perjudicials, etc&#8230; per\u00f2 no ens obstinem a accelerar el creixement, la nostra feina \u00e9s que creixi b\u00e9, i per a aix\u00f2 cal estar en l&#8217;hort no mirar-ho des de la finestra donant indicacions.<\/p>\n<p class=\"western\" style=\"margin-top: 0.21cm; line-height: 150%;\" align=\"JUSTIFY\">La necessitat genera l&#8217;organitzaci\u00f3 prim\u00e0ria, la seva maduraci\u00f3 genera consci\u00e8ncia i aquesta consci\u00e8ncia genera la necessitat de la uni\u00f3 d&#8217;aquests moviments socials nascuts del problema concret, aix\u00ed es va teixint el moviment popular, el poder popular. Per\u00f2 estant, no mirant, per\u00f2 estant com a afectat no desvirtuant-ho.<\/p>\n<p class=\"western\" style=\"margin-top: 0.21cm; line-height: 150%;\" align=\"JUSTIFY\">Tots tenim un paper, totes les iniciatives pol\u00edtiques transformadores nascudes en el bressol del 15-m s\u00f3n necess\u00e0ries doncs arriben i sumen a parts i sectors diferents de la societat .<\/p>\n<p class=\"western\" style=\"margin-top: 0.21cm; line-height: 150%;\" align=\"JUSTIFY\">Per\u00f2 cal resoldre un problema seri\u00f3s: trencar la l\u00ednia divis\u00f2ria entre les propostes pol\u00edtiques transformadores revolucion\u00e0ries i els moviments socials que hauran d&#8217;anar teixint la consci\u00e8ncia pol\u00edtica, perqu\u00e8 si b\u00e9 \u00e9s cert que \u00e9s necess\u00e0ria una alternativa pol\u00edtica madura que uneixi al 90% perqu\u00e8 inici\u00ef un Proc\u00e9s Constituent, abans \u00e9s necessari respectar el desenvolupament i creixement de la consci\u00e8ncia sociopol\u00edtica en els moviments socials en el seu paper de Proc\u00e9s Destituent. Sense Proc\u00e9s Destituent no hi ha Proc\u00e9s Constituent, s\u00f3n dues etapes del mateix proc\u00e9s .<\/p>\n<p class=\"western\" style=\"margin-top: 0.21cm; line-height: 150%;\" align=\"JUSTIFY\">Trenquem el tab\u00fa i l&#8217;esquema equivocat d&#8217;aquest abisme que els separa i que ens impedeix avan\u00e7ar i tracem el fil conductor que uneix les dues etapes que una nodreix a una altra i es retroalimenten.<\/p>\n<p class=\"western\" style=\"margin-top: 0.21cm; line-height: 150%;\" align=\"JUSTIFY\">\n<p class=\"western\" style=\"margin-top: 0.21cm; line-height: 150%;\" align=\"JUSTIFY\">13 d&#8217;octubre de 2013<\/p>\n","protected":false},"excerpt":{"rendered":"<p class='MsoNormal' style='margin-top: 6.0pt; margin-right: 0cm; margin-bottom: 6.0pt; margin-left: 0cm; text-align: justify;'>Per a crear el poder popular el que cal \u00e9s caminar des de tots els \u00e0mbits i des d&#8217;a baix. Certament no iniciarem del no-res un moviment popular. El moviment popular creix ell per si sol des del treball de base on es pateixen les contradiccions del sistema i on es cou la lluita de classes.<\/p>\n","protected":false},"author":4,"featured_media":2412,"comment_status":"open","ping_status":"open","sticky":false,"template":"","format":"standard","meta":{"footnotes":""},"categories":[13,45],"tags":[],"class_list":["post-2411","post","type-post","status-publish","format-standard","has-post-thumbnail","hentry","category-la-izquierda-a-debate","category-proletariado-demos-multidud"],"aioseo_notices":[],"_links":{"self":[{"href":"https:\/\/espai-marx.net\/index.php?rest_route=\/wp\/v2\/posts\/2411","targetHints":{"allow":["GET"]}}],"collection":[{"href":"https:\/\/espai-marx.net\/index.php?rest_route=\/wp\/v2\/posts"}],"about":[{"href":"https:\/\/espai-marx.net\/index.php?rest_route=\/wp\/v2\/types\/post"}],"author":[{"embeddable":true,"href":"https:\/\/espai-marx.net\/index.php?rest_route=\/wp\/v2\/users\/4"}],"replies":[{"embeddable":true,"href":"https:\/\/espai-marx.net\/index.php?rest_route=%2Fwp%2Fv2%2Fcomments&post=2411"}],"version-history":[{"count":0,"href":"https:\/\/espai-marx.net\/index.php?rest_route=\/wp\/v2\/posts\/2411\/revisions"}],"wp:featuredmedia":[{"embeddable":true,"href":"https:\/\/espai-marx.net\/index.php?rest_route=\/wp\/v2\/media\/2412"}],"wp:attachment":[{"href":"https:\/\/espai-marx.net\/index.php?rest_route=%2Fwp%2Fv2%2Fmedia&parent=2411"}],"wp:term":[{"taxonomy":"category","embeddable":true,"href":"https:\/\/espai-marx.net\/index.php?rest_route=%2Fwp%2Fv2%2Fcategories&post=2411"},{"taxonomy":"post_tag","embeddable":true,"href":"https:\/\/espai-marx.net\/index.php?rest_route=%2Fwp%2Fv2%2Ftags&post=2411"}],"curies":[{"name":"wp","href":"https:\/\/api.w.org\/{rel}","templated":true}]}}