{"id":242,"date":"2006-04-03T00:00:00","date_gmt":"2006-04-03T00:00:00","guid":{"rendered":"https:\/\/espai-marx.net\/?p=242"},"modified":"2020-02-13T13:07:12","modified_gmt":"2020-02-13T12:07:12","slug":"intervencion-de-josep-bel-en-representacion-de-la-xarxa-contra-la-precariedad-y-los-cierres-de-empresas-en-el-foro-social-europeo-de-londres-17-10-2004","status":"publish","type":"post","link":"https:\/\/espai-marx.net\/?p=242","title":{"rendered":"Intervenci\u00f3n de Josep Bel en representaci\u00f3n de la Xarxa Contra la Precariedad y los Cierres de empresas en el Foro Social Europeo de Londres 17\/10\/ 2004."},"content":{"rendered":"<p>La reflexi\u00f3n que hemos realizado colectivamente tras ver el aislamiento de los despedidos por multinacionales, nos llevo a constituirnos en red y empezar en un acto contra los cierres o deslocalizaciones que se estaba\u00a0 produciendo. (tras lo de Sintel-Telef\u00f3nica, como lucha ejemplar, se sucedieron decenas de cierres como Samsung, Philiphs, Fisipe, Valeo, Printer, muchas del Textil, electr\u00f3nica, etc).<\/p>\n<p>Comprobamos como el sindicalismo institucional no hab\u00eda ni presentado a los distintos colectivos en lucha, ni siquiera habia ofrecido contactos internacionales cuando eran una multinacionales como el caso de coreana la de Samsung. (sab\u00edamos de la combatividad de ese sindicalismo en muchas ocasiones y de su implicaci\u00f3n en Portoalegre). Es decir, comprobamos el aislamiento de las luchas ante la globalizaci\u00f3n capitalista. La teor\u00eda de la coordinaci\u00f3n internacional hace aguas en el movimiento obrero, cuando est\u00e1n coordinados, cada pa\u00eds pelea frente al empleo del otro y casi nunca hay huelgas conjuntas.<\/p>\n<p><b>A nivel nacional, en Catalunya, los presentamos, realizamos manifestaciones conjuntas, convocadas como Xarxa frente al gobierno catalan, entreg\u00e1ndole las reivindicaciones escritas al gobierno tripartito supuestamente de izquierdas, que no dialog\u00f3 con las bases afectadas, sino que realiz\u00f3 el pacto social con la patronal y los sindicatos subvencionados, le llam\u00f3 Mesa del Textil, etc, ante la deslocalizaci\u00f3n. Su dise\u00f1o, ayudar a recolocar a trav\u00e9s de ETT y ayudar a la patronal a internacionalizar su empresa en esta globalizaci\u00f3n.<\/b><\/p>\n<p>Los chantajes de deslocalizaci\u00f3n o precariedad se sucedieron en Nissan, SEAT-Wolswagen y otras empresas m\u00e1s o menos famosas. Si los trabajadores no bajan sus salarios o aceptan la doble escala salarial, para los que nuevos j\u00f3venes contratados cobren menos, las empresas amenazan con cerrar o irse en parte. En Alemania vemos al mismo tiempo como aumenta jornada de 35 a 40 horas, de forma pactada con los sindicatos del poder, vemos recortes del estado del bienestar por toda Europa, en muchos casos pactados para ser competitivos en esta globalizaci\u00f3n capitalista.<\/p>\n<p>Al mismo tiempo vemos que el proyecto de constituci\u00f3n europea es neoliberal, como toda la construcci\u00f3n europea (Maastrich, Pacto de Competitividad, Schenguen, etc) los derechos sociolaborales y las pensiones van a peor y los derechos civiles y libertades tambi\u00e9n.<\/p>\n<p>Con todo lo que esta lloviendo, algunos le llaman revoluci\u00f3n neoliberal, debatimos en la Xarxa unitaria, la necesidad de incorporarnos a la reflexi\u00f3n de que la precariedad es la consecuencia de esta globalizaci\u00f3n capitalista en la vida cotidiana, es decir, que el capitalismo necesita la precariedad\u00a0 en esta etapa imperialista, para mantener o aumentar su tasa de beneficio. Por lo tanto, cuando definimos precariedad lo hacemos de una forma integral, amplia. No son precarios solo los excluidos o los que tienen un contrato eventual. Sabemos que son 8 millones los excluidos en el estado espa\u00f1ol y que los eventuales son un 30% de los que tienen trabajo (55% de poblaci\u00f3n activa). Pero el an\u00e1lisis de la palabra precariedad es m\u00e1s completo.<\/p>\n<p>Es precario tambi\u00e9n un asalariado con empleo fijo, con un salario menor a los 1000 euros, con el que no se puede alquilar una vivienda y de esos en nuestro pa\u00eds, millones, especialmente j\u00f3venes, mujeres, inmigrantes, pensionistas, etc. Recordemos aquella recomendaci\u00f3n de la UE (que no es de obligado cumplimiento como todo lo social), en la que se recomienda a los estado miembros, que el salario m\u00ednimos alcance el 68% bruto o 60% neto del salario medio. Esto har\u00eda que el salario m\u00ednimo actual de 500 euros \/mes pasara a m\u00e1s de 1000 por 14 pagas. Pero para ello est\u00e1n los sindicatos \u201cresponsables\u201d que firman un pacto social con el PSOE que permita subir durante esta legislatura de 4 a\u00f1os a 600 euros\/mes, en vez de luchar por la recomendaci\u00f3n europea frente a los 8000 que se han puesto de salario base los europarlamentarios. Esto si que es homogeneizar al alza y r\u00e1pido.<\/p>\n<p>Analizamos los accidentes laborales, las nuevas enfermedades profesionales no reconocidas y el estr\u00e9s galopante, contrastamos el fraude ante la legislaci\u00f3n m\u00ednima existente en lo sociolaboral (solo 1 de cada 3 asalariados sabe sus derechos y donde acudir), los servicios m\u00ednimos abusivos en las empresas que luchan, vemos<\/p>\n<p>Analizamos que aumentan los precarios que no tienen o tenemos tiempo de vida, es decir que los horarios han empeorado en muchos sectores con la flexibilidad, especialmente servicios, donde se deja la jornada continuada de 8 horas y se hace partida, con lo que al vivir cada vez m\u00e1s lejos del centro comercial por la especulaci\u00f3n de la vivienda en toda Europa, los asalariados\/as invertimos m\u00e1s tiempo en los desplazamientos y no queda tiempo para el ocio ni para la familia ni para reuniones sociales. Los ni\u00f1os no son flexibles y necesitan atenci\u00f3n a unas horas, lo mismo que la vida social no permite reuniones nocturnas solamente. Crece el numero de gente que dice, no puedo venir por el horario, o tengo compromiso familiar y desaparece casi de la militancia social juvenil.<\/p>\n<p>Ante la creciente precariedad de la vida, contrastamos algunos recuerdos de la izquierda no revolucionaria. Recordemos cuando en los 70 la izquierda dec\u00eda que la vivienda debe ser el 25% de los ingresos de la familia como m\u00e1ximo y como est\u00e1n los precios por Europa hoy versus salarios. Recordemos el silencio sindical actual ante las reiteradas 35 horas en la UE o la participaci\u00f3n en el juego especulativo del capital de sus fondos de pensiones frente a la exigencia de una pensi\u00f3n digna a los 60 para todos.<\/p>\n<p>Recordamos que a todo el que no cotiz\u00f3 antes del 1967, tiene prohibido (gracias al PSOE de 1985) jubilarse a los 60 y debe esperar a los 65, salvo despido que entonces puede a los 61. Posteriormente, esto fue rematado con el pacto social de Toledo con los 2 sindicatos, el PP-PSOE\u00a0 modifican la forma de c\u00e1lculo de la pensi\u00f3n y a muchos futuros pensionistas les corresponder\u00e1 menos cantidad de media al mes.<\/p>\n<p>Vemos como el llamado esfuerzo del pacto social de 1996, dec\u00edan para reducir la temporalidad, fue otro fracaso, reducir el precio del despido (45 d\u00edas por a\u00f1o trabajado a 33) para aumentar los contratos fijos fue una falacia m\u00e1s del pacto de CCOO-UGT-PP. La eventualidad crece tambi\u00e9n con la subcontrataci\u00f3n o con los aut\u00f3nomos que son muchos m\u00e1s cada d\u00eda y se mantiene precariedad en la administraci\u00f3n publica de izquierdas (ayuntamientos con entes privados para precarizar).<\/p>\n<p>Lo mismo sucedi\u00f3 con la reducci\u00f3n de las prestaciones por desempleo a los parados de Francia, Espa\u00f1a, etc, o en las pensiones de Italia, Espa\u00f1a, etc. Esas consecuencias del pacto social y de la ineficacia sindical se vuelven a demostrar en la ola de privatizaciones que esta sacudiendo Europa. Todos los servicios p\u00fablicos, en l\u00ednea con la OMC. Ni la Energ\u00eda, ni las Telecomunicaciones, ni la Sanidad o la Ense\u00f1anza se libran. Las desigualdades crecen con esta mercantilizaci\u00f3n de lo necesario para la comunidad y unos pocos, los due\u00f1os y directivos de bancos y multinacionales se enriquecen. Los que puedan pagar Masters de calidad en Universidades caras, son los mismo que pueden evitar las listas de espera en Sanidad, los ricos.<\/p>\n<p>Es de destacar que la precariedad de las mujeres, a pesar de los avances del feminismo, es mayor a la de los hombres en todos los pa\u00edses y el trabajo reproductivo no remunerado o de cuidados (ni\u00f1os y viejos) contin\u00faa sobre las mismas, sin respuestas de grandes conflictos sociales que puedan evitarlo en un futuro cercano. El trabajo es trabajo siempre, en casa y en la empresa, as\u00ed debemos valorarlo y repartirlo. Pero, adem\u00e1s la mujer en la empresa promociona menos, soporta mayor violencia sexual y comentarios obscenos, etc. esto obliga a tener siempre presente el an\u00e1lisis de genero en esta lucha contra la precariedad, especialmente al organizar propuestas para la vida cotidiana.<\/p>\n<p>Sin democracia en el trabajo, todos somos precarios. El miedo a hablar existe en la mayor\u00eda de empleos, pero es insoportable en la empresa peque\u00f1a. La falta de asambleas mensuales esta produci\u00e9ndose incluso en la empresas medianas, ya no se expresan la pluralidad de opiniones sindicales o sociales en los centros de trabajo, esto lo habitual tras 150 a\u00f1os de sindicalismo europeo. A veces hay en las grandes empresas reuniones de afiliados para no mezclarse con otros clientelismos o revolucionarios, y cada vez hay menos asambleas generales.<\/p>\n<p>Casi ning\u00fan precario se atreve a organizar sindicato o luchas, porque la legislaci\u00f3n facilita el despido y la correlaci\u00f3n de fuerzas no es adecuada al impedir la organizaci\u00f3n estable tanta inestabilidad. El miedo favorece a los ricos, ahora,\u00a0 los pobres, los comunistas o anarquistas no se atreven a hablar en la empresa de lo que piensan, es decir, casi como en la dictadura, la democracia participativa o real no existe en Europa. Hay excepciones democr\u00e1ticas en alguna gran empresa y en sectores de funcionarios o en trabajos donde el despido es mas dif\u00edcil, que suelen coincidir con lugares que responden con luchas de resistencia a empeorar, o para frenar las privatizaciones y donde se da la creaci\u00f3n de sindicatos de izquierda.<\/p>\n<p>Todas estas precariedades son aumentadas para la inmigraci\u00f3n sin papeles que es doblemente explotada. Nadie recuerda el derecho humano (DDHH) a emigrar cuando los europeos lo hicimos siempre. Aumenta la diversidad cultural y los s\u00edmbolos para la unificaci\u00f3n de la clase trabajadora tambi\u00e9n difieren.\u00a0 Este es un gran reto para todas las organizaciones antineoliberales y anticapitalistas. Todos somos trabajadores y la presi\u00f3n de las condiciones a la baja se hace con toda esta econom\u00eda sumergida que provocan los empresarios con los \u201csin papeles\u201d que emigran de la pobreza que el sistema genera en el sur. El populismo y el racismo deben enfrentarse con decisi\u00f3n y la reivindicaci\u00f3n de los derechos de los inmigrantes debe respetar sus formas de lucha, incluidos los encierros y las huelgas de hambre salvajes. De la misma forma que la ocupaci\u00f3n de los sin techo es un derecho y debe sumarse a la actividad de un sindicalismo sociopol\u00edtico que sea coherente en Europa.<\/p>\n<p>La reflexi\u00f3n sobre esta precariedad estructural nos llev\u00f3 en la Xarxa a pensar que frente a un ataque y cambios de esta magnitud, no son \u00fatiles las formas organizativas t\u00edpicas del fordismo. Cuando el patr\u00f3n estaba enfrente, los trabajadores en la cadena explotados, se ve\u00eda el producto final y su precio, el enriquecimiento de la plusval\u00eda y su organizaci\u00f3n in\u00fatil de la vida, era m\u00e1s f\u00e1cil agrupar que con el objetivo de cambio socialista que ahora, con la fabrica difusa y mundial.<\/p>\n<p>Lo dif\u00edcil es agrupar hoy para el cambio, a partir de la autonom\u00eda de clase, la soberan\u00eda en el territorio y el internacionalismo solidario.<\/p>\n<p>La correlaci\u00f3n de fuerzas que permiti\u00f3 conseguir en Europa el estado del bienestar no existe hoy por mas instituciones sindicales que subvencionen. El imperio es mucho m\u00e1s poderoso y la clase pol\u00edtico sindical dirigente esta mucho m\u00e1s acomodada con sus amigos socialdem\u00f3cratas neoliberales.<\/p>\n<p>De la misma forma que reivindicamos la uni\u00f3n del movimiento obrero con el movimiento antiglobalizaci\u00f3n, debemos pensar en nuevas formas de colaboraci\u00f3n del sindicalismo de izquierdas o alternativo con todo el precariado emergente que no esta integrado en \u00e9l.<\/p>\n<p>La segmentaci\u00f3n de varias empresas en el mismo centro o proceso productivo son visibles cuando hay accidentes mortales, pero no en la lucha unitaria sindical. La naval de Izar tiene 2 de contrata por cada fijo, en el mismo muelle, dentro del barco, pero en la mesa de negociaci\u00f3n solo se habla de los fijos.<\/p>\n<p>Lo mismo sucede en la segmentaci\u00f3n en diferentes centros, en holdings donde la mayor\u00eda de soluciones laborales para las docenas de filiales de una misma multinacional o una pyme-holding, se deciden sin conocerse los trabajadores que dependen del mismo patr\u00f3n en el mismo pa\u00eds. Muchas veces, tras esos directivos, est\u00e1n los bancos y sus decisiones son n\u00fameros frente a personas invisibles y descoordinadas.<\/p>\n<p>Esto da una identidad plural? como sujeto trabajador, motor del conflicto social para la transformaci\u00f3n.?<\/p>\n<p>Sin resolver dicho debate, la red asume por tanto una lucha sostenida contra la precariedad y los despidos. Participamos en el May Day (1\u00ba Mayo alternativo de Barcelona-Milan, etc))con \u00e9xito para ser el primer a\u00f1o y lo hicimos tambi\u00e9n el 11 de Septiembre, denunciando los 8000 euros de los salarios de pol\u00edticos europeos catalanes que deciden los cierres, frente a los 500 del salario m\u00ednimo que le quedan a muchos parados. (foto anexa). Los inmigrante est\u00e1n siempre presentes en estas manifestaciones, junto a los movimientos sociales y el sindicalismo alternativo en nuestra red.<\/p>\n<p><i>Cuando decimos lo que no es eficaz como sindicalismo institucional, sabemos que nadie a\u00fan ha conseguido frenar los ataques neoliberales, ni mucho menos nosotros\/as, sino que estamos sensibilizando y concienciando, ofreciendo espacios de lucha conjunta. <\/i><\/p>\n<p><i>Pensamos que el nuevo sujeto hist\u00f3rico que necesitamos unificar debe salir al calor de las luchas sostenidas conjuntas, con menos prioridad de siglas o sectarismos, ante la segmentaci\u00f3n de la clase actual y m\u00e1s coherencia entre lo que se dice y lo que se hace<\/i>.<\/p>\n<p><i>Las iniciativas de todos los anticapitalistas deben ser para reforzar la denuncia del sistema y luchar contra \u00e9l,\u00a0 respetando las formas asamblearias, horizontales, democr\u00e1tico-participativas como un fin nuestro. La democracia es nuestra, es de los pobres o precarios que somos la mayor\u00eda y no de los medios de comunicaci\u00f3n.<\/i><\/p>\n<p><i>Debemos poder traspasar la experiencia hist\u00f3rica acumulada de a\u00f1os de luchas obreras para evitar los mismos errores. Con la actual segmentaci\u00f3n de trabajadores fijos, eventuales, contratas, inmigrantes, etc, no esta demostrado a\u00fan como se consolidar\u00e1 una identidad que pueda acumular fuerzas e invert\u00ed la tendencia neoliberal, pero hemos empezado. Se hace camino al andar<\/i><\/p>\n<p>Las alternativas que van hacia victorias electorales socialdem\u00f3cratas, no tienen margen para el cambio o transformaci\u00f3n social y se empieza a considerar las cosas otra vez desde la base y con el asamblearismo que teje lo alternativo, como \u00fanica forma real de poder enfrentarse al imperio.<\/p>\n<p>Las ideas de que puede unificar a los trabajadores del Norte y el Sur la reivindicaci\u00f3n de una renta b\u00e1sica universal, a\u00fan no tienen ejemplos de lucha o protesta en la calle, tan masivos como las huelgas generales de resistencia o las manifestaciones antiglobalizaci\u00f3n.<\/p>\n<p>Muchos fijos que tienen un buen salario ven la necesidad de movilizarse y organizarse con los m\u00e1s precarios, est\u00e9n en su entorno empresarial o en su barrio, excepto cuando lleven d\u00edas luchando y dando ejemplo, como se demostr\u00f3 en algunos conflictos.<\/p>\n<p>Los sindicatos n\u00f3rdicos no colaboran de la misma manera en la reivindicaci\u00f3n de homogeneizar al alza en la UE las condiciones que ellos ya tienen, Carta de derechos sociales. Por lo que debemos deducir que el nivel de consumo en el Norte, o de las clase altas a nivel mundial, tendr\u00e1 que modificarse si la definici\u00f3n de precariado es a nivel global. Esto significa algo m\u00e1s para el internacionalismo que no se resume con Renta B\u00e1sica Universal.<\/p>\n<p>Los que plantean recuperar el conflicto social a partir del territorio, con la proximidad del barrio y no dentro de la empresa por la segmentaci\u00f3n, creemos que es complementario, no contradictorio, con el sindicalismo honesto y coherente de los anticapitalistas. Es cierto que el sindicalismo europeo esta centrado en federaciones sectoriales a partir solo de la organizaci\u00f3n de trabajadores en grandes empresas, que atienden problemas de los asalariados en general con los recursos de las subvenciones empresariales y del gobierno. Pero no existe una identidad federativa que llame a agruparse en este \u00e1mbito, cuando cambias de empleo y de federaci\u00f3n 20 veces en tu juventud precaria.<\/p>\n<p>Los 300.000 afiliados que hay en Catalunya a varios sindicatos, lo ven como una gestoria que no autoorganiza nada para nuestra vida y no tiene contrapoder ante el poder real del capital. Solo en la negociaci\u00f3n colectiva o en la huelga general esta vigente los restos del movimiento obrero.<\/p>\n<p>Analizamos el espacio importante que han ocupado en Italia los centros sociales o las oficinas de precarios para autoorganizarse,\u00a0 son experiencias a tener en cuenta y practicar, aunque la identidad que unifica, no sabemos cual es all\u00ed. Por lo menos se puede traspasar la experiencia acumulada a todo interesado sin soportar el clientelismo del sindicalismo institucional.<\/p>\n<p><i>\u00a0La red difusa o nube de mosquitos se defiende como alternativa moderna radical pero el retroceso continua. Salimos millones de personas a la calle con la uni\u00f3n antineoliberal de los foros sociales y sus convocatorias contra la guerra, pero la ocupaci\u00f3n de Irak a\u00fan sigue. Las movilizaciones del 0,7% del PIB no dieron sus frutos 10 a\u00f1os despu\u00e9s, seguimos en el 0,2%.a pesar de las palabras de todos los partidos hacia el Sur y la pobreza.<\/i><\/p>\n<p><i>Por todo ello, debemos seguir uniendo a la red, a la organizaci\u00f3n para la unidad de acci\u00f3n, a miles de colectivos de base, personas, partidos, asociaciones, etc que deseen priorizar la transformaci\u00f3n social y no dejar como inevitable, que el poder lo tiene el capital<\/i>.<\/p>\n<p><b>Es decir, frente a la construcci\u00f3n europea con la precariedad como fundamento neoliberal, la resistencia organizada y coordinada m\u00e1s amplia posible, el m\u00e1ximo de ejemplos en empresas o territorios, de que es posible otra forma de sindicalismo que se plantea organizar al precariado.<\/b><\/p>\n<p>Las experiencias que se sucedieron en Barcelona a partir de agrupaci\u00f3n de anticapitalistas claros, con practicas no manchadas generalmente, demostraron que las formas organizativas de Plataforma Aturem la Guerra, Movimiento antiglobalizaci\u00f3n, Estudiantil, Sintel, Red Frassanito de inmigrantes en UE, Marcha Mundial de Mujeres, as\u00ed como los ejemplos internacionales de Asamblea de Movimientos Sociales en Portoalegre o en la India, etc, son ejemplos de la fuerza de aquella historia de la Revoluci\u00f3n francesa o sovi\u00e9tica, todo el poder a la asamblea.<\/p>\n<p>Algo habr\u00e1 sucedido en la crisis de la izquierda y de la pol\u00edtica, para que no sean ahora solo 4 jefes de grupo pol\u00edtico los que dirigen todo, a pesar de los errores que siguen. En Barcelona tuvimos las experiencias de la Campa\u00f1a B2001 y especialmente contra la Europa del capital del masivo 16 de Marzo 2002 que marrcaron una inflexi\u00f3n en la izquierda.<\/p>\n<p>Analizamos tambi\u00e9n como el poder medi\u00e1tico de la socialdemocracia ayud\u00f3 a la masividad de las movilizaciones, debido a que el PP gobernaba. Ahora notamos la marginaci\u00f3n de la Plataforma Aturem la Guerra o de los Inmigrantes en lucha y de la Xarxa contra la precariedad.<\/p>\n<p>Hay reflujos y estancamientos asamblearios, pero los momentos de masas en la calle exigiendo, han sido convocados por saber articular lo nuevo y lo viejo, a partir de formas democr\u00e1ticas radicales y no reuniones de uno por partido pol\u00edtico y sindicato como hace 10 a\u00f1os. Ahora hay m\u00e1s precarios que han participado que antes.<\/p>\n<p>La Xarxa contra la precariedad valora las dificultades y lentitud de las formas asamblearias, pero valora m\u00e1s su riqueza de agrupar la diversidad y luchar, resistir en la empresa es crear la alternativa posible frente al ataque neoliberal, convertir la exclusi\u00f3n en el barrio en rebeli\u00f3n, organizar la vida a partir del cooperativismo y de rentas dignas, cambiar los h\u00e1bitos consumistas que favorecen el sistema, exigir la igualdad real de derechos para todos los nuevos que llegan, todo ello forma parte de lo b\u00e1sico en la lucha contra la precariedad.<\/p>\n<p>Cuando se den miles de ejemplos de lucha como los de Sintel aqu\u00ed o Mephir en Fiat-Sur de Italia, precarios de Pizza Hut y Mac Donalds en Paris-Francia, grupos de apoyo en Bristol y Londres contra el racismo hacia portugueses y asi\u00e1ticos, o los Inmigrantes encerrados en Barcelona pidiendo papeles, o en Berl\u00edn frente a los recortes de Schroeder, etc,\u00a0 cuando se extienda el conflicto social masivamente contra el capital, entonces el motor de lo nuevo estar\u00e1 creando la dignidad frente a la alienaci\u00f3n-explotaci\u00f3n..<\/p>\n<p>El sindicalismo de clase alternativo y todo lo nuevo que lucha, agrupado en redes con formas diversas, lograremos entonces estar en el camino de cambiar la correlaci\u00f3n de fuerzas de esta revoluci\u00f3n neoliberal que soportamos.<\/p>\n<p><b>LA XARXA, ESTAMOS EN LA LENTA ACUMULACI\u00d3N DE FUERZAS, EN LA RUPTURA DEL SILENCIO MEDIATICO POR RETROCESOS EN LO SOCIAL, EN LA GENERACI\u00d3N DE CONCIENCIA A PARTIR DEL EJEMPLO COHERENTE.<\/b><\/p>\n<p>-OFRECER UN MARCO AL QUE DESEA ORGANIZARSE Y DENUNCIAR LA PRECARIEDAD DE FORMA PERMANENTE Y UNITARIA . VISUALIZAR EL CONFLICTO SOCIAL CON ACCIONES DIVERSAS.<\/p>\n<p>-NO SUSTITUYE A LOS DIVERSOS SINDICATOS, Y COLECTIVOS, AGRUPA A TODO el que DECIDE LUCHAR<\/p>\n<p>-DENUNCIA EL PACTO SOCIAL POR\u00a0 INEFICAZ. -EXIGE DERECHOS SOCIALES CLAROS, EFECTIVOS<\/p>\n<p>-GARANTIZA A TODO EL QUE DECIDE RESISTIR UN APOYO en LA MEDIDA DE NUESTRAS POSIBLIDADES,<\/p>\n<p>&#8211; NADIE QUEDA SOLO SI DEFIENDE EL EMPLEO FRENTE AL DESPIDO,<\/p>\n<p>&#8211; DENUNCIA LA HIPOCRES\u00cdA DE LA RECOLOCACI\u00d3N CON ETT\u00b4S TRAS LOS DESPIDOS\u00a0 Y LA FORMACION<\/p>\n<p>-CLARIFICA LA RESPONSABILIDAD DEL CAPITALISMO (MULTINACIONALES, BANCOS, ETC).<\/p>\n<p>Anexo- Bertinotti lo expreso con otras palabras en Londres-FSE: \u201cresaltando el hecho de que hoy hay m\u00e1s capitalismo que nunca, ya que hay m\u00e1s explotaci\u00f3n del trabajo vivo, tanto en intensidad como en extensi\u00f3n, y m\u00e1s destrucci\u00f3n de la naturaleza, con China como manifestaci\u00f3n extrema de todo esto. En esas condiciones nos encontramos con que se ha acabado la etapa del compromiso del \u00abbienestar\u00bb de la postguerra en Europa y que hay que pasar a la resistencia contra la \u00abguerra permanente\u00bb que tambi\u00e9n en el plano social estamos sufriendo: la precarizaci\u00f3n es la tendencia dominante y, por lo tanto, el problema del sujeto ya no se plantea en torno al obrero fabril y al estudiante de los a\u00f1os 60 sino alrededor de un sujeto muy plural en sus condiciones sociales y en el proceso de construcci\u00f3n de su identidad. Pero para volver a poner de actualidad la necesidad de la revoluci\u00f3n, hay que reformar la pol\u00edtica y para eso hay que abrir un nuevo di\u00e1logo entre partidos, movimientos y asociaciones, tal como se est\u00e1 haciendo en el marco del Foro Social Europeo y como intenta en Italia\u201d.<\/p>\n","protected":false},"excerpt":{"rendered":"<p>La reflexi\u00f3n que hemos realizado colectivamente tras ver el aislamiento de los despedidos por multinacionales, nos llevo a constituirnos en red y empezar en un acto contra los cierres o deslocalizaciones que se estaba  produciendo. (tras lo de Sintel-Telef\u00f3nica, como lucha ejemplar, se sucedieron decenas de cierres como Samsung, Philiphs, Fisipe, Valeo, Printer, muchas del Textil, electr\u00f3nica, etc). <\/p>\n<p>Comprobamos como el sindicalismo institucional no hab\u00eda ni presentado a los distintos colectivos en lucha, ni siquiera habia ofrecido contactos internacionales cuando eran una multinacionales como el caso de coreana la de Samsung. (sab\u00edamos de la combatividad de ese sindicalismo en muchas ocasiones y de su implicaci\u00f3n en Portoalegre). Es decir, comprobamos el aislamiento de las luchas ante la globalizaci\u00f3n capitalista. La teor\u00eda de la coordinaci\u00f3n internacional hace aguas en el movimiento obrero, cuando est\u00e1n coordinados, cada pa\u00eds pelea frente al empleo del otro y casi nunca hay huelgas conjuntas.<\/p>\n<p>A nivel nacional, en Catalunya, los presentamos, realizamos manifestaciones conjuntas, convocadas como Xarxa frente al gobierno catalan, entreg\u00e1ndole las reivindicaciones escritas al gobierno tripartito supuestamente de izquierdas, que no dialog\u00f3 con las bases afectadas, sino que realiz\u00f3 el pacto social con la patronal y los sindicatos subvencionados, le llam\u00f3 Mesa del Textil, etc, ante la deslocalizaci\u00f3n. Su dise\u00f1o, ayudar a recolocar a trav\u00e9s de ETT y ayudar a la patronal a internacionalizar su empresa en esta globalizaci\u00f3n.<\/p>\n<p>Los chantajes de deslocalizaci\u00f3n o precariedad se sucedieron en Nissan, SEAT-Wolswagen y otras empresas m\u00e1s o menos famosas. Si los trabajadores no bajan sus salarios o aceptan la doble escala salarial, para los que nuevos j\u00f3venes contratados cobren menos, las empresas amenazan con cerrar o irse en parte. En Alemania vemos al mismo tiempo como aumenta jornada de 35 a 40 horas, de forma pactada con los sindicatos del poder, vemos recortes del estado del bienestar por toda Europa, en muchos casos pactados para ser competitivos en esta globalizaci\u00f3n capitalista. <\/p>\n<p>Al mismo tiempo vemos que el proyecto de constituci\u00f3n europea es neoliberal, como toda la construcci\u00f3n europea (Maastrich, Pacto de Competitividad, Schenguen, etc) los derechos sociolaborales y las pensiones van a peor y los derechos civiles y libertades tambi\u00e9n.  <\/p>\n<p>Con todo lo que esta lloviendo, algunos le llaman revoluci\u00f3n neoliberal, debatimos en la Xarxa unitaria, la necesidad de incorporarnos a la reflexi\u00f3n de que la precariedad es la consecuencia de esta globalizaci\u00f3n capitalista en la vida cotidiana, es decir, que el capitalismo necesita la precariedad  en esta etapa imperialista, para mantener o aumentar su tasa de beneficio. Por lo tanto, cuando definimos precariedad lo hacemos de una forma integral, amplia. No son precarios solo los excluidos o los que tienen un contrato eventual. Sabemos que son 8 millones los excluidos en el estado espa\u00f1ol y que los eventuales son un 30% de los que tienen trabajo (55% de poblaci\u00f3n activa). Pero el an\u00e1lisis de la palabra precariedad es m\u00e1s completo.<\/p>\n","protected":false},"author":9,"featured_media":0,"comment_status":"open","ping_status":"open","sticky":false,"template":"","format":"standard","meta":{"footnotes":""},"categories":[13],"tags":[],"class_list":["post-242","post","type-post","status-publish","format-standard","hentry","category-la-izquierda-a-debate"],"aioseo_notices":[],"_links":{"self":[{"href":"https:\/\/espai-marx.net\/index.php?rest_route=\/wp\/v2\/posts\/242","targetHints":{"allow":["GET"]}}],"collection":[{"href":"https:\/\/espai-marx.net\/index.php?rest_route=\/wp\/v2\/posts"}],"about":[{"href":"https:\/\/espai-marx.net\/index.php?rest_route=\/wp\/v2\/types\/post"}],"author":[{"embeddable":true,"href":"https:\/\/espai-marx.net\/index.php?rest_route=\/wp\/v2\/users\/9"}],"replies":[{"embeddable":true,"href":"https:\/\/espai-marx.net\/index.php?rest_route=%2Fwp%2Fv2%2Fcomments&post=242"}],"version-history":[{"count":0,"href":"https:\/\/espai-marx.net\/index.php?rest_route=\/wp\/v2\/posts\/242\/revisions"}],"wp:attachment":[{"href":"https:\/\/espai-marx.net\/index.php?rest_route=%2Fwp%2Fv2%2Fmedia&parent=242"}],"wp:term":[{"taxonomy":"category","embeddable":true,"href":"https:\/\/espai-marx.net\/index.php?rest_route=%2Fwp%2Fv2%2Fcategories&post=242"},{"taxonomy":"post_tag","embeddable":true,"href":"https:\/\/espai-marx.net\/index.php?rest_route=%2Fwp%2Fv2%2Ftags&post=242"}],"curies":[{"name":"wp","href":"https:\/\/api.w.org\/{rel}","templated":true}]}}