{"id":2423,"date":"2013-11-07T00:00:00","date_gmt":"2013-11-07T00:00:00","guid":{"rendered":"https:\/\/espai-marx.net\/?p=2423"},"modified":"2020-02-19T11:47:54","modified_gmt":"2020-02-19T10:47:54","slug":"a-los-parados","status":"publish","type":"post","link":"https:\/\/espai-marx.net\/?p=2423","title":{"rendered":"A los parados"},"content":{"rendered":"<p class=\"western\" style=\"margin-top: 0.64cm; margin-bottom: 0cm; background: #ffffff; line-height: 150%;\" align=\"JUSTIFY\">Desempleados espa\u00f1oles, abandonad toda esperanza: el gobierno no va a mover un dedo por vosotros.<\/p>\n<p class=\"western\" style=\"margin-top: 0.64cm; margin-bottom: 0cm; background: #ffffff; line-height: 150%;\" align=\"JUSTIFY\">No tiene la menor intenci\u00f3n de impulsar medidas efectivas para crear empleo. Ni el gobierno, ni los presidentes de las comunidades aut\u00f3nomas con competencias para ello. Combatid o resignaos: nadie va a preocuparse por vosotros, sois como mucho un arma arrojadiza entre politicastros. Sois un engorro, un lastre, sobr\u00e1is. Y encima, hay que pagaros durante un tiempo el desempleo, estropeando las cuentas triunfalistas del ministro de Hacienda.<\/p>\n<p class=\"western\" style=\"margin-top: 0.64cm; margin-bottom: 0cm; background: #ffffff; line-height: 150%;\" align=\"JUSTIFY\">As\u00ed que combatid o resignaos: s\u00f3lo ten\u00e9is esas dos opciones.<\/p>\n<p class=\"western\" style=\"margin-top: 0.64cm; margin-bottom: 0cm; background: #ffffff; line-height: 150%;\" align=\"JUSTIFY\">Hasta ahora os domina la resignaci\u00f3n. Con seis millones de parados cualquiera esperar\u00eda alborotos may\u00fasculos en las calles. Y algo ha habido, lo est\u00e1 habiendo y lo habr\u00e1. Pero no es suficiente.<\/p>\n<p class=\"western\" style=\"margin-top: 0.64cm; margin-bottom: 0cm; background: #ffffff; line-height: 150%;\" align=\"JUSTIFY\">A despecho de las declaraciones euf\u00f3ricas de algunos miembros del gobierno \u2013con notables meteduras de pata, como las protagonizadas por Montoro y la vicepresidenta\u2013 la recuperaci\u00f3n, si se consolida, simplemente va a evitar que contin\u00fae el descenso a los infiernos de las cuentas del Estado. Pero pr\u00e1cticamente en nada va a afectar a los ciudadanos, y mucho menos a los parados. Todo lo contrario: los de arriba nos tienen bien sujetos, y van a continuar exprimi\u00e9ndonos hasta dejarnos m\u00e1s planos y secos que el papel de barba. Hay que pagar la deuda, enorme, monstruosa, creciente, y eso solo puede conseguirse, y a muy largo plazo, profundizando la devaluaci\u00f3n interna, es decir, rebajando salarios, pensiones y servicios p\u00fablicos. Como hasta ahora, y todav\u00eda m\u00e1s. Durante a\u00f1os. De crear empleo, nada de nada.<\/p>\n<p class=\"western\" style=\"margin-top: 0.64cm; margin-bottom: 0cm; background: #ffffff; line-height: 150%;\" align=\"JUSTIFY\">Condenados socialmente los sindicatos mayoritarios por la manipulaci\u00f3n medi\u00e1tica de las derechas, por sus propios y graves errores y por algunos repugnantes mangoneos, a los parados ya no os quedan instituciones que os defiendan, salvo verbalmente en el parlamento, lo cual, como se ha visto, es m\u00e1s bien poca cosa. As\u00ed que si no os lo tom\u00e1is en serio, si no empez\u00e1is a plantar cara de verdad, est\u00e1is aviados: muchos no volver\u00e9is a tener un empleo jam\u00e1s. Es verdad que sermonearos sobre esto puede parecer un poco c\u00ednico. Sois la parte m\u00e1s d\u00e9bil del tinglado, y bastante hac\u00e9is con intentar sobrevivir. Y que encima haya quien os reproche una pasividad excesiva, cuando muchos de vosotros os pas\u00e1is el d\u00eda buscando trabajo, puede resultar cabreante. Pero, \u00bfqu\u00e9 otra cosa podemos decir? \u00bfQu\u00e9 podemos hacer? \u00bfC\u00f3mo ayudar a que salg\u00e1is de vuestro atolladero?<\/p>\n<p class=\"western\" style=\"margin-top: 0.64cm; margin-bottom: 0cm; background: #ffffff; line-height: 150%;\" align=\"JUSTIFY\">A m\u00ed, la verdad, dada la situaci\u00f3n actual y las correlaciones de fuerzas, no se me ocurre gran cosa. Pero hay algo que s\u00ed s\u00e9: la resignaci\u00f3n consolida la derrota.<\/p>\n<p class=\"western\" style=\"margin-top: 0.64cm; margin-bottom: 0cm; background: #ffffff; line-height: 150%;\" align=\"JUSTIFY\">Hubo un momento en que nos manifestamos indignados; luego ca\u00edmos en distintas trampas, nos desinflamos en muchos lugares y casi nos extinguimos en Catalu\u00f1a, desbordados por el debate identitario.<\/p>\n<p class=\"western\" style=\"margin-top: 0.64cm; margin-bottom: 0cm; background: #ffffff; line-height: 150%;\" align=\"JUSTIFY\">Quiz\u00e1s haya que empezar por ah\u00ed, por hacer aflorar de nuevo nuestra indignaci\u00f3n. Por se\u00f1alar claramente los objetivos que nos propongamos alcanzar, y entre ellos el m\u00e1s importante, que se implementen ya, urgentemente, pol\u00edticas p\u00fablicas de empleo.<\/p>\n<p class=\"western\" style=\"margin-top: 0.64cm; margin-bottom: 0cm; background: #ffffff; line-height: 150%;\" align=\"JUSTIFY\">Todo lo dem\u00e1s son est\u00e9riles brindis al sol.<\/p>\n<p class=\"western\" style=\"margin-top: 0.64cm; margin-bottom: 0cm; background: #ffffff; line-height: 150%;\" align=\"JUSTIFY\">Por supuesto, sabemos que no van a escucharnos. Una gran bolsa de parados constituye un medio eficaz de control social y mantiene a la baja los salarios. Y el gobierno tiene otros objetivos. Le resbala la suerte de los millones de parados y sus familias. Est\u00e1 sordo ante las protestas y reclamaciones. Es una sordera profunda, consciente, prolongada. Para vencerla no bastan unos cuantos bocinazos.<\/p>\n<p class=\"western\" lang=\"es-ES\" style=\"margin-top: 0.64cm; margin-bottom: 0cm; background: #ffffff; line-height: 150%;\" align=\"JUSTIFY\">Combatid o resignaos, entonces. Tomad vuestra vida en vuestras manos, y decidid. Os va mucho en ello.<\/p>\n<p class=\"western\" lang=\"es-ES\" style=\"margin-top: 0.64cm; margin-bottom: 0cm; background: #ffffff; line-height: 150%;\" align=\"JUSTIFY\">\n<p class=\"western\" lang=\"es-ES\" style=\"margin-top: 0.64cm; margin-bottom: 0cm; background: #ffffff; line-height: 150%;\" align=\"JUSTIFY\"><i>Publicado en El Viejo Topo<\/i><\/p>\n<p class=\"western\" lang=\"es-ES\" style=\"margin-top: 0.64cm; margin-bottom: 0cm; background: #ffffff; line-height: 150%;\" align=\"JUSTIFY\">\n","protected":false},"excerpt":{"rendered":"<p style='margin-top: 0.64cm; margin-bottom: 0cm; background: #ffffff; line-height: 150%;' align='JUSTIFY'>Desempleados espa\u00f1oles, abandonad toda esperanza: el gobierno no va a mover un dedo por vosotros. No tiene la menor intenci\u00f3n de impulsar medidas efectivas para crear empleo. Ni el gobierno, ni los presidentes de las comunidades aut\u00f3nomas con competencias para ello. As\u00ed que combatid o resignaos, s\u00f3lo ten\u00e9is esas dos opciones.<\/p>\n","protected":false},"author":9,"featured_media":2424,"comment_status":"open","ping_status":"open","sticky":false,"template":"","format":"standard","meta":{"footnotes":""},"categories":[3,13],"tags":[],"class_list":["post-2423","post","type-post","status-publish","format-standard","has-post-thumbnail","hentry","category-condiciones-de-vida","category-la-izquierda-a-debate"],"aioseo_notices":[],"_links":{"self":[{"href":"https:\/\/espai-marx.net\/index.php?rest_route=\/wp\/v2\/posts\/2423","targetHints":{"allow":["GET"]}}],"collection":[{"href":"https:\/\/espai-marx.net\/index.php?rest_route=\/wp\/v2\/posts"}],"about":[{"href":"https:\/\/espai-marx.net\/index.php?rest_route=\/wp\/v2\/types\/post"}],"author":[{"embeddable":true,"href":"https:\/\/espai-marx.net\/index.php?rest_route=\/wp\/v2\/users\/9"}],"replies":[{"embeddable":true,"href":"https:\/\/espai-marx.net\/index.php?rest_route=%2Fwp%2Fv2%2Fcomments&post=2423"}],"version-history":[{"count":0,"href":"https:\/\/espai-marx.net\/index.php?rest_route=\/wp\/v2\/posts\/2423\/revisions"}],"wp:featuredmedia":[{"embeddable":true,"href":"https:\/\/espai-marx.net\/index.php?rest_route=\/wp\/v2\/media\/2424"}],"wp:attachment":[{"href":"https:\/\/espai-marx.net\/index.php?rest_route=%2Fwp%2Fv2%2Fmedia&parent=2423"}],"wp:term":[{"taxonomy":"category","embeddable":true,"href":"https:\/\/espai-marx.net\/index.php?rest_route=%2Fwp%2Fv2%2Fcategories&post=2423"},{"taxonomy":"post_tag","embeddable":true,"href":"https:\/\/espai-marx.net\/index.php?rest_route=%2Fwp%2Fv2%2Ftags&post=2423"}],"curies":[{"name":"wp","href":"https:\/\/api.w.org\/{rel}","templated":true}]}}