{"id":2451,"date":"2013-11-22T00:00:00","date_gmt":"2013-11-22T00:00:00","guid":{"rendered":"https:\/\/espai-marx.net\/?p=2451"},"modified":"2020-02-19T10:59:53","modified_gmt":"2020-02-19T09:59:53","slug":"democratizar-es-desmercantilizar","status":"publish","type":"post","link":"https:\/\/espai-marx.net\/?p=2451","title":{"rendered":"Democratizar es desmercantilizar"},"content":{"rendered":"<p style=\"margin-bottom: 0.42cm;\" align=\"JUSTIFY\">La fragilidad de las democracias liberales qued\u00f3 confirmada conforme pudieron convivir con el neoliberalismo y, m\u00e1s que eso, ser funcionales a ese modelo de exclusi\u00f3n social. La brutal penetraci\u00f3n del dinero en todos los poros de la sociedad lleg\u00f3 de lleno a la pol\u00edtica, con el financiamiento de campa\u00f1as electorales, con los lobbies<i> <\/i>en los parlamentos, todo absorbido por las democracias liberales, revelando su inmensa elasticidad. As\u00ed como, a la vez, han convivido y siguen conviviendo con modelos econ\u00f3micos neoliberales, de concentraci\u00f3n de renta, exclusi\u00f3n social, expropiaci\u00f3n de derechos fundamentales, aumento exponencial de la pobreza y la miseria.<\/p>\n<p style=\"margin-bottom: 0.42cm;\" align=\"JUSTIFY\">Lo destacaba bien Marx, al decir que cuando las constituciones liberales enuncian que todos son iguales frente a ley, ah\u00ed empieza la desigualdad. Pero mientras sea desigualdad econ\u00f3mica, social, cultural, el liberalismo las soporta, con tal que sus c\u00e1nones para calificar a un pa\u00eds como democr\u00e1tico, sigan vigentes: separaci\u00f3n de los poderes, elecciones peri\u00f3dicas, multiplicidad de partidos, prensa libre (libre quiere decir privada en el vocabulario liberal).<\/p>\n<p lang=\"es-ES\" style=\"margin-bottom: 0.42cm;\" align=\"JUSTIFY\">La era neoliberal representa el m\u00e1ximo de realizaci\u00f3n del capitalismo en su af\u00e1n de transformar todo en mercanc\u00eda, en mercantilizar todo. Libre de las trabas de las reglamentaciones estatales, el capital fluye sin limitaciones, realizando la utop\u00eda de que sea un mundo en que todo se compra, todo se vende, todo tiene precio.<\/p>\n<p lang=\"es-ES\" style=\"margin-bottom: 0.42cm;\" align=\"JUSTIFY\">En nuestros pa\u00edses, esos procesos han trasformado profundamente a nuestras sociedades, destruyendo la escasa red de protecci\u00f3n de nuestros estados, trasfiriendo hacia el mercado lo que eran derechos: a la educaci\u00f3n, a la salud, a la cultura, al transporte, a la vivienda.<\/p>\n<p lang=\"es-ES\" style=\"margin-bottom: 0.42cm;\" align=\"JUSTIFY\">Gobiernos posneoliberales tratan de revertir ese brutal proceso de mercantilizaci\u00f3n, reponiendo en la esfera p\u00fablica lo que fue llevado a la esfera mercantil. Frenando los procesos de privatizaci\u00f3n, revirtiendo en algunos casos empresas privatizadas a la esfera estatal. Pero, en lo fundamental, reconociendo y ampliando derechos de la gran mayor\u00eda de la poblaci\u00f3n, v\u00edctima de la expropiaci\u00f3n de derechos de parte del neoliberalismo.<\/p>\n<p lang=\"es-ES\" style=\"margin-bottom: 0.42cm;\" align=\"JUSTIFY\">La polarizaci\u00f3n fundamental en la era neoliberal se da entre la esfera mercantil y la esfera p\u00fablica. Aquella, la esfera del mercado, del consumidor, de la selecci\u00f3n social por medio del dinero. La esfera p\u00fablica, a su vez, es la esfera de los derechos, de los ciudadanos, de la inclusi\u00f3n social.<\/p>\n<p lang=\"es-ES\" style=\"margin-bottom: 0.42cm;\" align=\"JUSTIFY\">El Estado es un espacio de lucha hegem\u00f3nica entre la esfera p\u00fablica y la esfera mercantil, pudiendo ser tanto un Estado financierizado, cuanto un Estado refundado alrededor de la esfera p\u00fablica. En el Estado, dec\u00eda Pierre Boudieu, siempre hay una mano derecha y una mano izquierda.<\/p>\n<p lang=\"es-ES\" style=\"margin-bottom: 0.42cm;\" align=\"JUSTIFY\">El neoliberalismo destroza al Estado e intenta imponernos la opci\u00f3n entre estatal y privado. Es decir, entre un Estado desarticulado por ellos o el mercado, que es lo se esconde detr\u00e1s de lo que ellos llaman de espacio privado.<\/p>\n<p lang=\"es-ES\" style=\"margin-bottom: 0.42cm;\" align=\"JUSTIFY\">Mientras la disyuntiva es distinta: donde el neoliberalismo habla de esfera privada, lo que hay es la esfera mercantil. Y la esfera contrapuesta no es la esfera estatal, sino la esfera p\u00fablica. La polarizaci\u00f3n que articula el campo te\u00f3rico en la era neoliberal es la que se da entre esfera p\u00fablica y esfera mercantil.<\/p>\n<p style=\"margin-bottom: 0.42cm;\" align=\"JUSTIFY\">Democratizar nuestras sociedades es desmercantilizarlas, es transferir de la esfera mercantil hacia la esfera p\u00fablica, la educaci\u00f3n, la salud, la cultura, el transporte, la habitaci\u00f3n, es rescatar como derechos lo que el neoliberalismo impuso como mercanc\u00eda.<\/p>\n<p lang=\"es-ES\" style=\"margin-bottom: 0.42cm;\" align=\"JUSTIFY\">Esa es la mayor batalla de la era neoliberal: la afirmaci\u00f3n hegem\u00f3nica de la esfera p\u00fablica en contra de la esfera mercantil. Una sociedad justa es una sociedad centrada en la esfera p\u00fablica, en la universalizaci\u00f3n de los derechos, en los ciudadanos, como sujetos de derecho, objetivos de los gobiernos posneoliberales.<\/p>\n","protected":false},"excerpt":{"rendered":"<p style='margin-bottom: 0.42cm;' align='JUSTIFY'>Democratizar nuestras sociedades es desmercantilizarlas, es transferir de la esfera mercantil hacia la esfera p\u00fablica, la educaci\u00f3n, la salud, la cultura, el transporte, la habitaci\u00f3n, es rescatar como derechos lo que el neoliberalismo impuso como mercanc\u00eda.<\/p>\n","protected":false},"author":9,"featured_media":2452,"comment_status":"open","ping_status":"open","sticky":false,"template":"","format":"standard","meta":{"footnotes":""},"categories":[14],"tags":[],"class_list":["post-2451","post","type-post","status-publish","format-standard","has-post-thumbnail","hentry","category-democracia-republica"],"aioseo_notices":[],"_links":{"self":[{"href":"https:\/\/espai-marx.net\/index.php?rest_route=\/wp\/v2\/posts\/2451","targetHints":{"allow":["GET"]}}],"collection":[{"href":"https:\/\/espai-marx.net\/index.php?rest_route=\/wp\/v2\/posts"}],"about":[{"href":"https:\/\/espai-marx.net\/index.php?rest_route=\/wp\/v2\/types\/post"}],"author":[{"embeddable":true,"href":"https:\/\/espai-marx.net\/index.php?rest_route=\/wp\/v2\/users\/9"}],"replies":[{"embeddable":true,"href":"https:\/\/espai-marx.net\/index.php?rest_route=%2Fwp%2Fv2%2Fcomments&post=2451"}],"version-history":[{"count":0,"href":"https:\/\/espai-marx.net\/index.php?rest_route=\/wp\/v2\/posts\/2451\/revisions"}],"wp:featuredmedia":[{"embeddable":true,"href":"https:\/\/espai-marx.net\/index.php?rest_route=\/wp\/v2\/media\/2452"}],"wp:attachment":[{"href":"https:\/\/espai-marx.net\/index.php?rest_route=%2Fwp%2Fv2%2Fmedia&parent=2451"}],"wp:term":[{"taxonomy":"category","embeddable":true,"href":"https:\/\/espai-marx.net\/index.php?rest_route=%2Fwp%2Fv2%2Fcategories&post=2451"},{"taxonomy":"post_tag","embeddable":true,"href":"https:\/\/espai-marx.net\/index.php?rest_route=%2Fwp%2Fv2%2Ftags&post=2451"}],"curies":[{"name":"wp","href":"https:\/\/api.w.org\/{rel}","templated":true}]}}