{"id":2456,"date":"2013-12-04T00:00:00","date_gmt":"2013-12-04T00:00:00","guid":{"rendered":"https:\/\/espai-marx.net\/?p=2456"},"modified":"2020-02-19T10:49:15","modified_gmt":"2020-02-19T09:49:15","slug":"entrevista-con-el-lider-peruano-de-la-resistencia-popular-hugo-blanco-galdos","status":"publish","type":"post","link":"https:\/\/espai-marx.net\/?p=2456","title":{"rendered":"Entrevista con el l\u00edder peruano de la resistencia popular, Hugo Blanco Gald\u00f3s"},"content":{"rendered":"<p style=\"margin-top: 0.2cm; margin-bottom: 0cm; line-height: 150%;\" align=\"JUSTIFY\">Con la experiencia que le dan d\u00e9cadas de lucha y de resistencia popular, Hugo Blanco Gald\u00f3s, uno de los principales referentes de la dirigencia pol\u00edtica y campesina del Per\u00fa, no duda en se\u00f1alar que para enfrentar el infame sistema capitalista y su criminal modelo de expoliaci\u00f3n a los pueblos, el neoliberalismo, no hay m\u00e1s alternativa que construir poder desde abajo.<\/p>\n<p lang=\"es-ES\" style=\"margin-top: 0.2cm; margin-bottom: 0cm; font-style: normal; font-weight: normal; line-height: 150%;\" align=\"JUSTIFY\">Sostiene que conjuntamente con la lucha por construir poder hay que desenmascarar a los gobiernos neoliberales como los que en Am\u00e9rica Latina impulsan a instancias de Estados Unidos la Alianza para el Pac\u00edfico, los cuales para justificar la implementaci\u00f3n de las pol\u00edticas de libre mercado hablan de \u201cprogreso y desarrollo\u201d, cuando en realidad se trata de mantener \u201cla guerra del gran capital contra la naturaleza y la humanidad\u201d.<\/p>\n<p lang=\"es-ES\" style=\"margin-top: 0.2cm; margin-bottom: 0cm; font-style: normal; font-weight: normal; line-height: 150%;\" align=\"JUSTIFY\">Nacido en Cusco hace 79 a\u00f1os, Hugo Blanco es todo un personaje por los avatares de la vida que ha tenido que sortear y su incansable actividad pol\u00edtica, social y period\u00edstica que desarrolla para resistir las injusticias y el neoliberalismo que carcome a su pa\u00eds.<\/p>\n<p lang=\"es-ES\" style=\"margin-top: 0.2cm; margin-bottom: 0cm; font-style: normal; font-weight: normal; line-height: 150%;\" align=\"JUSTIFY\">A los 16 a\u00f1os de edad siendo a\u00fan estudiante comenz\u00f3 su actividad de resistencia civil que lo ha caracterizado a lo largo de su vida. Recuerda que fue durante la dictadura de Manuel A. Odr\u00eda cuando particip\u00f3 activamente en una huelga estudiantil de la que aprendi\u00f3 que \u201cla acci\u00f3n colectiva en\u00e9rgica contra la injusticia es efectiva\u201d. Desde entonces su existencia ha transcurrido entre el exilio, la resistencia, la c\u00e1rcel, la pol\u00edtica, la organizaci\u00f3n campesina y popular, y el ejercicio del periodismo.<\/p>\n<p lang=\"es-ES\" style=\"margin-top: 0.2cm; margin-bottom: 0cm; font-style: normal; font-weight: normal; line-height: 150%;\" align=\"JUSTIFY\">En 1955 cuando trabajaba como obrero frigor\u00edfico en Argentina particip\u00f3 en la protesta contra el golpe de Estado al presidente Juan Domingo Per\u00f3n, posteriormente a comienzos de los a\u00f1os 60 hizo parte activa de la lucha que posibilit\u00f3 la primera reforma agraria en el Per\u00fa para lo cual debi\u00f3 organizar una autodefensa que le vali\u00f3 un carcelazo de tres a\u00f1os, incomunicado. Vino el juicio y lo condenaron a 25 a\u00f1os de prisi\u00f3n. La condena no qued\u00f3 ah\u00ed, su caso pas\u00f3 a un tribunal militar en el que el fiscal pidi\u00f3 la pena de muerte. Las reacciones no se hicieron esperar, la solidaridad internacional fue contundente y la campa\u00f1a por su liberaci\u00f3n se hizo cada vez m\u00e1s fuerte por lo que le fue otorgada una amnist\u00eda. Luego de siete a\u00f1os de prisi\u00f3n fue deportado a M\u00e9xico, de ah\u00ed viaj\u00f3 a Argentina donde nuevamente fue encarcelado por sus antecedentes pero gracias a que en Chile se hab\u00eda instalado el gobierno progresista de Salvador Allende fue recibido para colaborar en el denominado Cord\u00f3n Industrial que era un forma de organizaci\u00f3n obrera de contenci\u00f3n a los ataques de la derecha fascista. A ra\u00edz del golpe de Pinochet, Blanco debi\u00f3 asilarse en la embajada de Suecia en Santiago y posteriormente viaj\u00f3 a ese pa\u00eds.<\/p>\n<p lang=\"es-ES\" style=\"margin-top: 0.2cm; margin-bottom: 0cm; font-style: normal; line-height: 150%;\" align=\"JUSTIFY\"><b>Sobreviviente del Plan c\u00f3ndor<\/b><\/p>\n<p lang=\"es-ES\" style=\"margin-top: 0.2cm; margin-bottom: 0cm; font-style: normal; font-weight: normal; line-height: 150%;\" align=\"JUSTIFY\">Luego de su periplo por Europa logr\u00f3 ingresar a Estados Unidos mediante una argucia legal, visit\u00f3 48 ciudades norteamericanas en las que dict\u00f3 conferencias denunciando el rol imperialista de ese pa\u00eds y la pol\u00edtica propagand\u00edstica y de fachada del gobierno de James Carter que preconizaba el respeto por los derechos humanos. Mientras tanto, en el Per\u00fa, sus compa\u00f1eros de lucha aprovecharon que la dictadura militar convoc\u00f3 a elecciones para integrar una Asamblea Constituyente para inscribirlo como candidato, ante lo cual el gobierno debi\u00f3 permitir su regreso. La campa\u00f1a electoral se desarroll\u00f3 en medio de un ambiente de pugnacidad y de confrontaci\u00f3n con el r\u00e9gimen militar. Aprovechando un espacio de televisi\u00f3n otorgado a los candidatos, Blanco Gald\u00f3s no dud\u00f3 en se\u00f1alar que \u201cla lucha social era m\u00e1s importante que las elecciones\u201d y llam\u00f3 a respaldar un paro general. A las pocas horas ya estaba preso junto con otros l\u00edderes de izquierda.<\/p>\n<p lang=\"es-ES\" style=\"margin-top: 0.2cm; margin-bottom: 0cm; font-style: normal; font-weight: normal; line-height: 150%;\" align=\"JUSTIFY\">Eran los tiempos del Plan C\u00f3ndor, mediante el cual las dictaduras del Cono sur actuaban coordinadamente para apresar, torturar y desaparecer a quienes consideraban enemigos internos. Por eso es que la dictadura peruana traslad\u00f3 a Blanco y a sus compa\u00f1eros de infortunio en un avi\u00f3n militar a un cuartel en Jujuy, Argentina. \u201cAfortunadamente \u2013recuerda- un periodista fotografi\u00f3 el avi\u00f3n y por eso no pudieron desaparecernos\u201d. Tras su estancia en Argentina retorn\u00f3 a Suecia nuevamente como exiliado pero sin declinar en su lucha por lo que fue elegido en ausencia a la Constituyente con la m\u00e1s alta votaci\u00f3n de la izquierda. Al retornar a su pa\u00eds luego de un a\u00f1o en Europa, fue elegido diputado primero y senador despu\u00e9s, posici\u00f3n que ocup\u00f3 hasta el autogolpe de Alberto Fujimori en abril de 1992.<\/p>\n<p lang=\"es-ES\" style=\"margin-top: 0.2cm; margin-bottom: 0cm; font-style: normal; font-weight: normal; line-height: 150%;\" align=\"JUSTIFY\">Tanto la dictadura fujimorista como el grupo armado Sendero Luminoso lo sentenciaron a muerte por lo que decidi\u00f3 autoexiliarse y retornar luego de cuatro a\u00f1os para trabajar con la Federaci\u00f3n Departamental de Campesinos del Cusco. Actualmente dirige el peri\u00f3dico mensual Lucha Ind\u00edgena y contin\u00faa recorriendo el mundo invitado a dictar conferencias sobre sus luchas y la resistencia contra el proyecto minero de Conga en la regi\u00f3n peruana de Cajamarca.<\/p>\n<p lang=\"es-ES\" style=\"margin-top: 0.2cm; margin-bottom: 0cm; font-style: normal; font-weight: normal; line-height: 150%;\" align=\"JUSTIFY\">Para hablar sobre el extractivismo minero en su pa\u00eds y las organizaciones campesinas de resistencia, la Contralor\u00eda General de la Rep\u00fablica de Colombia lo invit\u00f3 a participar del Seminario Internacional Pol\u00edtica rural: riesgos, retos y perspectivas que realiz\u00f3 recientemente en Bogot\u00e1.<\/p>\n<p lang=\"es-ES\" style=\"margin-top: 0.2cm; margin-bottom: 0cm; font-style: normal; line-height: 150%;\" align=\"JUSTIFY\"><b>Por la v\u00eda electoral no hay esperanza<\/b><\/p>\n<p style=\"margin-top: 0.2cm; margin-bottom: 0cm; line-height: 150%;\" align=\"JUSTIFY\">En di\u00e1logo con el Observatorio Sociopol\u00edtico Latinoamerican <a href=\"http:\/\/www.cronicon.net\/\" target=\"_blank\" rel=\"noopener noreferrer\">www.cronicon.net<\/a>, Hugo Blanco es categ\u00f3rico en afirmar que los cambios sociales no se van a dar por la v\u00eda electoral sino que, reitera, hay que seguir en el empe\u00f1o de construir poder desde abajo.<\/p>\n<p lang=\"es-ES\" style=\"margin-top: 0.2cm; margin-bottom: 0cm; font-style: normal; font-weight: normal; line-height: 150%;\" align=\"JUSTIFY\"><b>\u00bfSi no es mediante pol\u00edtica electoral c\u00f3mo se construye poder?<\/b><\/p>\n<p lang=\"es-ES\" style=\"margin-top: 0.2cm; margin-bottom: 0cm; font-style: normal; font-weight: normal; line-height: 150%;\" align=\"JUSTIFY\"><a name=\"__DdeLink__1_797482986\"><\/a> Por v\u00eda de elecciones no tengo ninguna esperanza, por elecciones no se va a arreglar la situaci\u00f3n. En el panorama tampoco se ve que va a haber una revoluci\u00f3n como la rusa, la china o como la cubana. No se vislumbra eso en el panorama por lo que es necesario la construcci\u00f3n de poder. La gente involuntariamente, inconscientemente, sin saberlo, est\u00e1 construyendo poder. Por ejemplo, los zapatistas o las gentes de Tlaxcala en M\u00e9xico conscientemente est\u00e1n construyendo poder. En Colombia los compa\u00f1eros del Putumayo que est\u00e1n luchando por concretar un proyecto educativo, est\u00e1n construyendo poder. Quienes practican la medicina natural o alternativa y est\u00e1n contra el negocio rentable de los laboratorios farmac\u00e9uticos, ellos tambi\u00e9n est\u00e1n construyendo poder. Tambi\u00e9n lo est\u00e1n haciendo aquellas cooperativas de productores de cultivos ecol\u00f3gicos que est\u00e1n conectados con consumidores. Hay algunos lugares donde se practica el trueque o las f\u00e1bricas tomadas por los trabajadores en Argentina, eso tambi\u00e9n es construcci\u00f3n de poder. Entonces desde abajo tenemos que construir poder.<\/p>\n<p lang=\"es-ES\" style=\"margin-top: 0.2cm; margin-bottom: 0cm; font-style: normal; font-weight: normal; line-height: 150%;\" align=\"JUSTIFY\"><b>\u00bfEn su pa\u00eds en que se privilegian las pol\u00edticas neoliberales para favorecer al gran capital, se est\u00e1 construyendo poder?<\/b><\/p>\n<p lang=\"es-ES\" style=\"margin-top: 0.2cm; margin-bottom: 0cm; font-style: normal; font-weight: normal; line-height: 150%;\" align=\"JUSTIFY\">En el Per\u00fa, concretamente en la regi\u00f3n de Conga, quienes est\u00e1n luchando contra la gran miner\u00eda contribuyen a construir poder pero no es algo muy notorio. En mi pa\u00eds estamos atrasados en la lucha social en comparaci\u00f3n con Ecuador y Bolivia, en gran medida debido a la guerra interna que vivimos por espacio de 20 a\u00f1os y en la que fueron asesinados m\u00e1s de 70 mil peruanos, la mayor parte de ellos ind\u00edgenas y campesinos. La Confederaci\u00f3n Campesina del Per\u00fa, a la que yo pertenezco, ten\u00eda bases populares casi en todo el pa\u00eds y luego de la guerra interna quedaron dos o tres federaciones, con lo cual se debilit\u00f3 la organizaci\u00f3n.<\/p>\n<p lang=\"es-ES\" style=\"margin-top: 0.2cm; margin-bottom: 0cm; font-style: normal; font-weight: normal; line-height: 150%;\" align=\"JUSTIFY\"><b>La farsa del gobierno de Humala<\/b><\/p>\n<p lang=\"es-ES\" style=\"margin-top: 0.2cm; margin-bottom: 0cm; font-style: normal; font-weight: normal; line-height: 150%;\" align=\"JUSTIFY\">Al referirse al gobierno de Ollanta Humala, este luchador popular hace un sint\u00e9tico y esclarecedor perfil del actual presidente peruano:<\/p>\n<p lang=\"es-ES\" style=\"margin-top: 0.2cm; margin-bottom: 0cm; font-style: normal; font-weight: normal; line-height: 150%;\" align=\"JUSTIFY\">El liderazgo de Humala es prefabricado, es una farsa. \u00c9l fue un fujimorista servil y por eso lo pusieron de comandante en un cuartel en Locumba en el departamento de Tacna. Cuando Vladirmiro Montesinos, el asesor de Fujimori, necesitaba fugarse le orden\u00f3 que se insurreccionara entonces Humala sac\u00f3 a los soldados de la guarnici\u00f3n y luego llam\u00f3 a Radio Programas del Per\u00fa (RPP) para anunciar que se hab\u00eda levantado contra la dictadura. En ese levantamiento contra el gobierno de Fujimori no hubo ning\u00fan herido, ni siquiera un rasgu\u00f1o. Cuando lleg\u00f3 Valent\u00edn Paniagua al gobierno se rindi\u00f3 ante \u00e9l, estuvo pocos d\u00edas preso, luego se le concedi\u00f3 una amnist\u00eda y en el gobierno de Alejandro Toledo fue enviado como agregado militar a Francia y Corea del Sur. Adem\u00e1s, Humala se enorgullece de las felicitaciones que recibi\u00f3 de sus superiores. En el Per\u00fa los altos mandos militares solo felicitaban en los a\u00f1os de la guerra interna a los que mataban en la selva. Y hubo militares que se negaron a matar inocentes y tuvieron que fugarse del pa\u00eds para que no los mataran a ellos, pero a Humala lo felicitaron. Y curiosamente su hoja de servicios militares se perdi\u00f3.<\/p>\n<p lang=\"es-ES\" style=\"margin-top: 0.2cm; margin-bottom: 0cm; font-style: normal; font-weight: normal; line-height: 150%;\" align=\"JUSTIFY\"><b>La gente necesita agua y no oro para vivir<\/b><\/p>\n<p lang=\"es-ES\" style=\"margin-top: 0.2cm; margin-bottom: 0cm; font-style: normal; font-weight: normal; line-height: 150%;\" align=\"JUSTIFY\">Blanco Gald\u00f3s es enf\u00e1tico cuando habla sobre el extractivismo. Si bien apoya y destaca a los gobiernos progresistas de Suram\u00e9rica \u201cporque verdaderamente han tomado medidas contra el imperio y contra las pol\u00edticas neoliberales, y adem\u00e1s han surgido gracias a movimientos populares fuertes\u201d, es cr\u00edtico de proyectos como la construcci\u00f3n de la carretera en el Tipnis en Bolivia, la explotaci\u00f3n del Parque Yasun\u00ed en Ecuador, y la falta de atenci\u00f3n a la comunidad ind\u00edgena de los yukpas en Venezuela por parte del gobierno del presidente Hugo Ch\u00e1vez.<\/p>\n<p lang=\"es-ES\" style=\"margin-top: 0.2cm; margin-bottom: 0cm; line-height: 150%;\" align=\"JUSTIFY\">\u201cLa gente \u2013sostiene en tono enf\u00e1tico- necesita agua y no oro para vivir. Como ahora ya no hay vetas de oro, lo que se hace es explosionar cuatro toneladas de roca para sacar un grano de oro, eso en cualquier parte es un desastre y es nocivo, en el caso del proyecto Conga en el Per\u00fa es criminal. Sin oro, repito, se puede vivir, ahora si se requiere para algunos instrumentos hay bastante depositado en los bancos del mundo\u201d.<\/p>\n<p lang=\"es-ES\" style=\"margin-top: 0.2cm; margin-bottom: 0cm; line-height: 150%;\" align=\"JUSTIFY\">\u201cEn Conga, la empresa minera est\u00e1 armando escuadrones paramilitares con campesinos de la regi\u00f3n de Cajamarca para que ataquen a sus paisanos y vecinos de la regi\u00f3n que se oponen al proyecto minero. Lo que termina siendo es un enfrentamiento entre campesinos. Ello se debe a que es el gran capital el que gobierna el Per\u00fa\u201d.<\/p>\n<p lang=\"es-ES\" style=\"margin-top: 0.2cm; margin-bottom: 0cm; font-style: normal; font-weight: normal; line-height: 150%;\" align=\"JUSTIFY\"><b>\u00bfDada su postura de firme defensor del medio ambiente, se considera pr\u00f3ximo al ecosocialismo?<\/b><\/p>\n<p lang=\"es-ES\" style=\"margin-top: 0.2cm; margin-bottom: 0cm; font-style: normal; font-weight: normal; line-height: 150%;\" align=\"JUSTIFY\">Cuando estoy en Europa digo que soy ecosocialista, pero cuando estoy en Latinoam\u00e9rica me da verg\u00fcenza decir que lo soy porque un mapuche chileno me dice que ellos est\u00e1n en contra del gobierno socialista de Bachelet y los ind\u00edgenas bolivianos y ecuatorianos me dicen que est\u00e1n luchando contra el ecosocialismo. Pero s\u00ed, yo me considero ecosocialista.<\/p>\n<p style=\"margin-top: 0.2cm; margin-bottom: 0cm; line-height: 150%;\">Publicado en Rebeli\u00f3n: <a href=\"http:\/\/www.rebelion.org\/noticia.php?id=177140&amp;titular=%93para-enfrentar-la-guerra-del-gran-capital-contra-la-humanidad-no-hay-m%E1s-que-construir-\">http:\/\/www.rebelion.org\/noticia.php?id=177140&amp;titular=%93para-enfrentar-la-guerra-del-gran-capital-contra-la-humanidad-no-hay-m%E1s-que-construir-<\/a><\/p>\n","protected":false},"excerpt":{"rendered":"<p style='margin-top: 0.2cm; margin-bottom: 0cm; line-height: 150%;' lang='es-ES' align='JUSTIFY'>Por v\u00eda de elecciones no tengo ninguna esperanza, por elecciones no se va a arreglar la situaci\u00f3n. En el panorama tampoco se ve que va a haber una revoluci\u00f3n como la rusa, la china o como la cubana. No se vislumbra eso en el panorama por lo que es necesario la construcci\u00f3n de poder. La gente involuntariamente, inconscientemente, sin saberlo, est\u00e1 construyendo poder.<\/p>\n","protected":false},"author":9,"featured_media":2457,"comment_status":"open","ping_status":"open","sticky":false,"template":"","format":"standard","meta":{"footnotes":""},"categories":[13],"tags":[1090,1091],"class_list":["post-2456","post","type-post","status-publish","format-standard","has-post-thumbnail","hentry","category-la-izquierda-a-debate","tag-hugo-blanco-galdos","tag-peru"],"aioseo_notices":[],"_links":{"self":[{"href":"https:\/\/espai-marx.net\/index.php?rest_route=\/wp\/v2\/posts\/2456","targetHints":{"allow":["GET"]}}],"collection":[{"href":"https:\/\/espai-marx.net\/index.php?rest_route=\/wp\/v2\/posts"}],"about":[{"href":"https:\/\/espai-marx.net\/index.php?rest_route=\/wp\/v2\/types\/post"}],"author":[{"embeddable":true,"href":"https:\/\/espai-marx.net\/index.php?rest_route=\/wp\/v2\/users\/9"}],"replies":[{"embeddable":true,"href":"https:\/\/espai-marx.net\/index.php?rest_route=%2Fwp%2Fv2%2Fcomments&post=2456"}],"version-history":[{"count":0,"href":"https:\/\/espai-marx.net\/index.php?rest_route=\/wp\/v2\/posts\/2456\/revisions"}],"wp:featuredmedia":[{"embeddable":true,"href":"https:\/\/espai-marx.net\/index.php?rest_route=\/wp\/v2\/media\/2457"}],"wp:attachment":[{"href":"https:\/\/espai-marx.net\/index.php?rest_route=%2Fwp%2Fv2%2Fmedia&parent=2456"}],"wp:term":[{"taxonomy":"category","embeddable":true,"href":"https:\/\/espai-marx.net\/index.php?rest_route=%2Fwp%2Fv2%2Fcategories&post=2456"},{"taxonomy":"post_tag","embeddable":true,"href":"https:\/\/espai-marx.net\/index.php?rest_route=%2Fwp%2Fv2%2Ftags&post=2456"}],"curies":[{"name":"wp","href":"https:\/\/api.w.org\/{rel}","templated":true}]}}