{"id":2458,"date":"2013-12-07T00:00:00","date_gmt":"2013-12-07T00:00:00","guid":{"rendered":"https:\/\/espai-marx.net\/?p=2458"},"modified":"2020-02-19T10:48:02","modified_gmt":"2020-02-19T09:48:02","slug":"mandela-y-fidel","status":"publish","type":"post","link":"https:\/\/espai-marx.net\/?p=2458","title":{"rendered":"Mandela y Fidel"},"content":{"rendered":"<p>La muerte de Nelson Mandela ha precipitado una catarata de interpretaciones sobre su vida y su obra, todas las cuales lo presentan como un ap\u00f3stol del pacifismo y una especie de Madre Teresa de Sud\u00e1frica. Se trata de una imagen esencial y premeditadamente equivocada, que soslaya que luego de la matanza de Sharpeville, en 1960, el Congreso Nacional Africano (CNA) y su l\u00edder, precisamente Mandela, adoptan la v\u00eda armada y el sabotaje a empresas y proyectos de importancia econ\u00f3mica pero sin atentar contra vidas humanas. Mandela recorri\u00f3 diversos pa\u00edses de \u00c1frica en busca de ayuda econ\u00f3mica y militar para sostener esta nueva t\u00e1ctica de lucha. Cay\u00f3 preso en 1962 y, poco despu\u00e9s, se le conden\u00f3 a cadena perpetua, que lo mantendr\u00eda relegado en una c\u00e1rcel de m\u00e1xima seguridad, en una celda de dos por dos metros, durante 25 a\u00f1os, salvo los dos \u00faltimos a\u00f1os en los cuales la formidable presi\u00f3n internacional para lograr su liberaci\u00f3n mejoraron las condiciones de su detenci\u00f3n.<\/p>\n<p>Mandela, por lo tanto, no fue un \u201cadorador de la legalidad burguesa\u201d sino un extraordinario l\u00edder pol\u00edtico cuya estrategia y t\u00e1cticas de lucha fueron variando seg\u00fan cambiaban las condiciones bajo las cuales libraba sus batallas. Se dice que fue el hombre que acab\u00f3 con el odioso \u201capartheid\u201d sudafricano, lo cual es una verdad a medias. La otra mitad del m\u00e9rito le corresponde a Fidel y la Revoluci\u00f3n Cubana, que con su intervenci\u00f3n en la guerra civil de Angola sell\u00f3 la suerte de los racistas al derrotar a las tropas de Zaire (hoy, Rep\u00fablica Democr\u00e1tica del Congo), del ej\u00e9rcito sudafricano y de dos ej\u00e9rcitos mercenarios angole\u00f1os organizados, armados y financiados por EEUU a trav\u00e9s de la CIA. Gracias a su heroica colaboraci\u00f3n, en la cual una vez m\u00e1s se demostr\u00f3 el noble internacionalismo de la Revoluci\u00f3n Cubana, se logr\u00f3 mantener la independencia de Angola, sentar las bases para la posterior emancipaci\u00f3n de Namibia y disparar el tiro de gracia en contra del \u201capartheid\u201d sudafricano. Por eso, enterado del resultado de la crucial batalla de Cuito Cuanavale, el 23 de Marzo de 1988, Mandela escribi\u00f3 desde la c\u00e1rcel que el desenlace de lo que se dio en llamar \u201cla Stalingrado africana\u201d fue \u201cel punto de inflexi\u00f3n para la liberaci\u00f3n de nuestro continente, y de mi pueblo, del flagelo del `apartheid`.\u201d La derrota de los racistas y sus mentores estadounidenses asest\u00f3 un golpe mortal a la ocupaci\u00f3n sudafricana de Namibia y precipit\u00f3 el inicio de las negociaciones con el CNA que, a poco andar, terminar\u00edan por demoler al r\u00e9gimen racista sudafricano, obra mancomunada de aquellos dos gigantescos estadistas y revolucionarios. A\u00f1os m\u00e1s tarde, en la Conferencia de Solidaridad Cubana-Sudafricana de 1995 Mandela dir\u00eda que \u201clos cubanos vinieron a nuestra regi\u00f3n como doctores, maestros, soldados, expertos agr\u00edcolas, pero nunca como colonizadores. Compartieron las mismas trincheras en la lucha contra el colonialismo, subdesarrollo y el \u201capartheid\u201d\u2026 Jam\u00e1s olvidaremos este incomparable ejemplo de desinteresado internacionalismo\u201d. Es un buen recordatorio para quienes ayer y todav\u00eda hoy hablan de la \u201cinvasi\u00f3n\u201d cubana a Angola.<\/p>\n<p>Cuba pag\u00f3 un precio enorme por este noble acto de solidaridad internacional que, como lo recuerda Mandela, fue el punto de inflexi\u00f3n de la lucha contra el racismo en \u00c1frica. Entre 1975 y 1991 cerca de 450.000 hombres y mujeres de la isla pararon por Angola jug\u00e1ndose en ello su vida. Poco m\u00e1s de 2600 la perdieron luchando para derrotar el r\u00e9gimen racista de Pretoria y sus aliados. La muerte de ese extraordinario l\u00edder que fue Nelson Mandela es una excelente ocasi\u00f3n para rendir homenaje a su lucha y, tambi\u00e9n, al hero\u00edsmo internacionalista de Fidel y la Revoluci\u00f3n Cubana.<\/p>\n","protected":false},"excerpt":{"rendered":"<p>\u00a0<\/p>\n<p style='margin-top: 0.2cm; margin-bottom: 0cm; font-style: normal; font-weight: normal; line-height: 150%;' align='JUSTIFY'>Mandela no fue un \u201cadorador de la legalidad burguesa\u201d sino un extraordinario l\u00edder pol\u00edtico cuya estrategia y t\u00e1cticas de lucha fueron variando seg\u00fan cambiaban las condiciones bajo las cuales libraba sus batallas. Se dice que fue el hombre que acab\u00f3 con el odioso \u201capartheid\u201d sudafricano, lo cual es una verdad a medias. La otra mitad del m\u00e9rito le corresponde a Fidel y la Revoluci\u00f3n Cubana, que con su intervenci\u00f3n en la guerra civil de Angola sell\u00f3 la suerte de los racistas al derrotar a las tropas de Zaire (hoy, Rep\u00fablica Democr\u00e1tica del Congo), del ej\u00e9rcito sudafricano y de dos ej\u00e9rcitos mercenarios angole\u00f1os organizados, armados y financiados por EEUU a trav\u00e9s de la CIA. Gracias a su heroica colaboraci\u00f3n se logr\u00f3 mantener la independencia de Angola, sentar las bases para la posterior emancipaci\u00f3n de Namibia y disparar el tiro de gracia en contra del \u201capartheid\u201d sudafricano.<\/p>\n","protected":false},"author":9,"featured_media":2459,"comment_status":"open","ping_status":"open","sticky":false,"template":"","format":"standard","meta":{"footnotes":""},"categories":[28],"tags":[1089,1088],"class_list":["post-2458","post","type-post","status-publish","format-standard","has-post-thumbnail","hentry","category-siglo-xx","tag-fidel-castro","tag-nelson-mandela"],"aioseo_notices":[],"_links":{"self":[{"href":"https:\/\/espai-marx.net\/index.php?rest_route=\/wp\/v2\/posts\/2458","targetHints":{"allow":["GET"]}}],"collection":[{"href":"https:\/\/espai-marx.net\/index.php?rest_route=\/wp\/v2\/posts"}],"about":[{"href":"https:\/\/espai-marx.net\/index.php?rest_route=\/wp\/v2\/types\/post"}],"author":[{"embeddable":true,"href":"https:\/\/espai-marx.net\/index.php?rest_route=\/wp\/v2\/users\/9"}],"replies":[{"embeddable":true,"href":"https:\/\/espai-marx.net\/index.php?rest_route=%2Fwp%2Fv2%2Fcomments&post=2458"}],"version-history":[{"count":0,"href":"https:\/\/espai-marx.net\/index.php?rest_route=\/wp\/v2\/posts\/2458\/revisions"}],"wp:featuredmedia":[{"embeddable":true,"href":"https:\/\/espai-marx.net\/index.php?rest_route=\/wp\/v2\/media\/2459"}],"wp:attachment":[{"href":"https:\/\/espai-marx.net\/index.php?rest_route=%2Fwp%2Fv2%2Fmedia&parent=2458"}],"wp:term":[{"taxonomy":"category","embeddable":true,"href":"https:\/\/espai-marx.net\/index.php?rest_route=%2Fwp%2Fv2%2Fcategories&post=2458"},{"taxonomy":"post_tag","embeddable":true,"href":"https:\/\/espai-marx.net\/index.php?rest_route=%2Fwp%2Fv2%2Ftags&post=2458"}],"curies":[{"name":"wp","href":"https:\/\/api.w.org\/{rel}","templated":true}]}}