{"id":2469,"date":"2013-12-15T00:00:00","date_gmt":"2013-12-15T00:00:00","guid":{"rendered":"https:\/\/espai-marx.net\/?p=2469"},"modified":"2020-02-19T10:32:44","modified_gmt":"2020-02-19T09:32:44","slug":"no-hizo-falta-que-vinieran-los-barbaros","status":"publish","type":"post","link":"https:\/\/espai-marx.net\/?p=2469","title":{"rendered":"No hizo falta que vinieran los b\u00e1rbaros"},"content":{"rendered":"<p style=\"margin-top: 0.2cm; margin-bottom: 0cm; background: transparent; border: none; padding: 0cm; line-height: 150%;\" align=\"JUSTIFY\">Esper\u00e1bamos a los b\u00e1rbaros de la Troika. Y para que no llegaran, los nuestros empezaron a tomar medidas brutales que convirtieron los dos primeros a\u00f1os de la legislatura en el <i>Gran Saqueo <\/i>de salarios, derechos sociales y laborales. Y hasta de sue\u00f1os. Dijeron hacerlo porque no hab\u00eda m\u00e1s remedio y porque era lo que hab\u00eda que hacer, cuando en realidad la crisis es una excusa para acabar con todo y dejar una sociedad irreconocible, un futuro inhabitable para la mayor\u00eda. Como dice <u><b><a href=\"http:\/\/www.sinpermiso.info\/articulos\/ficheros\/rch.pdf\">Rafael Chirbes<\/a> <\/b><\/u>(1): <i>cambi\u00f3 el paisaje humano, agotada la euforia y el deseo infinito de lo superfluo, regreso a la necesidad, el miedo al futuro en la cara.<\/i><\/p>\n<p style=\"margin-top: 0.2cm; margin-bottom: 0cm; background: transparent; border: none; padding: 0cm; font-style: normal; font-weight: normal; line-height: 150%;\" align=\"JUSTIFY\">As\u00ed, en el ecuador del gobierno de <b>Rajoy<\/b>, el paro ha crecido y la pobreza se extiende, los salarios se han devaluado, siguen los recortes del gasto social y el desmantelamiento de lo p\u00fablico, el pa\u00eds se ha puesto en almoneda. Todo ello para que la banca y las grandes empresas vuelvan a obtener fabulosos beneficios, para que el PIB crezca el 0,1%. Valiente victoria p\u00edrrica sobre los trabajadores y la mayor\u00eda social. Dos a\u00f1os despu\u00e9s hay m\u00e1s desempleo, m\u00e1s precariedad, m\u00e1s desprotecci\u00f3n y m\u00e1s desigualdad. Brutal balance de la gesti\u00f3n de Rajoy. Veamos.<\/p>\n<p style=\"margin-top: 0.2cm; margin-bottom: 0cm; background: transparent; border: none; padding: 0cm; line-height: 150%;\" align=\"JUSTIFY\"><b>El paro es intolerable<\/b>. Seg\u00fan la <a href=\"http:\/\/www.cuartopoder.es\/wp-content\/uploads\/2013\/10\/epa.pdf\">EPA del tercer trimestre de 2013<\/a> (2) hay 5.904.700 millones de desempleados. Hace dos a\u00f1os hab\u00eda 4.978.300. Es decir, ha crecido en casi un mill\u00f3n de personas y la tasa de paro ha pasado del 21,52% al 26,11%. La ocupaci\u00f3n ha bajado de 18,1 millones a 16,8 millones. Y aunque el paro baj\u00f3 el \u00faltimo trimestre en 73.000 personas, el empleo solo creci\u00f3 en 40.000 personas, un empleo precario creado en los servicios y el turismo. Estas cifras se explican porque la gente ha dejado de buscar empleo y muchos se han ido del pa\u00eds (85.000 personas menos en un trimestre), ya sean emigrantes que retornan o emigrantes espa\u00f1oles. Si no fuera por ello, el paro ser\u00eda mayor. Pero los espa\u00f1oles hemos vuelto a coger las maletas \u00bfcu\u00e1ntos j\u00f3venes espa\u00f1oles titulados est\u00e1n sirviendo caf\u00e9s en Alemania o Reino Unido? \u00bfCu\u00e1ntos becarios o investigadores haciendo fotocopias? Esa es la perspectiva m\u00e1s inquietante y el mayor peligro para un pa\u00eds cuando tiene a una clase pol\u00edtica que no est\u00e1 a su altura.<\/p>\n<p style=\"margin-top: 0.2cm; margin-bottom: 0cm; background: transparent; border: none; padding: 0cm; font-style: normal; font-weight: normal; line-height: 150%;\" align=\"JUSTIFY\"><b>La precariedad no se reduce <\/b>por m\u00e1s reformas laborales que se apliquen. Y la perspectiva de futuro es que el \u00fanico empleo que tal vez aumente sea el contrato temporal a tiempo parcial y mal retribuido. Inseguridad y miseria como horizonte.<\/p>\n<p style=\"margin-top: 0.2cm; margin-bottom: 0cm; background: transparent; border: none; padding: 0cm; line-height: 150%;\" align=\"JUSTIFY\"><b>La pobreza crece<\/b>. Dice C\u00e1ritas que <a href=\"http:\/\/www.publico.es\/espana\/473822\/la-pobreza-severa-ya-afecta-a-tres-millones-de-espanoles\">la \u201cpobreza severa\u201d ya afecta a tres millones de espa\u00f1oles<\/a> (3). Estamos hablando de personas que viven con menos de 307 euros al mes y su n\u00famero se ha duplicado desde 2008. Seg\u00fan el Instituto de Estudios Econ\u00f3micos (IEE), que analiza datos de Eurostat, <u>el riesgo de pobreza o exclusi\u00f3n social alcanza al 28% de la poblaci\u00f3n (4) <\/u>espa\u00f1ola, habiendo crecido en los \u00faltimos a\u00f1os. Los hogares con todos sus miembros en paro son 1.807.700, cuatrocientos mil m\u00e1s que hace dos a\u00f1os. Cuatro millones de parados (dos tercios del total) no tienen prestaciones por desempleo. <a href=\"http:\/\/www.publico.es\/dinero\/478940\/el-paro-de-larga-duracion-se-ha-multiplicado-por-nueve-desde-el-inicio-de-la-crisis\">El paro de larga duraci\u00f3n se ha multiplicado por nueve desde el inicio de la crisis<\/a> (5) pasando de 393.200 a 3.456.400 parados con m\u00e1s de un a\u00f1o sin encontrar empleo.<\/p>\n<p style=\"margin-top: 0.2cm; margin-bottom: 0cm; background: transparent; border: none; padding: 0cm; font-style: normal; font-weight: normal; line-height: 150%;\" align=\"JUSTIFY\"><b>Los recortes y el desmantelamiento de lo p\u00fablico se han recrudecido<\/b>. Desde la privatizaci\u00f3n de hospitales p\u00fablicos madrile\u00f1os a la liquidaci\u00f3n de la ayuda a la dependencia. En Educaci\u00f3n la reducci\u00f3n de la inversi\u00f3n y la <i>ley <\/i><i><b>Wert <\/b><\/i>son un ataque brutal a la escuela p\u00fablica y a la igualdad de oportunidades. El recorte de becas deja a decenas de miles de estudiantes fuera de la universidad, a cientos de miles de ni\u00f1os sin libros o sin comedor. Madrid ha suprimido la mitad de las ayudas para que los ni\u00f1os de familias m\u00e1s pobres coman al menos en el colegio. Hace dos a\u00f1os eran 120.000 alumnos y hoy son 52.000. Unicef da datos de 200.000 ni\u00f1os que se encuentran en riesgo de pobreza en la regi\u00f3n. Y este ajuste sin fin no ha acabado: la UE nos exige otros 35.000 millones de recortes para los pr\u00f3ximos a\u00f1os. Y el obediente gobierno Rajoy seguir\u00e1 priorizando su pol\u00edtica econ\u00f3mica hacia la reducci\u00f3n de la deuda, olvid\u00e1ndose del principal problema del pa\u00eds: el paro.<\/p>\n<p style=\"margin-top: 0.2cm; margin-bottom: 0cm; background: transparent; border: none; padding: 0cm; font-style: normal; font-weight: normal; line-height: 150%;\" align=\"JUSTIFY\"><b>La devaluaci\u00f3n salarial ha sido salvaje<\/b> y se encamina al 20%, al no poder devaluar una moneda propia. Los asalariados sufren el mayor retroceso de poder adquisitivo desde 1982. La reforma laboral consigue que se pacten congelaciones y retrocesos salariales. Algo que empobrece a la poblaci\u00f3n, anula el consumo y dificulta la recuperaci\u00f3n y la lucha contra el paro. Hasta el punto que la <u>OIT(6) <\/u>ha desaconsejado ahondar en la devaluaci\u00f3n salarial en Espa\u00f1a, ya que puede castigar a\u00fan m\u00e1s el empleo. As\u00ed se consagra un modelo econ\u00f3mico de competitividad tercermundista reforzado por el grav\u00edsimo retroceso en I+D.<\/p>\n<p style=\"margin-top: 0.2cm; margin-bottom: 0cm; background: transparent; border: none; padding: 0cm; line-height: 150%;\" align=\"JUSTIFY\"><b>Las pensiones est\u00e1n a punto de sufrir otro demoledor ataque<\/b> con la excusa del factor de sostenibilidad y la desindexaci\u00f3n de la revalorizaci\u00f3n respecto al IPC. La reforma de pensiones no tiene otro objetivo que repartirse un bot\u00edn de 100.000 millones de euros, como afirman <a href=\"http:\/\/economia.elpais.com\/economia\/2013\/10\/31\/agencias\/1383213393_051726.html\">Adoraci\u00f3n Guam\u00e1n y H\u00e9ctor Illueca<\/a> (7). Los sindicatos deber\u00edan convocar una movilizaci\u00f3n general tras las manifestaciones del 23 de noviembre para frenar la reforma y no ser c\u00f3mplices por omisi\u00f3n.<\/p>\n<p style=\"margin-top: 0.2cm; margin-bottom: 0cm; background: transparent; border: none; padding: 0cm; font-style: normal; font-weight: normal; line-height: 150%;\" align=\"JUSTIFY\"><b>Han puesto al pa\u00eds en almoneda<\/b>. La euforia de <b>Bot\u00edn <\/b>diciendo que llega mucho dinero a Espa\u00f1a no se traduce en creaci\u00f3n de actividad y de puestos de trabajo. Si acaso se dirigen a la actividad financiera especulativa en Bolsa y a la compra de activos y de empresas espa\u00f1olas saneadas, que cambian de mano, pero que ni se crea empleo ni se come con ello. Un ejemplo es la entrada de <b>Bill Gates <\/b>en FCC.<\/p>\n<p style=\"margin-top: 0.2cm; margin-bottom: 0cm; background: transparent; border: none; padding: 0cm; font-style: normal; font-weight: normal; line-height: 150%;\" align=\"JUSTIFY\"><b>Este \u201ccapitalismo fullero\u201d, <\/b>como lo llama <b>Albert Recio<\/b>, <b>es dif\u00edcil que nos saque de la crisis<\/b>. Un capitalismo que sabe que, haga lo que haga, se har\u00e1 cargo de las p\u00e9rdidas el resto de la sociedad mediante la intervenci\u00f3n p\u00fablica, nacionalizando \u00e9stas y privatizando de nuevo cuando se haya saneado. Lo hemos vivido muchas veces, por la gran relaci\u00f3n entre el estado y el gran capital. Lo podemos volver a vivir con las tarifas el\u00e9ctricas, las autopistas o el dep\u00f3sito de gas Castor.<\/p>\n<p style=\"margin-top: 0.2cm; margin-bottom: 0cm; background: transparent; border: none; padding: 0cm; line-height: 150%;\" align=\"JUSTIFY\"><b>Los grandes \u00e9xitos de Rajoy <\/b>son: que la gran banca dispara sus beneficios casi un 80% en los primeros nueve meses de 2013 (cinco grandes bancos ganan 7.251 millones de euros), las <a href=\"http:\/\/economia.elpais.com\/economia\/2013\/10\/31\/agencias\/1383213393_051726.html\">grandes empresas del IBEX<\/a> [8]ganan un 13% (20.561 millones en el mismo periodo) ; un PIB que crece un 0,1%; la existencia de 6 millones de parados sin esperanza de encontrar empleo a medio plazo; un rescate a la banca que nos va a costar unos 40.000 millones de euros a los ciudadanos. No es de extra\u00f1ar que el presidente del gobierno obtenga el <a href=\"http:\/\/elpais.com\/elpais\/2013\/10\/05\/media\/1380994240_157981.html\">rechazo de tres de cada cuatro espa\u00f1oles<\/a>(8) y que suspendan todos sus ministros.<\/p>\n<p style=\"margin-top: 0.2cm; margin-bottom: 0cm; background: transparent; border: none; padding: 0cm; font-style: normal; font-weight: normal; line-height: 150%;\" align=\"JUSTIFY\"><b>La derecha son malos gestores. <\/b>A la equivocada pol\u00edtica econ\u00f3mica hay que a\u00f1adir que la p\u00e9sima gesti\u00f3n realizada no logra tapar los t\u00f3picos repetidos como mantras (<i>hemos hecho lo que hab\u00eda que hacer, la luz al final del t\u00fanel\u2026<\/i>). Wert y <b>Ana Botella <\/b>son ejemplos de gestores desastrosos, especialmente brillantes en no resolver nada y crear problemas donde antes no los hab\u00eda. Y Rajoy, con su diletantismo, hace que se pudran serias cuestiones de Estado como la cuesti\u00f3n soberanista en Catalu\u00f1a, que va a estar presente en la agenda pol\u00edtica aunque practique la pol\u00edtica del avestruz.<\/p>\n<p style=\"margin-top: 0.2cm; margin-bottom: 0cm; background: transparent; border: none; padding: 0cm; line-height: 150%;\" align=\"JUSTIFY\"><b>Desmoralizaci\u00f3n ciudadana por los esc\u00e1ndalos de corrupci\u00f3n <\/b>a la que contribuye la actitud de Rajoy y del PP. Las mentiras y el intento de tapar los esc\u00e1ndalos <i>G\u00fcrtel <\/i>y <i>B\u00e1rcenas<\/i>, esperando a la prescripci\u00f3n de los delitos, no contribuye precisamente a la <a href=\"http:\/\/www.cuartopoder.es\/laespumaylamarea\/la-nausea\/143\">ejemplaridad y la decencia pol\u00edtica<\/a> (9). Las reformas legales en marcha recuperan el pensamiento m\u00e1s reaccionario (reforma del aborto y del C\u00f3digo Penal), intentan endurecer la represi\u00f3n de las protestas populares contra las pol\u00edticas antisociales (anteproyecto de ley de Seguridad Ciudadana) o buscan nuevas formas de seguir aplicando pol\u00edticas privatizadoras y de reducci\u00f3n del sector p\u00fablico (Reforma de la Administraci\u00f3n Local).<\/p>\n<p style=\"margin-top: 0.2cm; margin-bottom: 0cm; background: transparent; border: none; padding: 0cm; font-style: normal; font-weight: normal; line-height: 150%;\" align=\"JUSTIFY\">Es evidente que nuestros b\u00e1rbaros no eran la soluci\u00f3n. Son el problema. Y la pregunta a hacernos es qu\u00e9 va a ser de nosotros si siguen. Porque, como dec\u00eda <b>Paco Fern\u00e1ndez Buey<\/b>, <i>aqu\u00ed est\u00e1n de nuevo nuestros b\u00e1rbaros, vestidos como antes, como siempre, sin ser reconocidos por la multitud que puebla las calles, gritando contra las barbaridades de los otros b\u00e1rbaros imaginarios que no llegaron nunca.<\/i><\/p>\n<p style=\"margin-top: 0.2cm; margin-bottom: 0cm; background: transparent; border: none; padding: 0cm; font-style: normal; font-weight: normal; line-height: 150%;\" align=\"JUSTIFY\">La lucha ejemplar de los barrenderos de Madrid marca un camino de c\u00f3mo hay que combatir los despidos, la reforma laboral y los abusos. El 20 de noviembre tienes una cita para defender la educaci\u00f3n p\u00fablica. El 23 de noviembre no te quedes en casa: tienes la ocasi\u00f3n de identificar a los b\u00e1rbaros, de denunciarlos a voz en grito y de contribuir a echarlos. Algo que cada vez est\u00e1 m\u00e1s al alcance de nuestra mano, siempre que no optemos por el suicidio pol\u00edtico colectivo.<\/p>\n<p style=\"margin-top: 0.2cm; margin-bottom: 0cm; background: transparent; border: none; padding: 0cm; font-style: normal; font-weight: normal; line-height: 150%;\" align=\"JUSTIFY\"><b>Notas<\/b>:<\/p>\n<p style=\"margin-top: 0.2cm; margin-bottom: 0cm; background: transparent; border: none; padding: 0cm; font-style: normal; font-weight: normal; line-height: 150%;\" align=\"JUSTIFY\">[1] Rafael Chirbes:<\/p>\n<p style=\"margin-top: 0.2cm; margin-bottom: 0cm; background: transparent; border: none; padding: 0cm; line-height: 150%;\" align=\"JUSTIFY\"><a href=\"http:\/\/www.sinpermiso.info\/articulos\/ficheros\/rch.pdf\"><b>http:\/\/www.sinpermiso.info\/articulos\/ficheros\/rch.pdf<\/b><\/a><\/p>\n<p style=\"margin-top: 0.2cm; margin-bottom: 0cm; background: transparent; border: none; padding: 0cm; font-style: normal; font-weight: normal; line-height: 150%;\" align=\"JUSTIFY\">[2] EPA del tercer trimestre de 2013:<\/p>\n<p style=\"margin-top: 0.2cm; margin-bottom: 0cm; background: transparent; border: none; padding: 0cm; line-height: 150%;\" align=\"JUSTIFY\"><a href=\"http:\/\/www.cuartopoder.es\/wp-content\/uploads\/2013\/10\/epa.pdf\"><b>http:\/\/www.cuartopoder.es\/wp-content\/uploads\/2013\/10\/epa.pdf<\/b><\/a><\/p>\n<p style=\"margin-top: 0.2cm; margin-bottom: 0cm; background: transparent; border: none; padding: 0cm; font-style: normal; font-weight: normal; line-height: 150%;\" align=\"JUSTIFY\">[3] la \u201cpobreza severa\u201d ya afecta a tres millones de espa\u00f1oles:<\/p>\n<p style=\"margin-top: 0.2cm; margin-bottom: 0cm; background: transparent; border: none; padding: 0cm; line-height: 150%;\" align=\"JUSTIFY\"><a href=\"http:\/\/www.publico.es\/espana\/473822\/la-pobreza-severa-ya-afecta-a-tres-millones-de-espanoles\"><b>http:\/\/www.publico.es\/espana\/473822\/la-pobreza-severa-ya-afecta-a-tres-millones-de-espanoles<\/b><\/a><\/p>\n<p style=\"margin-top: 0.2cm; margin-bottom: 0cm; background: transparent; border: none; padding: 0cm; font-style: normal; font-weight: normal; line-height: 150%;\" align=\"JUSTIFY\">[4] el riesgo de pobreza o exclusi\u00f3n social alcanza al 28% de la poblaci\u00f3n :<\/p>\n<p style=\"margin-top: 0.2cm; margin-bottom: 0cm; background: transparent; border: none; padding: 0cm; line-height: 150%;\" align=\"JUSTIFY\"><a href=\"http:\/\/www.europapress.es\/sociedad\/noticia-riesgo-pobreza-exclusion-alcanza-28-poblacion-20131112124535.html\"><b>http:\/\/www.europapress.es\/sociedad\/noticia-riesgo-pobreza-exclusion-alcanza-28-poblacion-20131112124535.html<\/b><\/a><\/p>\n<p style=\"margin-top: 0.2cm; margin-bottom: 0cm; background: transparent; border: none; padding: 0cm; font-style: normal; font-weight: normal; line-height: 150%;\" align=\"JUSTIFY\">[5] El paro de larga duraci\u00f3n se ha multiplicado por nueve desde el inicio de la crisis:<\/p>\n<p style=\"margin-top: 0.2cm; margin-bottom: 0cm; background: transparent; border: none; padding: 0cm; line-height: 150%;\" align=\"JUSTIFY\"><a href=\"http:\/\/www.publico.es\/dinero\/478940\/el-paro-de-larga-duracion-se-ha-multiplicado-por-nueve-desde-el-inicio-de-la-crisis\"><u><b>http:\/\/www.publico.es\/dinero\/478940\/el-paro-de-larga-duracion-se-ha-multiplicado-por-nueve-desde-el-inicio-de-la-crisis<\/b><\/u><\/a><\/p>\n<p style=\"margin-top: 0.2cm; margin-bottom: 0cm; background: transparent; border: none; padding: 0cm; font-style: normal; font-weight: normal; line-height: 150%;\" align=\"JUSTIFY\">[6]OIT:<\/p>\n<p style=\"margin-top: 0.2cm; margin-bottom: 0cm; background: transparent; border: none; padding: 0cm; line-height: 150%;\" align=\"JUSTIFY\"><a href=\"http:\/\/economia.elpais.com\/economia\/2013\/06\/03\/actualidad\/1370255038_024155.html\"><b>http:\/\/economia.elpais.com\/economia\/2013\/06\/03\/actualidad\/1370255038_024155.html<\/b><\/a><\/p>\n<p style=\"margin-top: 0.2cm; margin-bottom: 0cm; background: transparent; border: none; padding: 0cm; font-style: normal; font-weight: normal; line-height: 150%;\" align=\"JUSTIFY\">[7] Adoraci\u00f3n Guam\u00e1n y H\u00e9ctor Illueca:<\/p>\n<p style=\"margin-top: 0.2cm; margin-bottom: 0cm; background: transparent; border: none; padding: 0cm; line-height: 150%;\" align=\"JUSTIFY\"><a href=\"http:\/\/economia.elpais.com\/economia\/2013\/10\/31\/agencias\/1383213393_051726.html\"><b>http:\/\/economia.elpais.com\/economia\/2013\/10\/31\/agencias\/1383213393_051726.html<\/b><\/a><\/p>\n<p style=\"margin-top: 0.2cm; margin-bottom: 0cm; background: transparent; border: none; padding: 0cm; font-style: normal; font-weight: normal; line-height: 150%;\" align=\"JUSTIFY\">[8] rechazo de tres de cada cuatro espa\u00f1oles:<\/p>\n<p style=\"margin-top: 0.2cm; margin-bottom: 0cm; background: transparent; border: none; padding: 0cm; line-height: 150%;\" align=\"JUSTIFY\"><a href=\"http:\/\/elpais.com\/elpais\/2013\/10\/05\/media\/1380994240_157981.html\"><b>http:\/\/elpais.com\/elpais\/2013\/10\/05\/media\/1380994240_157981.html<\/b><\/a><\/p>\n<p style=\"margin-top: 0.2cm; margin-bottom: 0cm; background: transparent; border: none; padding: 0cm; font-style: normal; font-weight: normal; line-height: 150%;\" align=\"JUSTIFY\">[9] ejemplaridad y la decencia pol\u00edtica:<\/p>\n<p style=\"margin-top: 0.2cm; margin-bottom: 0cm; background: transparent; border: none; padding: 0cm; line-height: 150%;\" align=\"JUSTIFY\"><a href=\"http:\/\/www.cuartopoder.es\/laespumaylamarea\/la-nausea\/143\"><b>http:\/\/www.cuartopoder.es\/laespumaylamarea\/la-nausea\/143<\/b><\/a><b> <\/b><\/p>\n<p style=\"margin-top: 0.2cm; margin-bottom: 0cm; background: transparent; border: none; padding: 0cm; line-height: 150%;\" align=\"JUSTIFY\">\n<p style=\"margin-top: 0.2cm; margin-bottom: 0cm; line-height: 150%;\" align=\"JUSTIFY\">\n","protected":false},"excerpt":{"rendered":"<p style='margin-top: 0.2cm; margin-bottom: 0cm; background: transparent; border: none; padding: 0cm; font-style: normal; font-weight: normal; line-height: 150%;' align='JUSTIFY'>\n<p>\u00a0<\/p>\n<p style='margin-top: 0.2cm; margin-bottom: 0cm; background: transparent; border: none; padding: 0cm; font-style: normal; font-weight: normal; line-height: 150%;' align='JUSTIFY'>Esper\u00e1bamos a los b\u00e1rbaros de la Troika. Y para que no llegaran, los nuestros empezaron a tomar medidas brutales que convirtieron los dos primeros a\u00f1os de la legislatura en el Gran Saqueo de salarios, derechos sociales y laborales. Y hasta de sue\u00f1os. Dijeron hacerlo porque no hab\u00eda m\u00e1s remedio y porque era lo que hab\u00eda que hacer, cuando en realidad la crisis es una excusa para acabar con todo y dejar una sociedad irreconocible, un futuro inhabitable para la mayor\u00eda.<\/p>\n","protected":false},"author":9,"featured_media":2470,"comment_status":"open","ping_status":"open","sticky":false,"template":"","format":"standard","meta":{"footnotes":""},"categories":[3],"tags":[1086],"class_list":["post-2469","post","type-post","status-publish","format-standard","has-post-thumbnail","hentry","category-condiciones-de-vida","tag-grecia"],"aioseo_notices":[],"_links":{"self":[{"href":"https:\/\/espai-marx.net\/index.php?rest_route=\/wp\/v2\/posts\/2469","targetHints":{"allow":["GET"]}}],"collection":[{"href":"https:\/\/espai-marx.net\/index.php?rest_route=\/wp\/v2\/posts"}],"about":[{"href":"https:\/\/espai-marx.net\/index.php?rest_route=\/wp\/v2\/types\/post"}],"author":[{"embeddable":true,"href":"https:\/\/espai-marx.net\/index.php?rest_route=\/wp\/v2\/users\/9"}],"replies":[{"embeddable":true,"href":"https:\/\/espai-marx.net\/index.php?rest_route=%2Fwp%2Fv2%2Fcomments&post=2469"}],"version-history":[{"count":0,"href":"https:\/\/espai-marx.net\/index.php?rest_route=\/wp\/v2\/posts\/2469\/revisions"}],"wp:featuredmedia":[{"embeddable":true,"href":"https:\/\/espai-marx.net\/index.php?rest_route=\/wp\/v2\/media\/2470"}],"wp:attachment":[{"href":"https:\/\/espai-marx.net\/index.php?rest_route=%2Fwp%2Fv2%2Fmedia&parent=2469"}],"wp:term":[{"taxonomy":"category","embeddable":true,"href":"https:\/\/espai-marx.net\/index.php?rest_route=%2Fwp%2Fv2%2Fcategories&post=2469"},{"taxonomy":"post_tag","embeddable":true,"href":"https:\/\/espai-marx.net\/index.php?rest_route=%2Fwp%2Fv2%2Ftags&post=2469"}],"curies":[{"name":"wp","href":"https:\/\/api.w.org\/{rel}","templated":true}]}}