{"id":2486,"date":"2013-12-20T00:00:00","date_gmt":"2013-12-20T00:00:00","guid":{"rendered":"https:\/\/espai-marx.net\/?p=2486"},"modified":"2020-02-19T10:22:46","modified_gmt":"2020-02-19T09:22:46","slug":"salir-del-euro-no-es-un-problema-sino-la-solucion","status":"publish","type":"post","link":"https:\/\/espai-marx.net\/?p=2486","title":{"rendered":"Salir del Euro no es un problema sino la soluci\u00f3n"},"content":{"rendered":"<p>Durante el fin de semana del 30 de noviembre &#8211; 1 de diciembre se llev\u00f3 a cabo en Atenas un encuentro internacional, organizado por el Frente Unitario Popular (EPAM) de Grecia, en el que una veintena de economistas, miembros de organizaciones sociales, pol\u00edticos y periodistas de diversos pa\u00edses europeos debatieron sobre la estructura econ\u00f3mica y financiera de la Uni\u00f3n Europea, as\u00ed como del retroceso democr\u00e1tico sufrido, en la medida que las pol\u00edticas neoliberales fueron ganando terreno.<\/p>\n<p>Pese al silencio medi\u00e1tico sobre la convocatoria y el desarrollo de la misma, el encuentro fue seguido por un buen n\u00famero de asistentes e, incluso, fue retransmitido a trav\u00e9s de internet para que en las ciudades donde el EPAM cuenta con grupos de trabajo los ciudadanos pudieran debatir a medida que se suced\u00edan las intervenciones.<\/p>\n<p>Este es sin duda el principal valor de la iniciativa, abrir el debate sobre las experiencias en los distintos pa\u00edses europeos y la conveniencia, o no, de permanecer en la eurozona y en la UE. Las resistencias a que la opini\u00f3n p\u00fablica conozca los t\u00e9rminos de planteamientos alternativos son enormes -y l\u00f3gicas- entre los valedores del sistema neoliberal, pero no resultan coherentes entre esa izquierda europea que antepone c\u00e1lculos electorales en vez de implicarse con honestidad en las posibilidades que ofrece a los pueblos la salida del euro.<\/p>\n<p>En esa l\u00ednea se expres\u00f3 el ex economista del Banco de Espa\u00f1a, Pedro Montes, cuando pidi\u00f3 a la izquierda que adem\u00e1s de oponerse a los recortes y a las medidas de austeridad, defienda de manera clara \u201cla ruptura o el abandono del euro y la inevitabilidad del pago de la deuda\u201d.<\/p>\n<p>Dentro de la zona euro, y despojados de la soberan\u00eda fiscal y monetaria, todo se limita a rebajar salarios para mejorar la competitividad y reducir el d\u00e9ficit p\u00fablico, lo que conlleva la desaparici\u00f3n de los servicios p\u00fablicos m\u00e1s esenciales. \u201cY as\u00ed, nos encontramos con una pol\u00edtica parad\u00f3jica y diab\u00f3lica que consiste en agravar la crisis para superarla\u201d, seg\u00fan explic\u00f3 Montes. Las consecuencias, a\u00f1adi\u00f3, son \u201cel aumento del paro, la ca\u00edda de los salarios, la precariedad laboral, la subida de impuestos regresivos, familias desahuciadas de sus viviendas y creciente desigualdad, miseria y tambi\u00e9n hambre\u201d.<\/p>\n<p>Las consecuencias de estas medidas son ampliamente conocidas en Grecia, pero fueron se\u00f1aladas por muchos de los ponentes sobre sus respectivos pa\u00edses. Todos ellos coincidieron en se\u00f1alar al Tratado de Maastrich, principio rector de la uni\u00f3n monetaria, y a la estructura decidida por la oligarqu\u00eda capitalista como responsables del actual dominio de los mercados internacionales y del capital financiero en detrimento de la democracia y los derechos de los pueblos.<\/p>\n<p>As\u00ed el analista italiano Antonino Galloni explic\u00f3 que \u201cel euro no es un verdadera moneda, pues nunca se orient\u00f3 hacia el desarrollo del equilibrio territorial de la UE, sino para servir a la producci\u00f3n y a las exportaciones de Alemania\u201d. Mientras, en los pa\u00edses de la periferia, \u201clos flujos de capital se dirigieron hacia la especulaci\u00f3n financiera, abandonando las inversiones productivas, y llegando a alcanzar un volumen 50 veces mayor que lo destinado a la econom\u00eda real\u201d.<\/p>\n<p>Su compatriota Francesco Ruggieri, miembro del grupo Economistas para los Ciudadanos, fue m\u00e1s cr\u00edtico con los pa\u00edses ricos del norte al definir la situaci\u00f3n actual como \u201cuna guerra de clases en Europa, un conflicto entre dominantes y dominados que se est\u00e1 saldando con una enorme p\u00e9rdida de capital humano, social y econ\u00f3mico para los pa\u00edses del sur\u201d.<\/p>\n<p>En esa l\u00ednea tambi\u00e9n se expres\u00f3 Dimitris Kazakis, economista y presidente del EPAM, al decir que \u201cla crisis de la deuda es un r\u00e9gimen de colonizaci\u00f3n sobre los pa\u00edses del sur\u201d, a los que se les ha privado de su soberan\u00eda y sus derechos fundamentales, \u201chaciendo a los ciudadanos esclavos de las instituciones financieras internacionales, y llev\u00e1ndolos a una nueva Edad Media\u201d. Y a\u00f1adi\u00f3 que \u201cno hay ning\u00fan \u00e1mbito social o econ\u00f3mico que no haya empeorado para los griegos, desde los derechos laborales hasta el aumento de la pobreza, pasando por la masiva emigraci\u00f3n de los j\u00f3venes\u201d.<\/p>\n<p>Tambi\u00e9n el analista pol\u00edtico Alexandros Kutsomitopulos denunci\u00f3 la pol\u00edtica colonialista hacia Grecia, convertida de facto en un protectorado de la UE (como Bosnia-Herzegovina y Kosovo), donde un viceministro alem\u00e1n, Hans-Joachim Fuchtel, y un grupo de asesores se encargan de fiscalizar y presionar al gobierno griego en el proceso de reformas que tienen que realizar.<\/p>\n<p>Incluso el l\u00edder pol\u00edtico finland\u00e9s Antti Pesonen reconoci\u00f3 que \u201cdentro de la UE no somos estados soberanos, los organismos supranacionales, las instituciones financieras internacionales, se convierten en entes de dominaci\u00f3n y sometimiento\u201d al beneficio de unos pocos, mientras que los pueblos demandan el control pol\u00edtico para \u201cabandonar las pol\u00edticas de desigualdad y avanzar por la v\u00eda de la sostenibilidad, la democracia y la redistribuci\u00f3n de la riqueza con una perspectiva social\u201d.<\/p>\n<p>Ese tipo de cambios de paradigma, seguidos durante la pasada d\u00e9cada por varios pa\u00edses latinoamericanos, fue explicado por Alberto Montero, presidente del Centro de Estudios Pol\u00edticos y Sociales (CEPS). Citando los casos de Venezuela, Bolivia y Ecuador, Montero traslad\u00f3 sus experiencias al continente europeo. Plante\u00f3 una doble ruptura: desde el espacio de la pol\u00edtica mediante la \u201crenovaci\u00f3n del pacto social\u201d, lo que significa la refundaci\u00f3n del Elstado y la reescritura de las constituciones; y del orden econ\u00f3mico, poniendo fin al modelo neoliberal pues \u201cdentro del euro no cabe ning\u00fan proceso de emancipaci\u00f3n social para los pueblos europeos\u201d. En este punto remarc\u00f3 que \u201chay que dejar de pensar en la salida del euro como un problema y empezar a pensarla como la \u00fanica soluci\u00f3n\u201d.<\/p>\n<p>Montero, que ha sido asesor de diversos gobiernos latinoamericanos sobre cuestiones de deuda, critic\u00f3 que la construcci\u00f3n del proyecto europeo se realizara en torno a una moneda y no a valores humanos y mostr\u00f3 la ant\u00edtesis de la UE en el modelo de integraci\u00f3n seguido por los pa\u00edses de la Alternativa Bolivariana para la Am\u00e9ricas (ALBA), donde \u201cmanteniendo la soberan\u00eda nacional, y bajo las premisas de complementariedad y cooperaci\u00f3n, se trabaja en la recuperaci\u00f3n de los derechos y las condiciones de bienestar de los ciudadanos, al contrario de lo que sucede en Europa\u201d.<\/p>\n<p>Al t\u00e9rmino del encuentro se present\u00f3 un comunicado final en el que, entre otras cuestiones, se plante\u00f3 la posibilidad de crear un organismo que coordine las iniciativas surgidas en los distintos pa\u00edses encaminadas a la recuperaci\u00f3n de la democracia, la soberan\u00eda econ\u00f3mica y pol\u00edtica de los Estados y la justicia social.<\/p>\n<p><strong>Fuente:<\/strong> <a href=\"http:\/\/socialismo21.net\/salir-del-euro-no-es-el-problema-sino-la-solucion\/\">http:\/\/socialismo21.net\/salir-del-euro-no-es-el-problema-sino-la-solucion\/<\/a><\/p>\n","protected":false},"excerpt":{"rendered":"<p class='MsoNormal' style='text-align: justify;'>Dentro de la zona euro, y despojados de la soberan\u00eda fiscal y monetaria, todo se limita a rebajar salarios para mejorar la competitividad y reducir el d\u00e9ficit p\u00fablico, lo que conlleva la desaparici\u00f3n de los servicios p\u00fablicos m\u00e1s esenciales. \u201cY as\u00ed, nos encontramos con una pol\u00edtica parad\u00f3jica y diab\u00f3lica que consiste en agravar la crisis para superarla\u201d<\/p>\n","protected":false},"author":9,"featured_media":2487,"comment_status":"open","ping_status":"open","sticky":false,"template":"","format":"standard","meta":{"footnotes":""},"categories":[13],"tags":[],"class_list":["post-2486","post","type-post","status-publish","format-standard","has-post-thumbnail","hentry","category-la-izquierda-a-debate"],"aioseo_notices":[],"_links":{"self":[{"href":"https:\/\/espai-marx.net\/index.php?rest_route=\/wp\/v2\/posts\/2486","targetHints":{"allow":["GET"]}}],"collection":[{"href":"https:\/\/espai-marx.net\/index.php?rest_route=\/wp\/v2\/posts"}],"about":[{"href":"https:\/\/espai-marx.net\/index.php?rest_route=\/wp\/v2\/types\/post"}],"author":[{"embeddable":true,"href":"https:\/\/espai-marx.net\/index.php?rest_route=\/wp\/v2\/users\/9"}],"replies":[{"embeddable":true,"href":"https:\/\/espai-marx.net\/index.php?rest_route=%2Fwp%2Fv2%2Fcomments&post=2486"}],"version-history":[{"count":0,"href":"https:\/\/espai-marx.net\/index.php?rest_route=\/wp\/v2\/posts\/2486\/revisions"}],"wp:featuredmedia":[{"embeddable":true,"href":"https:\/\/espai-marx.net\/index.php?rest_route=\/wp\/v2\/media\/2487"}],"wp:attachment":[{"href":"https:\/\/espai-marx.net\/index.php?rest_route=%2Fwp%2Fv2%2Fmedia&parent=2486"}],"wp:term":[{"taxonomy":"category","embeddable":true,"href":"https:\/\/espai-marx.net\/index.php?rest_route=%2Fwp%2Fv2%2Fcategories&post=2486"},{"taxonomy":"post_tag","embeddable":true,"href":"https:\/\/espai-marx.net\/index.php?rest_route=%2Fwp%2Fv2%2Ftags&post=2486"}],"curies":[{"name":"wp","href":"https:\/\/api.w.org\/{rel}","templated":true}]}}