{"id":2489,"date":"2013-12-20T00:00:00","date_gmt":"2013-12-20T00:00:00","guid":{"rendered":"https:\/\/espai-marx.net\/?p=2489"},"modified":"2019-01-21T18:59:14","modified_gmt":"2019-01-21T18:59:14","slug":"diez-aforismos-nada-proposititos","status":"publish","type":"post","link":"https:\/\/espai-marx.net\/?p=2489","title":{"rendered":"Diez aforismos nada proposititos"},"content":{"rendered":"<p>\u00a0<\/p>\n<p>&#8211; La izquierda posmoderna es la que cree que todo lo l\u00edquido se solidifica en el aire.<\/p>\n<p>&#8211; La izquierda posmoderna lleg\u00f3 a lo posmoderno sin antes haber pasado por lo moderno.<\/p>\n<p>&#8211; Si al intelectual posmoderno se le entendiera f\u00e1cilmente, dejar\u00eda de ser considerado como un intelectual.<\/p>\n<p>&#8211; Hay intelectuales \u201ccr\u00edticos\u201d que son cr\u00edticos s\u00f3lo con el pueblo.<\/p>\n<p>&#8211; De entre todos los falsos intelectuales, el tertuliano pol\u00edtico es el m\u00e1s aut\u00e9ntico.<\/p>\n<p>&#8211; Antes el intelectual era la conciencia cr\u00edtica del pueblo; ahora el pueblo se est\u00e1 convirtiendo en la conciencia cr\u00edtica del intelectual.<\/p>\n<p>&#8211; La \u201ceconom\u00eda del conocimiento\u201d no se basaba en un conocimiento de la econom\u00eda.<\/p>\n<p>&#8211; Socialdemocracia actual: el fin no es nada y el movimiento no lo es todo.<\/p>\n<p>&#8211; Vivimos dos dramas: el primero es que andamos buscando a l\u00edderes y tribunos; el segundo es que no los encontramos.<\/p>\n<p>&#8211; El \u201ceurope\u00edsmo\u201d no es otra cosa que el internacionalismo de los capitalistas europeos. <\/p>\n","protected":false},"excerpt":{"rendered":"<p style='margin-top: 0.64cm; margin-bottom: 0cm; line-height: 150%;' align='JUSTIFY'>Vivimos dos dramas: el primero es que andamos buscando a l\u00edderes y tribunos; el segundo es que no los encontramos.<\/p>\n","protected":false},"author":4,"featured_media":2490,"comment_status":"open","ping_status":"open","sticky":false,"template":"","format":"standard","meta":{"footnotes":""},"categories":[13],"tags":[],"class_list":["post-2489","post","type-post","status-publish","format-standard","has-post-thumbnail","hentry","category-la-izquierda-a-debate"],"aioseo_notices":[],"_links":{"self":[{"href":"https:\/\/espai-marx.net\/index.php?rest_route=\/wp\/v2\/posts\/2489","targetHints":{"allow":["GET"]}}],"collection":[{"href":"https:\/\/espai-marx.net\/index.php?rest_route=\/wp\/v2\/posts"}],"about":[{"href":"https:\/\/espai-marx.net\/index.php?rest_route=\/wp\/v2\/types\/post"}],"author":[{"embeddable":true,"href":"https:\/\/espai-marx.net\/index.php?rest_route=\/wp\/v2\/users\/4"}],"replies":[{"embeddable":true,"href":"https:\/\/espai-marx.net\/index.php?rest_route=%2Fwp%2Fv2%2Fcomments&post=2489"}],"version-history":[{"count":0,"href":"https:\/\/espai-marx.net\/index.php?rest_route=\/wp\/v2\/posts\/2489\/revisions"}],"wp:featuredmedia":[{"embeddable":true,"href":"https:\/\/espai-marx.net\/index.php?rest_route=\/wp\/v2\/media\/2490"}],"wp:attachment":[{"href":"https:\/\/espai-marx.net\/index.php?rest_route=%2Fwp%2Fv2%2Fmedia&parent=2489"}],"wp:term":[{"taxonomy":"category","embeddable":true,"href":"https:\/\/espai-marx.net\/index.php?rest_route=%2Fwp%2Fv2%2Fcategories&post=2489"},{"taxonomy":"post_tag","embeddable":true,"href":"https:\/\/espai-marx.net\/index.php?rest_route=%2Fwp%2Fv2%2Ftags&post=2489"}],"curies":[{"name":"wp","href":"https:\/\/api.w.org\/{rel}","templated":true}]}}