{"id":2494,"date":"2013-12-30T00:00:00","date_gmt":"2013-12-30T00:00:00","guid":{"rendered":"https:\/\/espai-marx.net\/?p=2494"},"modified":"2020-02-19T10:18:30","modified_gmt":"2020-02-19T09:18:30","slug":"dues-tasques-urgents-de-l-esquerra-pel-2014","status":"publish","type":"post","link":"https:\/\/espai-marx.net\/?p=2494","title":{"rendered":"Dues tasques urgents de l&#8217;esquerra pel 2014"},"content":{"rendered":"<p>Les dues tasques urgents i fonamentals que se&#8217;ns presenten aquest 2014 s\u00f3n l&#8217;organitzaci\u00f3 dels aturats i precaris, i la construcci\u00f3 de la Unitat Popular. Sense tenir en compte aquests dos objectius, els altres dos que avui estan a la agenda pol\u00edtica oficial Dret a decidir i Proc\u00e9s sobiranista, s\u00f3n paper mullat o en el millor dels casos no s\u00f3n els objectius de les classes populars perqu\u00e8 en el cas hipot\u00e8tic, improbable, que es complissin no resoldrien els problemes reals del poble.<\/p>\n<p>Durant aquest any 2013, l&#8217;esquerra ha quedat presa en la teranyina de la Q\u00fcesti\u00f3 Nacional, avan\u00e7ant t\u00edmidament en la organitzaci\u00f3 i conscienciaci\u00f3 de les classes populars en el seu paper imprescindible d&#8217;actuar i liderar les alternatives. Sense avan\u00e7ar en aquests aspectes, no nom\u00e9s la nostre influ\u00e8ncia \u00e9s\u00a0<a style=\"color: #1155cc;\" href=\"http:\/\/nul.la\/\" target=\"_blank\" rel=\"noopener noreferrer\">nul.la<\/a> sin\u00f3 que co.laborem amb els objectius del poder establert. La destrucci\u00f3 dels drets socials, laborals i la recapitalitzaci\u00f3 i reconstituci\u00f3 del sistema no s&#8217;aturen. Mentre, aparentment, avan\u00e7a el proc\u00e9s sobiranista, retrocedim en tots els terrenys, mentre estem immersos en el debat sobiranista, CiU i PP, paral.lelament, van legislant i &#8216;des-legislant&#8217; contundentment a favor de la banca i dels poders financers i en contra del poble, que \u00e9s realment el paper que els toca fer.<\/p>\n<p>Durant aquest any 2013 hem avan\u00e7at una mica en la reflexi\u00f3 i teoritzaci\u00f3 del nostre paper . Per\u00f2 nom\u00e9s aix\u00f2 \u00e9s molt poc, cal urgentment treballar per organitzar a la societat com a poder popular, tant perqu\u00e8 la necessitat ens ho demana com perqu\u00e8 en la praxis trobarem les respostes que no trobem fins ara i ens paralitza.<\/p>\n<p>Aquest any 2013 han aparegut elements positius.<br \/>\nEl projecte del Proc\u00e9s Constituent amb dues interessants l\u00ednies de treball, per una banda l&#8217;intent d&#8217;aglutinar a ciutadans en un projecte de ruptura democr\u00e0tica d&#8217;esquerres convidant a les Cup , a ICV i a EUiA mitjan\u00e7ant l&#8217;elaboraci\u00f3 d&#8217;una candidatura pel 2016 que inici\u00ef una segona transici\u00f3. I per altra banda influir en el proc\u00e9s sobiranista per a trencar o compensar l&#8217;hegemonia conservadora que queda reflectida en el missatge transversal oficial del proc\u00e9s sobiranista, absent de cr\u00edtiques a les pol\u00edtiques econ\u00f2miques i absent de propostes transformadores.<br \/>\nLa reflexi\u00f3 interna en torn a com i a on cal fer pol\u00edtica que en els \u00faltims mesos est\u00e0 sorgint a EUiA, la continu\u00eftat i const\u00e0ncia en les Cup en el seu comprom\u00eds d&#8217;esquerres. I el sector social, fins ara passiu, al que est\u00e0 arribant el Proc\u00e9sconstituent, s\u00f3n elements importants. Com tamb\u00e9 ho s\u00f3n que els entorns , m\u00e9s o menys activistes, d&#8217;aquestes organitzacions prenguin consciencia que la pol\u00edtica passa per el treball de base en els moviments socials.<\/p>\n<p>Per\u00f2 les dues tasques realment importants s\u00f3n aquestes dues. L&#8217;organitzaci\u00f3 dels aturats i precaris, com a col.lectiu de iguals \u00a0on tota la classe treballadora es troba identificada, com a element de base de recuperaci\u00f3 del moviment obrer, potser el pilar m\u00e9s important de les lluites socials i sens dubte la premissa b\u00e0sica per aglutinar realment a les classes populars.<br \/>\nI com a conseq\u00fc\u00e8ncia de l&#8217;anterior, l&#8217;altre tasca \u00e9s la construcci\u00f3 real d&#8217;una Unitat Popular, que lluny dels esquemes te\u00f2rics, sorgeixi de la uni\u00f3 de les persones i ciutadans dels barris i pobles organitzats en assemblees populars amb la convicci\u00f3 de fer pol\u00edtica prim\u00e0ria en funci\u00f3 de la necessitat, on el component s\u00f3n els ciutadans i no les sigles, on la din\u00e0mica de treball \u00e9s la intervenci\u00f3 pol\u00edtica i no l&#8217;elaboraci\u00f3 de candidatures.<\/p>\n<p>Aquest 2014 l&#8217;Esquerra tenim dues feines molt importants. Esperem que les dificultats i la dedicaci\u00f3 que comporten no facin que les confonguem per &#8216;comoditat pol\u00edtica&#8217; amb unes altres dues , tamb\u00e9 importants, per\u00f2 sobre tot per a la dreta.<\/p>\n<p>26\/12\/2013<\/p>\n","protected":false},"excerpt":{"rendered":"<p>Les dues tasques urgents i fonamentals que se&#8217;ns presenten aquest 2014 s\u00f3n l&#8217;organitzaci\u00f3 dels aturats i precaris, i la construcci\u00f3 de la Unitat Popular. Sense tenir en compte aquests dos objectius, els altres dos que avui estan a la agenda pol\u00edtica oficial Dret a decidir i Proc\u00e9s sobiranista, s\u00f3n paper mullat o en el millor dels casos no s\u00f3n els objectius de les classes populars perqu\u00e8 en el cas hipot\u00e8tic, improbable, que es complissin no resoldrien els problemes reals del poble.<\/p>\n","protected":false},"author":9,"featured_media":2495,"comment_status":"open","ping_status":"open","sticky":false,"template":"","format":"standard","meta":{"footnotes":""},"categories":[3,13],"tags":[],"class_list":["post-2494","post","type-post","status-publish","format-standard","has-post-thumbnail","hentry","category-condiciones-de-vida","category-la-izquierda-a-debate"],"aioseo_notices":[],"_links":{"self":[{"href":"https:\/\/espai-marx.net\/index.php?rest_route=\/wp\/v2\/posts\/2494","targetHints":{"allow":["GET"]}}],"collection":[{"href":"https:\/\/espai-marx.net\/index.php?rest_route=\/wp\/v2\/posts"}],"about":[{"href":"https:\/\/espai-marx.net\/index.php?rest_route=\/wp\/v2\/types\/post"}],"author":[{"embeddable":true,"href":"https:\/\/espai-marx.net\/index.php?rest_route=\/wp\/v2\/users\/9"}],"replies":[{"embeddable":true,"href":"https:\/\/espai-marx.net\/index.php?rest_route=%2Fwp%2Fv2%2Fcomments&post=2494"}],"version-history":[{"count":0,"href":"https:\/\/espai-marx.net\/index.php?rest_route=\/wp\/v2\/posts\/2494\/revisions"}],"wp:featuredmedia":[{"embeddable":true,"href":"https:\/\/espai-marx.net\/index.php?rest_route=\/wp\/v2\/media\/2495"}],"wp:attachment":[{"href":"https:\/\/espai-marx.net\/index.php?rest_route=%2Fwp%2Fv2%2Fmedia&parent=2494"}],"wp:term":[{"taxonomy":"category","embeddable":true,"href":"https:\/\/espai-marx.net\/index.php?rest_route=%2Fwp%2Fv2%2Fcategories&post=2494"},{"taxonomy":"post_tag","embeddable":true,"href":"https:\/\/espai-marx.net\/index.php?rest_route=%2Fwp%2Fv2%2Ftags&post=2494"}],"curies":[{"name":"wp","href":"https:\/\/api.w.org\/{rel}","templated":true}]}}